{"id":3578,"date":"2022-08-25T13:33:51","date_gmt":"2022-08-25T16:33:51","guid":{"rendered":"http:\/\/portalmf.com.br\/?p=3578"},"modified":"2022-08-25T13:33:52","modified_gmt":"2022-08-25T16:33:52","slug":"tre-rj-aceita-argumentos-da-procuradoria-regional-eleitoral-e-proibe-daniel-silveira-de-usar-fundo-partidario","status":"publish","type":"post","link":"https:\/\/portalmf.com.br\/index.php\/2022\/08\/25\/tre-rj-aceita-argumentos-da-procuradoria-regional-eleitoral-e-proibe-daniel-silveira-de-usar-fundo-partidario\/","title":{"rendered":"TRE-RJ aceita argumentos da Procuradoria Regional Eleitoral e pro\u00edbe Daniel Silveira de usar fundo partid\u00e1rio"},"content":{"rendered":"\n<p>O Tribunal Regional Eleitoral no Rio de Janeiro (TRE-RJ) aceitou os argumentos da Procuradoria Regional Eleitoral (PRE), e proibiu o pr\u00e9-candidato ao Senado &#8211; com registro sob judice -, Daniel Silveira (PTB- RJ) de usar o fundo partid\u00e1rio.<\/p>\n\n\n\n<p>A PRE-RJ sustenta que Silveira teve seus direitos pol\u00edticos suspensos, fato que n\u00e3o foi alterado pelo indulto presidencial dado ao deputado federal, e que, por isso, n\u00e3o poderia ter acesso ao fundo partid\u00e1rio.<\/p>\n\n\n\n<p>A decis\u00e3o foi tomada em sess\u00e3o no TRE-RJ nesta quarta-feira (24), com uso de jurisprud\u00eancia do Tribunal Superior Eleitoral (TSE).<\/p>\n\n\n\n<p><strong>Candidato ter\u00e1 que devolver valores<\/strong><\/p>\n\n\n\n<p>Com a decis\u00e3o, Silveira n\u00e3o poder\u00e1 ter acesso ao Fundo Partid\u00e1rio, nem ao Fundo Especial de Financiamento de Campanha (FEFC).<\/p>\n\n\n\n<p>O TRE determinou ainda a devolu\u00e7\u00e3o de recurso que j\u00e1 lhe tenha sido repassado por esses fundos e fixou, al\u00e9m dessa devolu\u00e7\u00e3o, eventuais multas de 10% dos valores que vierem a ser repassados pelo PTB, e 10% dos gastos feitos pelo candidato ap\u00f3s tomarem ci\u00eancia dessa determina\u00e7\u00e3o da Justi\u00e7a Eleitoral.<\/p>\n\n\n\n<p>Na a\u00e7\u00e3o de impugna\u00e7\u00e3o de registro de candidatura que ainda tramita, a Procuradoria Regional Eleitoral questiona a candidatura do deputado federal por for\u00e7a de condena\u00e7\u00e3o por \u00f3rg\u00e3o colegiado (STF).<\/p>\n\n\n\n<p>A procuradora Neide Cardoso de Oliveira refor\u00e7ou junto ao TRE que o Supremo Tribunal Federal (STF) condenou Silveira a mais de oito anos de pris\u00e3o e \u00e0 perda do mandato por coa\u00e7\u00e3o em processo e incitar a tentativa de impedir o livre exerc\u00edcio de poderes da Uni\u00e3o. Seus direitos pol\u00edticos tamb\u00e9m foram suspensos pelo STF, o que n\u00e3o pode ser alterado, nem mesmo pelo indulto presidencial dado a ele, segundo sustenta o MP Eleitoral.<\/p>\n\n\n\n<p>Com informa\u00e7\u00f5es do G1<\/p>\n","protected":false},"excerpt":{"rendered":"<p>O Tribunal Regional Eleitoral no Rio de Janeiro (TRE-RJ) aceitou os argumentos da Procuradoria Regional Eleitoral (PRE), e proibiu o pr\u00e9-candidato ao Senado &#8211; com registro sob judice -, Daniel Silveira (PTB- RJ) de usar o fundo partid\u00e1rio. A PRE-RJ sustenta que Silveira teve seus direitos pol\u00edticos suspensos, fato que n\u00e3o foi alterado pelo indulto [&hellip;]<\/p>\n","protected":false},"author":2,"featured_media":3579,"comment_status":"open","ping_status":"open","sticky":false,"template":"","format":"standard","meta":{"_monsterinsights_skip_tracking":false,"_monsterinsights_sitenote_active":false,"_monsterinsights_sitenote_note":"","_monsterinsights_sitenote_category":0,"footnotes":""},"categories":[34],"tags":[],"yoast_head":"<!-- This site is optimized with the Yoast SEO plugin v22.9 - https:\/\/yoast.com\/wordpress\/plugins\/seo\/ -->\n<title>TRE-RJ aceita argumentos da Procuradoria Regional Eleitoral e pro\u00edbe Daniel Silveira de usar fundo partid\u00e1rio - Portal MF<\/title>\n<meta name=\"robots\" content=\"index, follow, max-snippet:-1, max-image-preview:large, max-video-preview:-1\" \/>\n<link rel=\"canonical\" href=\"https:\/\/portalmf.com.br\/index.php\/2022\/08\/25\/tre-rj-aceita-argumentos-da-procuradoria-regional-eleitoral-e-proibe-daniel-silveira-de-usar-fundo-partidario\/\" \/>\n<meta property=\"og:locale\" content=\"pt_BR\" \/>\n<meta property=\"og:type\" content=\"article\" \/>\n<meta property=\"og:title\" content=\"TRE-RJ aceita argumentos da Procuradoria Regional Eleitoral e pro\u00edbe Daniel Silveira de usar fundo partid\u00e1rio - Portal MF\" \/>\n<meta property=\"og:description\" content=\"O Tribunal Regional Eleitoral no Rio de Janeiro (TRE-RJ) aceitou os argumentos da Procuradoria Regional Eleitoral (PRE), e proibiu o pr\u00e9-candidato ao Senado &#8211; com registro sob judice -, Daniel Silveira (PTB- RJ) de usar o fundo partid\u00e1rio. A PRE-RJ sustenta que Silveira teve seus direitos pol\u00edticos suspensos, fato que n\u00e3o foi alterado pelo indulto [&hellip;]\" \/>\n<meta property=\"og:url\" content=\"https:\/\/portalmf.com.br\/index.php\/2022\/08\/25\/tre-rj-aceita-argumentos-da-procuradoria-regional-eleitoral-e-proibe-daniel-silveira-de-usar-fundo-partidario\/\" \/>\n<meta property=\"og:site_name\" content=\"Portal MF\" \/>\n<meta property=\"article:author\" content=\"reginaldojrfsa\" \/>\n<meta property=\"article:published_time\" content=\"2022-08-25T16:33:51+00:00\" \/>\n<meta property=\"article:modified_time\" content=\"2022-08-25T16:33:52+00:00\" \/>\n<meta property=\"og:image\" content=\"https:\/\/portalmf.com.br\/wp-content\/uploads\/2022\/08\/Daniel-Silveira.-Foto-Plinio-Xavier-Agencia-Camara.jpg\" \/>\n\t<meta property=\"og:image:width\" content=\"1024\" \/>\n\t<meta property=\"og:image:height\" content=\"614\" \/>\n\t<meta property=\"og:image:type\" content=\"image\/jpeg\" \/>\n<meta name=\"author\" content=\"Reginaldo J\u00fanior\" \/>\n<meta name=\"twitter:card\" content=\"summary_large_image\" \/>\n<meta name=\"twitter:creator\" content=\"@reginaldojrmf\" \/>\n<meta name=\"twitter:label1\" content=\"Escrito por\" \/>\n\t<meta name=\"twitter:data1\" content=\"Reginaldo J\u00fanior\" \/>\n\t<meta name=\"twitter:label2\" content=\"Est. tempo de leitura\" \/>\n\t<meta name=\"twitter:data2\" content=\"2 minutos\" \/>\n<script type=\"application\/ld+json\" class=\"yoast-schema-graph\">{\"@context\":\"https:\/\/schema.org\",\"@graph\":[{\"@type\":\"WebPage\",\"@id\":\"https:\/\/portalmf.com.br\/index.php\/2022\/08\/25\/tre-rj-aceita-argumentos-da-procuradoria-regional-eleitoral-e-proibe-daniel-silveira-de-usar-fundo-partidario\/\",\"url\":\"https:\/\/portalmf.com.br\/index.php\/2022\/08\/25\/tre-rj-aceita-argumentos-da-procuradoria-regional-eleitoral-e-proibe-daniel-silveira-de-usar-fundo-partidario\/\",\"name\":\"TRE-RJ aceita argumentos da Procuradoria Regional Eleitoral e pro\u00edbe Daniel Silveira de usar fundo partid\u00e1rio - Portal MF\",\"isPartOf\":{\"@id\":\"https:\/\/portalmf.com.br\/#website\"},\"primaryImageOfPage\":{\"@id\":\"https:\/\/portalmf.com.br\/index.php\/2022\/08\/25\/tre-rj-aceita-argumentos-da-procuradoria-regional-eleitoral-e-proibe-daniel-silveira-de-usar-fundo-partidario\/#primaryimage\"},\"image\":{\"@id\":\"https:\/\/portalmf.com.br\/index.php\/2022\/08\/25\/tre-rj-aceita-argumentos-da-procuradoria-regional-eleitoral-e-proibe-daniel-silveira-de-usar-fundo-partidario\/#primaryimage\"},\"thumbnailUrl\":\"https:\/\/portalmf.com.br\/wp-content\/uploads\/2022\/08\/Daniel-Silveira.-Foto-Plinio-Xavier-Agencia-Camara.jpg\",\"datePublished\":\"2022-08-25T16:33:51+00:00\",\"dateModified\":\"2022-08-25T16:33:52+00:00\",\"author\":{\"@id\":\"https:\/\/portalmf.com.br\/#\/schema\/person\/11c82086fe8abc05a19147e964587285\"},\"breadcrumb\":{\"@id\":\"https:\/\/portalmf.com.br\/index.php\/2022\/08\/25\/tre-rj-aceita-argumentos-da-procuradoria-regional-eleitoral-e-proibe-daniel-silveira-de-usar-fundo-partidario\/#breadcrumb\"},\"inLanguage\":\"pt-BR\",\"potentialAction\":[{\"@type\":\"ReadAction\",\"target\":[\"https:\/\/portalmf.com.br\/index.php\/2022\/08\/25\/tre-rj-aceita-argumentos-da-procuradoria-regional-eleitoral-e-proibe-daniel-silveira-de-usar-fundo-partidario\/\"]}]},{\"@type\":\"ImageObject\",\"inLanguage\":\"pt-BR\",\"@id\":\"https:\/\/portalmf.com.br\/index.php\/2022\/08\/25\/tre-rj-aceita-argumentos-da-procuradoria-regional-eleitoral-e-proibe-daniel-silveira-de-usar-fundo-partidario\/#primaryimage\",\"url\":\"https:\/\/portalmf.com.br\/wp-content\/uploads\/2022\/08\/Daniel-Silveira.-Foto-Plinio-Xavier-Agencia-Camara.jpg\",\"contentUrl\":\"https:\/\/portalmf.com.br\/wp-content\/uploads\/2022\/08\/Daniel-Silveira.-Foto-Plinio-Xavier-Agencia-Camara.jpg\",\"width\":1024,\"height\":614,\"caption\":\"Foto: Pl\u00ednio Xavier\/Ag\u00eancia C\u00e2mara\"},{\"@type\":\"BreadcrumbList\",\"@id\":\"https:\/\/portalmf.com.br\/index.php\/2022\/08\/25\/tre-rj-aceita-argumentos-da-procuradoria-regional-eleitoral-e-proibe-daniel-silveira-de-usar-fundo-partidario\/#breadcrumb\",\"itemListElement\":[{\"@type\":\"ListItem\",\"position\":1,\"name\":\"In\u00edcio\",\"item\":\"https:\/\/portalmf.com.br\/\"},{\"@type\":\"ListItem\",\"position\":2,\"name\":\"TRE-RJ aceita argumentos da Procuradoria Regional Eleitoral e pro\u00edbe Daniel Silveira de usar fundo partid\u00e1rio\"}]},{\"@type\":\"WebSite\",\"@id\":\"https:\/\/portalmf.com.br\/#website\",\"url\":\"https:\/\/portalmf.com.br\/\",\"name\":\"Portal MF\",\"description\":\"Voc\u00ea conectado com a informa\u00e7\u00e3o\",\"potentialAction\":[{\"@type\":\"SearchAction\",\"target\":{\"@type\":\"EntryPoint\",\"urlTemplate\":\"https:\/\/portalmf.com.br\/?s={search_term_string}\"},\"query-input\":\"required name=search_term_string\"}],\"inLanguage\":\"pt-BR\"},{\"@type\":\"Person\",\"@id\":\"https:\/\/portalmf.com.br\/#\/schema\/person\/11c82086fe8abc05a19147e964587285\",\"name\":\"Reginaldo J\u00fanior\",\"image\":{\"@type\":\"ImageObject\",\"inLanguage\":\"pt-BR\",\"@id\":\"https:\/\/portalmf.com.br\/#\/schema\/person\/image\/\",\"url\":\"https:\/\/secure.gravatar.com\/avatar\/32a3c797cd0ac47cc53b8644c62776f9?s=96&d=mm&r=g\",\"contentUrl\":\"https:\/\/secure.gravatar.com\/avatar\/32a3c797cd0ac47cc53b8644c62776f9?s=96&d=mm&r=g\",\"caption\":\"Reginaldo J\u00fanior\"},\"description\":\"Jornalista e idealizador Portal MF\",\"sameAs\":[\"https:\/\/portalmf.com.br\/index.php\/author\/reginaldojr\/\",\"reginaldojrfsa\",\"reginaldojuniormf\",\"https:\/\/x.com\/reginaldojrmf\"],\"url\":\"https:\/\/portalmf.com.br\/index.php\/author\/reginaldojr\/\"}]}<\/script>\n<!-- \/ Yoast SEO plugin. -->","yoast_head_json":{"title":"TRE-RJ aceita argumentos da Procuradoria Regional Eleitoral e pro\u00edbe Daniel Silveira de usar fundo partid\u00e1rio - Portal MF","robots":{"index":"index","follow":"follow","max-snippet":"max-snippet:-1","max-image-preview":"max-image-preview:large","max-video-preview":"max-video-preview:-1"},"canonical":"https:\/\/portalmf.com.br\/index.php\/2022\/08\/25\/tre-rj-aceita-argumentos-da-procuradoria-regional-eleitoral-e-proibe-daniel-silveira-de-usar-fundo-partidario\/","og_locale":"pt_BR","og_type":"article","og_title":"TRE-RJ aceita argumentos da Procuradoria Regional Eleitoral e pro\u00edbe Daniel Silveira de usar fundo partid\u00e1rio - Portal MF","og_description":"O Tribunal Regional Eleitoral no Rio de Janeiro (TRE-RJ) aceitou os argumentos da Procuradoria Regional Eleitoral (PRE), e proibiu o pr\u00e9-candidato ao Senado &#8211; com registro sob judice -, Daniel Silveira (PTB- RJ) de usar o fundo partid\u00e1rio. A PRE-RJ sustenta que Silveira teve seus direitos pol\u00edticos suspensos, fato que n\u00e3o foi alterado pelo indulto [&hellip;]","og_url":"https:\/\/portalmf.com.br\/index.php\/2022\/08\/25\/tre-rj-aceita-argumentos-da-procuradoria-regional-eleitoral-e-proibe-daniel-silveira-de-usar-fundo-partidario\/","og_site_name":"Portal MF","article_author":"reginaldojrfsa","article_published_time":"2022-08-25T16:33:51+00:00","article_modified_time":"2022-08-25T16:33:52+00:00","og_image":[{"width":1024,"height":614,"url":"https:\/\/portalmf.com.br\/wp-content\/uploads\/2022\/08\/Daniel-Silveira.-Foto-Plinio-Xavier-Agencia-Camara.jpg","type":"image\/jpeg"}],"author":"Reginaldo J\u00fanior","twitter_card":"summary_large_image","twitter_creator":"@reginaldojrmf","twitter_misc":{"Escrito por":"Reginaldo J\u00fanior","Est. tempo de leitura":"2 minutos"},"schema":{"@context":"https:\/\/schema.org","@graph":[{"@type":"WebPage","@id":"https:\/\/portalmf.com.br\/index.php\/2022\/08\/25\/tre-rj-aceita-argumentos-da-procuradoria-regional-eleitoral-e-proibe-daniel-silveira-de-usar-fundo-partidario\/","url":"https:\/\/portalmf.com.br\/index.php\/2022\/08\/25\/tre-rj-aceita-argumentos-da-procuradoria-regional-eleitoral-e-proibe-daniel-silveira-de-usar-fundo-partidario\/","name":"TRE-RJ aceita argumentos da Procuradoria Regional Eleitoral e pro\u00edbe Daniel Silveira de usar fundo partid\u00e1rio - Portal MF","isPartOf":{"@id":"https:\/\/portalmf.com.br\/#website"},"primaryImageOfPage":{"@id":"https:\/\/portalmf.com.br\/index.php\/2022\/08\/25\/tre-rj-aceita-argumentos-da-procuradoria-regional-eleitoral-e-proibe-daniel-silveira-de-usar-fundo-partidario\/#primaryimage"},"image":{"@id":"https:\/\/portalmf.com.br\/index.php\/2022\/08\/25\/tre-rj-aceita-argumentos-da-procuradoria-regional-eleitoral-e-proibe-daniel-silveira-de-usar-fundo-partidario\/#primaryimage"},"thumbnailUrl":"https:\/\/portalmf.com.br\/wp-content\/uploads\/2022\/08\/Daniel-Silveira.-Foto-Plinio-Xavier-Agencia-Camara.jpg","datePublished":"2022-08-25T16:33:51+00:00","dateModified":"2022-08-25T16:33:52+00:00","author":{"@id":"https:\/\/portalmf.com.br\/#\/schema\/person\/11c82086fe8abc05a19147e964587285"},"breadcrumb":{"@id":"https:\/\/portalmf.com.br\/index.php\/2022\/08\/25\/tre-rj-aceita-argumentos-da-procuradoria-regional-eleitoral-e-proibe-daniel-silveira-de-usar-fundo-partidario\/#breadcrumb"},"inLanguage":"pt-BR","potentialAction":[{"@type":"ReadAction","target":["https:\/\/portalmf.com.br\/index.php\/2022\/08\/25\/tre-rj-aceita-argumentos-da-procuradoria-regional-eleitoral-e-proibe-daniel-silveira-de-usar-fundo-partidario\/"]}]},{"@type":"ImageObject","inLanguage":"pt-BR","@id":"https:\/\/portalmf.com.br\/index.php\/2022\/08\/25\/tre-rj-aceita-argumentos-da-procuradoria-regional-eleitoral-e-proibe-daniel-silveira-de-usar-fundo-partidario\/#primaryimage","url":"https:\/\/portalmf.com.br\/wp-content\/uploads\/2022\/08\/Daniel-Silveira.-Foto-Plinio-Xavier-Agencia-Camara.jpg","contentUrl":"https:\/\/portalmf.com.br\/wp-content\/uploads\/2022\/08\/Daniel-Silveira.-Foto-Plinio-Xavier-Agencia-Camara.jpg","width":1024,"height":614,"caption":"Foto: Pl\u00ednio Xavier\/Ag\u00eancia C\u00e2mara"},{"@type":"BreadcrumbList","@id":"https:\/\/portalmf.com.br\/index.php\/2022\/08\/25\/tre-rj-aceita-argumentos-da-procuradoria-regional-eleitoral-e-proibe-daniel-silveira-de-usar-fundo-partidario\/#breadcrumb","itemListElement":[{"@type":"ListItem","position":1,"name":"In\u00edcio","item":"https:\/\/portalmf.com.br\/"},{"@type":"ListItem","position":2,"name":"TRE-RJ aceita argumentos da Procuradoria Regional Eleitoral e pro\u00edbe Daniel Silveira de usar fundo partid\u00e1rio"}]},{"@type":"WebSite","@id":"https:\/\/portalmf.com.br\/#website","url":"https:\/\/portalmf.com.br\/","name":"Portal MF","description":"Voc\u00ea conectado com a informa\u00e7\u00e3o","potentialAction":[{"@type":"SearchAction","target":{"@type":"EntryPoint","urlTemplate":"https:\/\/portalmf.com.br\/?s={search_term_string}"},"query-input":"required name=search_term_string"}],"inLanguage":"pt-BR"},{"@type":"Person","@id":"https:\/\/portalmf.com.br\/#\/schema\/person\/11c82086fe8abc05a19147e964587285","name":"Reginaldo J\u00fanior","image":{"@type":"ImageObject","inLanguage":"pt-BR","@id":"https:\/\/portalmf.com.br\/#\/schema\/person\/image\/","url":"https:\/\/secure.gravatar.com\/avatar\/32a3c797cd0ac47cc53b8644c62776f9?s=96&d=mm&r=g","contentUrl":"https:\/\/secure.gravatar.com\/avatar\/32a3c797cd0ac47cc53b8644c62776f9?s=96&d=mm&r=g","caption":"Reginaldo J\u00fanior"},"description":"Jornalista e idealizador Portal MF","sameAs":["https:\/\/portalmf.com.br\/index.php\/author\/reginaldojr\/","reginaldojrfsa","reginaldojuniormf","https:\/\/x.com\/reginaldojrmf"],"url":"https:\/\/portalmf.com.br\/index.php\/author\/reginaldojr\/"}]}},"_links":{"self":[{"href":"https:\/\/portalmf.com.br\/index.php\/wp-json\/wp\/v2\/posts\/3578"}],"collection":[{"href":"https:\/\/portalmf.com.br\/index.php\/wp-json\/wp\/v2\/posts"}],"about":[{"href":"https:\/\/portalmf.com.br\/index.php\/wp-json\/wp\/v2\/types\/post"}],"author":[{"embeddable":true,"href":"https:\/\/portalmf.com.br\/index.php\/wp-json\/wp\/v2\/users\/2"}],"replies":[{"embeddable":true,"href":"https:\/\/portalmf.com.br\/index.php\/wp-json\/wp\/v2\/comments?post=3578"}],"version-history":[{"count":1,"href":"https:\/\/portalmf.com.br\/index.php\/wp-json\/wp\/v2\/posts\/3578\/revisions"}],"predecessor-version":[{"id":3580,"href":"https:\/\/portalmf.com.br\/index.php\/wp-json\/wp\/v2\/posts\/3578\/revisions\/3580"}],"wp:featuredmedia":[{"embeddable":true,"href":"https:\/\/portalmf.com.br\/index.php\/wp-json\/wp\/v2\/media\/3579"}],"wp:attachment":[{"href":"https:\/\/portalmf.com.br\/index.php\/wp-json\/wp\/v2\/media?parent=3578"}],"wp:term":[{"taxonomy":"category","embeddable":true,"href":"https:\/\/portalmf.com.br\/index.php\/wp-json\/wp\/v2\/categories?post=3578"},{"taxonomy":"post_tag","embeddable":true,"href":"https:\/\/portalmf.com.br\/index.php\/wp-json\/wp\/v2\/tags?post=3578"}],"curies":[{"name":"wp","href":"https:\/\/api.w.org\/{rel}","templated":true}]}}