{"id":35775,"date":"2025-04-29T18:19:22","date_gmt":"2025-04-29T21:19:22","guid":{"rendered":"https:\/\/portalmf.com.br\/?p=35775"},"modified":"2025-04-29T18:19:23","modified_gmt":"2025-04-29T21:19:23","slug":"veja-como-sera-o-expediente-nos-orgaos-municipais-durante-a-micareta-2025","status":"publish","type":"post","link":"https:\/\/portalmf.com.br\/index.php\/2025\/04\/29\/veja-como-sera-o-expediente-nos-orgaos-municipais-durante-a-micareta-2025\/","title":{"rendered":"Veja como ser\u00e1 o expediente nos \u00f3rg\u00e3os municipais durante a Micareta 2025"},"content":{"rendered":"\n<p>A Prefeitura de Feira de Santana ter\u00e1 ponto facultativo e mudan\u00e7as no expediente das reparti\u00e7\u00f5es p\u00fablicas municipais durante o per\u00edodo da Micareta 2025, que ser\u00e1 realizada de 1\u00ba a 4 de maio.<\/p>\n\n\n\n<p>A medida busca ajustar o funcionamento dos \u00f3rg\u00e3os \u00e0 programa\u00e7\u00e3o da festa, conciliando a oferta de servi\u00e7os p\u00fablicos essenciais com a participa\u00e7\u00e3o da popula\u00e7\u00e3o em um dos eventos mais tradicionais do munic\u00edpio.<\/p>\n\n\n\n<p><strong>Confira como ser\u00e1 o funcionamento:<\/strong><\/p>\n\n\n\n<p><strong>Dia 30 de abril (quarta-feira):<\/strong>&nbsp;O expediente ser\u00e1 mantido, por\u00e9m em hor\u00e1rio especial \u2014 das 7h \u00e0s 13h, de forma ininterrupta.<\/p>\n\n\n\n<p><strong>Dia 2 de maio (sexta-feira):<\/strong>&nbsp;Foi decretado ponto facultativo nas reparti\u00e7\u00f5es p\u00fablicas que n\u00e3o funcionam em regime de plant\u00e3o e n\u00e3o prestam servi\u00e7os essenciais \u00e0 popula\u00e7\u00e3o.<\/p>\n\n\n\n<p><strong>Dia 5 de maio (segunda-feira):<\/strong>&nbsp;O expediente ser\u00e1 retomado a partir das 14h, seguindo at\u00e9 as 18h.<\/p>\n\n\n\n<p>O decreto publicado no \u00faltimo dia 16 ressalta que os servi\u00e7os essenciais \u2014 como sa\u00fade, seguran\u00e7a, transporte p\u00fablico e limpeza urbana \u2014 funcionar\u00e3o normalmente, assegurando o atendimento \u00e0 popula\u00e7\u00e3o durante todo o per\u00edodo da festa.<\/p>\n\n\n\n<p>A iniciativa oferece mais flexibilidade aos servidores p\u00fablicos, permitindo que aproveitem os festejos da Micareta com tranquilidade, sem prejudicar o funcionamento dos servi\u00e7os fundamentais \u00e0 cidade.<\/p>\n\n\n\n<p>A Micareta de Feira de Santana, reconhecida como um dos maiores carnavais fora de \u00e9poca do Brasil, promete movimentar a economia local e fortalecer o calend\u00e1rio cultural. Este ano, o evento acontece oficialmente entre os dias 1\u00ba e 4 de maio (quinta a domingo), com expectativa de reunir milhares de foli\u00f5es.<\/p>\n\n\n\n<p>Com informa\u00e7\u00f5es da Secom<\/p>\n","protected":false},"excerpt":{"rendered":"<p>A Prefeitura de Feira de Santana ter\u00e1 ponto facultativo e mudan\u00e7as no expediente das reparti\u00e7\u00f5es p\u00fablicas municipais durante o per\u00edodo da Micareta 2025, que ser\u00e1 realizada de 1\u00ba a 4 de maio. A medida busca ajustar o funcionamento dos \u00f3rg\u00e3os \u00e0 programa\u00e7\u00e3o da festa, conciliando a oferta de servi\u00e7os p\u00fablicos essenciais com a participa\u00e7\u00e3o da [&hellip;]<\/p>\n","protected":false},"author":3,"featured_media":31788,"comment_status":"open","ping_status":"open","sticky":false,"template":"","format":"standard","meta":{"_monsterinsights_skip_tracking":false,"_monsterinsights_sitenote_active":false,"_monsterinsights_sitenote_note":"","_monsterinsights_sitenote_category":0,"footnotes":""},"categories":[47,39],"tags":[],"yoast_head":"<!-- This site is optimized with the Yoast SEO plugin v22.9 - https:\/\/yoast.com\/wordpress\/plugins\/seo\/ -->\n<title>Veja como ser\u00e1 o expediente nos \u00f3rg\u00e3os municipais durante a Micareta 2025 - Portal MF<\/title>\n<meta name=\"robots\" content=\"index, follow, max-snippet:-1, max-image-preview:large, max-video-preview:-1\" \/>\n<link rel=\"canonical\" href=\"https:\/\/portalmf.com.br\/index.php\/2025\/04\/29\/veja-como-sera-o-expediente-nos-orgaos-municipais-durante-a-micareta-2025\/\" \/>\n<meta property=\"og:locale\" content=\"pt_BR\" \/>\n<meta property=\"og:type\" content=\"article\" \/>\n<meta property=\"og:title\" content=\"Veja como ser\u00e1 o expediente nos \u00f3rg\u00e3os municipais durante a Micareta 2025 - Portal MF\" \/>\n<meta property=\"og:description\" content=\"A Prefeitura de Feira de Santana ter\u00e1 ponto facultativo e mudan\u00e7as no expediente das reparti\u00e7\u00f5es p\u00fablicas municipais durante o per\u00edodo da Micareta 2025, que ser\u00e1 realizada de 1\u00ba a 4 de maio. A medida busca ajustar o funcionamento dos \u00f3rg\u00e3os \u00e0 programa\u00e7\u00e3o da festa, conciliando a oferta de servi\u00e7os p\u00fablicos essenciais com a participa\u00e7\u00e3o da [&hellip;]\" \/>\n<meta property=\"og:url\" content=\"https:\/\/portalmf.com.br\/index.php\/2025\/04\/29\/veja-como-sera-o-expediente-nos-orgaos-municipais-durante-a-micareta-2025\/\" \/>\n<meta property=\"og:site_name\" content=\"Portal MF\" \/>\n<meta property=\"article:author\" content=\"https:\/\/www.facebook.com\/portalmfoficial\" \/>\n<meta property=\"article:published_time\" content=\"2025-04-29T21:19:22+00:00\" \/>\n<meta property=\"article:modified_time\" content=\"2025-04-29T21:19:23+00:00\" \/>\n<meta property=\"og:image\" content=\"https:\/\/portalmf.com.br\/wp-content\/uploads\/2024\/11\/prefeitura-de-feira.jpg\" \/>\n\t<meta property=\"og:image:width\" content=\"1306\" \/>\n\t<meta property=\"og:image:height\" content=\"870\" \/>\n\t<meta property=\"og:image:type\" content=\"image\/jpeg\" \/>\n<meta name=\"author\" content=\"Reda\u00e7\u00e3o Portal MF\" \/>\n<meta name=\"twitter:card\" content=\"summary_large_image\" \/>\n<meta name=\"twitter:creator\" content=\"@https:\/\/x.com\/portalmfoficial\" \/>\n<meta name=\"twitter:label1\" content=\"Escrito por\" \/>\n\t<meta name=\"twitter:data1\" content=\"Reda\u00e7\u00e3o Portal MF\" \/>\n\t<meta name=\"twitter:label2\" content=\"Est. tempo de leitura\" \/>\n\t<meta name=\"twitter:data2\" content=\"2 minutos\" \/>\n<script type=\"application\/ld+json\" class=\"yoast-schema-graph\">{\"@context\":\"https:\/\/schema.org\",\"@graph\":[{\"@type\":\"WebPage\",\"@id\":\"https:\/\/portalmf.com.br\/index.php\/2025\/04\/29\/veja-como-sera-o-expediente-nos-orgaos-municipais-durante-a-micareta-2025\/\",\"url\":\"https:\/\/portalmf.com.br\/index.php\/2025\/04\/29\/veja-como-sera-o-expediente-nos-orgaos-municipais-durante-a-micareta-2025\/\",\"name\":\"Veja como ser\u00e1 o expediente nos \u00f3rg\u00e3os municipais durante a Micareta 2025 - Portal MF\",\"isPartOf\":{\"@id\":\"https:\/\/portalmf.com.br\/#website\"},\"primaryImageOfPage\":{\"@id\":\"https:\/\/portalmf.com.br\/index.php\/2025\/04\/29\/veja-como-sera-o-expediente-nos-orgaos-municipais-durante-a-micareta-2025\/#primaryimage\"},\"image\":{\"@id\":\"https:\/\/portalmf.com.br\/index.php\/2025\/04\/29\/veja-como-sera-o-expediente-nos-orgaos-municipais-durante-a-micareta-2025\/#primaryimage\"},\"thumbnailUrl\":\"https:\/\/portalmf.com.br\/wp-content\/uploads\/2024\/11\/prefeitura-de-feira.jpg\",\"datePublished\":\"2025-04-29T21:19:22+00:00\",\"dateModified\":\"2025-04-29T21:19:23+00:00\",\"author\":{\"@id\":\"https:\/\/portalmf.com.br\/#\/schema\/person\/9ec101baf56233e53520c26de5d6f6f0\"},\"breadcrumb\":{\"@id\":\"https:\/\/portalmf.com.br\/index.php\/2025\/04\/29\/veja-como-sera-o-expediente-nos-orgaos-municipais-durante-a-micareta-2025\/#breadcrumb\"},\"inLanguage\":\"pt-BR\",\"potentialAction\":[{\"@type\":\"ReadAction\",\"target\":[\"https:\/\/portalmf.com.br\/index.php\/2025\/04\/29\/veja-como-sera-o-expediente-nos-orgaos-municipais-durante-a-micareta-2025\/\"]}]},{\"@type\":\"ImageObject\",\"inLanguage\":\"pt-BR\",\"@id\":\"https:\/\/portalmf.com.br\/index.php\/2025\/04\/29\/veja-como-sera-o-expediente-nos-orgaos-municipais-durante-a-micareta-2025\/#primaryimage\",\"url\":\"https:\/\/portalmf.com.br\/wp-content\/uploads\/2024\/11\/prefeitura-de-feira.jpg\",\"contentUrl\":\"https:\/\/portalmf.com.br\/wp-content\/uploads\/2024\/11\/prefeitura-de-feira.jpg\",\"width\":1306,\"height\":870},{\"@type\":\"BreadcrumbList\",\"@id\":\"https:\/\/portalmf.com.br\/index.php\/2025\/04\/29\/veja-como-sera-o-expediente-nos-orgaos-municipais-durante-a-micareta-2025\/#breadcrumb\",\"itemListElement\":[{\"@type\":\"ListItem\",\"position\":1,\"name\":\"In\u00edcio\",\"item\":\"https:\/\/portalmf.com.br\/\"},{\"@type\":\"ListItem\",\"position\":2,\"name\":\"Veja como ser\u00e1 o expediente nos \u00f3rg\u00e3os municipais durante a Micareta 2025\"}]},{\"@type\":\"WebSite\",\"@id\":\"https:\/\/portalmf.com.br\/#website\",\"url\":\"https:\/\/portalmf.com.br\/\",\"name\":\"Portal MF\",\"description\":\"Voc\u00ea conectado com a informa\u00e7\u00e3o\",\"potentialAction\":[{\"@type\":\"SearchAction\",\"target\":{\"@type\":\"EntryPoint\",\"urlTemplate\":\"https:\/\/portalmf.com.br\/?s={search_term_string}\"},\"query-input\":\"required name=search_term_string\"}],\"inLanguage\":\"pt-BR\"},{\"@type\":\"Person\",\"@id\":\"https:\/\/portalmf.com.br\/#\/schema\/person\/9ec101baf56233e53520c26de5d6f6f0\",\"name\":\"Reda\u00e7\u00e3o Portal MF\",\"image\":{\"@type\":\"ImageObject\",\"inLanguage\":\"pt-BR\",\"@id\":\"https:\/\/portalmf.com.br\/#\/schema\/person\/image\/\",\"url\":\"https:\/\/secure.gravatar.com\/avatar\/41b9aaeb2100835f7c64362330f74c7f?s=96&d=mm&r=g\",\"contentUrl\":\"https:\/\/secure.gravatar.com\/avatar\/41b9aaeb2100835f7c64362330f74c7f?s=96&d=mm&r=g\",\"caption\":\"Reda\u00e7\u00e3o Portal MF\"},\"description\":\"Sejam bem-vindos o portal de informa\u00e7\u00f5es de entretenimento de Feira de Santana, desde 2006 realiza coberturas dos principais eventos com entrevistas exclusivas com as principais personalidades mundiais. Fique conectado tamb\u00e9m nas redes sociais.\",\"sameAs\":[\"http:\/\/www.portalmf.com.br\/\",\"https:\/\/www.facebook.com\/portalmfoficial\",\"https:\/\/www.instagram.com\/portalmf\/\",\"https:\/\/x.com\/https:\/\/x.com\/portalmfoficial\",\"https:\/\/www.youtube.com\/@portalmfoficial\"],\"url\":\"https:\/\/portalmf.com.br\/index.php\/author\/junior\/\"}]}<\/script>\n<!-- \/ Yoast SEO plugin. -->","yoast_head_json":{"title":"Veja como ser\u00e1 o expediente nos \u00f3rg\u00e3os municipais durante a Micareta 2025 - Portal MF","robots":{"index":"index","follow":"follow","max-snippet":"max-snippet:-1","max-image-preview":"max-image-preview:large","max-video-preview":"max-video-preview:-1"},"canonical":"https:\/\/portalmf.com.br\/index.php\/2025\/04\/29\/veja-como-sera-o-expediente-nos-orgaos-municipais-durante-a-micareta-2025\/","og_locale":"pt_BR","og_type":"article","og_title":"Veja como ser\u00e1 o expediente nos \u00f3rg\u00e3os municipais durante a Micareta 2025 - Portal MF","og_description":"A Prefeitura de Feira de Santana ter\u00e1 ponto facultativo e mudan\u00e7as no expediente das reparti\u00e7\u00f5es p\u00fablicas municipais durante o per\u00edodo da Micareta 2025, que ser\u00e1 realizada de 1\u00ba a 4 de maio. A medida busca ajustar o funcionamento dos \u00f3rg\u00e3os \u00e0 programa\u00e7\u00e3o da festa, conciliando a oferta de servi\u00e7os p\u00fablicos essenciais com a participa\u00e7\u00e3o da [&hellip;]","og_url":"https:\/\/portalmf.com.br\/index.php\/2025\/04\/29\/veja-como-sera-o-expediente-nos-orgaos-municipais-durante-a-micareta-2025\/","og_site_name":"Portal MF","article_author":"https:\/\/www.facebook.com\/portalmfoficial","article_published_time":"2025-04-29T21:19:22+00:00","article_modified_time":"2025-04-29T21:19:23+00:00","og_image":[{"width":1306,"height":870,"url":"https:\/\/portalmf.com.br\/wp-content\/uploads\/2024\/11\/prefeitura-de-feira.jpg","type":"image\/jpeg"}],"author":"Reda\u00e7\u00e3o Portal MF","twitter_card":"summary_large_image","twitter_creator":"@https:\/\/x.com\/portalmfoficial","twitter_misc":{"Escrito por":"Reda\u00e7\u00e3o Portal MF","Est. tempo de leitura":"2 minutos"},"schema":{"@context":"https:\/\/schema.org","@graph":[{"@type":"WebPage","@id":"https:\/\/portalmf.com.br\/index.php\/2025\/04\/29\/veja-como-sera-o-expediente-nos-orgaos-municipais-durante-a-micareta-2025\/","url":"https:\/\/portalmf.com.br\/index.php\/2025\/04\/29\/veja-como-sera-o-expediente-nos-orgaos-municipais-durante-a-micareta-2025\/","name":"Veja como ser\u00e1 o expediente nos \u00f3rg\u00e3os municipais durante a Micareta 2025 - Portal MF","isPartOf":{"@id":"https:\/\/portalmf.com.br\/#website"},"primaryImageOfPage":{"@id":"https:\/\/portalmf.com.br\/index.php\/2025\/04\/29\/veja-como-sera-o-expediente-nos-orgaos-municipais-durante-a-micareta-2025\/#primaryimage"},"image":{"@id":"https:\/\/portalmf.com.br\/index.php\/2025\/04\/29\/veja-como-sera-o-expediente-nos-orgaos-municipais-durante-a-micareta-2025\/#primaryimage"},"thumbnailUrl":"https:\/\/portalmf.com.br\/wp-content\/uploads\/2024\/11\/prefeitura-de-feira.jpg","datePublished":"2025-04-29T21:19:22+00:00","dateModified":"2025-04-29T21:19:23+00:00","author":{"@id":"https:\/\/portalmf.com.br\/#\/schema\/person\/9ec101baf56233e53520c26de5d6f6f0"},"breadcrumb":{"@id":"https:\/\/portalmf.com.br\/index.php\/2025\/04\/29\/veja-como-sera-o-expediente-nos-orgaos-municipais-durante-a-micareta-2025\/#breadcrumb"},"inLanguage":"pt-BR","potentialAction":[{"@type":"ReadAction","target":["https:\/\/portalmf.com.br\/index.php\/2025\/04\/29\/veja-como-sera-o-expediente-nos-orgaos-municipais-durante-a-micareta-2025\/"]}]},{"@type":"ImageObject","inLanguage":"pt-BR","@id":"https:\/\/portalmf.com.br\/index.php\/2025\/04\/29\/veja-como-sera-o-expediente-nos-orgaos-municipais-durante-a-micareta-2025\/#primaryimage","url":"https:\/\/portalmf.com.br\/wp-content\/uploads\/2024\/11\/prefeitura-de-feira.jpg","contentUrl":"https:\/\/portalmf.com.br\/wp-content\/uploads\/2024\/11\/prefeitura-de-feira.jpg","width":1306,"height":870},{"@type":"BreadcrumbList","@id":"https:\/\/portalmf.com.br\/index.php\/2025\/04\/29\/veja-como-sera-o-expediente-nos-orgaos-municipais-durante-a-micareta-2025\/#breadcrumb","itemListElement":[{"@type":"ListItem","position":1,"name":"In\u00edcio","item":"https:\/\/portalmf.com.br\/"},{"@type":"ListItem","position":2,"name":"Veja como ser\u00e1 o expediente nos \u00f3rg\u00e3os municipais durante a Micareta 2025"}]},{"@type":"WebSite","@id":"https:\/\/portalmf.com.br\/#website","url":"https:\/\/portalmf.com.br\/","name":"Portal MF","description":"Voc\u00ea conectado com a informa\u00e7\u00e3o","potentialAction":[{"@type":"SearchAction","target":{"@type":"EntryPoint","urlTemplate":"https:\/\/portalmf.com.br\/?s={search_term_string}"},"query-input":"required name=search_term_string"}],"inLanguage":"pt-BR"},{"@type":"Person","@id":"https:\/\/portalmf.com.br\/#\/schema\/person\/9ec101baf56233e53520c26de5d6f6f0","name":"Reda\u00e7\u00e3o Portal MF","image":{"@type":"ImageObject","inLanguage":"pt-BR","@id":"https:\/\/portalmf.com.br\/#\/schema\/person\/image\/","url":"https:\/\/secure.gravatar.com\/avatar\/41b9aaeb2100835f7c64362330f74c7f?s=96&d=mm&r=g","contentUrl":"https:\/\/secure.gravatar.com\/avatar\/41b9aaeb2100835f7c64362330f74c7f?s=96&d=mm&r=g","caption":"Reda\u00e7\u00e3o Portal MF"},"description":"Sejam bem-vindos o portal de informa\u00e7\u00f5es de entretenimento de Feira de Santana, desde 2006 realiza coberturas dos principais eventos com entrevistas exclusivas com as principais personalidades mundiais. Fique conectado tamb\u00e9m nas redes sociais.","sameAs":["http:\/\/www.portalmf.com.br\/","https:\/\/www.facebook.com\/portalmfoficial","https:\/\/www.instagram.com\/portalmf\/","https:\/\/x.com\/https:\/\/x.com\/portalmfoficial","https:\/\/www.youtube.com\/@portalmfoficial"],"url":"https:\/\/portalmf.com.br\/index.php\/author\/junior\/"}]}},"_links":{"self":[{"href":"https:\/\/portalmf.com.br\/index.php\/wp-json\/wp\/v2\/posts\/35775"}],"collection":[{"href":"https:\/\/portalmf.com.br\/index.php\/wp-json\/wp\/v2\/posts"}],"about":[{"href":"https:\/\/portalmf.com.br\/index.php\/wp-json\/wp\/v2\/types\/post"}],"author":[{"embeddable":true,"href":"https:\/\/portalmf.com.br\/index.php\/wp-json\/wp\/v2\/users\/3"}],"replies":[{"embeddable":true,"href":"https:\/\/portalmf.com.br\/index.php\/wp-json\/wp\/v2\/comments?post=35775"}],"version-history":[{"count":1,"href":"https:\/\/portalmf.com.br\/index.php\/wp-json\/wp\/v2\/posts\/35775\/revisions"}],"predecessor-version":[{"id":35776,"href":"https:\/\/portalmf.com.br\/index.php\/wp-json\/wp\/v2\/posts\/35775\/revisions\/35776"}],"wp:featuredmedia":[{"embeddable":true,"href":"https:\/\/portalmf.com.br\/index.php\/wp-json\/wp\/v2\/media\/31788"}],"wp:attachment":[{"href":"https:\/\/portalmf.com.br\/index.php\/wp-json\/wp\/v2\/media?parent=35775"}],"wp:term":[{"taxonomy":"category","embeddable":true,"href":"https:\/\/portalmf.com.br\/index.php\/wp-json\/wp\/v2\/categories?post=35775"},{"taxonomy":"post_tag","embeddable":true,"href":"https:\/\/portalmf.com.br\/index.php\/wp-json\/wp\/v2\/tags?post=35775"}],"curies":[{"name":"wp","href":"https:\/\/api.w.org\/{rel}","templated":true}]}}