{"id":3575,"date":"2022-08-25T13:28:07","date_gmt":"2022-08-25T16:28:07","guid":{"rendered":"http:\/\/portalmf.com.br\/?p=3575"},"modified":"2022-08-25T13:28:08","modified_gmt":"2022-08-25T16:28:08","slug":"jeronimo-garante-fortalecimento-dos-programas-mais-futuro-e-partiu-estagio-apos-encontro-com-jovens","status":"publish","type":"post","link":"https:\/\/portalmf.com.br\/index.php\/2022\/08\/25\/jeronimo-garante-fortalecimento-dos-programas-mais-futuro-e-partiu-estagio-apos-encontro-com-jovens\/","title":{"rendered":"Jer\u00f4nimo garante fortalecimento dos programas Mais Futuro e Partiu Est\u00e1gio ap\u00f3s encontro com jovens"},"content":{"rendered":"\n<p>O candidato a governador Jer\u00f4nimo Rodrigues (PT) destacou, nesta quarta-feira (24), suas propostas para juventude e garantiu que os jovens ter\u00e3o um canal de di\u00e1logo em sua gest\u00e3o.<\/p>\n\n\n\n<p>O candidato de Lula na Bahia garantiu que ir\u00e1 fortalecer o Programa Mais Futuro, que garante assist\u00eancia estudantil, os programas Partiu Est\u00e1gio e Primeiro Emprego, que atuam para inserir os jovens no mercado de trabalho, e fortalecer o Universidade para Todos. Al\u00e9m disso, Jer\u00f4nimo sinalizou a cria\u00e7\u00e3o de um Observat\u00f3rio de Juventude, que atuar\u00e1 de forma inteligente para fomenta\u00e7\u00e3o de pol\u00edticas para os jovens.<\/p>\n\n\n\n<p><em>&#8220;A juventude ter\u00e1 um espa\u00e7o de di\u00e1logo no meu governo, eu serei o governador da juventude. N\u00f3s vamos fortalecer programas importantes como o Primeiro Emprego, Partiu Est\u00e1gio, oferecer assist\u00eancia estudantil para os alunos e vamos ampliar e manter um contato constante com a juventude&#8221;,<\/em> afirmou Jer\u00f4nimo.<\/p>\n\n\n\n<p>O candidato do Time de Lula na Bahia pediu que as jovens lideran\u00e7as continuem trabalhando e percorrendo os munic\u00edpios para apresentar o projeto e conversar com os eleitores. O petista ressaltou ainda que os jovens precisam ter paci\u00eancia e realizar a pol\u00edtica atrav\u00e9s do di\u00e1logo.<\/p>\n\n\n\n<p><em>&#8220;Nossa pol\u00edtica \u00e9 a do di\u00e1logo, a do carinho. A pol\u00edtica do \u00f3dio \u00e9 do lado de l\u00e1. N\u00f3s vamos conversar, apresentar nosso projeto, percorrer cada canto da Bahia&#8221;,<\/em> complementou.<\/p>\n\n\n\n<p>O encontro contou com apresenta\u00e7\u00f5es culturais e oficinas para a juventude. Lideran\u00e7as de movimentos estudantis e sociais discursaram e conversaram com o candidato de Lula na Bahia.<\/p>\n","protected":false},"excerpt":{"rendered":"<p>O candidato a governador Jer\u00f4nimo Rodrigues (PT) destacou, nesta quarta-feira (24), suas propostas para juventude e garantiu que os jovens ter\u00e3o um canal de di\u00e1logo em sua gest\u00e3o. O candidato de Lula na Bahia garantiu que ir\u00e1 fortalecer o Programa Mais Futuro, que garante assist\u00eancia estudantil, os programas Partiu Est\u00e1gio e Primeiro Emprego, que atuam [&hellip;]<\/p>\n","protected":false},"author":2,"featured_media":3576,"comment_status":"open","ping_status":"open","sticky":false,"template":"","format":"standard","meta":{"_monsterinsights_skip_tracking":false,"_monsterinsights_sitenote_active":false,"_monsterinsights_sitenote_note":"","_monsterinsights_sitenote_category":0,"footnotes":""},"categories":[34],"tags":[],"yoast_head":"<!-- This site is optimized with the Yoast SEO plugin v22.9 - https:\/\/yoast.com\/wordpress\/plugins\/seo\/ -->\n<title>Jer\u00f4nimo garante fortalecimento dos programas Mais Futuro e Partiu Est\u00e1gio ap\u00f3s encontro com jovens - Portal MF<\/title>\n<meta name=\"robots\" content=\"index, follow, max-snippet:-1, max-image-preview:large, max-video-preview:-1\" \/>\n<link rel=\"canonical\" href=\"https:\/\/portalmf.com.br\/index.php\/2022\/08\/25\/jeronimo-garante-fortalecimento-dos-programas-mais-futuro-e-partiu-estagio-apos-encontro-com-jovens\/\" \/>\n<meta property=\"og:locale\" content=\"pt_BR\" \/>\n<meta property=\"og:type\" content=\"article\" \/>\n<meta property=\"og:title\" content=\"Jer\u00f4nimo garante fortalecimento dos programas Mais Futuro e Partiu Est\u00e1gio ap\u00f3s encontro com jovens - Portal MF\" \/>\n<meta property=\"og:description\" content=\"O candidato a governador Jer\u00f4nimo Rodrigues (PT) destacou, nesta quarta-feira (24), suas propostas para juventude e garantiu que os jovens ter\u00e3o um canal de di\u00e1logo em sua gest\u00e3o. O candidato de Lula na Bahia garantiu que ir\u00e1 fortalecer o Programa Mais Futuro, que garante assist\u00eancia estudantil, os programas Partiu Est\u00e1gio e Primeiro Emprego, que atuam [&hellip;]\" \/>\n<meta property=\"og:url\" content=\"https:\/\/portalmf.com.br\/index.php\/2022\/08\/25\/jeronimo-garante-fortalecimento-dos-programas-mais-futuro-e-partiu-estagio-apos-encontro-com-jovens\/\" \/>\n<meta property=\"og:site_name\" content=\"Portal MF\" \/>\n<meta property=\"article:author\" content=\"reginaldojrfsa\" \/>\n<meta property=\"article:published_time\" content=\"2022-08-25T16:28:07+00:00\" \/>\n<meta property=\"article:modified_time\" content=\"2022-08-25T16:28:08+00:00\" \/>\n<meta property=\"og:image\" content=\"https:\/\/portalmf.com.br\/wp-content\/uploads\/2022\/08\/WhatsApp-Image-2022-08-24-at-17.57.25.jpeg\" \/>\n\t<meta property=\"og:image:width\" content=\"1028\" \/>\n\t<meta property=\"og:image:height\" content=\"720\" \/>\n\t<meta property=\"og:image:type\" content=\"image\/jpeg\" \/>\n<meta name=\"author\" content=\"Reginaldo J\u00fanior\" \/>\n<meta name=\"twitter:card\" content=\"summary_large_image\" \/>\n<meta name=\"twitter:creator\" content=\"@reginaldojrmf\" \/>\n<meta name=\"twitter:label1\" content=\"Escrito por\" \/>\n\t<meta name=\"twitter:data1\" content=\"Reginaldo J\u00fanior\" \/>\n\t<meta name=\"twitter:label2\" content=\"Est. tempo de leitura\" \/>\n\t<meta name=\"twitter:data2\" content=\"2 minutos\" \/>\n<script type=\"application\/ld+json\" class=\"yoast-schema-graph\">{\"@context\":\"https:\/\/schema.org\",\"@graph\":[{\"@type\":\"WebPage\",\"@id\":\"https:\/\/portalmf.com.br\/index.php\/2022\/08\/25\/jeronimo-garante-fortalecimento-dos-programas-mais-futuro-e-partiu-estagio-apos-encontro-com-jovens\/\",\"url\":\"https:\/\/portalmf.com.br\/index.php\/2022\/08\/25\/jeronimo-garante-fortalecimento-dos-programas-mais-futuro-e-partiu-estagio-apos-encontro-com-jovens\/\",\"name\":\"Jer\u00f4nimo garante fortalecimento dos programas Mais Futuro e Partiu Est\u00e1gio ap\u00f3s encontro com jovens - Portal MF\",\"isPartOf\":{\"@id\":\"https:\/\/portalmf.com.br\/#website\"},\"primaryImageOfPage\":{\"@id\":\"https:\/\/portalmf.com.br\/index.php\/2022\/08\/25\/jeronimo-garante-fortalecimento-dos-programas-mais-futuro-e-partiu-estagio-apos-encontro-com-jovens\/#primaryimage\"},\"image\":{\"@id\":\"https:\/\/portalmf.com.br\/index.php\/2022\/08\/25\/jeronimo-garante-fortalecimento-dos-programas-mais-futuro-e-partiu-estagio-apos-encontro-com-jovens\/#primaryimage\"},\"thumbnailUrl\":\"https:\/\/portalmf.com.br\/wp-content\/uploads\/2022\/08\/WhatsApp-Image-2022-08-24-at-17.57.25.jpeg\",\"datePublished\":\"2022-08-25T16:28:07+00:00\",\"dateModified\":\"2022-08-25T16:28:08+00:00\",\"author\":{\"@id\":\"https:\/\/portalmf.com.br\/#\/schema\/person\/11c82086fe8abc05a19147e964587285\"},\"breadcrumb\":{\"@id\":\"https:\/\/portalmf.com.br\/index.php\/2022\/08\/25\/jeronimo-garante-fortalecimento-dos-programas-mais-futuro-e-partiu-estagio-apos-encontro-com-jovens\/#breadcrumb\"},\"inLanguage\":\"pt-BR\",\"potentialAction\":[{\"@type\":\"ReadAction\",\"target\":[\"https:\/\/portalmf.com.br\/index.php\/2022\/08\/25\/jeronimo-garante-fortalecimento-dos-programas-mais-futuro-e-partiu-estagio-apos-encontro-com-jovens\/\"]}]},{\"@type\":\"ImageObject\",\"inLanguage\":\"pt-BR\",\"@id\":\"https:\/\/portalmf.com.br\/index.php\/2022\/08\/25\/jeronimo-garante-fortalecimento-dos-programas-mais-futuro-e-partiu-estagio-apos-encontro-com-jovens\/#primaryimage\",\"url\":\"https:\/\/portalmf.com.br\/wp-content\/uploads\/2022\/08\/WhatsApp-Image-2022-08-24-at-17.57.25.jpeg\",\"contentUrl\":\"https:\/\/portalmf.com.br\/wp-content\/uploads\/2022\/08\/WhatsApp-Image-2022-08-24-at-17.57.25.jpeg\",\"width\":1028,\"height\":720},{\"@type\":\"BreadcrumbList\",\"@id\":\"https:\/\/portalmf.com.br\/index.php\/2022\/08\/25\/jeronimo-garante-fortalecimento-dos-programas-mais-futuro-e-partiu-estagio-apos-encontro-com-jovens\/#breadcrumb\",\"itemListElement\":[{\"@type\":\"ListItem\",\"position\":1,\"name\":\"In\u00edcio\",\"item\":\"https:\/\/portalmf.com.br\/\"},{\"@type\":\"ListItem\",\"position\":2,\"name\":\"Jer\u00f4nimo garante fortalecimento dos programas Mais Futuro e Partiu Est\u00e1gio ap\u00f3s encontro com jovens\"}]},{\"@type\":\"WebSite\",\"@id\":\"https:\/\/portalmf.com.br\/#website\",\"url\":\"https:\/\/portalmf.com.br\/\",\"name\":\"Portal MF\",\"description\":\"Voc\u00ea conectado com a informa\u00e7\u00e3o\",\"potentialAction\":[{\"@type\":\"SearchAction\",\"target\":{\"@type\":\"EntryPoint\",\"urlTemplate\":\"https:\/\/portalmf.com.br\/?s={search_term_string}\"},\"query-input\":\"required name=search_term_string\"}],\"inLanguage\":\"pt-BR\"},{\"@type\":\"Person\",\"@id\":\"https:\/\/portalmf.com.br\/#\/schema\/person\/11c82086fe8abc05a19147e964587285\",\"name\":\"Reginaldo J\u00fanior\",\"image\":{\"@type\":\"ImageObject\",\"inLanguage\":\"pt-BR\",\"@id\":\"https:\/\/portalmf.com.br\/#\/schema\/person\/image\/\",\"url\":\"https:\/\/secure.gravatar.com\/avatar\/32a3c797cd0ac47cc53b8644c62776f9?s=96&d=mm&r=g\",\"contentUrl\":\"https:\/\/secure.gravatar.com\/avatar\/32a3c797cd0ac47cc53b8644c62776f9?s=96&d=mm&r=g\",\"caption\":\"Reginaldo J\u00fanior\"},\"description\":\"Jornalista e idealizador Portal MF\",\"sameAs\":[\"https:\/\/portalmf.com.br\/index.php\/author\/reginaldojr\/\",\"reginaldojrfsa\",\"reginaldojuniormf\",\"https:\/\/x.com\/reginaldojrmf\"],\"url\":\"https:\/\/portalmf.com.br\/index.php\/author\/reginaldojr\/\"}]}<\/script>\n<!-- \/ Yoast SEO plugin. -->","yoast_head_json":{"title":"Jer\u00f4nimo garante fortalecimento dos programas Mais Futuro e Partiu Est\u00e1gio ap\u00f3s encontro com jovens - Portal MF","robots":{"index":"index","follow":"follow","max-snippet":"max-snippet:-1","max-image-preview":"max-image-preview:large","max-video-preview":"max-video-preview:-1"},"canonical":"https:\/\/portalmf.com.br\/index.php\/2022\/08\/25\/jeronimo-garante-fortalecimento-dos-programas-mais-futuro-e-partiu-estagio-apos-encontro-com-jovens\/","og_locale":"pt_BR","og_type":"article","og_title":"Jer\u00f4nimo garante fortalecimento dos programas Mais Futuro e Partiu Est\u00e1gio ap\u00f3s encontro com jovens - Portal MF","og_description":"O candidato a governador Jer\u00f4nimo Rodrigues (PT) destacou, nesta quarta-feira (24), suas propostas para juventude e garantiu que os jovens ter\u00e3o um canal de di\u00e1logo em sua gest\u00e3o. O candidato de Lula na Bahia garantiu que ir\u00e1 fortalecer o Programa Mais Futuro, que garante assist\u00eancia estudantil, os programas Partiu Est\u00e1gio e Primeiro Emprego, que atuam [&hellip;]","og_url":"https:\/\/portalmf.com.br\/index.php\/2022\/08\/25\/jeronimo-garante-fortalecimento-dos-programas-mais-futuro-e-partiu-estagio-apos-encontro-com-jovens\/","og_site_name":"Portal MF","article_author":"reginaldojrfsa","article_published_time":"2022-08-25T16:28:07+00:00","article_modified_time":"2022-08-25T16:28:08+00:00","og_image":[{"width":1028,"height":720,"url":"https:\/\/portalmf.com.br\/wp-content\/uploads\/2022\/08\/WhatsApp-Image-2022-08-24-at-17.57.25.jpeg","type":"image\/jpeg"}],"author":"Reginaldo J\u00fanior","twitter_card":"summary_large_image","twitter_creator":"@reginaldojrmf","twitter_misc":{"Escrito por":"Reginaldo J\u00fanior","Est. tempo de leitura":"2 minutos"},"schema":{"@context":"https:\/\/schema.org","@graph":[{"@type":"WebPage","@id":"https:\/\/portalmf.com.br\/index.php\/2022\/08\/25\/jeronimo-garante-fortalecimento-dos-programas-mais-futuro-e-partiu-estagio-apos-encontro-com-jovens\/","url":"https:\/\/portalmf.com.br\/index.php\/2022\/08\/25\/jeronimo-garante-fortalecimento-dos-programas-mais-futuro-e-partiu-estagio-apos-encontro-com-jovens\/","name":"Jer\u00f4nimo garante fortalecimento dos programas Mais Futuro e Partiu Est\u00e1gio ap\u00f3s encontro com jovens - Portal MF","isPartOf":{"@id":"https:\/\/portalmf.com.br\/#website"},"primaryImageOfPage":{"@id":"https:\/\/portalmf.com.br\/index.php\/2022\/08\/25\/jeronimo-garante-fortalecimento-dos-programas-mais-futuro-e-partiu-estagio-apos-encontro-com-jovens\/#primaryimage"},"image":{"@id":"https:\/\/portalmf.com.br\/index.php\/2022\/08\/25\/jeronimo-garante-fortalecimento-dos-programas-mais-futuro-e-partiu-estagio-apos-encontro-com-jovens\/#primaryimage"},"thumbnailUrl":"https:\/\/portalmf.com.br\/wp-content\/uploads\/2022\/08\/WhatsApp-Image-2022-08-24-at-17.57.25.jpeg","datePublished":"2022-08-25T16:28:07+00:00","dateModified":"2022-08-25T16:28:08+00:00","author":{"@id":"https:\/\/portalmf.com.br\/#\/schema\/person\/11c82086fe8abc05a19147e964587285"},"breadcrumb":{"@id":"https:\/\/portalmf.com.br\/index.php\/2022\/08\/25\/jeronimo-garante-fortalecimento-dos-programas-mais-futuro-e-partiu-estagio-apos-encontro-com-jovens\/#breadcrumb"},"inLanguage":"pt-BR","potentialAction":[{"@type":"ReadAction","target":["https:\/\/portalmf.com.br\/index.php\/2022\/08\/25\/jeronimo-garante-fortalecimento-dos-programas-mais-futuro-e-partiu-estagio-apos-encontro-com-jovens\/"]}]},{"@type":"ImageObject","inLanguage":"pt-BR","@id":"https:\/\/portalmf.com.br\/index.php\/2022\/08\/25\/jeronimo-garante-fortalecimento-dos-programas-mais-futuro-e-partiu-estagio-apos-encontro-com-jovens\/#primaryimage","url":"https:\/\/portalmf.com.br\/wp-content\/uploads\/2022\/08\/WhatsApp-Image-2022-08-24-at-17.57.25.jpeg","contentUrl":"https:\/\/portalmf.com.br\/wp-content\/uploads\/2022\/08\/WhatsApp-Image-2022-08-24-at-17.57.25.jpeg","width":1028,"height":720},{"@type":"BreadcrumbList","@id":"https:\/\/portalmf.com.br\/index.php\/2022\/08\/25\/jeronimo-garante-fortalecimento-dos-programas-mais-futuro-e-partiu-estagio-apos-encontro-com-jovens\/#breadcrumb","itemListElement":[{"@type":"ListItem","position":1,"name":"In\u00edcio","item":"https:\/\/portalmf.com.br\/"},{"@type":"ListItem","position":2,"name":"Jer\u00f4nimo garante fortalecimento dos programas Mais Futuro e Partiu Est\u00e1gio ap\u00f3s encontro com jovens"}]},{"@type":"WebSite","@id":"https:\/\/portalmf.com.br\/#website","url":"https:\/\/portalmf.com.br\/","name":"Portal MF","description":"Voc\u00ea conectado com a informa\u00e7\u00e3o","potentialAction":[{"@type":"SearchAction","target":{"@type":"EntryPoint","urlTemplate":"https:\/\/portalmf.com.br\/?s={search_term_string}"},"query-input":"required name=search_term_string"}],"inLanguage":"pt-BR"},{"@type":"Person","@id":"https:\/\/portalmf.com.br\/#\/schema\/person\/11c82086fe8abc05a19147e964587285","name":"Reginaldo J\u00fanior","image":{"@type":"ImageObject","inLanguage":"pt-BR","@id":"https:\/\/portalmf.com.br\/#\/schema\/person\/image\/","url":"https:\/\/secure.gravatar.com\/avatar\/32a3c797cd0ac47cc53b8644c62776f9?s=96&d=mm&r=g","contentUrl":"https:\/\/secure.gravatar.com\/avatar\/32a3c797cd0ac47cc53b8644c62776f9?s=96&d=mm&r=g","caption":"Reginaldo J\u00fanior"},"description":"Jornalista e idealizador Portal MF","sameAs":["https:\/\/portalmf.com.br\/index.php\/author\/reginaldojr\/","reginaldojrfsa","reginaldojuniormf","https:\/\/x.com\/reginaldojrmf"],"url":"https:\/\/portalmf.com.br\/index.php\/author\/reginaldojr\/"}]}},"_links":{"self":[{"href":"https:\/\/portalmf.com.br\/index.php\/wp-json\/wp\/v2\/posts\/3575"}],"collection":[{"href":"https:\/\/portalmf.com.br\/index.php\/wp-json\/wp\/v2\/posts"}],"about":[{"href":"https:\/\/portalmf.com.br\/index.php\/wp-json\/wp\/v2\/types\/post"}],"author":[{"embeddable":true,"href":"https:\/\/portalmf.com.br\/index.php\/wp-json\/wp\/v2\/users\/2"}],"replies":[{"embeddable":true,"href":"https:\/\/portalmf.com.br\/index.php\/wp-json\/wp\/v2\/comments?post=3575"}],"version-history":[{"count":1,"href":"https:\/\/portalmf.com.br\/index.php\/wp-json\/wp\/v2\/posts\/3575\/revisions"}],"predecessor-version":[{"id":3577,"href":"https:\/\/portalmf.com.br\/index.php\/wp-json\/wp\/v2\/posts\/3575\/revisions\/3577"}],"wp:featuredmedia":[{"embeddable":true,"href":"https:\/\/portalmf.com.br\/index.php\/wp-json\/wp\/v2\/media\/3576"}],"wp:attachment":[{"href":"https:\/\/portalmf.com.br\/index.php\/wp-json\/wp\/v2\/media?parent=3575"}],"wp:term":[{"taxonomy":"category","embeddable":true,"href":"https:\/\/portalmf.com.br\/index.php\/wp-json\/wp\/v2\/categories?post=3575"},{"taxonomy":"post_tag","embeddable":true,"href":"https:\/\/portalmf.com.br\/index.php\/wp-json\/wp\/v2\/tags?post=3575"}],"curies":[{"name":"wp","href":"https:\/\/api.w.org\/{rel}","templated":true}]}}