{"id":35670,"date":"2025-04-25T19:49:29","date_gmt":"2025-04-25T22:49:29","guid":{"rendered":"https:\/\/portalmf.com.br\/?p=35670"},"modified":"2025-04-25T19:49:31","modified_gmt":"2025-04-25T22:49:31","slug":"governador-inaugura-deam-em-feira-de-santana-e-entrega-55-viaturas-para-a-policia-militar","status":"publish","type":"post","link":"https:\/\/portalmf.com.br\/index.php\/2025\/04\/25\/governador-inaugura-deam-em-feira-de-santana-e-entrega-55-viaturas-para-a-policia-militar\/","title":{"rendered":"Governador inaugura DEAM em Feira de Santana e entrega 55 viaturas para a Pol\u00edcia Militar"},"content":{"rendered":"\n<p>Nesta sexta-feira (25), em Feira de Santana, o governador Jer\u00f4nimo Rodrigues entregou viaturas para Pol\u00edcia Militar e inaugurou a nova sede da Delegacia Especial de Atendimento \u00e0 Mulher (DEAM), instalada no Complexo Policial Investigador Bandeira, no bairro Jomafa. Al\u00e9m disso, a Secretaria da Sa\u00fade (Sesab) entregou uma ambul\u00e2ncia para a cidade. O investimento total do Governo do Estado nas entregas foi de R$ 5,3 milh\u00f5es e beneficia tamb\u00e9m outros 22 munic\u00edpios baianos.<br><br>O pacote de entregas \u00e9 composto por 55 novas viaturas, que inclui duas bases m\u00f3veis, 25 motocicletas, quatro quadriciclos, 22 viaturas e duas semiblindadas, e representa um incremento fundamental na capacidade de resposta das for\u00e7as de seguran\u00e7a de cidades distribu\u00eddas por 10 Territ\u00f3rios de Identidade.<\/p>\n\n\n\n<figure class=\"wp-block-image size-large\"><img fetchpriority=\"high\" decoding=\"async\" width=\"1024\" height=\"681\" src=\"https:\/\/portalmf.com.br\/wp-content\/uploads\/2025\/04\/Governador-inaugura-DEAM-em-Feira-de-Santana-e-entrega-55-viaturas-para-a-Policia-Militar-4-1024x681.jpeg\" alt=\"\" class=\"wp-image-35673\" srcset=\"https:\/\/portalmf.com.br\/wp-content\/uploads\/2025\/04\/Governador-inaugura-DEAM-em-Feira-de-Santana-e-entrega-55-viaturas-para-a-Policia-Militar-4-1024x681.jpeg 1024w, https:\/\/portalmf.com.br\/wp-content\/uploads\/2025\/04\/Governador-inaugura-DEAM-em-Feira-de-Santana-e-entrega-55-viaturas-para-a-Policia-Militar-4-300x200.jpeg 300w, https:\/\/portalmf.com.br\/wp-content\/uploads\/2025\/04\/Governador-inaugura-DEAM-em-Feira-de-Santana-e-entrega-55-viaturas-para-a-Policia-Militar-4-768x511.jpeg 768w, https:\/\/portalmf.com.br\/wp-content\/uploads\/2025\/04\/Governador-inaugura-DEAM-em-Feira-de-Santana-e-entrega-55-viaturas-para-a-Policia-Militar-4-1536x1021.jpeg 1536w, https:\/\/portalmf.com.br\/wp-content\/uploads\/2025\/04\/Governador-inaugura-DEAM-em-Feira-de-Santana-e-entrega-55-viaturas-para-a-Policia-Militar-4-696x463.jpeg 696w, https:\/\/portalmf.com.br\/wp-content\/uploads\/2025\/04\/Governador-inaugura-DEAM-em-Feira-de-Santana-e-entrega-55-viaturas-para-a-Policia-Militar-4-1068x710.jpeg 1068w, https:\/\/portalmf.com.br\/wp-content\/uploads\/2025\/04\/Governador-inaugura-DEAM-em-Feira-de-Santana-e-entrega-55-viaturas-para-a-Policia-Militar-4.jpeg 1600w\" sizes=\"(max-width: 1024px) 100vw, 1024px\" \/><figcaption class=\"wp-element-caption\">Foto: Amanda Erc\u00edlia\/GOVBA<\/figcaption><\/figure>\n\n\n\n<p>Foram aplicados mais de R$ 2,1 milh\u00f5es, promovendo maior prote\u00e7\u00e3o \u00e0 popula\u00e7\u00e3o de Baixa Grande, Capim Grosso, Cip\u00f3, Concei\u00e7\u00e3o do Jacu\u00edpe, Cruz das Almas, Euclides da Cunha, Feira de Santana, \u00a0Irec\u00ea, Itaberaba, Itatim, Jacobina, Lap\u00e3o, Len\u00e7\u00f3is, Mairi, Marac\u00e1s, Morro de S\u00e3o Paulo (Cairu), Ribeira do Pombal, Riach\u00e3o do Jacu\u00edpe, Rui Barbosa, Santo Ant\u00f4nio de Jesus, Seabra, Valen\u00e7a e Xique-Xique, que est\u00e3o entre as cidades contempladas com os ve\u00edculos.<\/p>\n\n\n\n<figure class=\"wp-block-image size-large\"><img decoding=\"async\" width=\"1024\" height=\"681\" src=\"https:\/\/portalmf.com.br\/wp-content\/uploads\/2025\/04\/Governador-inaugura-DEAM-em-Feira-de-Santana-e-entrega-55-viaturas-para-a-Policia-Militar-1-1024x681.jpeg\" alt=\"\" class=\"wp-image-35674\" srcset=\"https:\/\/portalmf.com.br\/wp-content\/uploads\/2025\/04\/Governador-inaugura-DEAM-em-Feira-de-Santana-e-entrega-55-viaturas-para-a-Policia-Militar-1-1024x681.jpeg 1024w, https:\/\/portalmf.com.br\/wp-content\/uploads\/2025\/04\/Governador-inaugura-DEAM-em-Feira-de-Santana-e-entrega-55-viaturas-para-a-Policia-Militar-1-300x200.jpeg 300w, https:\/\/portalmf.com.br\/wp-content\/uploads\/2025\/04\/Governador-inaugura-DEAM-em-Feira-de-Santana-e-entrega-55-viaturas-para-a-Policia-Militar-1-768x511.jpeg 768w, https:\/\/portalmf.com.br\/wp-content\/uploads\/2025\/04\/Governador-inaugura-DEAM-em-Feira-de-Santana-e-entrega-55-viaturas-para-a-Policia-Militar-1-1536x1021.jpeg 1536w, https:\/\/portalmf.com.br\/wp-content\/uploads\/2025\/04\/Governador-inaugura-DEAM-em-Feira-de-Santana-e-entrega-55-viaturas-para-a-Policia-Militar-1-696x463.jpeg 696w, https:\/\/portalmf.com.br\/wp-content\/uploads\/2025\/04\/Governador-inaugura-DEAM-em-Feira-de-Santana-e-entrega-55-viaturas-para-a-Policia-Militar-1-1068x710.jpeg 1068w, https:\/\/portalmf.com.br\/wp-content\/uploads\/2025\/04\/Governador-inaugura-DEAM-em-Feira-de-Santana-e-entrega-55-viaturas-para-a-Policia-Militar-1.jpeg 1600w\" sizes=\"(max-width: 1024px) 100vw, 1024px\" \/><figcaption class=\"wp-element-caption\"><strong>Foto: Amanda Erc\u00edlia\/GOVBA<\/strong><\/figcaption><\/figure>\n\n\n\n<p>\u201cHoje, entregamos a nova Delegacia da Mulher, no Jomafa, entregamos 55 viaturas, 11 aqui para Feira, e o restante distribu\u00edda por um conjunto de munic\u00edpios e quero dizer que voltarei na quarta-feira (30) para o [bloco] Zero Hora, onde ali eu me divirto, e depois vou ao Cl\u00e9riston Andrade, onde anunciarei a ordem de servi\u00e7o de R$ 40 milh\u00f5es para concluir definitivamente o novo Hospital. E espero autorizar o projeto e amplia\u00e7\u00e3o da pista do aeroporto de Feira de Santana\u201d, anunciou o governador.<br><br>\u201cN\u00f3s firmamos o compromisso de dar uma seguran\u00e7a p\u00fablica mais eficaz, de prestar um melhor servi\u00e7o. Porque quando o governador faz isso, ele est\u00e1 atendendo a dignidade do nosso policial, de dar condi\u00e7\u00e3o de trabalho. E n\u00f3s, por consequ\u00eancia, vamos presentear a nossa sociedade com melhor dignidade, melhor tratamento e um tratamento cidad\u00e3o para todos\u201d, considerou o comandante-geral da Pol\u00edcia Militar, coronel Ant\u00f4nio Magalh\u00e3es, ao destacar que a amplia\u00e7\u00e3o da frota n\u00e3o apenas fortalece o policiamento ostensivo, mas tamb\u00e9m melhora a efic\u00e1cia das opera\u00e7\u00f5es em cada munic\u00edpio atendido. Est\u00e1 prevista a entrega de outras 250 viaturas, alcan\u00e7ando novas localidades baianas.<br><br><strong>Nova delegacia<\/strong><\/p>\n\n\n\n<p>A nova DEAM tamb\u00e9m \u00e9 um marco significativo no combate \u00e0 viol\u00eancia contra a mulher. A delegacia faz parte da pol\u00edtica de moderniza\u00e7\u00e3o das estruturas das for\u00e7as policiais. Com investimentos superiores a R$ 3,5 milh\u00f5es, a unidade foi projetada para oferecer um atendimento mais humanizado e eficaz \u00e0s v\u00edtimas.<\/p>\n\n\n\n<figure class=\"wp-block-image size-large\"><img decoding=\"async\" width=\"1024\" height=\"681\" src=\"https:\/\/portalmf.com.br\/wp-content\/uploads\/2025\/04\/Governador-inaugura-DEAM-em-Feira-de-Santana-e-entrega-55-viaturas-para-a-Policia-Militar-2-1024x681.jpeg\" alt=\"\" class=\"wp-image-35671\" srcset=\"https:\/\/portalmf.com.br\/wp-content\/uploads\/2025\/04\/Governador-inaugura-DEAM-em-Feira-de-Santana-e-entrega-55-viaturas-para-a-Policia-Militar-2-1024x681.jpeg 1024w, https:\/\/portalmf.com.br\/wp-content\/uploads\/2025\/04\/Governador-inaugura-DEAM-em-Feira-de-Santana-e-entrega-55-viaturas-para-a-Policia-Militar-2-300x200.jpeg 300w, https:\/\/portalmf.com.br\/wp-content\/uploads\/2025\/04\/Governador-inaugura-DEAM-em-Feira-de-Santana-e-entrega-55-viaturas-para-a-Policia-Militar-2-768x511.jpeg 768w, https:\/\/portalmf.com.br\/wp-content\/uploads\/2025\/04\/Governador-inaugura-DEAM-em-Feira-de-Santana-e-entrega-55-viaturas-para-a-Policia-Militar-2-1536x1021.jpeg 1536w, https:\/\/portalmf.com.br\/wp-content\/uploads\/2025\/04\/Governador-inaugura-DEAM-em-Feira-de-Santana-e-entrega-55-viaturas-para-a-Policia-Militar-2-696x463.jpeg 696w, https:\/\/portalmf.com.br\/wp-content\/uploads\/2025\/04\/Governador-inaugura-DEAM-em-Feira-de-Santana-e-entrega-55-viaturas-para-a-Policia-Militar-2-1068x710.jpeg 1068w, https:\/\/portalmf.com.br\/wp-content\/uploads\/2025\/04\/Governador-inaugura-DEAM-em-Feira-de-Santana-e-entrega-55-viaturas-para-a-Policia-Militar-2.jpeg 1600w\" sizes=\"(max-width: 1024px) 100vw, 1024px\" \/><figcaption class=\"wp-element-caption\">Foto: Amanda Erc\u00edlia\/GOVBA<\/figcaption><\/figure>\n\n\n\n<p>O secret\u00e1rio de seguran\u00e7a p\u00fablica, Marcelo Werner, destacou que a nova unidade permite uma atua\u00e7\u00e3o mais estrat\u00e9gica em casos de viol\u00eancia de g\u00eanero. \u201cUma estrutura f\u00edsica nova, melhorando a condi\u00e7\u00e3o de trabalho do nosso policial, mas, acima de tudo, melhorando o atendimento \u00e0 mulher v\u00edtima de qualquer tipo de crime. Ela funcionar\u00e1 24 horas, em regime de plant\u00e3o, para que possa ter o melhor atendimento poss\u00edvel\u201d, afirmou.<br><br>\u201cFeira de Santana ganhar essa delegacia da mulher \u00e9 importante. Acho que as condi\u00e7\u00f5es de trabalho melhoram muito, s\u00e3o novas instala\u00e7\u00f5es, adequadas, constru\u00eddas e planejadas com esse objetivo, diferente de uma casa alugada e que n\u00e3o atende \u00e0s demandas necess\u00e1rias de uma delegacia\u201d, declarou o prefeito de Feira de Santana, Z\u00e9 Ronaldo.<br><br>Atualmente, o estado conta com 29 DEAMS e N\u00facleos Especializados de Atendimento \u00e0 Mulher (NEAMS). Aliado a isso, outras a\u00e7\u00f5es tamb\u00e9m ser\u00e3o realizadas no combate \u00e0 viol\u00eancia de g\u00eanero. \u201cAqui em Feira de Santana, ainda neste ano, a gente vai come\u00e7ar um programa chamado Oxe, Me Respeite!, dentro das escolas estaduais. \u00c9 um trabalho de forma\u00e7\u00e3o que faremos com meninas e meninos, adolescentes, jovens que est\u00e3o nas escolas de tempo integral, debatendo o que \u00e9 viol\u00eancia contra a mulher. A gente precisa refletir sobre isso, e a escola tem um papel importante\u201d, acrescentou a secret\u00e1ria de pol\u00edticas para as mulheres do Estado, Neusa Cadore.<\/p>\n\n\n\n<p><a href=\"https:\/\/www.facebook.com\/sharer\/sharer.php?u=http:\/\/www.ba.gov.br\/comunicacao\/noticias\/2025-04\/367963\/jeronimo-rodrigues-inaugura-deam-em-feira-de-santana-e-entrega-55-viaturas&amp;title=Governador%20inaugura%20DEAM%20em%20Feira%20de%20Santana%20e%20entrega%2055%20viaturas%20para%20a%20Pol%C3%ADcia%20Militar\" target=\"_blank\" rel=\"noreferrer noopener\"><\/a><a href=\"https:\/\/twitter.com\/intent\/tweet?text=Governador%20inaugura%20DEAM%20em%20Feira%20de%20Santana%20e%20entrega%2055%20viaturas%20para%20a%20Pol%C3%ADcia%20Militar+http:\/\/www.ba.gov.br\/comunicacao\/noticias\/2025-04\/367963\/jeronimo-rodrigues-inaugura-deam-em-feira-de-santana-e-entrega-55-viaturas\" target=\"_blank\" rel=\"noreferrer noopener\"><\/a><a href=\"https:\/\/wa.me\/?text=http:\/\/www.ba.gov.br\/comunicacao\/noticias\/2025-04\/367963\/jeronimo-rodrigues-inaugura-deam-em-feira-de-santana-e-entrega-55-viaturas\" target=\"_blank\" rel=\"noreferrer noopener\"><\/a><a href=\"https:\/\/www.linkedin.com\/sharing\/share-offsite\/?url=http:\/\/www.ba.gov.br\/comunicacao\/noticias\/2025-04\/367963\/jeronimo-rodrigues-inaugura-deam-em-feira-de-santana-e-entrega-55-viaturas\" target=\"_blank\" rel=\"noreferrer noopener\"><\/a><a href=\"mailto:?subject=Governador%20inaugura%20DEAM%20em%20Feira%20de%20Santana%20e%20entrega%2055%20viaturas%20para%20a%20Pol%C3%ADcia%20Militar&amp;body=http:\/\/www.ba.gov.br\/comunicacao\/noticias\/2025-04\/367963\/jeronimo-rodrigues-inaugura-deam-em-feira-de-santana-e-entrega-55-viaturas\" target=\"_blank\" rel=\"noreferrer noopener\"><\/a><a href=\"https:\/\/www.ba.gov.br\/comunicacao\/noticias\/2025-04\/367963\/jeronimo-rodrigues-inaugura-deam-em-feira-de-santana-e-entrega-55-viaturas#\"><\/a><a href=\"javascript:window.print()\"><\/a><\/p>\n","protected":false},"excerpt":{"rendered":"<p>Nesta sexta-feira (25), em Feira de Santana, o governador Jer\u00f4nimo Rodrigues entregou viaturas para Pol\u00edcia Militar e inaugurou a nova sede da Delegacia Especial de Atendimento \u00e0 Mulher (DEAM), instalada no Complexo Policial Investigador Bandeira, no bairro Jomafa. Al\u00e9m disso, a Secretaria da Sa\u00fade (Sesab) entregou uma ambul\u00e2ncia para a cidade. O investimento total do [&hellip;]<\/p>\n","protected":false},"author":3,"featured_media":35672,"comment_status":"open","ping_status":"open","sticky":false,"template":"","format":"standard","meta":{"_monsterinsights_skip_tracking":false,"_monsterinsights_sitenote_active":false,"_monsterinsights_sitenote_note":"","_monsterinsights_sitenote_category":0,"footnotes":""},"categories":[34],"tags":[],"yoast_head":"<!-- This site is optimized with the Yoast SEO plugin v22.9 - https:\/\/yoast.com\/wordpress\/plugins\/seo\/ -->\n<title>Governador inaugura DEAM em Feira de Santana e entrega 55 viaturas para a Pol\u00edcia Militar - Portal MF<\/title>\n<meta name=\"robots\" content=\"index, follow, max-snippet:-1, max-image-preview:large, max-video-preview:-1\" \/>\n<link rel=\"canonical\" href=\"https:\/\/portalmf.com.br\/index.php\/2025\/04\/25\/governador-inaugura-deam-em-feira-de-santana-e-entrega-55-viaturas-para-a-policia-militar\/\" \/>\n<meta property=\"og:locale\" content=\"pt_BR\" \/>\n<meta property=\"og:type\" content=\"article\" \/>\n<meta property=\"og:title\" content=\"Governador inaugura DEAM em Feira de Santana e entrega 55 viaturas para a Pol\u00edcia Militar - Portal MF\" \/>\n<meta property=\"og:description\" content=\"Nesta sexta-feira (25), em Feira de Santana, o governador Jer\u00f4nimo Rodrigues entregou viaturas para Pol\u00edcia Militar e inaugurou a nova sede da Delegacia Especial de Atendimento \u00e0 Mulher (DEAM), instalada no Complexo Policial Investigador Bandeira, no bairro Jomafa. Al\u00e9m disso, a Secretaria da Sa\u00fade (Sesab) entregou uma ambul\u00e2ncia para a cidade. O investimento total do [&hellip;]\" \/>\n<meta property=\"og:url\" content=\"https:\/\/portalmf.com.br\/index.php\/2025\/04\/25\/governador-inaugura-deam-em-feira-de-santana-e-entrega-55-viaturas-para-a-policia-militar\/\" \/>\n<meta property=\"og:site_name\" content=\"Portal MF\" \/>\n<meta property=\"article:author\" content=\"https:\/\/www.facebook.com\/portalmfoficial\" \/>\n<meta property=\"article:published_time\" content=\"2025-04-25T22:49:29+00:00\" \/>\n<meta property=\"article:modified_time\" content=\"2025-04-25T22:49:31+00:00\" \/>\n<meta property=\"og:image\" content=\"https:\/\/portalmf.com.br\/wp-content\/uploads\/2025\/04\/Governador-inaugura-DEAM-em-Feira-de-Santana-e-entrega-55-viaturas-para-a-Policia-Militar-3.jpeg\" \/>\n\t<meta property=\"og:image:width\" content=\"1600\" \/>\n\t<meta property=\"og:image:height\" content=\"1064\" \/>\n\t<meta property=\"og:image:type\" content=\"image\/jpeg\" \/>\n<meta name=\"author\" content=\"Reda\u00e7\u00e3o Portal MF\" \/>\n<meta name=\"twitter:card\" content=\"summary_large_image\" \/>\n<meta name=\"twitter:creator\" content=\"@https:\/\/x.com\/portalmfoficial\" \/>\n<meta name=\"twitter:label1\" content=\"Escrito por\" \/>\n\t<meta name=\"twitter:data1\" content=\"Reda\u00e7\u00e3o Portal MF\" \/>\n\t<meta name=\"twitter:label2\" content=\"Est. tempo de leitura\" \/>\n\t<meta name=\"twitter:data2\" content=\"5 minutos\" \/>\n<script type=\"application\/ld+json\" class=\"yoast-schema-graph\">{\"@context\":\"https:\/\/schema.org\",\"@graph\":[{\"@type\":\"WebPage\",\"@id\":\"https:\/\/portalmf.com.br\/index.php\/2025\/04\/25\/governador-inaugura-deam-em-feira-de-santana-e-entrega-55-viaturas-para-a-policia-militar\/\",\"url\":\"https:\/\/portalmf.com.br\/index.php\/2025\/04\/25\/governador-inaugura-deam-em-feira-de-santana-e-entrega-55-viaturas-para-a-policia-militar\/\",\"name\":\"Governador inaugura DEAM em Feira de Santana e entrega 55 viaturas para a Pol\u00edcia Militar - Portal MF\",\"isPartOf\":{\"@id\":\"https:\/\/portalmf.com.br\/#website\"},\"primaryImageOfPage\":{\"@id\":\"https:\/\/portalmf.com.br\/index.php\/2025\/04\/25\/governador-inaugura-deam-em-feira-de-santana-e-entrega-55-viaturas-para-a-policia-militar\/#primaryimage\"},\"image\":{\"@id\":\"https:\/\/portalmf.com.br\/index.php\/2025\/04\/25\/governador-inaugura-deam-em-feira-de-santana-e-entrega-55-viaturas-para-a-policia-militar\/#primaryimage\"},\"thumbnailUrl\":\"https:\/\/portalmf.com.br\/wp-content\/uploads\/2025\/04\/Governador-inaugura-DEAM-em-Feira-de-Santana-e-entrega-55-viaturas-para-a-Policia-Militar-3.jpeg\",\"datePublished\":\"2025-04-25T22:49:29+00:00\",\"dateModified\":\"2025-04-25T22:49:31+00:00\",\"author\":{\"@id\":\"https:\/\/portalmf.com.br\/#\/schema\/person\/9ec101baf56233e53520c26de5d6f6f0\"},\"breadcrumb\":{\"@id\":\"https:\/\/portalmf.com.br\/index.php\/2025\/04\/25\/governador-inaugura-deam-em-feira-de-santana-e-entrega-55-viaturas-para-a-policia-militar\/#breadcrumb\"},\"inLanguage\":\"pt-BR\",\"potentialAction\":[{\"@type\":\"ReadAction\",\"target\":[\"https:\/\/portalmf.com.br\/index.php\/2025\/04\/25\/governador-inaugura-deam-em-feira-de-santana-e-entrega-55-viaturas-para-a-policia-militar\/\"]}]},{\"@type\":\"ImageObject\",\"inLanguage\":\"pt-BR\",\"@id\":\"https:\/\/portalmf.com.br\/index.php\/2025\/04\/25\/governador-inaugura-deam-em-feira-de-santana-e-entrega-55-viaturas-para-a-policia-militar\/#primaryimage\",\"url\":\"https:\/\/portalmf.com.br\/wp-content\/uploads\/2025\/04\/Governador-inaugura-DEAM-em-Feira-de-Santana-e-entrega-55-viaturas-para-a-Policia-Militar-3.jpeg\",\"contentUrl\":\"https:\/\/portalmf.com.br\/wp-content\/uploads\/2025\/04\/Governador-inaugura-DEAM-em-Feira-de-Santana-e-entrega-55-viaturas-para-a-Policia-Militar-3.jpeg\",\"width\":1600,\"height\":1064},{\"@type\":\"BreadcrumbList\",\"@id\":\"https:\/\/portalmf.com.br\/index.php\/2025\/04\/25\/governador-inaugura-deam-em-feira-de-santana-e-entrega-55-viaturas-para-a-policia-militar\/#breadcrumb\",\"itemListElement\":[{\"@type\":\"ListItem\",\"position\":1,\"name\":\"In\u00edcio\",\"item\":\"https:\/\/portalmf.com.br\/\"},{\"@type\":\"ListItem\",\"position\":2,\"name\":\"Governador inaugura DEAM em Feira de Santana e entrega 55 viaturas para a Pol\u00edcia Militar\"}]},{\"@type\":\"WebSite\",\"@id\":\"https:\/\/portalmf.com.br\/#website\",\"url\":\"https:\/\/portalmf.com.br\/\",\"name\":\"Portal MF\",\"description\":\"Voc\u00ea conectado com a informa\u00e7\u00e3o\",\"potentialAction\":[{\"@type\":\"SearchAction\",\"target\":{\"@type\":\"EntryPoint\",\"urlTemplate\":\"https:\/\/portalmf.com.br\/?s={search_term_string}\"},\"query-input\":\"required name=search_term_string\"}],\"inLanguage\":\"pt-BR\"},{\"@type\":\"Person\",\"@id\":\"https:\/\/portalmf.com.br\/#\/schema\/person\/9ec101baf56233e53520c26de5d6f6f0\",\"name\":\"Reda\u00e7\u00e3o Portal MF\",\"image\":{\"@type\":\"ImageObject\",\"inLanguage\":\"pt-BR\",\"@id\":\"https:\/\/portalmf.com.br\/#\/schema\/person\/image\/\",\"url\":\"https:\/\/secure.gravatar.com\/avatar\/41b9aaeb2100835f7c64362330f74c7f?s=96&d=mm&r=g\",\"contentUrl\":\"https:\/\/secure.gravatar.com\/avatar\/41b9aaeb2100835f7c64362330f74c7f?s=96&d=mm&r=g\",\"caption\":\"Reda\u00e7\u00e3o Portal MF\"},\"description\":\"Sejam bem-vindos o portal de informa\u00e7\u00f5es de entretenimento de Feira de Santana, desde 2006 realiza coberturas dos principais eventos com entrevistas exclusivas com as principais personalidades mundiais. Fique conectado tamb\u00e9m nas redes sociais.\",\"sameAs\":[\"http:\/\/www.portalmf.com.br\/\",\"https:\/\/www.facebook.com\/portalmfoficial\",\"https:\/\/www.instagram.com\/portalmf\/\",\"https:\/\/x.com\/https:\/\/x.com\/portalmfoficial\",\"https:\/\/www.youtube.com\/@portalmfoficial\"],\"url\":\"https:\/\/portalmf.com.br\/index.php\/author\/junior\/\"}]}<\/script>\n<!-- \/ Yoast SEO plugin. -->","yoast_head_json":{"title":"Governador inaugura DEAM em Feira de Santana e entrega 55 viaturas para a Pol\u00edcia Militar - Portal MF","robots":{"index":"index","follow":"follow","max-snippet":"max-snippet:-1","max-image-preview":"max-image-preview:large","max-video-preview":"max-video-preview:-1"},"canonical":"https:\/\/portalmf.com.br\/index.php\/2025\/04\/25\/governador-inaugura-deam-em-feira-de-santana-e-entrega-55-viaturas-para-a-policia-militar\/","og_locale":"pt_BR","og_type":"article","og_title":"Governador inaugura DEAM em Feira de Santana e entrega 55 viaturas para a Pol\u00edcia Militar - Portal MF","og_description":"Nesta sexta-feira (25), em Feira de Santana, o governador Jer\u00f4nimo Rodrigues entregou viaturas para Pol\u00edcia Militar e inaugurou a nova sede da Delegacia Especial de Atendimento \u00e0 Mulher (DEAM), instalada no Complexo Policial Investigador Bandeira, no bairro Jomafa. Al\u00e9m disso, a Secretaria da Sa\u00fade (Sesab) entregou uma ambul\u00e2ncia para a cidade. O investimento total do [&hellip;]","og_url":"https:\/\/portalmf.com.br\/index.php\/2025\/04\/25\/governador-inaugura-deam-em-feira-de-santana-e-entrega-55-viaturas-para-a-policia-militar\/","og_site_name":"Portal MF","article_author":"https:\/\/www.facebook.com\/portalmfoficial","article_published_time":"2025-04-25T22:49:29+00:00","article_modified_time":"2025-04-25T22:49:31+00:00","og_image":[{"width":1600,"height":1064,"url":"https:\/\/portalmf.com.br\/wp-content\/uploads\/2025\/04\/Governador-inaugura-DEAM-em-Feira-de-Santana-e-entrega-55-viaturas-para-a-Policia-Militar-3.jpeg","type":"image\/jpeg"}],"author":"Reda\u00e7\u00e3o Portal MF","twitter_card":"summary_large_image","twitter_creator":"@https:\/\/x.com\/portalmfoficial","twitter_misc":{"Escrito por":"Reda\u00e7\u00e3o Portal MF","Est. tempo de leitura":"5 minutos"},"schema":{"@context":"https:\/\/schema.org","@graph":[{"@type":"WebPage","@id":"https:\/\/portalmf.com.br\/index.php\/2025\/04\/25\/governador-inaugura-deam-em-feira-de-santana-e-entrega-55-viaturas-para-a-policia-militar\/","url":"https:\/\/portalmf.com.br\/index.php\/2025\/04\/25\/governador-inaugura-deam-em-feira-de-santana-e-entrega-55-viaturas-para-a-policia-militar\/","name":"Governador inaugura DEAM em Feira de Santana e entrega 55 viaturas para a Pol\u00edcia Militar - Portal MF","isPartOf":{"@id":"https:\/\/portalmf.com.br\/#website"},"primaryImageOfPage":{"@id":"https:\/\/portalmf.com.br\/index.php\/2025\/04\/25\/governador-inaugura-deam-em-feira-de-santana-e-entrega-55-viaturas-para-a-policia-militar\/#primaryimage"},"image":{"@id":"https:\/\/portalmf.com.br\/index.php\/2025\/04\/25\/governador-inaugura-deam-em-feira-de-santana-e-entrega-55-viaturas-para-a-policia-militar\/#primaryimage"},"thumbnailUrl":"https:\/\/portalmf.com.br\/wp-content\/uploads\/2025\/04\/Governador-inaugura-DEAM-em-Feira-de-Santana-e-entrega-55-viaturas-para-a-Policia-Militar-3.jpeg","datePublished":"2025-04-25T22:49:29+00:00","dateModified":"2025-04-25T22:49:31+00:00","author":{"@id":"https:\/\/portalmf.com.br\/#\/schema\/person\/9ec101baf56233e53520c26de5d6f6f0"},"breadcrumb":{"@id":"https:\/\/portalmf.com.br\/index.php\/2025\/04\/25\/governador-inaugura-deam-em-feira-de-santana-e-entrega-55-viaturas-para-a-policia-militar\/#breadcrumb"},"inLanguage":"pt-BR","potentialAction":[{"@type":"ReadAction","target":["https:\/\/portalmf.com.br\/index.php\/2025\/04\/25\/governador-inaugura-deam-em-feira-de-santana-e-entrega-55-viaturas-para-a-policia-militar\/"]}]},{"@type":"ImageObject","inLanguage":"pt-BR","@id":"https:\/\/portalmf.com.br\/index.php\/2025\/04\/25\/governador-inaugura-deam-em-feira-de-santana-e-entrega-55-viaturas-para-a-policia-militar\/#primaryimage","url":"https:\/\/portalmf.com.br\/wp-content\/uploads\/2025\/04\/Governador-inaugura-DEAM-em-Feira-de-Santana-e-entrega-55-viaturas-para-a-Policia-Militar-3.jpeg","contentUrl":"https:\/\/portalmf.com.br\/wp-content\/uploads\/2025\/04\/Governador-inaugura-DEAM-em-Feira-de-Santana-e-entrega-55-viaturas-para-a-Policia-Militar-3.jpeg","width":1600,"height":1064},{"@type":"BreadcrumbList","@id":"https:\/\/portalmf.com.br\/index.php\/2025\/04\/25\/governador-inaugura-deam-em-feira-de-santana-e-entrega-55-viaturas-para-a-policia-militar\/#breadcrumb","itemListElement":[{"@type":"ListItem","position":1,"name":"In\u00edcio","item":"https:\/\/portalmf.com.br\/"},{"@type":"ListItem","position":2,"name":"Governador inaugura DEAM em Feira de Santana e entrega 55 viaturas para a Pol\u00edcia Militar"}]},{"@type":"WebSite","@id":"https:\/\/portalmf.com.br\/#website","url":"https:\/\/portalmf.com.br\/","name":"Portal MF","description":"Voc\u00ea conectado com a informa\u00e7\u00e3o","potentialAction":[{"@type":"SearchAction","target":{"@type":"EntryPoint","urlTemplate":"https:\/\/portalmf.com.br\/?s={search_term_string}"},"query-input":"required name=search_term_string"}],"inLanguage":"pt-BR"},{"@type":"Person","@id":"https:\/\/portalmf.com.br\/#\/schema\/person\/9ec101baf56233e53520c26de5d6f6f0","name":"Reda\u00e7\u00e3o Portal MF","image":{"@type":"ImageObject","inLanguage":"pt-BR","@id":"https:\/\/portalmf.com.br\/#\/schema\/person\/image\/","url":"https:\/\/secure.gravatar.com\/avatar\/41b9aaeb2100835f7c64362330f74c7f?s=96&d=mm&r=g","contentUrl":"https:\/\/secure.gravatar.com\/avatar\/41b9aaeb2100835f7c64362330f74c7f?s=96&d=mm&r=g","caption":"Reda\u00e7\u00e3o Portal MF"},"description":"Sejam bem-vindos o portal de informa\u00e7\u00f5es de entretenimento de Feira de Santana, desde 2006 realiza coberturas dos principais eventos com entrevistas exclusivas com as principais personalidades mundiais. Fique conectado tamb\u00e9m nas redes sociais.","sameAs":["http:\/\/www.portalmf.com.br\/","https:\/\/www.facebook.com\/portalmfoficial","https:\/\/www.instagram.com\/portalmf\/","https:\/\/x.com\/https:\/\/x.com\/portalmfoficial","https:\/\/www.youtube.com\/@portalmfoficial"],"url":"https:\/\/portalmf.com.br\/index.php\/author\/junior\/"}]}},"_links":{"self":[{"href":"https:\/\/portalmf.com.br\/index.php\/wp-json\/wp\/v2\/posts\/35670"}],"collection":[{"href":"https:\/\/portalmf.com.br\/index.php\/wp-json\/wp\/v2\/posts"}],"about":[{"href":"https:\/\/portalmf.com.br\/index.php\/wp-json\/wp\/v2\/types\/post"}],"author":[{"embeddable":true,"href":"https:\/\/portalmf.com.br\/index.php\/wp-json\/wp\/v2\/users\/3"}],"replies":[{"embeddable":true,"href":"https:\/\/portalmf.com.br\/index.php\/wp-json\/wp\/v2\/comments?post=35670"}],"version-history":[{"count":1,"href":"https:\/\/portalmf.com.br\/index.php\/wp-json\/wp\/v2\/posts\/35670\/revisions"}],"predecessor-version":[{"id":35675,"href":"https:\/\/portalmf.com.br\/index.php\/wp-json\/wp\/v2\/posts\/35670\/revisions\/35675"}],"wp:featuredmedia":[{"embeddable":true,"href":"https:\/\/portalmf.com.br\/index.php\/wp-json\/wp\/v2\/media\/35672"}],"wp:attachment":[{"href":"https:\/\/portalmf.com.br\/index.php\/wp-json\/wp\/v2\/media?parent=35670"}],"wp:term":[{"taxonomy":"category","embeddable":true,"href":"https:\/\/portalmf.com.br\/index.php\/wp-json\/wp\/v2\/categories?post=35670"},{"taxonomy":"post_tag","embeddable":true,"href":"https:\/\/portalmf.com.br\/index.php\/wp-json\/wp\/v2\/tags?post=35670"}],"curies":[{"name":"wp","href":"https:\/\/api.w.org\/{rel}","templated":true}]}}