{"id":35600,"date":"2025-04-21T16:19:47","date_gmt":"2025-04-21T19:19:47","guid":{"rendered":"https:\/\/portalmf.com.br\/?p=35600"},"modified":"2025-04-21T16:19:48","modified_gmt":"2025-04-21T19:19:48","slug":"roberto-kuelho-agita-feriado-com-show-no-shopping-millenium-na-fraga-maia","status":"publish","type":"post","link":"https:\/\/portalmf.com.br\/index.php\/2025\/04\/21\/roberto-kuelho-agita-feriado-com-show-no-shopping-millenium-na-fraga-maia\/","title":{"rendered":"Roberto Kuelho agita feriado com show no Shopping Millenium na Fraga Maia"},"content":{"rendered":"\n<p>Nesta segunda-feira (21), feriado de Tiradentes, o cantor e compositor Roberto Kuelho d\u00e1 in\u00edcio \u00e0 programa\u00e7\u00e3o do Dia Mundial da Criatividade (World Creativity Day) em Feira de Santana. A apresenta\u00e7\u00e3o acontece na Feira da Economia Solid\u00e1ria &amp; Criativa, no Shopping Millennium \u2013 Fraga Maia, e integra uma s\u00e9rie de atividades gratuitas que seguem at\u00e9 o dia 23 de abril.<\/p>\n\n\n\n<p>O evento re\u00fane mais de 50 a\u00e7\u00f5es voltadas \u00e0 arte, inova\u00e7\u00e3o e conex\u00f5es criativas, com performances, workshops, pain\u00e9is, palestras e encontros no interior da Bahia. A programa\u00e7\u00e3o completa est\u00e1 dispon\u00edvel no perfil @feiramaiscriativa e no site oficial do evento.<\/p>\n\n\n\n<p>No palco, Kuelho apresenta o show \u201cCantando e Contando\u201d, um espet\u00e1culo que mistura m\u00fasica e hist\u00f3rias de bastidores, revelando o processo criativo por tr\u00e1s de suas can\u00e7\u00f5es, perrengues da vida de artista e situa\u00e7\u00f5es inusitadas da estrada. No repert\u00f3rio, o p\u00fablico vai dan\u00e7ar ao som do novo single \u201cMovimento Expressivo\u201d e relembrar sucessos dos \u00e1lbuns Abra\u00e7o Coletivo e Sense Bulir.<\/p>\n\n\n\n<p>Com mais de 20 anos de trajet\u00f3ria, o artista \u00e9 reconhecido por seu estilo \u201cpop com dend\u00ea\u201d, que mistura ritmos latinos \u00e0 m\u00fasica baiana. Suas composi\u00e7\u00f5es j\u00e1 foram gravadas por nomes como Saia Rodada, \u00c9 o Tchan, Psirico e Harmonia do Samba.<\/p>\n\n\n\n<p>Em tr\u00eas dias de atividades, Feira de Santana se transforma em territ\u00f3rio f\u00e9rtil para ideias que brotam da cultura local e florescem em forma de arte, dan\u00e7a e criatividade.<\/p>\n\n\n\n<p>A apresenta\u00e7\u00e3o faz parte do movimento global que celebra a criatividade como ferramenta para transforma\u00e7\u00e3o social, econ\u00f4mica e cultural.<\/p>\n","protected":false},"excerpt":{"rendered":"<p>Nesta segunda-feira (21), feriado de Tiradentes, o cantor e compositor Roberto Kuelho d\u00e1 in\u00edcio \u00e0 programa\u00e7\u00e3o do Dia Mundial da Criatividade (World Creativity Day) em Feira de Santana. A apresenta\u00e7\u00e3o acontece na Feira da Economia Solid\u00e1ria &amp; Criativa, no Shopping Millennium \u2013 Fraga Maia, e integra uma s\u00e9rie de atividades gratuitas que seguem at\u00e9 o [&hellip;]<\/p>\n","protected":false},"author":3,"featured_media":35601,"comment_status":"open","ping_status":"open","sticky":false,"template":"","format":"standard","meta":{"_monsterinsights_skip_tracking":false,"_monsterinsights_sitenote_active":false,"_monsterinsights_sitenote_note":"","_monsterinsights_sitenote_category":0,"footnotes":""},"categories":[45],"tags":[],"yoast_head":"<!-- This site is optimized with the Yoast SEO plugin v22.9 - https:\/\/yoast.com\/wordpress\/plugins\/seo\/ -->\n<title>Roberto Kuelho agita feriado com show no Shopping Millenium na Fraga Maia - Portal MF<\/title>\n<meta name=\"robots\" content=\"index, follow, max-snippet:-1, max-image-preview:large, max-video-preview:-1\" \/>\n<link rel=\"canonical\" href=\"https:\/\/portalmf.com.br\/index.php\/2025\/04\/21\/roberto-kuelho-agita-feriado-com-show-no-shopping-millenium-na-fraga-maia\/\" \/>\n<meta property=\"og:locale\" content=\"pt_BR\" \/>\n<meta property=\"og:type\" content=\"article\" \/>\n<meta property=\"og:title\" content=\"Roberto Kuelho agita feriado com show no Shopping Millenium na Fraga Maia - Portal MF\" \/>\n<meta property=\"og:description\" content=\"Nesta segunda-feira (21), feriado de Tiradentes, o cantor e compositor Roberto Kuelho d\u00e1 in\u00edcio \u00e0 programa\u00e7\u00e3o do Dia Mundial da Criatividade (World Creativity Day) em Feira de Santana. A apresenta\u00e7\u00e3o acontece na Feira da Economia Solid\u00e1ria &amp; Criativa, no Shopping Millennium \u2013 Fraga Maia, e integra uma s\u00e9rie de atividades gratuitas que seguem at\u00e9 o [&hellip;]\" \/>\n<meta property=\"og:url\" content=\"https:\/\/portalmf.com.br\/index.php\/2025\/04\/21\/roberto-kuelho-agita-feriado-com-show-no-shopping-millenium-na-fraga-maia\/\" \/>\n<meta property=\"og:site_name\" content=\"Portal MF\" \/>\n<meta property=\"article:author\" content=\"https:\/\/www.facebook.com\/portalmfoficial\" \/>\n<meta property=\"article:published_time\" content=\"2025-04-21T19:19:47+00:00\" \/>\n<meta property=\"article:modified_time\" content=\"2025-04-21T19:19:48+00:00\" \/>\n<meta property=\"og:image\" content=\"https:\/\/portalmf.com.br\/wp-content\/uploads\/2025\/04\/IMG-20250421-WA0083.jpg\" \/>\n\t<meta property=\"og:image:width\" content=\"1600\" \/>\n\t<meta property=\"og:image:height\" content=\"1141\" \/>\n\t<meta property=\"og:image:type\" content=\"image\/jpeg\" \/>\n<meta name=\"author\" content=\"Reda\u00e7\u00e3o Portal MF\" \/>\n<meta name=\"twitter:card\" content=\"summary_large_image\" \/>\n<meta name=\"twitter:creator\" content=\"@https:\/\/x.com\/portalmfoficial\" \/>\n<meta name=\"twitter:label1\" content=\"Escrito por\" \/>\n\t<meta name=\"twitter:data1\" content=\"Reda\u00e7\u00e3o Portal MF\" \/>\n\t<meta name=\"twitter:label2\" content=\"Est. tempo de leitura\" \/>\n\t<meta name=\"twitter:data2\" content=\"2 minutos\" \/>\n<script type=\"application\/ld+json\" class=\"yoast-schema-graph\">{\"@context\":\"https:\/\/schema.org\",\"@graph\":[{\"@type\":\"WebPage\",\"@id\":\"https:\/\/portalmf.com.br\/index.php\/2025\/04\/21\/roberto-kuelho-agita-feriado-com-show-no-shopping-millenium-na-fraga-maia\/\",\"url\":\"https:\/\/portalmf.com.br\/index.php\/2025\/04\/21\/roberto-kuelho-agita-feriado-com-show-no-shopping-millenium-na-fraga-maia\/\",\"name\":\"Roberto Kuelho agita feriado com show no Shopping Millenium na Fraga Maia - Portal MF\",\"isPartOf\":{\"@id\":\"https:\/\/portalmf.com.br\/#website\"},\"primaryImageOfPage\":{\"@id\":\"https:\/\/portalmf.com.br\/index.php\/2025\/04\/21\/roberto-kuelho-agita-feriado-com-show-no-shopping-millenium-na-fraga-maia\/#primaryimage\"},\"image\":{\"@id\":\"https:\/\/portalmf.com.br\/index.php\/2025\/04\/21\/roberto-kuelho-agita-feriado-com-show-no-shopping-millenium-na-fraga-maia\/#primaryimage\"},\"thumbnailUrl\":\"https:\/\/portalmf.com.br\/wp-content\/uploads\/2025\/04\/IMG-20250421-WA0083.jpg\",\"datePublished\":\"2025-04-21T19:19:47+00:00\",\"dateModified\":\"2025-04-21T19:19:48+00:00\",\"author\":{\"@id\":\"https:\/\/portalmf.com.br\/#\/schema\/person\/9ec101baf56233e53520c26de5d6f6f0\"},\"breadcrumb\":{\"@id\":\"https:\/\/portalmf.com.br\/index.php\/2025\/04\/21\/roberto-kuelho-agita-feriado-com-show-no-shopping-millenium-na-fraga-maia\/#breadcrumb\"},\"inLanguage\":\"pt-BR\",\"potentialAction\":[{\"@type\":\"ReadAction\",\"target\":[\"https:\/\/portalmf.com.br\/index.php\/2025\/04\/21\/roberto-kuelho-agita-feriado-com-show-no-shopping-millenium-na-fraga-maia\/\"]}]},{\"@type\":\"ImageObject\",\"inLanguage\":\"pt-BR\",\"@id\":\"https:\/\/portalmf.com.br\/index.php\/2025\/04\/21\/roberto-kuelho-agita-feriado-com-show-no-shopping-millenium-na-fraga-maia\/#primaryimage\",\"url\":\"https:\/\/portalmf.com.br\/wp-content\/uploads\/2025\/04\/IMG-20250421-WA0083.jpg\",\"contentUrl\":\"https:\/\/portalmf.com.br\/wp-content\/uploads\/2025\/04\/IMG-20250421-WA0083.jpg\",\"width\":1600,\"height\":1141},{\"@type\":\"BreadcrumbList\",\"@id\":\"https:\/\/portalmf.com.br\/index.php\/2025\/04\/21\/roberto-kuelho-agita-feriado-com-show-no-shopping-millenium-na-fraga-maia\/#breadcrumb\",\"itemListElement\":[{\"@type\":\"ListItem\",\"position\":1,\"name\":\"In\u00edcio\",\"item\":\"https:\/\/portalmf.com.br\/\"},{\"@type\":\"ListItem\",\"position\":2,\"name\":\"Roberto Kuelho agita feriado com show no Shopping Millenium na Fraga Maia\"}]},{\"@type\":\"WebSite\",\"@id\":\"https:\/\/portalmf.com.br\/#website\",\"url\":\"https:\/\/portalmf.com.br\/\",\"name\":\"Portal MF\",\"description\":\"Voc\u00ea conectado com a informa\u00e7\u00e3o\",\"potentialAction\":[{\"@type\":\"SearchAction\",\"target\":{\"@type\":\"EntryPoint\",\"urlTemplate\":\"https:\/\/portalmf.com.br\/?s={search_term_string}\"},\"query-input\":\"required name=search_term_string\"}],\"inLanguage\":\"pt-BR\"},{\"@type\":\"Person\",\"@id\":\"https:\/\/portalmf.com.br\/#\/schema\/person\/9ec101baf56233e53520c26de5d6f6f0\",\"name\":\"Reda\u00e7\u00e3o Portal MF\",\"image\":{\"@type\":\"ImageObject\",\"inLanguage\":\"pt-BR\",\"@id\":\"https:\/\/portalmf.com.br\/#\/schema\/person\/image\/\",\"url\":\"https:\/\/secure.gravatar.com\/avatar\/41b9aaeb2100835f7c64362330f74c7f?s=96&d=mm&r=g\",\"contentUrl\":\"https:\/\/secure.gravatar.com\/avatar\/41b9aaeb2100835f7c64362330f74c7f?s=96&d=mm&r=g\",\"caption\":\"Reda\u00e7\u00e3o Portal MF\"},\"description\":\"Sejam bem-vindos o portal de informa\u00e7\u00f5es de entretenimento de Feira de Santana, desde 2006 realiza coberturas dos principais eventos com entrevistas exclusivas com as principais personalidades mundiais. Fique conectado tamb\u00e9m nas redes sociais.\",\"sameAs\":[\"http:\/\/www.portalmf.com.br\/\",\"https:\/\/www.facebook.com\/portalmfoficial\",\"https:\/\/www.instagram.com\/portalmf\/\",\"https:\/\/x.com\/https:\/\/x.com\/portalmfoficial\",\"https:\/\/www.youtube.com\/@portalmfoficial\"],\"url\":\"https:\/\/portalmf.com.br\/index.php\/author\/junior\/\"}]}<\/script>\n<!-- \/ Yoast SEO plugin. -->","yoast_head_json":{"title":"Roberto Kuelho agita feriado com show no Shopping Millenium na Fraga Maia - Portal MF","robots":{"index":"index","follow":"follow","max-snippet":"max-snippet:-1","max-image-preview":"max-image-preview:large","max-video-preview":"max-video-preview:-1"},"canonical":"https:\/\/portalmf.com.br\/index.php\/2025\/04\/21\/roberto-kuelho-agita-feriado-com-show-no-shopping-millenium-na-fraga-maia\/","og_locale":"pt_BR","og_type":"article","og_title":"Roberto Kuelho agita feriado com show no Shopping Millenium na Fraga Maia - Portal MF","og_description":"Nesta segunda-feira (21), feriado de Tiradentes, o cantor e compositor Roberto Kuelho d\u00e1 in\u00edcio \u00e0 programa\u00e7\u00e3o do Dia Mundial da Criatividade (World Creativity Day) em Feira de Santana. A apresenta\u00e7\u00e3o acontece na Feira da Economia Solid\u00e1ria &amp; Criativa, no Shopping Millennium \u2013 Fraga Maia, e integra uma s\u00e9rie de atividades gratuitas que seguem at\u00e9 o [&hellip;]","og_url":"https:\/\/portalmf.com.br\/index.php\/2025\/04\/21\/roberto-kuelho-agita-feriado-com-show-no-shopping-millenium-na-fraga-maia\/","og_site_name":"Portal MF","article_author":"https:\/\/www.facebook.com\/portalmfoficial","article_published_time":"2025-04-21T19:19:47+00:00","article_modified_time":"2025-04-21T19:19:48+00:00","og_image":[{"width":1600,"height":1141,"url":"https:\/\/portalmf.com.br\/wp-content\/uploads\/2025\/04\/IMG-20250421-WA0083.jpg","type":"image\/jpeg"}],"author":"Reda\u00e7\u00e3o Portal MF","twitter_card":"summary_large_image","twitter_creator":"@https:\/\/x.com\/portalmfoficial","twitter_misc":{"Escrito por":"Reda\u00e7\u00e3o Portal MF","Est. tempo de leitura":"2 minutos"},"schema":{"@context":"https:\/\/schema.org","@graph":[{"@type":"WebPage","@id":"https:\/\/portalmf.com.br\/index.php\/2025\/04\/21\/roberto-kuelho-agita-feriado-com-show-no-shopping-millenium-na-fraga-maia\/","url":"https:\/\/portalmf.com.br\/index.php\/2025\/04\/21\/roberto-kuelho-agita-feriado-com-show-no-shopping-millenium-na-fraga-maia\/","name":"Roberto Kuelho agita feriado com show no Shopping Millenium na Fraga Maia - Portal MF","isPartOf":{"@id":"https:\/\/portalmf.com.br\/#website"},"primaryImageOfPage":{"@id":"https:\/\/portalmf.com.br\/index.php\/2025\/04\/21\/roberto-kuelho-agita-feriado-com-show-no-shopping-millenium-na-fraga-maia\/#primaryimage"},"image":{"@id":"https:\/\/portalmf.com.br\/index.php\/2025\/04\/21\/roberto-kuelho-agita-feriado-com-show-no-shopping-millenium-na-fraga-maia\/#primaryimage"},"thumbnailUrl":"https:\/\/portalmf.com.br\/wp-content\/uploads\/2025\/04\/IMG-20250421-WA0083.jpg","datePublished":"2025-04-21T19:19:47+00:00","dateModified":"2025-04-21T19:19:48+00:00","author":{"@id":"https:\/\/portalmf.com.br\/#\/schema\/person\/9ec101baf56233e53520c26de5d6f6f0"},"breadcrumb":{"@id":"https:\/\/portalmf.com.br\/index.php\/2025\/04\/21\/roberto-kuelho-agita-feriado-com-show-no-shopping-millenium-na-fraga-maia\/#breadcrumb"},"inLanguage":"pt-BR","potentialAction":[{"@type":"ReadAction","target":["https:\/\/portalmf.com.br\/index.php\/2025\/04\/21\/roberto-kuelho-agita-feriado-com-show-no-shopping-millenium-na-fraga-maia\/"]}]},{"@type":"ImageObject","inLanguage":"pt-BR","@id":"https:\/\/portalmf.com.br\/index.php\/2025\/04\/21\/roberto-kuelho-agita-feriado-com-show-no-shopping-millenium-na-fraga-maia\/#primaryimage","url":"https:\/\/portalmf.com.br\/wp-content\/uploads\/2025\/04\/IMG-20250421-WA0083.jpg","contentUrl":"https:\/\/portalmf.com.br\/wp-content\/uploads\/2025\/04\/IMG-20250421-WA0083.jpg","width":1600,"height":1141},{"@type":"BreadcrumbList","@id":"https:\/\/portalmf.com.br\/index.php\/2025\/04\/21\/roberto-kuelho-agita-feriado-com-show-no-shopping-millenium-na-fraga-maia\/#breadcrumb","itemListElement":[{"@type":"ListItem","position":1,"name":"In\u00edcio","item":"https:\/\/portalmf.com.br\/"},{"@type":"ListItem","position":2,"name":"Roberto Kuelho agita feriado com show no Shopping Millenium na Fraga Maia"}]},{"@type":"WebSite","@id":"https:\/\/portalmf.com.br\/#website","url":"https:\/\/portalmf.com.br\/","name":"Portal MF","description":"Voc\u00ea conectado com a informa\u00e7\u00e3o","potentialAction":[{"@type":"SearchAction","target":{"@type":"EntryPoint","urlTemplate":"https:\/\/portalmf.com.br\/?s={search_term_string}"},"query-input":"required name=search_term_string"}],"inLanguage":"pt-BR"},{"@type":"Person","@id":"https:\/\/portalmf.com.br\/#\/schema\/person\/9ec101baf56233e53520c26de5d6f6f0","name":"Reda\u00e7\u00e3o Portal MF","image":{"@type":"ImageObject","inLanguage":"pt-BR","@id":"https:\/\/portalmf.com.br\/#\/schema\/person\/image\/","url":"https:\/\/secure.gravatar.com\/avatar\/41b9aaeb2100835f7c64362330f74c7f?s=96&d=mm&r=g","contentUrl":"https:\/\/secure.gravatar.com\/avatar\/41b9aaeb2100835f7c64362330f74c7f?s=96&d=mm&r=g","caption":"Reda\u00e7\u00e3o Portal MF"},"description":"Sejam bem-vindos o portal de informa\u00e7\u00f5es de entretenimento de Feira de Santana, desde 2006 realiza coberturas dos principais eventos com entrevistas exclusivas com as principais personalidades mundiais. Fique conectado tamb\u00e9m nas redes sociais.","sameAs":["http:\/\/www.portalmf.com.br\/","https:\/\/www.facebook.com\/portalmfoficial","https:\/\/www.instagram.com\/portalmf\/","https:\/\/x.com\/https:\/\/x.com\/portalmfoficial","https:\/\/www.youtube.com\/@portalmfoficial"],"url":"https:\/\/portalmf.com.br\/index.php\/author\/junior\/"}]}},"_links":{"self":[{"href":"https:\/\/portalmf.com.br\/index.php\/wp-json\/wp\/v2\/posts\/35600"}],"collection":[{"href":"https:\/\/portalmf.com.br\/index.php\/wp-json\/wp\/v2\/posts"}],"about":[{"href":"https:\/\/portalmf.com.br\/index.php\/wp-json\/wp\/v2\/types\/post"}],"author":[{"embeddable":true,"href":"https:\/\/portalmf.com.br\/index.php\/wp-json\/wp\/v2\/users\/3"}],"replies":[{"embeddable":true,"href":"https:\/\/portalmf.com.br\/index.php\/wp-json\/wp\/v2\/comments?post=35600"}],"version-history":[{"count":1,"href":"https:\/\/portalmf.com.br\/index.php\/wp-json\/wp\/v2\/posts\/35600\/revisions"}],"predecessor-version":[{"id":35602,"href":"https:\/\/portalmf.com.br\/index.php\/wp-json\/wp\/v2\/posts\/35600\/revisions\/35602"}],"wp:featuredmedia":[{"embeddable":true,"href":"https:\/\/portalmf.com.br\/index.php\/wp-json\/wp\/v2\/media\/35601"}],"wp:attachment":[{"href":"https:\/\/portalmf.com.br\/index.php\/wp-json\/wp\/v2\/media?parent=35600"}],"wp:term":[{"taxonomy":"category","embeddable":true,"href":"https:\/\/portalmf.com.br\/index.php\/wp-json\/wp\/v2\/categories?post=35600"},{"taxonomy":"post_tag","embeddable":true,"href":"https:\/\/portalmf.com.br\/index.php\/wp-json\/wp\/v2\/tags?post=35600"}],"curies":[{"name":"wp","href":"https:\/\/api.w.org\/{rel}","templated":true}]}}