{"id":3560,"date":"2022-08-24T17:47:09","date_gmt":"2022-08-24T20:47:09","guid":{"rendered":"http:\/\/portalmf.com.br\/?p=3560"},"modified":"2022-08-25T17:30:20","modified_gmt":"2022-08-25T20:30:20","slug":"ludmilla-lanca-insonia-musica-em-parceria-com-marilia-mendonca","status":"publish","type":"post","link":"https:\/\/portalmf.com.br\/index.php\/2022\/08\/24\/ludmilla-lanca-insonia-musica-em-parceria-com-marilia-mendonca\/","title":{"rendered":"Ludmilla lan\u00e7a &#8216;Ins\u00f4nia&#8217;, m\u00fasica em parceria com Mar\u00edlia Mendon\u00e7a"},"content":{"rendered":"\n<p>Depois de anunciar o lan\u00e7amento e adiar dias depois, Ludmilla divulgou a faixa &#8220;Ins\u00f4nia&#8221;, parceria com a cantora Mar\u00edlia Mendon\u00e7a.<\/p>\n\n\n\n<p>A m\u00fasica foi lan\u00e7ada junto com todo o \u00e1lbum &#8220;Numanice 2&#8221; na noite desta ter\u00e7a-feira (23).<\/p>\n\n\n\n<p>&#8220;Ins\u00f4nia&#8221; \u00e9 um pagode composto em parceria de Ludmilla com Jefferson Junior e Umberto Tavares. A grava\u00e7\u00e3o aconteceu junto com o registro de todo \u00e1lbum, em julho de 2021, no Museu do Amanh\u00e3, no Rio de Janeiro.<\/p>\n\n\n\n<p>A faixa era uma dos feats gravados por Mar\u00edlia e que seguiam sem lan\u00e7amento ap\u00f3s a morte precoce da cantora sertaneja, em novembro de 2021.<\/p>\n\n\n\n<p>Ludmilla havia anunciado o lan\u00e7amento da can\u00e7\u00e3o, que \u00e9 um pagode, no mesmo dia em que a equipe de Mar\u00edlia lan\u00e7ou o primeiro EP do projeto p\u00f3stumo &#8220;Decretos Reais&#8221;. Mas no in\u00edcio agosto, anunciou que o lan\u00e7amento passaria a acontecer no final do m\u00eas, junto com todo o projeto &#8220;Numanice 2&#8221;.<\/p>\n\n\n\n<p>&#8220;Em respeito \u00e0 mem\u00f3ria da Mar\u00edlia Mendon\u00e7a e todo o trabalho que est\u00e1 sendo feito pela equipe maravilhosa dela, em torno do EP &#8216;Decretos Reais&#8217;, vamos adiar o lan\u00e7amento de &#8216;Ins\u00f4nia'&#8221;, escreveu Ludmilla na \u00e9poca.<\/p>\n\n\n\n<figure class=\"wp-block-embed is-type-video is-provider-youtube wp-block-embed-youtube wp-embed-aspect-16-9 wp-has-aspect-ratio\"><div class=\"wp-block-embed__wrapper\">\n<iframe title=\"Ludmilla e Mar\u00edlia Mendon\u00e7a - Ins\u00f4nia | Numanice #2 Ao Vivo\" width=\"696\" height=\"392\" src=\"https:\/\/www.youtube.com\/embed\/NpRT4arxb_Y?feature=oembed\" frameborder=\"0\" allow=\"accelerometer; autoplay; clipboard-write; encrypted-media; gyroscope; picture-in-picture; web-share\" allowfullscreen><\/iframe>\n<\/div><\/figure>\n\n\n\n<p>Com informa\u00e7\u00f5es do G1<\/p>\n","protected":false},"excerpt":{"rendered":"<p>Depois de anunciar o lan\u00e7amento e adiar dias depois, Ludmilla divulgou a faixa &#8220;Ins\u00f4nia&#8221;, parceria com a cantora Mar\u00edlia Mendon\u00e7a. A m\u00fasica foi lan\u00e7ada junto com todo o \u00e1lbum &#8220;Numanice 2&#8221; na noite desta ter\u00e7a-feira (23). &#8220;Ins\u00f4nia&#8221; \u00e9 um pagode composto em parceria de Ludmilla com Jefferson Junior e Umberto Tavares. A grava\u00e7\u00e3o aconteceu junto [&hellip;]<\/p>\n","protected":false},"author":2,"featured_media":3561,"comment_status":"open","ping_status":"open","sticky":false,"template":"","format":"standard","meta":{"_monsterinsights_skip_tracking":false,"_monsterinsights_sitenote_active":false,"_monsterinsights_sitenote_note":"","_monsterinsights_sitenote_category":0,"footnotes":""},"categories":[48,36],"tags":[],"yoast_head":"<!-- This site is optimized with the Yoast SEO plugin v22.9 - https:\/\/yoast.com\/wordpress\/plugins\/seo\/ -->\n<title>Ludmilla lan\u00e7a &#039;Ins\u00f4nia&#039;, m\u00fasica em parceria com Mar\u00edlia Mendon\u00e7a - Portal MF<\/title>\n<meta name=\"robots\" content=\"index, follow, max-snippet:-1, max-image-preview:large, max-video-preview:-1\" \/>\n<link rel=\"canonical\" href=\"https:\/\/portalmf.com.br\/index.php\/2022\/08\/24\/ludmilla-lanca-insonia-musica-em-parceria-com-marilia-mendonca\/\" \/>\n<meta property=\"og:locale\" content=\"pt_BR\" \/>\n<meta property=\"og:type\" content=\"article\" \/>\n<meta property=\"og:title\" content=\"Ludmilla lan\u00e7a &#039;Ins\u00f4nia&#039;, m\u00fasica em parceria com Mar\u00edlia Mendon\u00e7a - Portal MF\" \/>\n<meta property=\"og:description\" content=\"Depois de anunciar o lan\u00e7amento e adiar dias depois, Ludmilla divulgou a faixa &#8220;Ins\u00f4nia&#8221;, parceria com a cantora Mar\u00edlia Mendon\u00e7a. A m\u00fasica foi lan\u00e7ada junto com todo o \u00e1lbum &#8220;Numanice 2&#8221; na noite desta ter\u00e7a-feira (23). &#8220;Ins\u00f4nia&#8221; \u00e9 um pagode composto em parceria de Ludmilla com Jefferson Junior e Umberto Tavares. A grava\u00e7\u00e3o aconteceu junto [&hellip;]\" \/>\n<meta property=\"og:url\" content=\"https:\/\/portalmf.com.br\/index.php\/2022\/08\/24\/ludmilla-lanca-insonia-musica-em-parceria-com-marilia-mendonca\/\" \/>\n<meta property=\"og:site_name\" content=\"Portal MF\" \/>\n<meta property=\"article:author\" content=\"reginaldojrfsa\" \/>\n<meta property=\"article:published_time\" content=\"2022-08-24T20:47:09+00:00\" \/>\n<meta property=\"article:modified_time\" content=\"2022-08-25T20:30:20+00:00\" \/>\n<meta property=\"og:image\" content=\"https:\/\/portalmf.com.br\/wp-content\/uploads\/2022\/08\/ludmilla-e-marilia-medonca.jpg\" \/>\n\t<meta property=\"og:image:width\" content=\"984\" \/>\n\t<meta property=\"og:image:height\" content=\"656\" \/>\n\t<meta property=\"og:image:type\" content=\"image\/jpeg\" \/>\n<meta name=\"author\" content=\"Reginaldo J\u00fanior\" \/>\n<meta name=\"twitter:card\" content=\"summary_large_image\" \/>\n<meta name=\"twitter:creator\" content=\"@reginaldojrmf\" \/>\n<meta name=\"twitter:label1\" content=\"Escrito por\" \/>\n\t<meta name=\"twitter:data1\" content=\"Reginaldo J\u00fanior\" \/>\n\t<meta name=\"twitter:label2\" content=\"Est. tempo de leitura\" \/>\n\t<meta name=\"twitter:data2\" content=\"2 minutos\" \/>\n<script type=\"application\/ld+json\" class=\"yoast-schema-graph\">{\"@context\":\"https:\/\/schema.org\",\"@graph\":[{\"@type\":\"WebPage\",\"@id\":\"https:\/\/portalmf.com.br\/index.php\/2022\/08\/24\/ludmilla-lanca-insonia-musica-em-parceria-com-marilia-mendonca\/\",\"url\":\"https:\/\/portalmf.com.br\/index.php\/2022\/08\/24\/ludmilla-lanca-insonia-musica-em-parceria-com-marilia-mendonca\/\",\"name\":\"Ludmilla lan\u00e7a 'Ins\u00f4nia', m\u00fasica em parceria com Mar\u00edlia Mendon\u00e7a - Portal MF\",\"isPartOf\":{\"@id\":\"https:\/\/portalmf.com.br\/#website\"},\"primaryImageOfPage\":{\"@id\":\"https:\/\/portalmf.com.br\/index.php\/2022\/08\/24\/ludmilla-lanca-insonia-musica-em-parceria-com-marilia-mendonca\/#primaryimage\"},\"image\":{\"@id\":\"https:\/\/portalmf.com.br\/index.php\/2022\/08\/24\/ludmilla-lanca-insonia-musica-em-parceria-com-marilia-mendonca\/#primaryimage\"},\"thumbnailUrl\":\"https:\/\/portalmf.com.br\/wp-content\/uploads\/2022\/08\/ludmilla-e-marilia-medonca.jpg\",\"datePublished\":\"2022-08-24T20:47:09+00:00\",\"dateModified\":\"2022-08-25T20:30:20+00:00\",\"author\":{\"@id\":\"https:\/\/portalmf.com.br\/#\/schema\/person\/11c82086fe8abc05a19147e964587285\"},\"breadcrumb\":{\"@id\":\"https:\/\/portalmf.com.br\/index.php\/2022\/08\/24\/ludmilla-lanca-insonia-musica-em-parceria-com-marilia-mendonca\/#breadcrumb\"},\"inLanguage\":\"pt-BR\",\"potentialAction\":[{\"@type\":\"ReadAction\",\"target\":[\"https:\/\/portalmf.com.br\/index.php\/2022\/08\/24\/ludmilla-lanca-insonia-musica-em-parceria-com-marilia-mendonca\/\"]}]},{\"@type\":\"ImageObject\",\"inLanguage\":\"pt-BR\",\"@id\":\"https:\/\/portalmf.com.br\/index.php\/2022\/08\/24\/ludmilla-lanca-insonia-musica-em-parceria-com-marilia-mendonca\/#primaryimage\",\"url\":\"https:\/\/portalmf.com.br\/wp-content\/uploads\/2022\/08\/ludmilla-e-marilia-medonca.jpg\",\"contentUrl\":\"https:\/\/portalmf.com.br\/wp-content\/uploads\/2022\/08\/ludmilla-e-marilia-medonca.jpg\",\"width\":984,\"height\":656},{\"@type\":\"BreadcrumbList\",\"@id\":\"https:\/\/portalmf.com.br\/index.php\/2022\/08\/24\/ludmilla-lanca-insonia-musica-em-parceria-com-marilia-mendonca\/#breadcrumb\",\"itemListElement\":[{\"@type\":\"ListItem\",\"position\":1,\"name\":\"In\u00edcio\",\"item\":\"https:\/\/portalmf.com.br\/\"},{\"@type\":\"ListItem\",\"position\":2,\"name\":\"Ludmilla lan\u00e7a &#8216;Ins\u00f4nia&#8217;, m\u00fasica em parceria com Mar\u00edlia Mendon\u00e7a\"}]},{\"@type\":\"WebSite\",\"@id\":\"https:\/\/portalmf.com.br\/#website\",\"url\":\"https:\/\/portalmf.com.br\/\",\"name\":\"Portal MF\",\"description\":\"Voc\u00ea conectado com a informa\u00e7\u00e3o\",\"potentialAction\":[{\"@type\":\"SearchAction\",\"target\":{\"@type\":\"EntryPoint\",\"urlTemplate\":\"https:\/\/portalmf.com.br\/?s={search_term_string}\"},\"query-input\":\"required name=search_term_string\"}],\"inLanguage\":\"pt-BR\"},{\"@type\":\"Person\",\"@id\":\"https:\/\/portalmf.com.br\/#\/schema\/person\/11c82086fe8abc05a19147e964587285\",\"name\":\"Reginaldo J\u00fanior\",\"image\":{\"@type\":\"ImageObject\",\"inLanguage\":\"pt-BR\",\"@id\":\"https:\/\/portalmf.com.br\/#\/schema\/person\/image\/\",\"url\":\"https:\/\/secure.gravatar.com\/avatar\/32a3c797cd0ac47cc53b8644c62776f9?s=96&d=mm&r=g\",\"contentUrl\":\"https:\/\/secure.gravatar.com\/avatar\/32a3c797cd0ac47cc53b8644c62776f9?s=96&d=mm&r=g\",\"caption\":\"Reginaldo J\u00fanior\"},\"description\":\"Jornalista e idealizador Portal MF\",\"sameAs\":[\"https:\/\/portalmf.com.br\/index.php\/author\/reginaldojr\/\",\"reginaldojrfsa\",\"reginaldojuniormf\",\"https:\/\/x.com\/reginaldojrmf\"],\"url\":\"https:\/\/portalmf.com.br\/index.php\/author\/reginaldojr\/\"}]}<\/script>\n<!-- \/ Yoast SEO plugin. -->","yoast_head_json":{"title":"Ludmilla lan\u00e7a 'Ins\u00f4nia', m\u00fasica em parceria com Mar\u00edlia Mendon\u00e7a - Portal MF","robots":{"index":"index","follow":"follow","max-snippet":"max-snippet:-1","max-image-preview":"max-image-preview:large","max-video-preview":"max-video-preview:-1"},"canonical":"https:\/\/portalmf.com.br\/index.php\/2022\/08\/24\/ludmilla-lanca-insonia-musica-em-parceria-com-marilia-mendonca\/","og_locale":"pt_BR","og_type":"article","og_title":"Ludmilla lan\u00e7a 'Ins\u00f4nia', m\u00fasica em parceria com Mar\u00edlia Mendon\u00e7a - Portal MF","og_description":"Depois de anunciar o lan\u00e7amento e adiar dias depois, Ludmilla divulgou a faixa &#8220;Ins\u00f4nia&#8221;, parceria com a cantora Mar\u00edlia Mendon\u00e7a. A m\u00fasica foi lan\u00e7ada junto com todo o \u00e1lbum &#8220;Numanice 2&#8221; na noite desta ter\u00e7a-feira (23). &#8220;Ins\u00f4nia&#8221; \u00e9 um pagode composto em parceria de Ludmilla com Jefferson Junior e Umberto Tavares. A grava\u00e7\u00e3o aconteceu junto [&hellip;]","og_url":"https:\/\/portalmf.com.br\/index.php\/2022\/08\/24\/ludmilla-lanca-insonia-musica-em-parceria-com-marilia-mendonca\/","og_site_name":"Portal MF","article_author":"reginaldojrfsa","article_published_time":"2022-08-24T20:47:09+00:00","article_modified_time":"2022-08-25T20:30:20+00:00","og_image":[{"width":984,"height":656,"url":"https:\/\/portalmf.com.br\/wp-content\/uploads\/2022\/08\/ludmilla-e-marilia-medonca.jpg","type":"image\/jpeg"}],"author":"Reginaldo J\u00fanior","twitter_card":"summary_large_image","twitter_creator":"@reginaldojrmf","twitter_misc":{"Escrito por":"Reginaldo J\u00fanior","Est. tempo de leitura":"2 minutos"},"schema":{"@context":"https:\/\/schema.org","@graph":[{"@type":"WebPage","@id":"https:\/\/portalmf.com.br\/index.php\/2022\/08\/24\/ludmilla-lanca-insonia-musica-em-parceria-com-marilia-mendonca\/","url":"https:\/\/portalmf.com.br\/index.php\/2022\/08\/24\/ludmilla-lanca-insonia-musica-em-parceria-com-marilia-mendonca\/","name":"Ludmilla lan\u00e7a 'Ins\u00f4nia', m\u00fasica em parceria com Mar\u00edlia Mendon\u00e7a - Portal MF","isPartOf":{"@id":"https:\/\/portalmf.com.br\/#website"},"primaryImageOfPage":{"@id":"https:\/\/portalmf.com.br\/index.php\/2022\/08\/24\/ludmilla-lanca-insonia-musica-em-parceria-com-marilia-mendonca\/#primaryimage"},"image":{"@id":"https:\/\/portalmf.com.br\/index.php\/2022\/08\/24\/ludmilla-lanca-insonia-musica-em-parceria-com-marilia-mendonca\/#primaryimage"},"thumbnailUrl":"https:\/\/portalmf.com.br\/wp-content\/uploads\/2022\/08\/ludmilla-e-marilia-medonca.jpg","datePublished":"2022-08-24T20:47:09+00:00","dateModified":"2022-08-25T20:30:20+00:00","author":{"@id":"https:\/\/portalmf.com.br\/#\/schema\/person\/11c82086fe8abc05a19147e964587285"},"breadcrumb":{"@id":"https:\/\/portalmf.com.br\/index.php\/2022\/08\/24\/ludmilla-lanca-insonia-musica-em-parceria-com-marilia-mendonca\/#breadcrumb"},"inLanguage":"pt-BR","potentialAction":[{"@type":"ReadAction","target":["https:\/\/portalmf.com.br\/index.php\/2022\/08\/24\/ludmilla-lanca-insonia-musica-em-parceria-com-marilia-mendonca\/"]}]},{"@type":"ImageObject","inLanguage":"pt-BR","@id":"https:\/\/portalmf.com.br\/index.php\/2022\/08\/24\/ludmilla-lanca-insonia-musica-em-parceria-com-marilia-mendonca\/#primaryimage","url":"https:\/\/portalmf.com.br\/wp-content\/uploads\/2022\/08\/ludmilla-e-marilia-medonca.jpg","contentUrl":"https:\/\/portalmf.com.br\/wp-content\/uploads\/2022\/08\/ludmilla-e-marilia-medonca.jpg","width":984,"height":656},{"@type":"BreadcrumbList","@id":"https:\/\/portalmf.com.br\/index.php\/2022\/08\/24\/ludmilla-lanca-insonia-musica-em-parceria-com-marilia-mendonca\/#breadcrumb","itemListElement":[{"@type":"ListItem","position":1,"name":"In\u00edcio","item":"https:\/\/portalmf.com.br\/"},{"@type":"ListItem","position":2,"name":"Ludmilla lan\u00e7a &#8216;Ins\u00f4nia&#8217;, m\u00fasica em parceria com Mar\u00edlia Mendon\u00e7a"}]},{"@type":"WebSite","@id":"https:\/\/portalmf.com.br\/#website","url":"https:\/\/portalmf.com.br\/","name":"Portal MF","description":"Voc\u00ea conectado com a informa\u00e7\u00e3o","potentialAction":[{"@type":"SearchAction","target":{"@type":"EntryPoint","urlTemplate":"https:\/\/portalmf.com.br\/?s={search_term_string}"},"query-input":"required name=search_term_string"}],"inLanguage":"pt-BR"},{"@type":"Person","@id":"https:\/\/portalmf.com.br\/#\/schema\/person\/11c82086fe8abc05a19147e964587285","name":"Reginaldo J\u00fanior","image":{"@type":"ImageObject","inLanguage":"pt-BR","@id":"https:\/\/portalmf.com.br\/#\/schema\/person\/image\/","url":"https:\/\/secure.gravatar.com\/avatar\/32a3c797cd0ac47cc53b8644c62776f9?s=96&d=mm&r=g","contentUrl":"https:\/\/secure.gravatar.com\/avatar\/32a3c797cd0ac47cc53b8644c62776f9?s=96&d=mm&r=g","caption":"Reginaldo J\u00fanior"},"description":"Jornalista e idealizador Portal MF","sameAs":["https:\/\/portalmf.com.br\/index.php\/author\/reginaldojr\/","reginaldojrfsa","reginaldojuniormf","https:\/\/x.com\/reginaldojrmf"],"url":"https:\/\/portalmf.com.br\/index.php\/author\/reginaldojr\/"}]}},"_links":{"self":[{"href":"https:\/\/portalmf.com.br\/index.php\/wp-json\/wp\/v2\/posts\/3560"}],"collection":[{"href":"https:\/\/portalmf.com.br\/index.php\/wp-json\/wp\/v2\/posts"}],"about":[{"href":"https:\/\/portalmf.com.br\/index.php\/wp-json\/wp\/v2\/types\/post"}],"author":[{"embeddable":true,"href":"https:\/\/portalmf.com.br\/index.php\/wp-json\/wp\/v2\/users\/2"}],"replies":[{"embeddable":true,"href":"https:\/\/portalmf.com.br\/index.php\/wp-json\/wp\/v2\/comments?post=3560"}],"version-history":[{"count":1,"href":"https:\/\/portalmf.com.br\/index.php\/wp-json\/wp\/v2\/posts\/3560\/revisions"}],"predecessor-version":[{"id":3562,"href":"https:\/\/portalmf.com.br\/index.php\/wp-json\/wp\/v2\/posts\/3560\/revisions\/3562"}],"wp:featuredmedia":[{"embeddable":true,"href":"https:\/\/portalmf.com.br\/index.php\/wp-json\/wp\/v2\/media\/3561"}],"wp:attachment":[{"href":"https:\/\/portalmf.com.br\/index.php\/wp-json\/wp\/v2\/media?parent=3560"}],"wp:term":[{"taxonomy":"category","embeddable":true,"href":"https:\/\/portalmf.com.br\/index.php\/wp-json\/wp\/v2\/categories?post=3560"},{"taxonomy":"post_tag","embeddable":true,"href":"https:\/\/portalmf.com.br\/index.php\/wp-json\/wp\/v2\/tags?post=3560"}],"curies":[{"name":"wp","href":"https:\/\/api.w.org\/{rel}","templated":true}]}}