{"id":35521,"date":"2025-04-15T12:21:08","date_gmt":"2025-04-15T15:21:08","guid":{"rendered":"https:\/\/portalmf.com.br\/?p=35521"},"modified":"2025-04-15T12:21:10","modified_gmt":"2025-04-15T15:21:10","slug":"numero-de-jovens-e-adultos-que-voltaram-a-frequentar-a-sala-de-aula-aumenta-8-na-bahia","status":"publish","type":"post","link":"https:\/\/portalmf.com.br\/index.php\/2025\/04\/15\/numero-de-jovens-e-adultos-que-voltaram-a-frequentar-a-sala-de-aula-aumenta-8-na-bahia\/","title":{"rendered":"N\u00famero de jovens e adultos que voltaram a frequentar a sala de aula aumenta 8% na Bahia"},"content":{"rendered":"\n<p>A rede estadual de ensino da Bahia \u00e9 a segunda maior do pa\u00eds em n\u00famero de jovens, adultos e idosos frequentando a sala de aula, ficando \u00e0 frente de Minas Gerais e atr\u00e1s, apenas, de S\u00e3o Paulo, que registrou 132.538 estudantes. Os dados do Censo Escolar 2024, divulgados pelo Minist\u00e9rio da Educa\u00e7\u00e3o, revelaram que, em 2023, haviam 119.542 baianos matriculados nessa modalidade e, em 2024, o n\u00famero subiu para 129.741.<\/p>\n\n\n\n<p>A secret\u00e1ria da Educa\u00e7\u00e3o do Estado, Rowenna Brito, avalia que o crescimento de aproximadamente 8% nesta oferta educacional \u00e9 resultado do trabalho de busca ativa por estudantes, acompanhamento, forma\u00e7\u00e3o de professores e programas de perman\u00eancia. <\/p>\n\n\n\n<p><em>\u201cN\u00e3o basta apenas ofertar a vaga, mas sim criar condi\u00e7\u00f5es para que essas pessoas que n\u00e3o estudaram na idade adequada, por quest\u00f5es sociais diversas, possam voltar e dar continuidade aos seus estudos. Por isso, fizemos um chamamento e estamos investindo na perman\u00eancia delas, com a oferta de alimenta\u00e7\u00e3o escolar nutritiva e de qualidade, na contrata\u00e7\u00e3o de professores capacitados, na melhoria da infraestrutura, em programas de apoio financeiro, como o Bolsa Presen\u00e7a, alinhado ao programa federal P\u00e9-de-Meia e, ainda, ofertamos cursos t\u00e9cnicos profissionais\u201d,<\/em> destacou.<\/p>\n\n\n\n<p>Presente em todos os 27 territ\u00f3rios de identidade baianos, a EJA \u00e9 ofertada pela SEC em escolas estaduais e, tamb\u00e9m, nas unidades prisionais e comunidades de atendimento socioeducativo, em parceria com a Secretaria de Administra\u00e7\u00e3o Penitenci\u00e1ria (Seap) e a Funda\u00e7\u00e3o da Crian\u00e7a e do Adolescente (FUNDAC). Ela se diferencia do ensino regular por permitir que o Ensino M\u00e9dio seja conclu\u00eddo em dois anos, sendo necess\u00e1rio ter idade m\u00ednima de 18 anos para cursar. J\u00e1 a idade m\u00ednima para cursar o Ensino Fundamental nesta modalidade \u00e9 a partir de 15 anos. Na avalia\u00e7\u00e3o \u00e9 realizado o acompanhamento de percurso, que utiliza conceitos e n\u00e3o notas, cuja concep\u00e7\u00e3o \u00e9 baseada no tempo humano com o curr\u00edculo fundamentado em eixos tem\u00e1ticos e temas geradores.<\/p>\n\n\n\n<p>Em 2024, a modalidade de ensino ganhou destaque nas agendas dos governos federal e estadual, com o lan\u00e7amento do Pacto pela Supera\u00e7\u00e3o do Analfabetismo e Qualifica\u00e7\u00e3o da EJA. Al\u00e9m disso, o Governo do Estado investiu cerca de R$ 70 milh\u00f5es para aquisi\u00e7\u00e3o de livros did\u00e1ticos para a rede, uma vez que o programa do Plano Nacional do Livro Did\u00e1tico (PNLD) \u2013 EJA\/MEC contempla apenas o Ensino Fundamental e a maior oferta da rede estadual \u00e9 de Ensino M\u00e9dio. O Estado tamb\u00e9m direciona recursos para a forma\u00e7\u00e3o de educadores e a\u00e7\u00f5es de eleva\u00e7\u00e3o da escolaridade, como a aplica\u00e7\u00e3o gratuita dos exames pela Comiss\u00e3o Permanente de Avalia\u00e7\u00e3o (CPA).<\/p>\n","protected":false},"excerpt":{"rendered":"<p>A rede estadual de ensino da Bahia \u00e9 a segunda maior do pa\u00eds em n\u00famero de jovens, adultos e idosos frequentando a sala de aula, ficando \u00e0 frente de Minas Gerais e atr\u00e1s, apenas, de S\u00e3o Paulo, que registrou 132.538 estudantes. Os dados do Censo Escolar 2024, divulgados pelo Minist\u00e9rio da Educa\u00e7\u00e3o, revelaram que, em [&hellip;]<\/p>\n","protected":false},"author":3,"featured_media":35522,"comment_status":"open","ping_status":"open","sticky":false,"template":"","format":"standard","meta":{"_monsterinsights_skip_tracking":false,"_monsterinsights_sitenote_active":false,"_monsterinsights_sitenote_note":"","_monsterinsights_sitenote_category":0,"footnotes":""},"categories":[34],"tags":[],"yoast_head":"<!-- This site is optimized with the Yoast SEO plugin v22.9 - https:\/\/yoast.com\/wordpress\/plugins\/seo\/ -->\n<title>N\u00famero de jovens e adultos que voltaram a frequentar a sala de aula aumenta 8% na Bahia - Portal MF<\/title>\n<meta name=\"robots\" content=\"index, follow, max-snippet:-1, max-image-preview:large, max-video-preview:-1\" \/>\n<link rel=\"canonical\" href=\"https:\/\/portalmf.com.br\/index.php\/2025\/04\/15\/numero-de-jovens-e-adultos-que-voltaram-a-frequentar-a-sala-de-aula-aumenta-8-na-bahia\/\" \/>\n<meta property=\"og:locale\" content=\"pt_BR\" \/>\n<meta property=\"og:type\" content=\"article\" \/>\n<meta property=\"og:title\" content=\"N\u00famero de jovens e adultos que voltaram a frequentar a sala de aula aumenta 8% na Bahia - Portal MF\" \/>\n<meta property=\"og:description\" content=\"A rede estadual de ensino da Bahia \u00e9 a segunda maior do pa\u00eds em n\u00famero de jovens, adultos e idosos frequentando a sala de aula, ficando \u00e0 frente de Minas Gerais e atr\u00e1s, apenas, de S\u00e3o Paulo, que registrou 132.538 estudantes. Os dados do Censo Escolar 2024, divulgados pelo Minist\u00e9rio da Educa\u00e7\u00e3o, revelaram que, em [&hellip;]\" \/>\n<meta property=\"og:url\" content=\"https:\/\/portalmf.com.br\/index.php\/2025\/04\/15\/numero-de-jovens-e-adultos-que-voltaram-a-frequentar-a-sala-de-aula-aumenta-8-na-bahia\/\" \/>\n<meta property=\"og:site_name\" content=\"Portal MF\" \/>\n<meta property=\"article:author\" content=\"https:\/\/www.facebook.com\/portalmfoficial\" \/>\n<meta property=\"article:published_time\" content=\"2025-04-15T15:21:08+00:00\" \/>\n<meta property=\"article:modified_time\" content=\"2025-04-15T15:21:10+00:00\" \/>\n<meta property=\"og:image\" content=\"https:\/\/portalmf.com.br\/wp-content\/uploads\/2025\/04\/Numero-de-jovens-e-adultos-que-voltaram-a-frequentar-a-sala-de-aula-aumenta-8-na-Bahia.jpg\" \/>\n\t<meta property=\"og:image:width\" content=\"1280\" \/>\n\t<meta property=\"og:image:height\" content=\"853\" \/>\n\t<meta property=\"og:image:type\" content=\"image\/jpeg\" \/>\n<meta name=\"author\" content=\"Reda\u00e7\u00e3o Portal MF\" \/>\n<meta name=\"twitter:card\" content=\"summary_large_image\" \/>\n<meta name=\"twitter:creator\" content=\"@https:\/\/x.com\/portalmfoficial\" \/>\n<meta name=\"twitter:label1\" content=\"Escrito por\" \/>\n\t<meta name=\"twitter:data1\" content=\"Reda\u00e7\u00e3o Portal MF\" \/>\n\t<meta name=\"twitter:label2\" content=\"Est. tempo de leitura\" \/>\n\t<meta name=\"twitter:data2\" content=\"3 minutos\" \/>\n<script type=\"application\/ld+json\" class=\"yoast-schema-graph\">{\"@context\":\"https:\/\/schema.org\",\"@graph\":[{\"@type\":\"WebPage\",\"@id\":\"https:\/\/portalmf.com.br\/index.php\/2025\/04\/15\/numero-de-jovens-e-adultos-que-voltaram-a-frequentar-a-sala-de-aula-aumenta-8-na-bahia\/\",\"url\":\"https:\/\/portalmf.com.br\/index.php\/2025\/04\/15\/numero-de-jovens-e-adultos-que-voltaram-a-frequentar-a-sala-de-aula-aumenta-8-na-bahia\/\",\"name\":\"N\u00famero de jovens e adultos que voltaram a frequentar a sala de aula aumenta 8% na Bahia - Portal MF\",\"isPartOf\":{\"@id\":\"https:\/\/portalmf.com.br\/#website\"},\"primaryImageOfPage\":{\"@id\":\"https:\/\/portalmf.com.br\/index.php\/2025\/04\/15\/numero-de-jovens-e-adultos-que-voltaram-a-frequentar-a-sala-de-aula-aumenta-8-na-bahia\/#primaryimage\"},\"image\":{\"@id\":\"https:\/\/portalmf.com.br\/index.php\/2025\/04\/15\/numero-de-jovens-e-adultos-que-voltaram-a-frequentar-a-sala-de-aula-aumenta-8-na-bahia\/#primaryimage\"},\"thumbnailUrl\":\"https:\/\/portalmf.com.br\/wp-content\/uploads\/2025\/04\/Numero-de-jovens-e-adultos-que-voltaram-a-frequentar-a-sala-de-aula-aumenta-8-na-Bahia.jpg\",\"datePublished\":\"2025-04-15T15:21:08+00:00\",\"dateModified\":\"2025-04-15T15:21:10+00:00\",\"author\":{\"@id\":\"https:\/\/portalmf.com.br\/#\/schema\/person\/9ec101baf56233e53520c26de5d6f6f0\"},\"breadcrumb\":{\"@id\":\"https:\/\/portalmf.com.br\/index.php\/2025\/04\/15\/numero-de-jovens-e-adultos-que-voltaram-a-frequentar-a-sala-de-aula-aumenta-8-na-bahia\/#breadcrumb\"},\"inLanguage\":\"pt-BR\",\"potentialAction\":[{\"@type\":\"ReadAction\",\"target\":[\"https:\/\/portalmf.com.br\/index.php\/2025\/04\/15\/numero-de-jovens-e-adultos-que-voltaram-a-frequentar-a-sala-de-aula-aumenta-8-na-bahia\/\"]}]},{\"@type\":\"ImageObject\",\"inLanguage\":\"pt-BR\",\"@id\":\"https:\/\/portalmf.com.br\/index.php\/2025\/04\/15\/numero-de-jovens-e-adultos-que-voltaram-a-frequentar-a-sala-de-aula-aumenta-8-na-bahia\/#primaryimage\",\"url\":\"https:\/\/portalmf.com.br\/wp-content\/uploads\/2025\/04\/Numero-de-jovens-e-adultos-que-voltaram-a-frequentar-a-sala-de-aula-aumenta-8-na-Bahia.jpg\",\"contentUrl\":\"https:\/\/portalmf.com.br\/wp-content\/uploads\/2025\/04\/Numero-de-jovens-e-adultos-que-voltaram-a-frequentar-a-sala-de-aula-aumenta-8-na-Bahia.jpg\",\"width\":1280,\"height\":853},{\"@type\":\"BreadcrumbList\",\"@id\":\"https:\/\/portalmf.com.br\/index.php\/2025\/04\/15\/numero-de-jovens-e-adultos-que-voltaram-a-frequentar-a-sala-de-aula-aumenta-8-na-bahia\/#breadcrumb\",\"itemListElement\":[{\"@type\":\"ListItem\",\"position\":1,\"name\":\"In\u00edcio\",\"item\":\"https:\/\/portalmf.com.br\/\"},{\"@type\":\"ListItem\",\"position\":2,\"name\":\"N\u00famero de jovens e adultos que voltaram a frequentar a sala de aula aumenta 8% na Bahia\"}]},{\"@type\":\"WebSite\",\"@id\":\"https:\/\/portalmf.com.br\/#website\",\"url\":\"https:\/\/portalmf.com.br\/\",\"name\":\"Portal MF\",\"description\":\"Voc\u00ea conectado com a informa\u00e7\u00e3o\",\"potentialAction\":[{\"@type\":\"SearchAction\",\"target\":{\"@type\":\"EntryPoint\",\"urlTemplate\":\"https:\/\/portalmf.com.br\/?s={search_term_string}\"},\"query-input\":\"required name=search_term_string\"}],\"inLanguage\":\"pt-BR\"},{\"@type\":\"Person\",\"@id\":\"https:\/\/portalmf.com.br\/#\/schema\/person\/9ec101baf56233e53520c26de5d6f6f0\",\"name\":\"Reda\u00e7\u00e3o Portal MF\",\"image\":{\"@type\":\"ImageObject\",\"inLanguage\":\"pt-BR\",\"@id\":\"https:\/\/portalmf.com.br\/#\/schema\/person\/image\/\",\"url\":\"https:\/\/secure.gravatar.com\/avatar\/41b9aaeb2100835f7c64362330f74c7f?s=96&d=mm&r=g\",\"contentUrl\":\"https:\/\/secure.gravatar.com\/avatar\/41b9aaeb2100835f7c64362330f74c7f?s=96&d=mm&r=g\",\"caption\":\"Reda\u00e7\u00e3o Portal MF\"},\"description\":\"Sejam bem-vindos o portal de informa\u00e7\u00f5es de entretenimento de Feira de Santana, desde 2006 realiza coberturas dos principais eventos com entrevistas exclusivas com as principais personalidades mundiais. Fique conectado tamb\u00e9m nas redes sociais.\",\"sameAs\":[\"http:\/\/www.portalmf.com.br\/\",\"https:\/\/www.facebook.com\/portalmfoficial\",\"https:\/\/www.instagram.com\/portalmf\/\",\"https:\/\/x.com\/https:\/\/x.com\/portalmfoficial\",\"https:\/\/www.youtube.com\/@portalmfoficial\"],\"url\":\"https:\/\/portalmf.com.br\/index.php\/author\/junior\/\"}]}<\/script>\n<!-- \/ Yoast SEO plugin. -->","yoast_head_json":{"title":"N\u00famero de jovens e adultos que voltaram a frequentar a sala de aula aumenta 8% na Bahia - Portal MF","robots":{"index":"index","follow":"follow","max-snippet":"max-snippet:-1","max-image-preview":"max-image-preview:large","max-video-preview":"max-video-preview:-1"},"canonical":"https:\/\/portalmf.com.br\/index.php\/2025\/04\/15\/numero-de-jovens-e-adultos-que-voltaram-a-frequentar-a-sala-de-aula-aumenta-8-na-bahia\/","og_locale":"pt_BR","og_type":"article","og_title":"N\u00famero de jovens e adultos que voltaram a frequentar a sala de aula aumenta 8% na Bahia - Portal MF","og_description":"A rede estadual de ensino da Bahia \u00e9 a segunda maior do pa\u00eds em n\u00famero de jovens, adultos e idosos frequentando a sala de aula, ficando \u00e0 frente de Minas Gerais e atr\u00e1s, apenas, de S\u00e3o Paulo, que registrou 132.538 estudantes. Os dados do Censo Escolar 2024, divulgados pelo Minist\u00e9rio da Educa\u00e7\u00e3o, revelaram que, em [&hellip;]","og_url":"https:\/\/portalmf.com.br\/index.php\/2025\/04\/15\/numero-de-jovens-e-adultos-que-voltaram-a-frequentar-a-sala-de-aula-aumenta-8-na-bahia\/","og_site_name":"Portal MF","article_author":"https:\/\/www.facebook.com\/portalmfoficial","article_published_time":"2025-04-15T15:21:08+00:00","article_modified_time":"2025-04-15T15:21:10+00:00","og_image":[{"width":1280,"height":853,"url":"https:\/\/portalmf.com.br\/wp-content\/uploads\/2025\/04\/Numero-de-jovens-e-adultos-que-voltaram-a-frequentar-a-sala-de-aula-aumenta-8-na-Bahia.jpg","type":"image\/jpeg"}],"author":"Reda\u00e7\u00e3o Portal MF","twitter_card":"summary_large_image","twitter_creator":"@https:\/\/x.com\/portalmfoficial","twitter_misc":{"Escrito por":"Reda\u00e7\u00e3o Portal MF","Est. tempo de leitura":"3 minutos"},"schema":{"@context":"https:\/\/schema.org","@graph":[{"@type":"WebPage","@id":"https:\/\/portalmf.com.br\/index.php\/2025\/04\/15\/numero-de-jovens-e-adultos-que-voltaram-a-frequentar-a-sala-de-aula-aumenta-8-na-bahia\/","url":"https:\/\/portalmf.com.br\/index.php\/2025\/04\/15\/numero-de-jovens-e-adultos-que-voltaram-a-frequentar-a-sala-de-aula-aumenta-8-na-bahia\/","name":"N\u00famero de jovens e adultos que voltaram a frequentar a sala de aula aumenta 8% na Bahia - Portal MF","isPartOf":{"@id":"https:\/\/portalmf.com.br\/#website"},"primaryImageOfPage":{"@id":"https:\/\/portalmf.com.br\/index.php\/2025\/04\/15\/numero-de-jovens-e-adultos-que-voltaram-a-frequentar-a-sala-de-aula-aumenta-8-na-bahia\/#primaryimage"},"image":{"@id":"https:\/\/portalmf.com.br\/index.php\/2025\/04\/15\/numero-de-jovens-e-adultos-que-voltaram-a-frequentar-a-sala-de-aula-aumenta-8-na-bahia\/#primaryimage"},"thumbnailUrl":"https:\/\/portalmf.com.br\/wp-content\/uploads\/2025\/04\/Numero-de-jovens-e-adultos-que-voltaram-a-frequentar-a-sala-de-aula-aumenta-8-na-Bahia.jpg","datePublished":"2025-04-15T15:21:08+00:00","dateModified":"2025-04-15T15:21:10+00:00","author":{"@id":"https:\/\/portalmf.com.br\/#\/schema\/person\/9ec101baf56233e53520c26de5d6f6f0"},"breadcrumb":{"@id":"https:\/\/portalmf.com.br\/index.php\/2025\/04\/15\/numero-de-jovens-e-adultos-que-voltaram-a-frequentar-a-sala-de-aula-aumenta-8-na-bahia\/#breadcrumb"},"inLanguage":"pt-BR","potentialAction":[{"@type":"ReadAction","target":["https:\/\/portalmf.com.br\/index.php\/2025\/04\/15\/numero-de-jovens-e-adultos-que-voltaram-a-frequentar-a-sala-de-aula-aumenta-8-na-bahia\/"]}]},{"@type":"ImageObject","inLanguage":"pt-BR","@id":"https:\/\/portalmf.com.br\/index.php\/2025\/04\/15\/numero-de-jovens-e-adultos-que-voltaram-a-frequentar-a-sala-de-aula-aumenta-8-na-bahia\/#primaryimage","url":"https:\/\/portalmf.com.br\/wp-content\/uploads\/2025\/04\/Numero-de-jovens-e-adultos-que-voltaram-a-frequentar-a-sala-de-aula-aumenta-8-na-Bahia.jpg","contentUrl":"https:\/\/portalmf.com.br\/wp-content\/uploads\/2025\/04\/Numero-de-jovens-e-adultos-que-voltaram-a-frequentar-a-sala-de-aula-aumenta-8-na-Bahia.jpg","width":1280,"height":853},{"@type":"BreadcrumbList","@id":"https:\/\/portalmf.com.br\/index.php\/2025\/04\/15\/numero-de-jovens-e-adultos-que-voltaram-a-frequentar-a-sala-de-aula-aumenta-8-na-bahia\/#breadcrumb","itemListElement":[{"@type":"ListItem","position":1,"name":"In\u00edcio","item":"https:\/\/portalmf.com.br\/"},{"@type":"ListItem","position":2,"name":"N\u00famero de jovens e adultos que voltaram a frequentar a sala de aula aumenta 8% na Bahia"}]},{"@type":"WebSite","@id":"https:\/\/portalmf.com.br\/#website","url":"https:\/\/portalmf.com.br\/","name":"Portal MF","description":"Voc\u00ea conectado com a informa\u00e7\u00e3o","potentialAction":[{"@type":"SearchAction","target":{"@type":"EntryPoint","urlTemplate":"https:\/\/portalmf.com.br\/?s={search_term_string}"},"query-input":"required name=search_term_string"}],"inLanguage":"pt-BR"},{"@type":"Person","@id":"https:\/\/portalmf.com.br\/#\/schema\/person\/9ec101baf56233e53520c26de5d6f6f0","name":"Reda\u00e7\u00e3o Portal MF","image":{"@type":"ImageObject","inLanguage":"pt-BR","@id":"https:\/\/portalmf.com.br\/#\/schema\/person\/image\/","url":"https:\/\/secure.gravatar.com\/avatar\/41b9aaeb2100835f7c64362330f74c7f?s=96&d=mm&r=g","contentUrl":"https:\/\/secure.gravatar.com\/avatar\/41b9aaeb2100835f7c64362330f74c7f?s=96&d=mm&r=g","caption":"Reda\u00e7\u00e3o Portal MF"},"description":"Sejam bem-vindos o portal de informa\u00e7\u00f5es de entretenimento de Feira de Santana, desde 2006 realiza coberturas dos principais eventos com entrevistas exclusivas com as principais personalidades mundiais. Fique conectado tamb\u00e9m nas redes sociais.","sameAs":["http:\/\/www.portalmf.com.br\/","https:\/\/www.facebook.com\/portalmfoficial","https:\/\/www.instagram.com\/portalmf\/","https:\/\/x.com\/https:\/\/x.com\/portalmfoficial","https:\/\/www.youtube.com\/@portalmfoficial"],"url":"https:\/\/portalmf.com.br\/index.php\/author\/junior\/"}]}},"_links":{"self":[{"href":"https:\/\/portalmf.com.br\/index.php\/wp-json\/wp\/v2\/posts\/35521"}],"collection":[{"href":"https:\/\/portalmf.com.br\/index.php\/wp-json\/wp\/v2\/posts"}],"about":[{"href":"https:\/\/portalmf.com.br\/index.php\/wp-json\/wp\/v2\/types\/post"}],"author":[{"embeddable":true,"href":"https:\/\/portalmf.com.br\/index.php\/wp-json\/wp\/v2\/users\/3"}],"replies":[{"embeddable":true,"href":"https:\/\/portalmf.com.br\/index.php\/wp-json\/wp\/v2\/comments?post=35521"}],"version-history":[{"count":1,"href":"https:\/\/portalmf.com.br\/index.php\/wp-json\/wp\/v2\/posts\/35521\/revisions"}],"predecessor-version":[{"id":35523,"href":"https:\/\/portalmf.com.br\/index.php\/wp-json\/wp\/v2\/posts\/35521\/revisions\/35523"}],"wp:featuredmedia":[{"embeddable":true,"href":"https:\/\/portalmf.com.br\/index.php\/wp-json\/wp\/v2\/media\/35522"}],"wp:attachment":[{"href":"https:\/\/portalmf.com.br\/index.php\/wp-json\/wp\/v2\/media?parent=35521"}],"wp:term":[{"taxonomy":"category","embeddable":true,"href":"https:\/\/portalmf.com.br\/index.php\/wp-json\/wp\/v2\/categories?post=35521"},{"taxonomy":"post_tag","embeddable":true,"href":"https:\/\/portalmf.com.br\/index.php\/wp-json\/wp\/v2\/tags?post=35521"}],"curies":[{"name":"wp","href":"https:\/\/api.w.org\/{rel}","templated":true}]}}