{"id":3551,"date":"2022-08-22T17:13:00","date_gmt":"2022-08-22T20:13:00","guid":{"rendered":"http:\/\/portalmf.com.br\/?p=3551"},"modified":"2022-08-24T17:14:54","modified_gmt":"2022-08-24T20:14:54","slug":"cantora-nilze-reis-lanca-projeto-musical-em-tributo-a-marilia-mendonca","status":"publish","type":"post","link":"https:\/\/portalmf.com.br\/index.php\/2022\/08\/22\/cantora-nilze-reis-lanca-projeto-musical-em-tributo-a-marilia-mendonca\/","title":{"rendered":"Cantora Nilze Reis lan\u00e7a projeto musical em tributo \u00e0 Mar\u00edlia Mendon\u00e7a"},"content":{"rendered":"\n<p>A cantora feirense, Nilze Reis A Poderosa conquistou o cora\u00e7\u00e3o dos f\u00e3s da cantora Mar\u00edlia Mendon\u00e7a ao lan\u00e7ar a live \u2018Ela canta Mar\u00edlia\u2019. A live foi gravada em clima intimista, e re\u00fane romantismo, empoderamento feminino e can\u00e7\u00f5es que ficaram eternizadas na voz da \u2018Rainha da Sofr\u00eancia\u2019, incluindo regrava\u00e7\u00f5es e m\u00fasicas autorais.<\/p>\n\n\n\n<p>Nilze Reis, que tamb\u00e9m faz parte da banda Rainha de Luxo, explica que a ideia do projeto paralelo a carreira surgiu h\u00e1 pouco mais de um ano, sendo idealizado como uma homenagem a Rainha Mar\u00edlia Mendon\u00e7a, mas que infelizmente, diante do falecimento da artista, a live se tornou um tributo.<\/p>\n\n\n\n<p>Feliz com o sucesso do trabalho, Nilze dar\u00e1 continuidade ao projeto em formato de show musical. Para ela Marilia ser\u00e1 sempre sua maior inspira\u00e7\u00e3o e homenage\u00e1-la postumamente \u00e9 uma forma de eterniz\u00e1-la em seu cora\u00e7\u00e3o.<\/p>\n\n\n\n<p>\u201cA Live da Poderosa, veio para cantar Mar\u00edlia Mendon\u00e7a e emocionar a todos que, assim como eu, admiram e se inspiram na simplicidade, no carisma, no talento e na originalidade da maior artista da nossa atualidade. \u2018Ela canta Mar\u00edlia\u2019, continuar\u00e1 como um projeto de vida. Feira canta e sempre cantar\u00e1 Mar\u00edlia\u201d, afirma Nilze.<\/p>\n\n\n\n<p>A live est\u00e1 dispon\u00edvel no canal do Portal do Arrocha no Youtube (<a href=\"http:\/\/www.youtube.com.br\/portaldoarrocha\">www.YouTube.com.br\/portaldoarrocha<\/a>)<\/p>\n","protected":false},"excerpt":{"rendered":"<p>A cantora feirense, Nilze Reis A Poderosa conquistou o cora\u00e7\u00e3o dos f\u00e3s da cantora Mar\u00edlia Mendon\u00e7a ao lan\u00e7ar a live \u2018Ela canta Mar\u00edlia\u2019. A live foi gravada em clima intimista, e re\u00fane romantismo, empoderamento feminino e can\u00e7\u00f5es que ficaram eternizadas na voz da \u2018Rainha da Sofr\u00eancia\u2019, incluindo regrava\u00e7\u00f5es e m\u00fasicas autorais. Nilze Reis, que tamb\u00e9m [&hellip;]<\/p>\n","protected":false},"author":2,"featured_media":3552,"comment_status":"open","ping_status":"open","sticky":false,"template":"","format":"standard","meta":{"_monsterinsights_skip_tracking":false,"_monsterinsights_sitenote_active":false,"_monsterinsights_sitenote_note":"","_monsterinsights_sitenote_category":0,"footnotes":""},"categories":[36],"tags":[],"yoast_head":"<!-- This site is optimized with the Yoast SEO plugin v22.9 - https:\/\/yoast.com\/wordpress\/plugins\/seo\/ -->\n<title>Cantora Nilze Reis lan\u00e7a projeto musical em tributo \u00e0 Mar\u00edlia Mendon\u00e7a - Portal MF<\/title>\n<meta name=\"robots\" content=\"index, follow, max-snippet:-1, max-image-preview:large, max-video-preview:-1\" \/>\n<link rel=\"canonical\" href=\"https:\/\/portalmf.com.br\/index.php\/2022\/08\/22\/cantora-nilze-reis-lanca-projeto-musical-em-tributo-a-marilia-mendonca\/\" \/>\n<meta property=\"og:locale\" content=\"pt_BR\" \/>\n<meta property=\"og:type\" content=\"article\" \/>\n<meta property=\"og:title\" content=\"Cantora Nilze Reis lan\u00e7a projeto musical em tributo \u00e0 Mar\u00edlia Mendon\u00e7a - Portal MF\" \/>\n<meta property=\"og:description\" content=\"A cantora feirense, Nilze Reis A Poderosa conquistou o cora\u00e7\u00e3o dos f\u00e3s da cantora Mar\u00edlia Mendon\u00e7a ao lan\u00e7ar a live \u2018Ela canta Mar\u00edlia\u2019. A live foi gravada em clima intimista, e re\u00fane romantismo, empoderamento feminino e can\u00e7\u00f5es que ficaram eternizadas na voz da \u2018Rainha da Sofr\u00eancia\u2019, incluindo regrava\u00e7\u00f5es e m\u00fasicas autorais. Nilze Reis, que tamb\u00e9m [&hellip;]\" \/>\n<meta property=\"og:url\" content=\"https:\/\/portalmf.com.br\/index.php\/2022\/08\/22\/cantora-nilze-reis-lanca-projeto-musical-em-tributo-a-marilia-mendonca\/\" \/>\n<meta property=\"og:site_name\" content=\"Portal MF\" \/>\n<meta property=\"article:author\" content=\"reginaldojrfsa\" \/>\n<meta property=\"article:published_time\" content=\"2022-08-22T20:13:00+00:00\" \/>\n<meta property=\"article:modified_time\" content=\"2022-08-24T20:14:54+00:00\" \/>\n<meta property=\"og:image\" content=\"https:\/\/portalmf.com.br\/wp-content\/uploads\/2022\/08\/WhatsApp-Image-2022-08-23-at-19.50.45.jpeg\" \/>\n\t<meta property=\"og:image:width\" content=\"1268\" \/>\n\t<meta property=\"og:image:height\" content=\"1280\" \/>\n\t<meta property=\"og:image:type\" content=\"image\/jpeg\" \/>\n<meta name=\"author\" content=\"Reginaldo J\u00fanior\" \/>\n<meta name=\"twitter:card\" content=\"summary_large_image\" \/>\n<meta name=\"twitter:creator\" content=\"@reginaldojrmf\" \/>\n<meta name=\"twitter:label1\" content=\"Escrito por\" \/>\n\t<meta name=\"twitter:data1\" content=\"Reginaldo J\u00fanior\" \/>\n\t<meta name=\"twitter:label2\" content=\"Est. tempo de leitura\" \/>\n\t<meta name=\"twitter:data2\" content=\"2 minutos\" \/>\n<script type=\"application\/ld+json\" class=\"yoast-schema-graph\">{\"@context\":\"https:\/\/schema.org\",\"@graph\":[{\"@type\":\"WebPage\",\"@id\":\"https:\/\/portalmf.com.br\/index.php\/2022\/08\/22\/cantora-nilze-reis-lanca-projeto-musical-em-tributo-a-marilia-mendonca\/\",\"url\":\"https:\/\/portalmf.com.br\/index.php\/2022\/08\/22\/cantora-nilze-reis-lanca-projeto-musical-em-tributo-a-marilia-mendonca\/\",\"name\":\"Cantora Nilze Reis lan\u00e7a projeto musical em tributo \u00e0 Mar\u00edlia Mendon\u00e7a - Portal MF\",\"isPartOf\":{\"@id\":\"https:\/\/portalmf.com.br\/#website\"},\"primaryImageOfPage\":{\"@id\":\"https:\/\/portalmf.com.br\/index.php\/2022\/08\/22\/cantora-nilze-reis-lanca-projeto-musical-em-tributo-a-marilia-mendonca\/#primaryimage\"},\"image\":{\"@id\":\"https:\/\/portalmf.com.br\/index.php\/2022\/08\/22\/cantora-nilze-reis-lanca-projeto-musical-em-tributo-a-marilia-mendonca\/#primaryimage\"},\"thumbnailUrl\":\"https:\/\/portalmf.com.br\/wp-content\/uploads\/2022\/08\/WhatsApp-Image-2022-08-23-at-19.50.45.jpeg\",\"datePublished\":\"2022-08-22T20:13:00+00:00\",\"dateModified\":\"2022-08-24T20:14:54+00:00\",\"author\":{\"@id\":\"https:\/\/portalmf.com.br\/#\/schema\/person\/11c82086fe8abc05a19147e964587285\"},\"breadcrumb\":{\"@id\":\"https:\/\/portalmf.com.br\/index.php\/2022\/08\/22\/cantora-nilze-reis-lanca-projeto-musical-em-tributo-a-marilia-mendonca\/#breadcrumb\"},\"inLanguage\":\"pt-BR\",\"potentialAction\":[{\"@type\":\"ReadAction\",\"target\":[\"https:\/\/portalmf.com.br\/index.php\/2022\/08\/22\/cantora-nilze-reis-lanca-projeto-musical-em-tributo-a-marilia-mendonca\/\"]}]},{\"@type\":\"ImageObject\",\"inLanguage\":\"pt-BR\",\"@id\":\"https:\/\/portalmf.com.br\/index.php\/2022\/08\/22\/cantora-nilze-reis-lanca-projeto-musical-em-tributo-a-marilia-mendonca\/#primaryimage\",\"url\":\"https:\/\/portalmf.com.br\/wp-content\/uploads\/2022\/08\/WhatsApp-Image-2022-08-23-at-19.50.45.jpeg\",\"contentUrl\":\"https:\/\/portalmf.com.br\/wp-content\/uploads\/2022\/08\/WhatsApp-Image-2022-08-23-at-19.50.45.jpeg\",\"width\":1268,\"height\":1280},{\"@type\":\"BreadcrumbList\",\"@id\":\"https:\/\/portalmf.com.br\/index.php\/2022\/08\/22\/cantora-nilze-reis-lanca-projeto-musical-em-tributo-a-marilia-mendonca\/#breadcrumb\",\"itemListElement\":[{\"@type\":\"ListItem\",\"position\":1,\"name\":\"In\u00edcio\",\"item\":\"https:\/\/portalmf.com.br\/\"},{\"@type\":\"ListItem\",\"position\":2,\"name\":\"Cantora Nilze Reis lan\u00e7a projeto musical em tributo \u00e0 Mar\u00edlia Mendon\u00e7a\"}]},{\"@type\":\"WebSite\",\"@id\":\"https:\/\/portalmf.com.br\/#website\",\"url\":\"https:\/\/portalmf.com.br\/\",\"name\":\"Portal MF\",\"description\":\"Voc\u00ea conectado com a informa\u00e7\u00e3o\",\"potentialAction\":[{\"@type\":\"SearchAction\",\"target\":{\"@type\":\"EntryPoint\",\"urlTemplate\":\"https:\/\/portalmf.com.br\/?s={search_term_string}\"},\"query-input\":\"required name=search_term_string\"}],\"inLanguage\":\"pt-BR\"},{\"@type\":\"Person\",\"@id\":\"https:\/\/portalmf.com.br\/#\/schema\/person\/11c82086fe8abc05a19147e964587285\",\"name\":\"Reginaldo J\u00fanior\",\"image\":{\"@type\":\"ImageObject\",\"inLanguage\":\"pt-BR\",\"@id\":\"https:\/\/portalmf.com.br\/#\/schema\/person\/image\/\",\"url\":\"https:\/\/secure.gravatar.com\/avatar\/32a3c797cd0ac47cc53b8644c62776f9?s=96&d=mm&r=g\",\"contentUrl\":\"https:\/\/secure.gravatar.com\/avatar\/32a3c797cd0ac47cc53b8644c62776f9?s=96&d=mm&r=g\",\"caption\":\"Reginaldo J\u00fanior\"},\"description\":\"Jornalista e idealizador Portal MF\",\"sameAs\":[\"https:\/\/portalmf.com.br\/index.php\/author\/reginaldojr\/\",\"reginaldojrfsa\",\"reginaldojuniormf\",\"https:\/\/x.com\/reginaldojrmf\"],\"url\":\"https:\/\/portalmf.com.br\/index.php\/author\/reginaldojr\/\"}]}<\/script>\n<!-- \/ Yoast SEO plugin. -->","yoast_head_json":{"title":"Cantora Nilze Reis lan\u00e7a projeto musical em tributo \u00e0 Mar\u00edlia Mendon\u00e7a - Portal MF","robots":{"index":"index","follow":"follow","max-snippet":"max-snippet:-1","max-image-preview":"max-image-preview:large","max-video-preview":"max-video-preview:-1"},"canonical":"https:\/\/portalmf.com.br\/index.php\/2022\/08\/22\/cantora-nilze-reis-lanca-projeto-musical-em-tributo-a-marilia-mendonca\/","og_locale":"pt_BR","og_type":"article","og_title":"Cantora Nilze Reis lan\u00e7a projeto musical em tributo \u00e0 Mar\u00edlia Mendon\u00e7a - Portal MF","og_description":"A cantora feirense, Nilze Reis A Poderosa conquistou o cora\u00e7\u00e3o dos f\u00e3s da cantora Mar\u00edlia Mendon\u00e7a ao lan\u00e7ar a live \u2018Ela canta Mar\u00edlia\u2019. A live foi gravada em clima intimista, e re\u00fane romantismo, empoderamento feminino e can\u00e7\u00f5es que ficaram eternizadas na voz da \u2018Rainha da Sofr\u00eancia\u2019, incluindo regrava\u00e7\u00f5es e m\u00fasicas autorais. Nilze Reis, que tamb\u00e9m [&hellip;]","og_url":"https:\/\/portalmf.com.br\/index.php\/2022\/08\/22\/cantora-nilze-reis-lanca-projeto-musical-em-tributo-a-marilia-mendonca\/","og_site_name":"Portal MF","article_author":"reginaldojrfsa","article_published_time":"2022-08-22T20:13:00+00:00","article_modified_time":"2022-08-24T20:14:54+00:00","og_image":[{"width":1268,"height":1280,"url":"https:\/\/portalmf.com.br\/wp-content\/uploads\/2022\/08\/WhatsApp-Image-2022-08-23-at-19.50.45.jpeg","type":"image\/jpeg"}],"author":"Reginaldo J\u00fanior","twitter_card":"summary_large_image","twitter_creator":"@reginaldojrmf","twitter_misc":{"Escrito por":"Reginaldo J\u00fanior","Est. tempo de leitura":"2 minutos"},"schema":{"@context":"https:\/\/schema.org","@graph":[{"@type":"WebPage","@id":"https:\/\/portalmf.com.br\/index.php\/2022\/08\/22\/cantora-nilze-reis-lanca-projeto-musical-em-tributo-a-marilia-mendonca\/","url":"https:\/\/portalmf.com.br\/index.php\/2022\/08\/22\/cantora-nilze-reis-lanca-projeto-musical-em-tributo-a-marilia-mendonca\/","name":"Cantora Nilze Reis lan\u00e7a projeto musical em tributo \u00e0 Mar\u00edlia Mendon\u00e7a - Portal MF","isPartOf":{"@id":"https:\/\/portalmf.com.br\/#website"},"primaryImageOfPage":{"@id":"https:\/\/portalmf.com.br\/index.php\/2022\/08\/22\/cantora-nilze-reis-lanca-projeto-musical-em-tributo-a-marilia-mendonca\/#primaryimage"},"image":{"@id":"https:\/\/portalmf.com.br\/index.php\/2022\/08\/22\/cantora-nilze-reis-lanca-projeto-musical-em-tributo-a-marilia-mendonca\/#primaryimage"},"thumbnailUrl":"https:\/\/portalmf.com.br\/wp-content\/uploads\/2022\/08\/WhatsApp-Image-2022-08-23-at-19.50.45.jpeg","datePublished":"2022-08-22T20:13:00+00:00","dateModified":"2022-08-24T20:14:54+00:00","author":{"@id":"https:\/\/portalmf.com.br\/#\/schema\/person\/11c82086fe8abc05a19147e964587285"},"breadcrumb":{"@id":"https:\/\/portalmf.com.br\/index.php\/2022\/08\/22\/cantora-nilze-reis-lanca-projeto-musical-em-tributo-a-marilia-mendonca\/#breadcrumb"},"inLanguage":"pt-BR","potentialAction":[{"@type":"ReadAction","target":["https:\/\/portalmf.com.br\/index.php\/2022\/08\/22\/cantora-nilze-reis-lanca-projeto-musical-em-tributo-a-marilia-mendonca\/"]}]},{"@type":"ImageObject","inLanguage":"pt-BR","@id":"https:\/\/portalmf.com.br\/index.php\/2022\/08\/22\/cantora-nilze-reis-lanca-projeto-musical-em-tributo-a-marilia-mendonca\/#primaryimage","url":"https:\/\/portalmf.com.br\/wp-content\/uploads\/2022\/08\/WhatsApp-Image-2022-08-23-at-19.50.45.jpeg","contentUrl":"https:\/\/portalmf.com.br\/wp-content\/uploads\/2022\/08\/WhatsApp-Image-2022-08-23-at-19.50.45.jpeg","width":1268,"height":1280},{"@type":"BreadcrumbList","@id":"https:\/\/portalmf.com.br\/index.php\/2022\/08\/22\/cantora-nilze-reis-lanca-projeto-musical-em-tributo-a-marilia-mendonca\/#breadcrumb","itemListElement":[{"@type":"ListItem","position":1,"name":"In\u00edcio","item":"https:\/\/portalmf.com.br\/"},{"@type":"ListItem","position":2,"name":"Cantora Nilze Reis lan\u00e7a projeto musical em tributo \u00e0 Mar\u00edlia Mendon\u00e7a"}]},{"@type":"WebSite","@id":"https:\/\/portalmf.com.br\/#website","url":"https:\/\/portalmf.com.br\/","name":"Portal MF","description":"Voc\u00ea conectado com a informa\u00e7\u00e3o","potentialAction":[{"@type":"SearchAction","target":{"@type":"EntryPoint","urlTemplate":"https:\/\/portalmf.com.br\/?s={search_term_string}"},"query-input":"required name=search_term_string"}],"inLanguage":"pt-BR"},{"@type":"Person","@id":"https:\/\/portalmf.com.br\/#\/schema\/person\/11c82086fe8abc05a19147e964587285","name":"Reginaldo J\u00fanior","image":{"@type":"ImageObject","inLanguage":"pt-BR","@id":"https:\/\/portalmf.com.br\/#\/schema\/person\/image\/","url":"https:\/\/secure.gravatar.com\/avatar\/32a3c797cd0ac47cc53b8644c62776f9?s=96&d=mm&r=g","contentUrl":"https:\/\/secure.gravatar.com\/avatar\/32a3c797cd0ac47cc53b8644c62776f9?s=96&d=mm&r=g","caption":"Reginaldo J\u00fanior"},"description":"Jornalista e idealizador Portal MF","sameAs":["https:\/\/portalmf.com.br\/index.php\/author\/reginaldojr\/","reginaldojrfsa","reginaldojuniormf","https:\/\/x.com\/reginaldojrmf"],"url":"https:\/\/portalmf.com.br\/index.php\/author\/reginaldojr\/"}]}},"_links":{"self":[{"href":"https:\/\/portalmf.com.br\/index.php\/wp-json\/wp\/v2\/posts\/3551"}],"collection":[{"href":"https:\/\/portalmf.com.br\/index.php\/wp-json\/wp\/v2\/posts"}],"about":[{"href":"https:\/\/portalmf.com.br\/index.php\/wp-json\/wp\/v2\/types\/post"}],"author":[{"embeddable":true,"href":"https:\/\/portalmf.com.br\/index.php\/wp-json\/wp\/v2\/users\/2"}],"replies":[{"embeddable":true,"href":"https:\/\/portalmf.com.br\/index.php\/wp-json\/wp\/v2\/comments?post=3551"}],"version-history":[{"count":1,"href":"https:\/\/portalmf.com.br\/index.php\/wp-json\/wp\/v2\/posts\/3551\/revisions"}],"predecessor-version":[{"id":3553,"href":"https:\/\/portalmf.com.br\/index.php\/wp-json\/wp\/v2\/posts\/3551\/revisions\/3553"}],"wp:featuredmedia":[{"embeddable":true,"href":"https:\/\/portalmf.com.br\/index.php\/wp-json\/wp\/v2\/media\/3552"}],"wp:attachment":[{"href":"https:\/\/portalmf.com.br\/index.php\/wp-json\/wp\/v2\/media?parent=3551"}],"wp:term":[{"taxonomy":"category","embeddable":true,"href":"https:\/\/portalmf.com.br\/index.php\/wp-json\/wp\/v2\/categories?post=3551"},{"taxonomy":"post_tag","embeddable":true,"href":"https:\/\/portalmf.com.br\/index.php\/wp-json\/wp\/v2\/tags?post=3551"}],"curies":[{"name":"wp","href":"https:\/\/api.w.org\/{rel}","templated":true}]}}