{"id":35453,"date":"2025-04-11T11:40:00","date_gmt":"2025-04-11T14:40:00","guid":{"rendered":"https:\/\/portalmf.com.br\/?p=35453"},"modified":"2025-04-11T18:44:08","modified_gmt":"2025-04-11T21:44:08","slug":"quixabeira-da-matinha-fara-participacao-no-show-de-baianasystem-na-micareta-de-feira","status":"publish","type":"post","link":"https:\/\/portalmf.com.br\/index.php\/2025\/04\/11\/quixabeira-da-matinha-fara-participacao-no-show-de-baianasystem-na-micareta-de-feira\/","title":{"rendered":"Quixabeira da Matinha far\u00e1 participa\u00e7\u00e3o no show de Baianasystem na Micareta de Feira"},"content":{"rendered":"\n<p>Depois de muita repercuss\u00e3o e especula\u00e7\u00e3o, a prefeitura &nbsp;de Feira de Santana confirmou participa\u00e7\u00e3o da &nbsp;banda BaianaSystem &nbsp;na Micareta 2025. A atra\u00e7\u00e3o, que foi muito pedida por f\u00e3s feirenses, se &nbsp;apresentar\u00e1 no &nbsp;dia 30 de abril, na Pra\u00e7a Padre Ov\u00eddio .Al\u00e9m de Baiana, a noite contar\u00e1 com outras grandes atra\u00e7\u00f5es, como Rachel Reis, Quixabeira da Matinha, Dionorina e Lazzo Matumbi.<\/p>\n\n\n\n<p>O cantor Guda, vocalista do grupo de samba de roda Quixabeira da Matinha, falou com exclusividade ao jornalista Reginaldo J\u00fanior durante participa\u00e7\u00e3o no programa Folia Geral na R\u00e1dio Geral sobre o convite.<\/p>\n\n\n\n<p><em>\u201cAcabo de receber o convite do BaianaSystem \u00a0para a gente fazer uma participa\u00e7\u00e3o no show deles na quarta-feira (30), primeiro dia extraoficial de Micareta. Estamos felizes com isso porque vai fazer essa mistura de estilos e cultura, logo no in\u00edcio da festa vamos fazer essa baita participa\u00e7\u00e3o. Ser\u00e1 que tem pipoca?\u201d,<\/em> comemora o artista.<\/p>\n\n\n\n<figure class=\"wp-block-embed is-type-video is-provider-youtube wp-block-embed-youtube wp-embed-aspect-16-9 wp-has-aspect-ratio\"><div class=\"wp-block-embed__wrapper\">\n<iframe title=\"Programa Folia Geral entrevista Guda Quixabeira  - 10\/04\/2025\" width=\"696\" height=\"392\" src=\"https:\/\/www.youtube.com\/embed\/XxJ2hAZEn6Y?feature=oembed\" frameborder=\"0\" allow=\"accelerometer; autoplay; clipboard-write; encrypted-media; gyroscope; picture-in-picture; web-share\" referrerpolicy=\"strict-origin-when-cross-origin\" allowfullscreen><\/iframe>\n<\/div><\/figure>\n\n\n\n<h2 class=\"wp-block-heading\">Grupo Quixabeira<\/h2>\n\n\n\n<p>O Quixabeira da Matinha \u00e9 um grupo de samba de roda&nbsp;formado em 1989 por trabalhadores rurais da comunidade quilombola Matinha dos Pretos, em Feira de Santana, Bahia.&nbsp;&nbsp;O samba de roda do grupo ganhou proje\u00e7\u00e3o nacional em 1996 com a grava\u00e7\u00e3o feita por Carlinhos Brown da faixa Quixabeira no disco Alfagamabetizado. A can\u00e7\u00e3o criada pelos sambadores da Matinha, fez grande sucesso nas r\u00e1dios sendo lembrada pelos versos \u201cTu n\u00e3o faz como o passarinho que fez o ninho e avoou\u201d .<\/p>\n\n\n\n<p>Ap\u00f3s 36 anos de atua\u00e7\u00e3o, o grupo &nbsp;lan\u00e7ou o seu primeiro \u00e1lbum nas plataformas de m\u00fasica. O disco ficou dispon\u00edvel em &nbsp;fevereiro deste ano e tem &nbsp;o nome da sua primeira faixa, &#8220;Vencedor de Batalhas&#8221;.O processo de grava\u00e7\u00e3o e mixagem foi realizado desde outubro de 2024, no est\u00fadio quilombola da Casa do Samba Dona Chica do Pandeiro, na zona rural de Feira de Santana (BA)<\/p>\n\n\n\n<p>O disco &#8220;Vencedor de Batalhas&#8221;, da Quixabeira da Matinha, conseguiu reunir 24 can\u00e7\u00f5es em 12 faixas. &#8220;A m\u00fasica da Quixabeira traz esse encontro bonito com as nossas ra\u00edzes. Ficou claro que a banda imprimiu neste trabalho toda energia que a gente sente nos shows. Vai ser samba at\u00e9 umas horas. Eles merecem e n\u00f3s tamb\u00e9m&#8221;, conta Kuelho, compositor de &#8220;Tributo a Coleirinho&#8221;, uma das faixas do \u00e1lbum.<\/p>\n","protected":false},"excerpt":{"rendered":"<p>Depois de muita repercuss\u00e3o e especula\u00e7\u00e3o, a prefeitura &nbsp;de Feira de Santana confirmou participa\u00e7\u00e3o da &nbsp;banda BaianaSystem &nbsp;na Micareta 2025. A atra\u00e7\u00e3o, que foi muito pedida por f\u00e3s feirenses, se &nbsp;apresentar\u00e1 no &nbsp;dia 30 de abril, na Pra\u00e7a Padre Ov\u00eddio .Al\u00e9m de Baiana, a noite contar\u00e1 com outras grandes atra\u00e7\u00f5es, como Rachel Reis, Quixabeira da [&hellip;]<\/p>\n","protected":false},"author":5,"featured_media":35454,"comment_status":"open","ping_status":"open","sticky":false,"template":"","format":"standard","meta":{"_monsterinsights_skip_tracking":false,"_monsterinsights_sitenote_active":false,"_monsterinsights_sitenote_note":"","_monsterinsights_sitenote_category":0,"footnotes":""},"categories":[48,39],"tags":[],"yoast_head":"<!-- This site is optimized with the Yoast SEO plugin v22.9 - https:\/\/yoast.com\/wordpress\/plugins\/seo\/ -->\n<title>Quixabeira da Matinha far\u00e1 participa\u00e7\u00e3o no show de Baianasystem na Micareta de Feira - Portal MF<\/title>\n<meta name=\"robots\" content=\"index, follow, max-snippet:-1, max-image-preview:large, max-video-preview:-1\" \/>\n<link rel=\"canonical\" href=\"https:\/\/portalmf.com.br\/index.php\/2025\/04\/11\/quixabeira-da-matinha-fara-participacao-no-show-de-baianasystem-na-micareta-de-feira\/\" \/>\n<meta property=\"og:locale\" content=\"pt_BR\" \/>\n<meta property=\"og:type\" content=\"article\" \/>\n<meta property=\"og:title\" content=\"Quixabeira da Matinha far\u00e1 participa\u00e7\u00e3o no show de Baianasystem na Micareta de Feira - Portal MF\" \/>\n<meta property=\"og:description\" content=\"Depois de muita repercuss\u00e3o e especula\u00e7\u00e3o, a prefeitura &nbsp;de Feira de Santana confirmou participa\u00e7\u00e3o da &nbsp;banda BaianaSystem &nbsp;na Micareta 2025. A atra\u00e7\u00e3o, que foi muito pedida por f\u00e3s feirenses, se &nbsp;apresentar\u00e1 no &nbsp;dia 30 de abril, na Pra\u00e7a Padre Ov\u00eddio .Al\u00e9m de Baiana, a noite contar\u00e1 com outras grandes atra\u00e7\u00f5es, como Rachel Reis, Quixabeira da [&hellip;]\" \/>\n<meta property=\"og:url\" content=\"https:\/\/portalmf.com.br\/index.php\/2025\/04\/11\/quixabeira-da-matinha-fara-participacao-no-show-de-baianasystem-na-micareta-de-feira\/\" \/>\n<meta property=\"og:site_name\" content=\"Portal MF\" \/>\n<meta property=\"article:published_time\" content=\"2025-04-11T14:40:00+00:00\" \/>\n<meta property=\"article:modified_time\" content=\"2025-04-11T21:44:08+00:00\" \/>\n<meta property=\"og:image\" content=\"https:\/\/portalmf.com.br\/wp-content\/uploads\/2025\/04\/Quixabeira-da-Matinha-fara-participacao-no-show-de-Baianasystem-na-Micareta-de-Feira.jpg\" \/>\n\t<meta property=\"og:image:width\" content=\"1600\" \/>\n\t<meta property=\"og:image:height\" content=\"1200\" \/>\n\t<meta property=\"og:image:type\" content=\"image\/jpeg\" \/>\n<meta name=\"author\" content=\"Lila Oliveira\" \/>\n<meta name=\"twitter:card\" content=\"summary_large_image\" \/>\n<meta name=\"twitter:label1\" content=\"Escrito por\" \/>\n\t<meta name=\"twitter:data1\" content=\"Lila Oliveira\" \/>\n\t<meta name=\"twitter:label2\" content=\"Est. tempo de leitura\" \/>\n\t<meta name=\"twitter:data2\" content=\"3 minutos\" \/>\n<script type=\"application\/ld+json\" class=\"yoast-schema-graph\">{\"@context\":\"https:\/\/schema.org\",\"@graph\":[{\"@type\":\"WebPage\",\"@id\":\"https:\/\/portalmf.com.br\/index.php\/2025\/04\/11\/quixabeira-da-matinha-fara-participacao-no-show-de-baianasystem-na-micareta-de-feira\/\",\"url\":\"https:\/\/portalmf.com.br\/index.php\/2025\/04\/11\/quixabeira-da-matinha-fara-participacao-no-show-de-baianasystem-na-micareta-de-feira\/\",\"name\":\"Quixabeira da Matinha far\u00e1 participa\u00e7\u00e3o no show de Baianasystem na Micareta de Feira - Portal MF\",\"isPartOf\":{\"@id\":\"https:\/\/portalmf.com.br\/#website\"},\"primaryImageOfPage\":{\"@id\":\"https:\/\/portalmf.com.br\/index.php\/2025\/04\/11\/quixabeira-da-matinha-fara-participacao-no-show-de-baianasystem-na-micareta-de-feira\/#primaryimage\"},\"image\":{\"@id\":\"https:\/\/portalmf.com.br\/index.php\/2025\/04\/11\/quixabeira-da-matinha-fara-participacao-no-show-de-baianasystem-na-micareta-de-feira\/#primaryimage\"},\"thumbnailUrl\":\"https:\/\/portalmf.com.br\/wp-content\/uploads\/2025\/04\/Quixabeira-da-Matinha-fara-participacao-no-show-de-Baianasystem-na-Micareta-de-Feira.jpg\",\"datePublished\":\"2025-04-11T14:40:00+00:00\",\"dateModified\":\"2025-04-11T21:44:08+00:00\",\"author\":{\"@id\":\"https:\/\/portalmf.com.br\/#\/schema\/person\/19071c375ee7579b7300dd91d656ff97\"},\"breadcrumb\":{\"@id\":\"https:\/\/portalmf.com.br\/index.php\/2025\/04\/11\/quixabeira-da-matinha-fara-participacao-no-show-de-baianasystem-na-micareta-de-feira\/#breadcrumb\"},\"inLanguage\":\"pt-BR\",\"potentialAction\":[{\"@type\":\"ReadAction\",\"target\":[\"https:\/\/portalmf.com.br\/index.php\/2025\/04\/11\/quixabeira-da-matinha-fara-participacao-no-show-de-baianasystem-na-micareta-de-feira\/\"]}]},{\"@type\":\"ImageObject\",\"inLanguage\":\"pt-BR\",\"@id\":\"https:\/\/portalmf.com.br\/index.php\/2025\/04\/11\/quixabeira-da-matinha-fara-participacao-no-show-de-baianasystem-na-micareta-de-feira\/#primaryimage\",\"url\":\"https:\/\/portalmf.com.br\/wp-content\/uploads\/2025\/04\/Quixabeira-da-Matinha-fara-participacao-no-show-de-Baianasystem-na-Micareta-de-Feira.jpg\",\"contentUrl\":\"https:\/\/portalmf.com.br\/wp-content\/uploads\/2025\/04\/Quixabeira-da-Matinha-fara-participacao-no-show-de-Baianasystem-na-Micareta-de-Feira.jpg\",\"width\":1600,\"height\":1200,\"caption\":\"Foto: Reginaldo J\u00fanior\"},{\"@type\":\"BreadcrumbList\",\"@id\":\"https:\/\/portalmf.com.br\/index.php\/2025\/04\/11\/quixabeira-da-matinha-fara-participacao-no-show-de-baianasystem-na-micareta-de-feira\/#breadcrumb\",\"itemListElement\":[{\"@type\":\"ListItem\",\"position\":1,\"name\":\"In\u00edcio\",\"item\":\"https:\/\/portalmf.com.br\/\"},{\"@type\":\"ListItem\",\"position\":2,\"name\":\"Quixabeira da Matinha far\u00e1 participa\u00e7\u00e3o no show de Baianasystem na Micareta de Feira\"}]},{\"@type\":\"WebSite\",\"@id\":\"https:\/\/portalmf.com.br\/#website\",\"url\":\"https:\/\/portalmf.com.br\/\",\"name\":\"Portal MF\",\"description\":\"Voc\u00ea conectado com a informa\u00e7\u00e3o\",\"potentialAction\":[{\"@type\":\"SearchAction\",\"target\":{\"@type\":\"EntryPoint\",\"urlTemplate\":\"https:\/\/portalmf.com.br\/?s={search_term_string}\"},\"query-input\":\"required name=search_term_string\"}],\"inLanguage\":\"pt-BR\"},{\"@type\":\"Person\",\"@id\":\"https:\/\/portalmf.com.br\/#\/schema\/person\/19071c375ee7579b7300dd91d656ff97\",\"name\":\"Lila Oliveira\",\"image\":{\"@type\":\"ImageObject\",\"inLanguage\":\"pt-BR\",\"@id\":\"https:\/\/portalmf.com.br\/#\/schema\/person\/image\/\",\"url\":\"https:\/\/secure.gravatar.com\/avatar\/344958fa973c4e824a6dde1b63c19431?s=96&d=mm&r=g\",\"contentUrl\":\"https:\/\/secure.gravatar.com\/avatar\/344958fa973c4e824a6dde1b63c19431?s=96&d=mm&r=g\",\"caption\":\"Lila Oliveira\"},\"sameAs\":[\"https:\/\/portalmf.com.br\/\"],\"url\":\"https:\/\/portalmf.com.br\/index.php\/author\/lilaoliveira\/\"}]}<\/script>\n<!-- \/ Yoast SEO plugin. -->","yoast_head_json":{"title":"Quixabeira da Matinha far\u00e1 participa\u00e7\u00e3o no show de Baianasystem na Micareta de Feira - Portal MF","robots":{"index":"index","follow":"follow","max-snippet":"max-snippet:-1","max-image-preview":"max-image-preview:large","max-video-preview":"max-video-preview:-1"},"canonical":"https:\/\/portalmf.com.br\/index.php\/2025\/04\/11\/quixabeira-da-matinha-fara-participacao-no-show-de-baianasystem-na-micareta-de-feira\/","og_locale":"pt_BR","og_type":"article","og_title":"Quixabeira da Matinha far\u00e1 participa\u00e7\u00e3o no show de Baianasystem na Micareta de Feira - Portal MF","og_description":"Depois de muita repercuss\u00e3o e especula\u00e7\u00e3o, a prefeitura &nbsp;de Feira de Santana confirmou participa\u00e7\u00e3o da &nbsp;banda BaianaSystem &nbsp;na Micareta 2025. A atra\u00e7\u00e3o, que foi muito pedida por f\u00e3s feirenses, se &nbsp;apresentar\u00e1 no &nbsp;dia 30 de abril, na Pra\u00e7a Padre Ov\u00eddio .Al\u00e9m de Baiana, a noite contar\u00e1 com outras grandes atra\u00e7\u00f5es, como Rachel Reis, Quixabeira da [&hellip;]","og_url":"https:\/\/portalmf.com.br\/index.php\/2025\/04\/11\/quixabeira-da-matinha-fara-participacao-no-show-de-baianasystem-na-micareta-de-feira\/","og_site_name":"Portal MF","article_published_time":"2025-04-11T14:40:00+00:00","article_modified_time":"2025-04-11T21:44:08+00:00","og_image":[{"width":1600,"height":1200,"url":"https:\/\/portalmf.com.br\/wp-content\/uploads\/2025\/04\/Quixabeira-da-Matinha-fara-participacao-no-show-de-Baianasystem-na-Micareta-de-Feira.jpg","type":"image\/jpeg"}],"author":"Lila Oliveira","twitter_card":"summary_large_image","twitter_misc":{"Escrito por":"Lila Oliveira","Est. tempo de leitura":"3 minutos"},"schema":{"@context":"https:\/\/schema.org","@graph":[{"@type":"WebPage","@id":"https:\/\/portalmf.com.br\/index.php\/2025\/04\/11\/quixabeira-da-matinha-fara-participacao-no-show-de-baianasystem-na-micareta-de-feira\/","url":"https:\/\/portalmf.com.br\/index.php\/2025\/04\/11\/quixabeira-da-matinha-fara-participacao-no-show-de-baianasystem-na-micareta-de-feira\/","name":"Quixabeira da Matinha far\u00e1 participa\u00e7\u00e3o no show de Baianasystem na Micareta de Feira - Portal MF","isPartOf":{"@id":"https:\/\/portalmf.com.br\/#website"},"primaryImageOfPage":{"@id":"https:\/\/portalmf.com.br\/index.php\/2025\/04\/11\/quixabeira-da-matinha-fara-participacao-no-show-de-baianasystem-na-micareta-de-feira\/#primaryimage"},"image":{"@id":"https:\/\/portalmf.com.br\/index.php\/2025\/04\/11\/quixabeira-da-matinha-fara-participacao-no-show-de-baianasystem-na-micareta-de-feira\/#primaryimage"},"thumbnailUrl":"https:\/\/portalmf.com.br\/wp-content\/uploads\/2025\/04\/Quixabeira-da-Matinha-fara-participacao-no-show-de-Baianasystem-na-Micareta-de-Feira.jpg","datePublished":"2025-04-11T14:40:00+00:00","dateModified":"2025-04-11T21:44:08+00:00","author":{"@id":"https:\/\/portalmf.com.br\/#\/schema\/person\/19071c375ee7579b7300dd91d656ff97"},"breadcrumb":{"@id":"https:\/\/portalmf.com.br\/index.php\/2025\/04\/11\/quixabeira-da-matinha-fara-participacao-no-show-de-baianasystem-na-micareta-de-feira\/#breadcrumb"},"inLanguage":"pt-BR","potentialAction":[{"@type":"ReadAction","target":["https:\/\/portalmf.com.br\/index.php\/2025\/04\/11\/quixabeira-da-matinha-fara-participacao-no-show-de-baianasystem-na-micareta-de-feira\/"]}]},{"@type":"ImageObject","inLanguage":"pt-BR","@id":"https:\/\/portalmf.com.br\/index.php\/2025\/04\/11\/quixabeira-da-matinha-fara-participacao-no-show-de-baianasystem-na-micareta-de-feira\/#primaryimage","url":"https:\/\/portalmf.com.br\/wp-content\/uploads\/2025\/04\/Quixabeira-da-Matinha-fara-participacao-no-show-de-Baianasystem-na-Micareta-de-Feira.jpg","contentUrl":"https:\/\/portalmf.com.br\/wp-content\/uploads\/2025\/04\/Quixabeira-da-Matinha-fara-participacao-no-show-de-Baianasystem-na-Micareta-de-Feira.jpg","width":1600,"height":1200,"caption":"Foto: Reginaldo J\u00fanior"},{"@type":"BreadcrumbList","@id":"https:\/\/portalmf.com.br\/index.php\/2025\/04\/11\/quixabeira-da-matinha-fara-participacao-no-show-de-baianasystem-na-micareta-de-feira\/#breadcrumb","itemListElement":[{"@type":"ListItem","position":1,"name":"In\u00edcio","item":"https:\/\/portalmf.com.br\/"},{"@type":"ListItem","position":2,"name":"Quixabeira da Matinha far\u00e1 participa\u00e7\u00e3o no show de Baianasystem na Micareta de Feira"}]},{"@type":"WebSite","@id":"https:\/\/portalmf.com.br\/#website","url":"https:\/\/portalmf.com.br\/","name":"Portal MF","description":"Voc\u00ea conectado com a informa\u00e7\u00e3o","potentialAction":[{"@type":"SearchAction","target":{"@type":"EntryPoint","urlTemplate":"https:\/\/portalmf.com.br\/?s={search_term_string}"},"query-input":"required name=search_term_string"}],"inLanguage":"pt-BR"},{"@type":"Person","@id":"https:\/\/portalmf.com.br\/#\/schema\/person\/19071c375ee7579b7300dd91d656ff97","name":"Lila Oliveira","image":{"@type":"ImageObject","inLanguage":"pt-BR","@id":"https:\/\/portalmf.com.br\/#\/schema\/person\/image\/","url":"https:\/\/secure.gravatar.com\/avatar\/344958fa973c4e824a6dde1b63c19431?s=96&d=mm&r=g","contentUrl":"https:\/\/secure.gravatar.com\/avatar\/344958fa973c4e824a6dde1b63c19431?s=96&d=mm&r=g","caption":"Lila Oliveira"},"sameAs":["https:\/\/portalmf.com.br\/"],"url":"https:\/\/portalmf.com.br\/index.php\/author\/lilaoliveira\/"}]}},"_links":{"self":[{"href":"https:\/\/portalmf.com.br\/index.php\/wp-json\/wp\/v2\/posts\/35453"}],"collection":[{"href":"https:\/\/portalmf.com.br\/index.php\/wp-json\/wp\/v2\/posts"}],"about":[{"href":"https:\/\/portalmf.com.br\/index.php\/wp-json\/wp\/v2\/types\/post"}],"author":[{"embeddable":true,"href":"https:\/\/portalmf.com.br\/index.php\/wp-json\/wp\/v2\/users\/5"}],"replies":[{"embeddable":true,"href":"https:\/\/portalmf.com.br\/index.php\/wp-json\/wp\/v2\/comments?post=35453"}],"version-history":[{"count":1,"href":"https:\/\/portalmf.com.br\/index.php\/wp-json\/wp\/v2\/posts\/35453\/revisions"}],"predecessor-version":[{"id":35455,"href":"https:\/\/portalmf.com.br\/index.php\/wp-json\/wp\/v2\/posts\/35453\/revisions\/35455"}],"wp:featuredmedia":[{"embeddable":true,"href":"https:\/\/portalmf.com.br\/index.php\/wp-json\/wp\/v2\/media\/35454"}],"wp:attachment":[{"href":"https:\/\/portalmf.com.br\/index.php\/wp-json\/wp\/v2\/media?parent=35453"}],"wp:term":[{"taxonomy":"category","embeddable":true,"href":"https:\/\/portalmf.com.br\/index.php\/wp-json\/wp\/v2\/categories?post=35453"},{"taxonomy":"post_tag","embeddable":true,"href":"https:\/\/portalmf.com.br\/index.php\/wp-json\/wp\/v2\/tags?post=35453"}],"curies":[{"name":"wp","href":"https:\/\/api.w.org\/{rel}","templated":true}]}}