{"id":35450,"date":"2025-04-11T18:34:34","date_gmt":"2025-04-11T21:34:34","guid":{"rendered":"https:\/\/portalmf.com.br\/?p=35450"},"modified":"2025-04-11T18:36:54","modified_gmt":"2025-04-11T21:36:54","slug":"deputado-binho-galinha-resgata-tradicao-do-arrastao-na-micareta-atraves-de-emenda-parlamentar","status":"publish","type":"post","link":"https:\/\/portalmf.com.br\/index.php\/2025\/04\/11\/deputado-binho-galinha-resgata-tradicao-do-arrastao-na-micareta-atraves-de-emenda-parlamentar\/","title":{"rendered":"Deputado Binho Galinha resgata tradi\u00e7\u00e3o do Arrast\u00e3o na Micareta atrav\u00e9s de\u00a0 emenda parlamentar"},"content":{"rendered":"\n<p>O evento de segunda-feira p\u00f3s-festa foi viabilizado pelo deputado estadual Binho Galinha (PRD) que apresentou uma emenda parlamentar, e que foi prontamente acatada pelo prefeito Jos\u00e9 Ronaldo de Carvalho, com o objetivo de resgatar esse importante momento da cultura feirense. A retomada do Arrast\u00e3o que marca o encerramento da Micareta est\u00e1 programada para o dia 5 de maio, segunda-feira seguinte aos quatro dias oficiais de festa, que ocorrer\u00e3o entre 1\u00ba e 4 de maio. Este ano, o comando da celebra\u00e7\u00e3o ficar\u00e1 por conta da banda Timbalada.<\/p>\n\n\n\n<p>Segundo Binho Galinha, a iniciativa visa valorizar a cultura feirense e fortalecer a identidade popular da cidade.&nbsp; De acordo com o deputado, o arrast\u00e3o \u00e9 o momento em que o povo toma a avenida de forma mais livre, mais aut\u00eantica e celebra a passagem da Micareta e a manuten\u00e7\u00e3o dessa tradi\u00e7\u00e3o \u00e9 importante para Feira.<\/p>\n\n\n\n<p>Para o parlamentar, a retomada do Arrast\u00e3o \u00e9 vista como uma vit\u00f3ria coletiva, que reafirma a import\u00e2ncia da colabora\u00e7\u00e3o entre o poder legislativo e o executivo, em prol da cultura e do bem-estar da popula\u00e7\u00e3o feirense.<\/p>\n\n\n\n<p class=\"has-text-align-right\"><strong><em>As informa\u00e7\u00f5es s\u00e3o do Jornal Folha do Estado<\/em><\/strong><\/p>\n","protected":false},"excerpt":{"rendered":"<p>O evento de segunda-feira p\u00f3s-festa foi viabilizado pelo deputado estadual Binho Galinha (PRD) que apresentou uma emenda parlamentar, e que foi prontamente acatada pelo prefeito Jos\u00e9 Ronaldo de Carvalho, com o objetivo de resgatar esse importante momento da cultura feirense. A retomada do Arrast\u00e3o que marca o encerramento da Micareta est\u00e1 programada para o dia [&hellip;]<\/p>\n","protected":false},"author":5,"featured_media":15555,"comment_status":"open","ping_status":"open","sticky":false,"template":"","format":"standard","meta":{"_monsterinsights_skip_tracking":false,"_monsterinsights_sitenote_active":false,"_monsterinsights_sitenote_note":"","_monsterinsights_sitenote_category":0,"footnotes":""},"categories":[39],"tags":[],"yoast_head":"<!-- This site is optimized with the Yoast SEO plugin v22.9 - https:\/\/yoast.com\/wordpress\/plugins\/seo\/ -->\n<title>Deputado Binho Galinha resgata tradi\u00e7\u00e3o do Arrast\u00e3o na Micareta atrav\u00e9s de\u00a0 emenda parlamentar - Portal MF<\/title>\n<meta name=\"robots\" content=\"index, follow, max-snippet:-1, max-image-preview:large, max-video-preview:-1\" \/>\n<link rel=\"canonical\" href=\"https:\/\/portalmf.com.br\/index.php\/2025\/04\/11\/deputado-binho-galinha-resgata-tradicao-do-arrastao-na-micareta-atraves-de-emenda-parlamentar\/\" \/>\n<meta property=\"og:locale\" content=\"pt_BR\" \/>\n<meta property=\"og:type\" content=\"article\" \/>\n<meta property=\"og:title\" content=\"Deputado Binho Galinha resgata tradi\u00e7\u00e3o do Arrast\u00e3o na Micareta atrav\u00e9s de\u00a0 emenda parlamentar - Portal MF\" \/>\n<meta property=\"og:description\" content=\"O evento de segunda-feira p\u00f3s-festa foi viabilizado pelo deputado estadual Binho Galinha (PRD) que apresentou uma emenda parlamentar, e que foi prontamente acatada pelo prefeito Jos\u00e9 Ronaldo de Carvalho, com o objetivo de resgatar esse importante momento da cultura feirense. A retomada do Arrast\u00e3o que marca o encerramento da Micareta est\u00e1 programada para o dia [&hellip;]\" \/>\n<meta property=\"og:url\" content=\"https:\/\/portalmf.com.br\/index.php\/2025\/04\/11\/deputado-binho-galinha-resgata-tradicao-do-arrastao-na-micareta-atraves-de-emenda-parlamentar\/\" \/>\n<meta property=\"og:site_name\" content=\"Portal MF\" \/>\n<meta property=\"article:published_time\" content=\"2025-04-11T21:34:34+00:00\" \/>\n<meta property=\"article:modified_time\" content=\"2025-04-11T21:36:54+00:00\" \/>\n<meta property=\"og:image\" content=\"https:\/\/portalmf.com.br\/wp-content\/uploads\/2023\/08\/Deputado-Binho-Galinha.jpeg\" \/>\n\t<meta property=\"og:image:width\" content=\"1600\" \/>\n\t<meta property=\"og:image:height\" content=\"900\" \/>\n\t<meta property=\"og:image:type\" content=\"image\/jpeg\" \/>\n<meta name=\"author\" content=\"Lila Oliveira\" \/>\n<meta name=\"twitter:card\" content=\"summary_large_image\" \/>\n<meta name=\"twitter:label1\" content=\"Escrito por\" \/>\n\t<meta name=\"twitter:data1\" content=\"Lila Oliveira\" \/>\n\t<meta name=\"twitter:label2\" content=\"Est. tempo de leitura\" \/>\n\t<meta name=\"twitter:data2\" content=\"2 minutos\" \/>\n<script type=\"application\/ld+json\" class=\"yoast-schema-graph\">{\"@context\":\"https:\/\/schema.org\",\"@graph\":[{\"@type\":\"WebPage\",\"@id\":\"https:\/\/portalmf.com.br\/index.php\/2025\/04\/11\/deputado-binho-galinha-resgata-tradicao-do-arrastao-na-micareta-atraves-de-emenda-parlamentar\/\",\"url\":\"https:\/\/portalmf.com.br\/index.php\/2025\/04\/11\/deputado-binho-galinha-resgata-tradicao-do-arrastao-na-micareta-atraves-de-emenda-parlamentar\/\",\"name\":\"Deputado Binho Galinha resgata tradi\u00e7\u00e3o do Arrast\u00e3o na Micareta atrav\u00e9s de\u00a0 emenda parlamentar - Portal MF\",\"isPartOf\":{\"@id\":\"https:\/\/portalmf.com.br\/#website\"},\"primaryImageOfPage\":{\"@id\":\"https:\/\/portalmf.com.br\/index.php\/2025\/04\/11\/deputado-binho-galinha-resgata-tradicao-do-arrastao-na-micareta-atraves-de-emenda-parlamentar\/#primaryimage\"},\"image\":{\"@id\":\"https:\/\/portalmf.com.br\/index.php\/2025\/04\/11\/deputado-binho-galinha-resgata-tradicao-do-arrastao-na-micareta-atraves-de-emenda-parlamentar\/#primaryimage\"},\"thumbnailUrl\":\"https:\/\/portalmf.com.br\/wp-content\/uploads\/2023\/08\/Deputado-Binho-Galinha.jpeg\",\"datePublished\":\"2025-04-11T21:34:34+00:00\",\"dateModified\":\"2025-04-11T21:36:54+00:00\",\"author\":{\"@id\":\"https:\/\/portalmf.com.br\/#\/schema\/person\/19071c375ee7579b7300dd91d656ff97\"},\"breadcrumb\":{\"@id\":\"https:\/\/portalmf.com.br\/index.php\/2025\/04\/11\/deputado-binho-galinha-resgata-tradicao-do-arrastao-na-micareta-atraves-de-emenda-parlamentar\/#breadcrumb\"},\"inLanguage\":\"pt-BR\",\"potentialAction\":[{\"@type\":\"ReadAction\",\"target\":[\"https:\/\/portalmf.com.br\/index.php\/2025\/04\/11\/deputado-binho-galinha-resgata-tradicao-do-arrastao-na-micareta-atraves-de-emenda-parlamentar\/\"]}]},{\"@type\":\"ImageObject\",\"inLanguage\":\"pt-BR\",\"@id\":\"https:\/\/portalmf.com.br\/index.php\/2025\/04\/11\/deputado-binho-galinha-resgata-tradicao-do-arrastao-na-micareta-atraves-de-emenda-parlamentar\/#primaryimage\",\"url\":\"https:\/\/portalmf.com.br\/wp-content\/uploads\/2023\/08\/Deputado-Binho-Galinha.jpeg\",\"contentUrl\":\"https:\/\/portalmf.com.br\/wp-content\/uploads\/2023\/08\/Deputado-Binho-Galinha.jpeg\",\"width\":1600,\"height\":900},{\"@type\":\"BreadcrumbList\",\"@id\":\"https:\/\/portalmf.com.br\/index.php\/2025\/04\/11\/deputado-binho-galinha-resgata-tradicao-do-arrastao-na-micareta-atraves-de-emenda-parlamentar\/#breadcrumb\",\"itemListElement\":[{\"@type\":\"ListItem\",\"position\":1,\"name\":\"In\u00edcio\",\"item\":\"https:\/\/portalmf.com.br\/\"},{\"@type\":\"ListItem\",\"position\":2,\"name\":\"Deputado Binho Galinha resgata tradi\u00e7\u00e3o do Arrast\u00e3o na Micareta atrav\u00e9s de\u00a0 emenda parlamentar\"}]},{\"@type\":\"WebSite\",\"@id\":\"https:\/\/portalmf.com.br\/#website\",\"url\":\"https:\/\/portalmf.com.br\/\",\"name\":\"Portal MF\",\"description\":\"Voc\u00ea conectado com a informa\u00e7\u00e3o\",\"potentialAction\":[{\"@type\":\"SearchAction\",\"target\":{\"@type\":\"EntryPoint\",\"urlTemplate\":\"https:\/\/portalmf.com.br\/?s={search_term_string}\"},\"query-input\":\"required name=search_term_string\"}],\"inLanguage\":\"pt-BR\"},{\"@type\":\"Person\",\"@id\":\"https:\/\/portalmf.com.br\/#\/schema\/person\/19071c375ee7579b7300dd91d656ff97\",\"name\":\"Lila Oliveira\",\"image\":{\"@type\":\"ImageObject\",\"inLanguage\":\"pt-BR\",\"@id\":\"https:\/\/portalmf.com.br\/#\/schema\/person\/image\/\",\"url\":\"https:\/\/secure.gravatar.com\/avatar\/344958fa973c4e824a6dde1b63c19431?s=96&d=mm&r=g\",\"contentUrl\":\"https:\/\/secure.gravatar.com\/avatar\/344958fa973c4e824a6dde1b63c19431?s=96&d=mm&r=g\",\"caption\":\"Lila Oliveira\"},\"sameAs\":[\"https:\/\/portalmf.com.br\/\"],\"url\":\"https:\/\/portalmf.com.br\/index.php\/author\/lilaoliveira\/\"}]}<\/script>\n<!-- \/ Yoast SEO plugin. -->","yoast_head_json":{"title":"Deputado Binho Galinha resgata tradi\u00e7\u00e3o do Arrast\u00e3o na Micareta atrav\u00e9s de\u00a0 emenda parlamentar - Portal MF","robots":{"index":"index","follow":"follow","max-snippet":"max-snippet:-1","max-image-preview":"max-image-preview:large","max-video-preview":"max-video-preview:-1"},"canonical":"https:\/\/portalmf.com.br\/index.php\/2025\/04\/11\/deputado-binho-galinha-resgata-tradicao-do-arrastao-na-micareta-atraves-de-emenda-parlamentar\/","og_locale":"pt_BR","og_type":"article","og_title":"Deputado Binho Galinha resgata tradi\u00e7\u00e3o do Arrast\u00e3o na Micareta atrav\u00e9s de\u00a0 emenda parlamentar - Portal MF","og_description":"O evento de segunda-feira p\u00f3s-festa foi viabilizado pelo deputado estadual Binho Galinha (PRD) que apresentou uma emenda parlamentar, e que foi prontamente acatada pelo prefeito Jos\u00e9 Ronaldo de Carvalho, com o objetivo de resgatar esse importante momento da cultura feirense. A retomada do Arrast\u00e3o que marca o encerramento da Micareta est\u00e1 programada para o dia [&hellip;]","og_url":"https:\/\/portalmf.com.br\/index.php\/2025\/04\/11\/deputado-binho-galinha-resgata-tradicao-do-arrastao-na-micareta-atraves-de-emenda-parlamentar\/","og_site_name":"Portal MF","article_published_time":"2025-04-11T21:34:34+00:00","article_modified_time":"2025-04-11T21:36:54+00:00","og_image":[{"width":1600,"height":900,"url":"https:\/\/portalmf.com.br\/wp-content\/uploads\/2023\/08\/Deputado-Binho-Galinha.jpeg","type":"image\/jpeg"}],"author":"Lila Oliveira","twitter_card":"summary_large_image","twitter_misc":{"Escrito por":"Lila Oliveira","Est. tempo de leitura":"2 minutos"},"schema":{"@context":"https:\/\/schema.org","@graph":[{"@type":"WebPage","@id":"https:\/\/portalmf.com.br\/index.php\/2025\/04\/11\/deputado-binho-galinha-resgata-tradicao-do-arrastao-na-micareta-atraves-de-emenda-parlamentar\/","url":"https:\/\/portalmf.com.br\/index.php\/2025\/04\/11\/deputado-binho-galinha-resgata-tradicao-do-arrastao-na-micareta-atraves-de-emenda-parlamentar\/","name":"Deputado Binho Galinha resgata tradi\u00e7\u00e3o do Arrast\u00e3o na Micareta atrav\u00e9s de\u00a0 emenda parlamentar - Portal MF","isPartOf":{"@id":"https:\/\/portalmf.com.br\/#website"},"primaryImageOfPage":{"@id":"https:\/\/portalmf.com.br\/index.php\/2025\/04\/11\/deputado-binho-galinha-resgata-tradicao-do-arrastao-na-micareta-atraves-de-emenda-parlamentar\/#primaryimage"},"image":{"@id":"https:\/\/portalmf.com.br\/index.php\/2025\/04\/11\/deputado-binho-galinha-resgata-tradicao-do-arrastao-na-micareta-atraves-de-emenda-parlamentar\/#primaryimage"},"thumbnailUrl":"https:\/\/portalmf.com.br\/wp-content\/uploads\/2023\/08\/Deputado-Binho-Galinha.jpeg","datePublished":"2025-04-11T21:34:34+00:00","dateModified":"2025-04-11T21:36:54+00:00","author":{"@id":"https:\/\/portalmf.com.br\/#\/schema\/person\/19071c375ee7579b7300dd91d656ff97"},"breadcrumb":{"@id":"https:\/\/portalmf.com.br\/index.php\/2025\/04\/11\/deputado-binho-galinha-resgata-tradicao-do-arrastao-na-micareta-atraves-de-emenda-parlamentar\/#breadcrumb"},"inLanguage":"pt-BR","potentialAction":[{"@type":"ReadAction","target":["https:\/\/portalmf.com.br\/index.php\/2025\/04\/11\/deputado-binho-galinha-resgata-tradicao-do-arrastao-na-micareta-atraves-de-emenda-parlamentar\/"]}]},{"@type":"ImageObject","inLanguage":"pt-BR","@id":"https:\/\/portalmf.com.br\/index.php\/2025\/04\/11\/deputado-binho-galinha-resgata-tradicao-do-arrastao-na-micareta-atraves-de-emenda-parlamentar\/#primaryimage","url":"https:\/\/portalmf.com.br\/wp-content\/uploads\/2023\/08\/Deputado-Binho-Galinha.jpeg","contentUrl":"https:\/\/portalmf.com.br\/wp-content\/uploads\/2023\/08\/Deputado-Binho-Galinha.jpeg","width":1600,"height":900},{"@type":"BreadcrumbList","@id":"https:\/\/portalmf.com.br\/index.php\/2025\/04\/11\/deputado-binho-galinha-resgata-tradicao-do-arrastao-na-micareta-atraves-de-emenda-parlamentar\/#breadcrumb","itemListElement":[{"@type":"ListItem","position":1,"name":"In\u00edcio","item":"https:\/\/portalmf.com.br\/"},{"@type":"ListItem","position":2,"name":"Deputado Binho Galinha resgata tradi\u00e7\u00e3o do Arrast\u00e3o na Micareta atrav\u00e9s de\u00a0 emenda parlamentar"}]},{"@type":"WebSite","@id":"https:\/\/portalmf.com.br\/#website","url":"https:\/\/portalmf.com.br\/","name":"Portal MF","description":"Voc\u00ea conectado com a informa\u00e7\u00e3o","potentialAction":[{"@type":"SearchAction","target":{"@type":"EntryPoint","urlTemplate":"https:\/\/portalmf.com.br\/?s={search_term_string}"},"query-input":"required name=search_term_string"}],"inLanguage":"pt-BR"},{"@type":"Person","@id":"https:\/\/portalmf.com.br\/#\/schema\/person\/19071c375ee7579b7300dd91d656ff97","name":"Lila Oliveira","image":{"@type":"ImageObject","inLanguage":"pt-BR","@id":"https:\/\/portalmf.com.br\/#\/schema\/person\/image\/","url":"https:\/\/secure.gravatar.com\/avatar\/344958fa973c4e824a6dde1b63c19431?s=96&d=mm&r=g","contentUrl":"https:\/\/secure.gravatar.com\/avatar\/344958fa973c4e824a6dde1b63c19431?s=96&d=mm&r=g","caption":"Lila Oliveira"},"sameAs":["https:\/\/portalmf.com.br\/"],"url":"https:\/\/portalmf.com.br\/index.php\/author\/lilaoliveira\/"}]}},"_links":{"self":[{"href":"https:\/\/portalmf.com.br\/index.php\/wp-json\/wp\/v2\/posts\/35450"}],"collection":[{"href":"https:\/\/portalmf.com.br\/index.php\/wp-json\/wp\/v2\/posts"}],"about":[{"href":"https:\/\/portalmf.com.br\/index.php\/wp-json\/wp\/v2\/types\/post"}],"author":[{"embeddable":true,"href":"https:\/\/portalmf.com.br\/index.php\/wp-json\/wp\/v2\/users\/5"}],"replies":[{"embeddable":true,"href":"https:\/\/portalmf.com.br\/index.php\/wp-json\/wp\/v2\/comments?post=35450"}],"version-history":[{"count":1,"href":"https:\/\/portalmf.com.br\/index.php\/wp-json\/wp\/v2\/posts\/35450\/revisions"}],"predecessor-version":[{"id":35451,"href":"https:\/\/portalmf.com.br\/index.php\/wp-json\/wp\/v2\/posts\/35450\/revisions\/35451"}],"wp:featuredmedia":[{"embeddable":true,"href":"https:\/\/portalmf.com.br\/index.php\/wp-json\/wp\/v2\/media\/15555"}],"wp:attachment":[{"href":"https:\/\/portalmf.com.br\/index.php\/wp-json\/wp\/v2\/media?parent=35450"}],"wp:term":[{"taxonomy":"category","embeddable":true,"href":"https:\/\/portalmf.com.br\/index.php\/wp-json\/wp\/v2\/categories?post=35450"},{"taxonomy":"post_tag","embeddable":true,"href":"https:\/\/portalmf.com.br\/index.php\/wp-json\/wp\/v2\/tags?post=35450"}],"curies":[{"name":"wp","href":"https:\/\/api.w.org\/{rel}","templated":true}]}}