{"id":35448,"date":"2025-04-11T18:31:46","date_gmt":"2025-04-11T21:31:46","guid":{"rendered":"https:\/\/portalmf.com.br\/?p=35448"},"modified":"2025-04-11T18:31:46","modified_gmt":"2025-04-11T21:31:46","slug":"mambolada-lanca-forro-da-mambo-com-releituras-marcantes-para-o-sao-joao","status":"publish","type":"post","link":"https:\/\/portalmf.com.br\/index.php\/2025\/04\/11\/mambolada-lanca-forro-da-mambo-com-releituras-marcantes-para-o-sao-joao\/","title":{"rendered":"Mambolada lan\u00e7a \u201cForr\u00f3 da Mambo\u201d com releituras marcantes para o S\u00e3o Jo\u00e3o"},"content":{"rendered":"\n<p>A Mambolada chega com tudo para esquentar o S\u00e3o Jo\u00e3o e acaba de lan\u00e7ar o novo EP &#8220;Forr\u00f3 da Mambo Vol. 2&#8221;, um pot-pourri especial que reinventa cl\u00e1ssicos do forr\u00f3 com a identidade inconfund\u00edvel do grupo. Com batidas latinas, uma pegada caliente e o ritmo envolvente da lambada, o projeto promete transformar a tradi\u00e7\u00e3o em pura dan\u00e7a e energia.<\/p>\n\n\n\n<p>O EP traz seis faixas, que resgatam sucessos do forr\u00f3 sob uma nova perspectiva. No repert\u00f3rio, Raz\u00f5es (Ferreira Filho), Verdadeiro Amor (Washigton Marcelo), Me Usa (Jotinha e Gino Liver), Meu Vaqueiro, Meu Pe\u00e3o (Rita de C\u00e1ssia), Massa de Mandioca (Jeov\u00e1 de Carvalho) e Jura (Ari PB). Com o lema &#8220;O S\u00e3o Jo\u00e3o mais caliente que voc\u00ea j\u00e1 viu&#8221;, a Mambolada aposta na mistura de tradi\u00e7\u00e3o e inova\u00e7\u00e3o para embalar os festejos juninos.<\/p>\n\n\n\n<p>Para conferir, basta acessar e escolher a plataforma de prefer\u00eancia, ou atrav\u00e9s do canal da banda no YouTube.<\/p>\n\n\n\n<figure class=\"wp-block-embed is-type-video is-provider-youtube wp-block-embed-youtube wp-embed-aspect-16-9 wp-has-aspect-ratio\"><div class=\"wp-block-embed__wrapper\">\n<iframe title=\"FORR\u00d3 DA MAMBO VOL - 02\" width=\"696\" height=\"392\" src=\"https:\/\/www.youtube.com\/embed\/dpifnQeFg7U?feature=oembed\" frameborder=\"0\" allow=\"accelerometer; autoplay; clipboard-write; encrypted-media; gyroscope; picture-in-picture; web-share\" referrerpolicy=\"strict-origin-when-cross-origin\" allowfullscreen><\/iframe>\n<\/div><\/figure>\n\n\n\n<p>\u201cO S\u00e3o Jo\u00e3o \u00e9 o ponto alto da m\u00fasica e da cultura nordestina, e nosso prop\u00f3sito, al\u00e9m de homenagear o forr\u00f3 e os cl\u00e1ssicos, \u00e9 celebrar com o p\u00fablico, mostrando a nossa vers\u00e3o, com aquela pitada de ritmo caliente dentro das m\u00fasicas. \u00c9 um EP feito para quem ama festa, dan\u00e7a e boa m\u00fasica\u201d, conta Rafique Saade, vocalista da Mambolada.<\/p>\n","protected":false},"excerpt":{"rendered":"<p>A Mambolada chega com tudo para esquentar o S\u00e3o Jo\u00e3o e acaba de lan\u00e7ar o novo EP &#8220;Forr\u00f3 da Mambo Vol. 2&#8221;, um pot-pourri especial que reinventa cl\u00e1ssicos do forr\u00f3 com a identidade inconfund\u00edvel do grupo. Com batidas latinas, uma pegada caliente e o ritmo envolvente da lambada, o projeto promete transformar a tradi\u00e7\u00e3o em [&hellip;]<\/p>\n","protected":false},"author":3,"featured_media":31936,"comment_status":"open","ping_status":"open","sticky":false,"template":"","format":"standard","meta":{"_monsterinsights_skip_tracking":false,"_monsterinsights_sitenote_active":false,"_monsterinsights_sitenote_note":"","_monsterinsights_sitenote_category":0,"footnotes":""},"categories":[36],"tags":[],"yoast_head":"<!-- This site is optimized with the Yoast SEO plugin v22.9 - https:\/\/yoast.com\/wordpress\/plugins\/seo\/ -->\n<title>Mambolada lan\u00e7a \u201cForr\u00f3 da Mambo\u201d com releituras marcantes para o S\u00e3o Jo\u00e3o - Portal MF<\/title>\n<meta name=\"robots\" content=\"index, follow, max-snippet:-1, max-image-preview:large, max-video-preview:-1\" \/>\n<link rel=\"canonical\" href=\"https:\/\/portalmf.com.br\/index.php\/2025\/04\/11\/mambolada-lanca-forro-da-mambo-com-releituras-marcantes-para-o-sao-joao\/\" \/>\n<meta property=\"og:locale\" content=\"pt_BR\" \/>\n<meta property=\"og:type\" content=\"article\" \/>\n<meta property=\"og:title\" content=\"Mambolada lan\u00e7a \u201cForr\u00f3 da Mambo\u201d com releituras marcantes para o S\u00e3o Jo\u00e3o - Portal MF\" \/>\n<meta property=\"og:description\" content=\"A Mambolada chega com tudo para esquentar o S\u00e3o Jo\u00e3o e acaba de lan\u00e7ar o novo EP &#8220;Forr\u00f3 da Mambo Vol. 2&#8221;, um pot-pourri especial que reinventa cl\u00e1ssicos do forr\u00f3 com a identidade inconfund\u00edvel do grupo. Com batidas latinas, uma pegada caliente e o ritmo envolvente da lambada, o projeto promete transformar a tradi\u00e7\u00e3o em [&hellip;]\" \/>\n<meta property=\"og:url\" content=\"https:\/\/portalmf.com.br\/index.php\/2025\/04\/11\/mambolada-lanca-forro-da-mambo-com-releituras-marcantes-para-o-sao-joao\/\" \/>\n<meta property=\"og:site_name\" content=\"Portal MF\" \/>\n<meta property=\"article:author\" content=\"https:\/\/www.facebook.com\/portalmfoficial\" \/>\n<meta property=\"article:published_time\" content=\"2025-04-11T21:31:46+00:00\" \/>\n<meta property=\"og:image\" content=\"https:\/\/portalmf.com.br\/wp-content\/uploads\/2024\/11\/RAFIQUE-2.jpg\" \/>\n\t<meta property=\"og:image:width\" content=\"1200\" \/>\n\t<meta property=\"og:image:height\" content=\"774\" \/>\n\t<meta property=\"og:image:type\" content=\"image\/jpeg\" \/>\n<meta name=\"author\" content=\"Reda\u00e7\u00e3o Portal MF\" \/>\n<meta name=\"twitter:card\" content=\"summary_large_image\" \/>\n<meta name=\"twitter:creator\" content=\"@https:\/\/x.com\/portalmfoficial\" \/>\n<meta name=\"twitter:label1\" content=\"Escrito por\" \/>\n\t<meta name=\"twitter:data1\" content=\"Reda\u00e7\u00e3o Portal MF\" \/>\n\t<meta name=\"twitter:label2\" content=\"Est. tempo de leitura\" \/>\n\t<meta name=\"twitter:data2\" content=\"2 minutos\" \/>\n<script type=\"application\/ld+json\" class=\"yoast-schema-graph\">{\"@context\":\"https:\/\/schema.org\",\"@graph\":[{\"@type\":\"WebPage\",\"@id\":\"https:\/\/portalmf.com.br\/index.php\/2025\/04\/11\/mambolada-lanca-forro-da-mambo-com-releituras-marcantes-para-o-sao-joao\/\",\"url\":\"https:\/\/portalmf.com.br\/index.php\/2025\/04\/11\/mambolada-lanca-forro-da-mambo-com-releituras-marcantes-para-o-sao-joao\/\",\"name\":\"Mambolada lan\u00e7a \u201cForr\u00f3 da Mambo\u201d com releituras marcantes para o S\u00e3o Jo\u00e3o - Portal MF\",\"isPartOf\":{\"@id\":\"https:\/\/portalmf.com.br\/#website\"},\"primaryImageOfPage\":{\"@id\":\"https:\/\/portalmf.com.br\/index.php\/2025\/04\/11\/mambolada-lanca-forro-da-mambo-com-releituras-marcantes-para-o-sao-joao\/#primaryimage\"},\"image\":{\"@id\":\"https:\/\/portalmf.com.br\/index.php\/2025\/04\/11\/mambolada-lanca-forro-da-mambo-com-releituras-marcantes-para-o-sao-joao\/#primaryimage\"},\"thumbnailUrl\":\"https:\/\/portalmf.com.br\/wp-content\/uploads\/2024\/11\/RAFIQUE-2.jpg\",\"datePublished\":\"2025-04-11T21:31:46+00:00\",\"dateModified\":\"2025-04-11T21:31:46+00:00\",\"author\":{\"@id\":\"https:\/\/portalmf.com.br\/#\/schema\/person\/9ec101baf56233e53520c26de5d6f6f0\"},\"breadcrumb\":{\"@id\":\"https:\/\/portalmf.com.br\/index.php\/2025\/04\/11\/mambolada-lanca-forro-da-mambo-com-releituras-marcantes-para-o-sao-joao\/#breadcrumb\"},\"inLanguage\":\"pt-BR\",\"potentialAction\":[{\"@type\":\"ReadAction\",\"target\":[\"https:\/\/portalmf.com.br\/index.php\/2025\/04\/11\/mambolada-lanca-forro-da-mambo-com-releituras-marcantes-para-o-sao-joao\/\"]}]},{\"@type\":\"ImageObject\",\"inLanguage\":\"pt-BR\",\"@id\":\"https:\/\/portalmf.com.br\/index.php\/2025\/04\/11\/mambolada-lanca-forro-da-mambo-com-releituras-marcantes-para-o-sao-joao\/#primaryimage\",\"url\":\"https:\/\/portalmf.com.br\/wp-content\/uploads\/2024\/11\/RAFIQUE-2.jpg\",\"contentUrl\":\"https:\/\/portalmf.com.br\/wp-content\/uploads\/2024\/11\/RAFIQUE-2.jpg\",\"width\":1200,\"height\":774},{\"@type\":\"BreadcrumbList\",\"@id\":\"https:\/\/portalmf.com.br\/index.php\/2025\/04\/11\/mambolada-lanca-forro-da-mambo-com-releituras-marcantes-para-o-sao-joao\/#breadcrumb\",\"itemListElement\":[{\"@type\":\"ListItem\",\"position\":1,\"name\":\"In\u00edcio\",\"item\":\"https:\/\/portalmf.com.br\/\"},{\"@type\":\"ListItem\",\"position\":2,\"name\":\"Mambolada lan\u00e7a \u201cForr\u00f3 da Mambo\u201d com releituras marcantes para o S\u00e3o Jo\u00e3o\"}]},{\"@type\":\"WebSite\",\"@id\":\"https:\/\/portalmf.com.br\/#website\",\"url\":\"https:\/\/portalmf.com.br\/\",\"name\":\"Portal MF\",\"description\":\"Voc\u00ea conectado com a informa\u00e7\u00e3o\",\"potentialAction\":[{\"@type\":\"SearchAction\",\"target\":{\"@type\":\"EntryPoint\",\"urlTemplate\":\"https:\/\/portalmf.com.br\/?s={search_term_string}\"},\"query-input\":\"required name=search_term_string\"}],\"inLanguage\":\"pt-BR\"},{\"@type\":\"Person\",\"@id\":\"https:\/\/portalmf.com.br\/#\/schema\/person\/9ec101baf56233e53520c26de5d6f6f0\",\"name\":\"Reda\u00e7\u00e3o Portal MF\",\"image\":{\"@type\":\"ImageObject\",\"inLanguage\":\"pt-BR\",\"@id\":\"https:\/\/portalmf.com.br\/#\/schema\/person\/image\/\",\"url\":\"https:\/\/secure.gravatar.com\/avatar\/41b9aaeb2100835f7c64362330f74c7f?s=96&d=mm&r=g\",\"contentUrl\":\"https:\/\/secure.gravatar.com\/avatar\/41b9aaeb2100835f7c64362330f74c7f?s=96&d=mm&r=g\",\"caption\":\"Reda\u00e7\u00e3o Portal MF\"},\"description\":\"Sejam bem-vindos o portal de informa\u00e7\u00f5es de entretenimento de Feira de Santana, desde 2006 realiza coberturas dos principais eventos com entrevistas exclusivas com as principais personalidades mundiais. Fique conectado tamb\u00e9m nas redes sociais.\",\"sameAs\":[\"http:\/\/www.portalmf.com.br\/\",\"https:\/\/www.facebook.com\/portalmfoficial\",\"https:\/\/www.instagram.com\/portalmf\/\",\"https:\/\/x.com\/https:\/\/x.com\/portalmfoficial\",\"https:\/\/www.youtube.com\/@portalmfoficial\"],\"url\":\"https:\/\/portalmf.com.br\/index.php\/author\/junior\/\"}]}<\/script>\n<!-- \/ Yoast SEO plugin. -->","yoast_head_json":{"title":"Mambolada lan\u00e7a \u201cForr\u00f3 da Mambo\u201d com releituras marcantes para o S\u00e3o Jo\u00e3o - Portal MF","robots":{"index":"index","follow":"follow","max-snippet":"max-snippet:-1","max-image-preview":"max-image-preview:large","max-video-preview":"max-video-preview:-1"},"canonical":"https:\/\/portalmf.com.br\/index.php\/2025\/04\/11\/mambolada-lanca-forro-da-mambo-com-releituras-marcantes-para-o-sao-joao\/","og_locale":"pt_BR","og_type":"article","og_title":"Mambolada lan\u00e7a \u201cForr\u00f3 da Mambo\u201d com releituras marcantes para o S\u00e3o Jo\u00e3o - Portal MF","og_description":"A Mambolada chega com tudo para esquentar o S\u00e3o Jo\u00e3o e acaba de lan\u00e7ar o novo EP &#8220;Forr\u00f3 da Mambo Vol. 2&#8221;, um pot-pourri especial que reinventa cl\u00e1ssicos do forr\u00f3 com a identidade inconfund\u00edvel do grupo. Com batidas latinas, uma pegada caliente e o ritmo envolvente da lambada, o projeto promete transformar a tradi\u00e7\u00e3o em [&hellip;]","og_url":"https:\/\/portalmf.com.br\/index.php\/2025\/04\/11\/mambolada-lanca-forro-da-mambo-com-releituras-marcantes-para-o-sao-joao\/","og_site_name":"Portal MF","article_author":"https:\/\/www.facebook.com\/portalmfoficial","article_published_time":"2025-04-11T21:31:46+00:00","og_image":[{"width":1200,"height":774,"url":"https:\/\/portalmf.com.br\/wp-content\/uploads\/2024\/11\/RAFIQUE-2.jpg","type":"image\/jpeg"}],"author":"Reda\u00e7\u00e3o Portal MF","twitter_card":"summary_large_image","twitter_creator":"@https:\/\/x.com\/portalmfoficial","twitter_misc":{"Escrito por":"Reda\u00e7\u00e3o Portal MF","Est. tempo de leitura":"2 minutos"},"schema":{"@context":"https:\/\/schema.org","@graph":[{"@type":"WebPage","@id":"https:\/\/portalmf.com.br\/index.php\/2025\/04\/11\/mambolada-lanca-forro-da-mambo-com-releituras-marcantes-para-o-sao-joao\/","url":"https:\/\/portalmf.com.br\/index.php\/2025\/04\/11\/mambolada-lanca-forro-da-mambo-com-releituras-marcantes-para-o-sao-joao\/","name":"Mambolada lan\u00e7a \u201cForr\u00f3 da Mambo\u201d com releituras marcantes para o S\u00e3o Jo\u00e3o - Portal MF","isPartOf":{"@id":"https:\/\/portalmf.com.br\/#website"},"primaryImageOfPage":{"@id":"https:\/\/portalmf.com.br\/index.php\/2025\/04\/11\/mambolada-lanca-forro-da-mambo-com-releituras-marcantes-para-o-sao-joao\/#primaryimage"},"image":{"@id":"https:\/\/portalmf.com.br\/index.php\/2025\/04\/11\/mambolada-lanca-forro-da-mambo-com-releituras-marcantes-para-o-sao-joao\/#primaryimage"},"thumbnailUrl":"https:\/\/portalmf.com.br\/wp-content\/uploads\/2024\/11\/RAFIQUE-2.jpg","datePublished":"2025-04-11T21:31:46+00:00","dateModified":"2025-04-11T21:31:46+00:00","author":{"@id":"https:\/\/portalmf.com.br\/#\/schema\/person\/9ec101baf56233e53520c26de5d6f6f0"},"breadcrumb":{"@id":"https:\/\/portalmf.com.br\/index.php\/2025\/04\/11\/mambolada-lanca-forro-da-mambo-com-releituras-marcantes-para-o-sao-joao\/#breadcrumb"},"inLanguage":"pt-BR","potentialAction":[{"@type":"ReadAction","target":["https:\/\/portalmf.com.br\/index.php\/2025\/04\/11\/mambolada-lanca-forro-da-mambo-com-releituras-marcantes-para-o-sao-joao\/"]}]},{"@type":"ImageObject","inLanguage":"pt-BR","@id":"https:\/\/portalmf.com.br\/index.php\/2025\/04\/11\/mambolada-lanca-forro-da-mambo-com-releituras-marcantes-para-o-sao-joao\/#primaryimage","url":"https:\/\/portalmf.com.br\/wp-content\/uploads\/2024\/11\/RAFIQUE-2.jpg","contentUrl":"https:\/\/portalmf.com.br\/wp-content\/uploads\/2024\/11\/RAFIQUE-2.jpg","width":1200,"height":774},{"@type":"BreadcrumbList","@id":"https:\/\/portalmf.com.br\/index.php\/2025\/04\/11\/mambolada-lanca-forro-da-mambo-com-releituras-marcantes-para-o-sao-joao\/#breadcrumb","itemListElement":[{"@type":"ListItem","position":1,"name":"In\u00edcio","item":"https:\/\/portalmf.com.br\/"},{"@type":"ListItem","position":2,"name":"Mambolada lan\u00e7a \u201cForr\u00f3 da Mambo\u201d com releituras marcantes para o S\u00e3o Jo\u00e3o"}]},{"@type":"WebSite","@id":"https:\/\/portalmf.com.br\/#website","url":"https:\/\/portalmf.com.br\/","name":"Portal MF","description":"Voc\u00ea conectado com a informa\u00e7\u00e3o","potentialAction":[{"@type":"SearchAction","target":{"@type":"EntryPoint","urlTemplate":"https:\/\/portalmf.com.br\/?s={search_term_string}"},"query-input":"required name=search_term_string"}],"inLanguage":"pt-BR"},{"@type":"Person","@id":"https:\/\/portalmf.com.br\/#\/schema\/person\/9ec101baf56233e53520c26de5d6f6f0","name":"Reda\u00e7\u00e3o Portal MF","image":{"@type":"ImageObject","inLanguage":"pt-BR","@id":"https:\/\/portalmf.com.br\/#\/schema\/person\/image\/","url":"https:\/\/secure.gravatar.com\/avatar\/41b9aaeb2100835f7c64362330f74c7f?s=96&d=mm&r=g","contentUrl":"https:\/\/secure.gravatar.com\/avatar\/41b9aaeb2100835f7c64362330f74c7f?s=96&d=mm&r=g","caption":"Reda\u00e7\u00e3o Portal MF"},"description":"Sejam bem-vindos o portal de informa\u00e7\u00f5es de entretenimento de Feira de Santana, desde 2006 realiza coberturas dos principais eventos com entrevistas exclusivas com as principais personalidades mundiais. Fique conectado tamb\u00e9m nas redes sociais.","sameAs":["http:\/\/www.portalmf.com.br\/","https:\/\/www.facebook.com\/portalmfoficial","https:\/\/www.instagram.com\/portalmf\/","https:\/\/x.com\/https:\/\/x.com\/portalmfoficial","https:\/\/www.youtube.com\/@portalmfoficial"],"url":"https:\/\/portalmf.com.br\/index.php\/author\/junior\/"}]}},"_links":{"self":[{"href":"https:\/\/portalmf.com.br\/index.php\/wp-json\/wp\/v2\/posts\/35448"}],"collection":[{"href":"https:\/\/portalmf.com.br\/index.php\/wp-json\/wp\/v2\/posts"}],"about":[{"href":"https:\/\/portalmf.com.br\/index.php\/wp-json\/wp\/v2\/types\/post"}],"author":[{"embeddable":true,"href":"https:\/\/portalmf.com.br\/index.php\/wp-json\/wp\/v2\/users\/3"}],"replies":[{"embeddable":true,"href":"https:\/\/portalmf.com.br\/index.php\/wp-json\/wp\/v2\/comments?post=35448"}],"version-history":[{"count":1,"href":"https:\/\/portalmf.com.br\/index.php\/wp-json\/wp\/v2\/posts\/35448\/revisions"}],"predecessor-version":[{"id":35449,"href":"https:\/\/portalmf.com.br\/index.php\/wp-json\/wp\/v2\/posts\/35448\/revisions\/35449"}],"wp:featuredmedia":[{"embeddable":true,"href":"https:\/\/portalmf.com.br\/index.php\/wp-json\/wp\/v2\/media\/31936"}],"wp:attachment":[{"href":"https:\/\/portalmf.com.br\/index.php\/wp-json\/wp\/v2\/media?parent=35448"}],"wp:term":[{"taxonomy":"category","embeddable":true,"href":"https:\/\/portalmf.com.br\/index.php\/wp-json\/wp\/v2\/categories?post=35448"},{"taxonomy":"post_tag","embeddable":true,"href":"https:\/\/portalmf.com.br\/index.php\/wp-json\/wp\/v2\/tags?post=35448"}],"curies":[{"name":"wp","href":"https:\/\/api.w.org\/{rel}","templated":true}]}}