{"id":3539,"date":"2022-08-24T10:42:00","date_gmt":"2022-08-24T13:42:00","guid":{"rendered":"http:\/\/portalmf.com.br\/?p=3539"},"modified":"2022-08-24T16:50:15","modified_gmt":"2022-08-24T19:50:15","slug":"lula-soma-417-das-intencoes-e-bolsonaro-tem-37-diz-parana-pesquisas","status":"publish","type":"post","link":"https:\/\/portalmf.com.br\/index.php\/2022\/08\/24\/lula-soma-417-das-intencoes-e-bolsonaro-tem-37-diz-parana-pesquisas\/","title":{"rendered":"\u00a0Lula soma 41,7% das inten\u00e7\u00f5es e Bolsonaro tem 37%, diz Paran\u00e1 Pesquisas"},"content":{"rendered":"\n<p>Novo levantamento do&nbsp;Paran\u00e1 Pesquisas&nbsp;divulgado na manh\u00e3 desta quarta-feira (24) mostra que o ex-presidente Luiz In\u00e1cio Lula da Silva (PT) continua na lideran\u00e7a pela corrida ao Planalto. O petista, segundo os dados, aparece com 41,7% das inten\u00e7\u00f5es de voto, enquanto o presidente Jair Bolsonaro (PL), tem&nbsp;37%.<\/p>\n\n\n\n<p>A dist\u00e2ncia entre os dois primeiros colocados \u00e9 de 4,7 pontos percentuais, superando a margem de erro da pesquisa de 2,2 pontos percentuais.&nbsp;<\/p>\n\n\n\n<p>Ainda no cen\u00e1rio estimulado \u2014 quando os candidatos s\u00e3o apresentados aos entrevistados \u2014, o nome de Ciro Gomes (PDT) aparece em terceiro lugar, com 7,3%, seguido de Simone Tebet (MDB), que tem 2,7%.<\/p>\n\n\n\n<p>Em rela\u00e7\u00e3o \u00e0 pesquisa divulgada em julho deste ano, os&nbsp;quatro candidatos oscilaram dentro da margem de erro. \u00c0 \u00e9poca, Lula tinha&nbsp;41,1%, Bolsonaro,&nbsp;35,1%, Ciro,&nbsp;7,4%, e Tebet,&nbsp;2,2%.<\/p>\n\n\n\n<p>Neste levantamento, os outros candidatos, como&nbsp;Pablo Mar\u00e7al, Vera L\u00facia, Eymael,&nbsp;Felipe D\u2019\u00c1vila,&nbsp;Leonardo P\u00e9ricles, Roberto Jefferson,&nbsp;Sofia Manzano e&nbsp;Soraya Thornicke pontuaram menos de 1%.<\/p>\n\n\n\n<p>Brancos e nulos somam 6% e os que n\u00e3o responderam ou n\u00e3o sabem, s\u00e3o 4,1%.<\/p>\n\n\n\n<p><strong>Pesquisa espont\u00e2nea<\/strong><\/p>\n\n\n\n<p>No cen\u00e1rio espont\u00e2neo \u2014 quando os nomes n\u00e3o s\u00e3o apresentados aos entrevistados \u2014, Lula tamb\u00e9m aparece na primeira posi\u00e7\u00e3o, com 30%, e Bolsonaro tem 26,5%.<\/p>\n\n\n\n<p>Em seguida, est\u00e3o Ciro Gomes, com 2,7%, e Tebet, com 1%. Os demais, n\u00e3o pontuam mais que 1% cada. Outros nomes citados somam 0,1%.<\/p>\n\n\n\n<p>Brancos e nulos s\u00e3o 5,9% e os que n\u00e3o sabem ou n\u00e3o responderam, 33,3%.<\/p>\n\n\n\n<p><strong>Veja os resultados do cen\u00e1rio espont\u00e2neo:<\/strong><\/p>\n\n\n\n<ul><li>Lula: 30%<\/li><li>Bolsonaro: 26,5%&nbsp;<\/li><li>Ciro Gomes:&nbsp;2,7%&nbsp;<\/li><li>Simone Tebet:&nbsp;1,0%&nbsp;<\/li><li>Pablo Mar\u00e7al: 0,2%<\/li><li>Eymael: 0,1%<\/li><li>Felipe D&#8217;Avila: 0,1%<\/li><li>Sofia Manzano: 0,1%<\/li><li>Soraya Thronicke: 0,1%<\/li><li>Outros nomes citados: 0,1%<\/li><li>Brancos \/ nulos \/ nenhum:&nbsp;5,9%&nbsp;<\/li><li>N\u00e3o sabe \/ n\u00e3o respondeu:&nbsp;33,3%&nbsp;<\/li><\/ul>\n\n\n\n<p>Para realizar a pesquisa, o instituto ouviu&nbsp;2.020 eleitores pessoalmente em 26 Estados e Distrito Federal e em 162 munic\u00edpios brasileiros entre os dias 19 e 23 de agosto. A pesquisa est\u00e1 registrada no Tribunal Superior Eleitoral (TSE) sob o no BR-03138\/2022 e tem n\u00edvel de confian\u00e7a&nbsp;de 95%.<\/p>\n\n\n\n<p>Com informa\u00e7\u00f5es do IG<\/p>\n","protected":false},"excerpt":{"rendered":"<p>Novo levantamento do&nbsp;Paran\u00e1 Pesquisas&nbsp;divulgado na manh\u00e3 desta quarta-feira (24) mostra que o ex-presidente Luiz In\u00e1cio Lula da Silva (PT) continua na lideran\u00e7a pela corrida ao Planalto. O petista, segundo os dados, aparece com 41,7% das inten\u00e7\u00f5es de voto, enquanto o presidente Jair Bolsonaro (PL), tem&nbsp;37%. A dist\u00e2ncia entre os dois primeiros colocados \u00e9 de 4,7 [&hellip;]<\/p>\n","protected":false},"author":2,"featured_media":3540,"comment_status":"open","ping_status":"open","sticky":false,"template":"","format":"standard","meta":{"_monsterinsights_skip_tracking":false,"_monsterinsights_sitenote_active":false,"_monsterinsights_sitenote_note":"","_monsterinsights_sitenote_category":0,"footnotes":""},"categories":[48,34],"tags":[],"yoast_head":"<!-- This site is optimized with the Yoast SEO plugin v22.9 - https:\/\/yoast.com\/wordpress\/plugins\/seo\/ -->\n<title>\u00a0Lula soma 41,7% das inten\u00e7\u00f5es e Bolsonaro tem 37%, diz Paran\u00e1 Pesquisas - Portal MF<\/title>\n<meta name=\"robots\" content=\"index, follow, max-snippet:-1, max-image-preview:large, max-video-preview:-1\" \/>\n<link rel=\"canonical\" href=\"https:\/\/portalmf.com.br\/index.php\/2022\/08\/24\/lula-soma-417-das-intencoes-e-bolsonaro-tem-37-diz-parana-pesquisas\/\" \/>\n<meta property=\"og:locale\" content=\"pt_BR\" \/>\n<meta property=\"og:type\" content=\"article\" \/>\n<meta property=\"og:title\" content=\"\u00a0Lula soma 41,7% das inten\u00e7\u00f5es e Bolsonaro tem 37%, diz Paran\u00e1 Pesquisas - Portal MF\" \/>\n<meta property=\"og:description\" content=\"Novo levantamento do&nbsp;Paran\u00e1 Pesquisas&nbsp;divulgado na manh\u00e3 desta quarta-feira (24) mostra que o ex-presidente Luiz In\u00e1cio Lula da Silva (PT) continua na lideran\u00e7a pela corrida ao Planalto. O petista, segundo os dados, aparece com 41,7% das inten\u00e7\u00f5es de voto, enquanto o presidente Jair Bolsonaro (PL), tem&nbsp;37%. A dist\u00e2ncia entre os dois primeiros colocados \u00e9 de 4,7 [&hellip;]\" \/>\n<meta property=\"og:url\" content=\"https:\/\/portalmf.com.br\/index.php\/2022\/08\/24\/lula-soma-417-das-intencoes-e-bolsonaro-tem-37-diz-parana-pesquisas\/\" \/>\n<meta property=\"og:site_name\" content=\"Portal MF\" \/>\n<meta property=\"article:author\" content=\"reginaldojrfsa\" \/>\n<meta property=\"article:published_time\" content=\"2022-08-24T13:42:00+00:00\" \/>\n<meta property=\"article:modified_time\" content=\"2022-08-24T19:50:15+00:00\" \/>\n<meta property=\"og:image\" content=\"https:\/\/portalmf.com.br\/wp-content\/uploads\/2022\/08\/lula_bolsonaro_presidencia.jpg\" \/>\n\t<meta property=\"og:image:width\" content=\"700\" \/>\n\t<meta property=\"og:image:height\" content=\"400\" \/>\n\t<meta property=\"og:image:type\" content=\"image\/jpeg\" \/>\n<meta name=\"author\" content=\"Reginaldo J\u00fanior\" \/>\n<meta name=\"twitter:card\" content=\"summary_large_image\" \/>\n<meta name=\"twitter:creator\" content=\"@reginaldojrmf\" \/>\n<meta name=\"twitter:label1\" content=\"Escrito por\" \/>\n\t<meta name=\"twitter:data1\" content=\"Reginaldo J\u00fanior\" \/>\n\t<meta name=\"twitter:label2\" content=\"Est. tempo de leitura\" \/>\n\t<meta name=\"twitter:data2\" content=\"2 minutos\" \/>\n<script type=\"application\/ld+json\" class=\"yoast-schema-graph\">{\"@context\":\"https:\/\/schema.org\",\"@graph\":[{\"@type\":\"WebPage\",\"@id\":\"https:\/\/portalmf.com.br\/index.php\/2022\/08\/24\/lula-soma-417-das-intencoes-e-bolsonaro-tem-37-diz-parana-pesquisas\/\",\"url\":\"https:\/\/portalmf.com.br\/index.php\/2022\/08\/24\/lula-soma-417-das-intencoes-e-bolsonaro-tem-37-diz-parana-pesquisas\/\",\"name\":\"\u00a0Lula soma 41,7% das inten\u00e7\u00f5es e Bolsonaro tem 37%, diz Paran\u00e1 Pesquisas - Portal MF\",\"isPartOf\":{\"@id\":\"https:\/\/portalmf.com.br\/#website\"},\"primaryImageOfPage\":{\"@id\":\"https:\/\/portalmf.com.br\/index.php\/2022\/08\/24\/lula-soma-417-das-intencoes-e-bolsonaro-tem-37-diz-parana-pesquisas\/#primaryimage\"},\"image\":{\"@id\":\"https:\/\/portalmf.com.br\/index.php\/2022\/08\/24\/lula-soma-417-das-intencoes-e-bolsonaro-tem-37-diz-parana-pesquisas\/#primaryimage\"},\"thumbnailUrl\":\"https:\/\/portalmf.com.br\/wp-content\/uploads\/2022\/08\/lula_bolsonaro_presidencia.jpg\",\"datePublished\":\"2022-08-24T13:42:00+00:00\",\"dateModified\":\"2022-08-24T19:50:15+00:00\",\"author\":{\"@id\":\"https:\/\/portalmf.com.br\/#\/schema\/person\/11c82086fe8abc05a19147e964587285\"},\"breadcrumb\":{\"@id\":\"https:\/\/portalmf.com.br\/index.php\/2022\/08\/24\/lula-soma-417-das-intencoes-e-bolsonaro-tem-37-diz-parana-pesquisas\/#breadcrumb\"},\"inLanguage\":\"pt-BR\",\"potentialAction\":[{\"@type\":\"ReadAction\",\"target\":[\"https:\/\/portalmf.com.br\/index.php\/2022\/08\/24\/lula-soma-417-das-intencoes-e-bolsonaro-tem-37-diz-parana-pesquisas\/\"]}]},{\"@type\":\"ImageObject\",\"inLanguage\":\"pt-BR\",\"@id\":\"https:\/\/portalmf.com.br\/index.php\/2022\/08\/24\/lula-soma-417-das-intencoes-e-bolsonaro-tem-37-diz-parana-pesquisas\/#primaryimage\",\"url\":\"https:\/\/portalmf.com.br\/wp-content\/uploads\/2022\/08\/lula_bolsonaro_presidencia.jpg\",\"contentUrl\":\"https:\/\/portalmf.com.br\/wp-content\/uploads\/2022\/08\/lula_bolsonaro_presidencia.jpg\",\"width\":700,\"height\":400},{\"@type\":\"BreadcrumbList\",\"@id\":\"https:\/\/portalmf.com.br\/index.php\/2022\/08\/24\/lula-soma-417-das-intencoes-e-bolsonaro-tem-37-diz-parana-pesquisas\/#breadcrumb\",\"itemListElement\":[{\"@type\":\"ListItem\",\"position\":1,\"name\":\"In\u00edcio\",\"item\":\"https:\/\/portalmf.com.br\/\"},{\"@type\":\"ListItem\",\"position\":2,\"name\":\"\u00a0Lula soma 41,7% das inten\u00e7\u00f5es e Bolsonaro tem 37%, diz Paran\u00e1 Pesquisas\"}]},{\"@type\":\"WebSite\",\"@id\":\"https:\/\/portalmf.com.br\/#website\",\"url\":\"https:\/\/portalmf.com.br\/\",\"name\":\"Portal MF\",\"description\":\"Voc\u00ea conectado com a informa\u00e7\u00e3o\",\"potentialAction\":[{\"@type\":\"SearchAction\",\"target\":{\"@type\":\"EntryPoint\",\"urlTemplate\":\"https:\/\/portalmf.com.br\/?s={search_term_string}\"},\"query-input\":\"required name=search_term_string\"}],\"inLanguage\":\"pt-BR\"},{\"@type\":\"Person\",\"@id\":\"https:\/\/portalmf.com.br\/#\/schema\/person\/11c82086fe8abc05a19147e964587285\",\"name\":\"Reginaldo J\u00fanior\",\"image\":{\"@type\":\"ImageObject\",\"inLanguage\":\"pt-BR\",\"@id\":\"https:\/\/portalmf.com.br\/#\/schema\/person\/image\/\",\"url\":\"https:\/\/secure.gravatar.com\/avatar\/32a3c797cd0ac47cc53b8644c62776f9?s=96&d=mm&r=g\",\"contentUrl\":\"https:\/\/secure.gravatar.com\/avatar\/32a3c797cd0ac47cc53b8644c62776f9?s=96&d=mm&r=g\",\"caption\":\"Reginaldo J\u00fanior\"},\"description\":\"Jornalista e idealizador Portal MF\",\"sameAs\":[\"https:\/\/portalmf.com.br\/index.php\/author\/reginaldojr\/\",\"reginaldojrfsa\",\"reginaldojuniormf\",\"https:\/\/x.com\/reginaldojrmf\"],\"url\":\"https:\/\/portalmf.com.br\/index.php\/author\/reginaldojr\/\"}]}<\/script>\n<!-- \/ Yoast SEO plugin. -->","yoast_head_json":{"title":"\u00a0Lula soma 41,7% das inten\u00e7\u00f5es e Bolsonaro tem 37%, diz Paran\u00e1 Pesquisas - Portal MF","robots":{"index":"index","follow":"follow","max-snippet":"max-snippet:-1","max-image-preview":"max-image-preview:large","max-video-preview":"max-video-preview:-1"},"canonical":"https:\/\/portalmf.com.br\/index.php\/2022\/08\/24\/lula-soma-417-das-intencoes-e-bolsonaro-tem-37-diz-parana-pesquisas\/","og_locale":"pt_BR","og_type":"article","og_title":"\u00a0Lula soma 41,7% das inten\u00e7\u00f5es e Bolsonaro tem 37%, diz Paran\u00e1 Pesquisas - Portal MF","og_description":"Novo levantamento do&nbsp;Paran\u00e1 Pesquisas&nbsp;divulgado na manh\u00e3 desta quarta-feira (24) mostra que o ex-presidente Luiz In\u00e1cio Lula da Silva (PT) continua na lideran\u00e7a pela corrida ao Planalto. O petista, segundo os dados, aparece com 41,7% das inten\u00e7\u00f5es de voto, enquanto o presidente Jair Bolsonaro (PL), tem&nbsp;37%. A dist\u00e2ncia entre os dois primeiros colocados \u00e9 de 4,7 [&hellip;]","og_url":"https:\/\/portalmf.com.br\/index.php\/2022\/08\/24\/lula-soma-417-das-intencoes-e-bolsonaro-tem-37-diz-parana-pesquisas\/","og_site_name":"Portal MF","article_author":"reginaldojrfsa","article_published_time":"2022-08-24T13:42:00+00:00","article_modified_time":"2022-08-24T19:50:15+00:00","og_image":[{"width":700,"height":400,"url":"https:\/\/portalmf.com.br\/wp-content\/uploads\/2022\/08\/lula_bolsonaro_presidencia.jpg","type":"image\/jpeg"}],"author":"Reginaldo J\u00fanior","twitter_card":"summary_large_image","twitter_creator":"@reginaldojrmf","twitter_misc":{"Escrito por":"Reginaldo J\u00fanior","Est. tempo de leitura":"2 minutos"},"schema":{"@context":"https:\/\/schema.org","@graph":[{"@type":"WebPage","@id":"https:\/\/portalmf.com.br\/index.php\/2022\/08\/24\/lula-soma-417-das-intencoes-e-bolsonaro-tem-37-diz-parana-pesquisas\/","url":"https:\/\/portalmf.com.br\/index.php\/2022\/08\/24\/lula-soma-417-das-intencoes-e-bolsonaro-tem-37-diz-parana-pesquisas\/","name":"\u00a0Lula soma 41,7% das inten\u00e7\u00f5es e Bolsonaro tem 37%, diz Paran\u00e1 Pesquisas - Portal MF","isPartOf":{"@id":"https:\/\/portalmf.com.br\/#website"},"primaryImageOfPage":{"@id":"https:\/\/portalmf.com.br\/index.php\/2022\/08\/24\/lula-soma-417-das-intencoes-e-bolsonaro-tem-37-diz-parana-pesquisas\/#primaryimage"},"image":{"@id":"https:\/\/portalmf.com.br\/index.php\/2022\/08\/24\/lula-soma-417-das-intencoes-e-bolsonaro-tem-37-diz-parana-pesquisas\/#primaryimage"},"thumbnailUrl":"https:\/\/portalmf.com.br\/wp-content\/uploads\/2022\/08\/lula_bolsonaro_presidencia.jpg","datePublished":"2022-08-24T13:42:00+00:00","dateModified":"2022-08-24T19:50:15+00:00","author":{"@id":"https:\/\/portalmf.com.br\/#\/schema\/person\/11c82086fe8abc05a19147e964587285"},"breadcrumb":{"@id":"https:\/\/portalmf.com.br\/index.php\/2022\/08\/24\/lula-soma-417-das-intencoes-e-bolsonaro-tem-37-diz-parana-pesquisas\/#breadcrumb"},"inLanguage":"pt-BR","potentialAction":[{"@type":"ReadAction","target":["https:\/\/portalmf.com.br\/index.php\/2022\/08\/24\/lula-soma-417-das-intencoes-e-bolsonaro-tem-37-diz-parana-pesquisas\/"]}]},{"@type":"ImageObject","inLanguage":"pt-BR","@id":"https:\/\/portalmf.com.br\/index.php\/2022\/08\/24\/lula-soma-417-das-intencoes-e-bolsonaro-tem-37-diz-parana-pesquisas\/#primaryimage","url":"https:\/\/portalmf.com.br\/wp-content\/uploads\/2022\/08\/lula_bolsonaro_presidencia.jpg","contentUrl":"https:\/\/portalmf.com.br\/wp-content\/uploads\/2022\/08\/lula_bolsonaro_presidencia.jpg","width":700,"height":400},{"@type":"BreadcrumbList","@id":"https:\/\/portalmf.com.br\/index.php\/2022\/08\/24\/lula-soma-417-das-intencoes-e-bolsonaro-tem-37-diz-parana-pesquisas\/#breadcrumb","itemListElement":[{"@type":"ListItem","position":1,"name":"In\u00edcio","item":"https:\/\/portalmf.com.br\/"},{"@type":"ListItem","position":2,"name":"\u00a0Lula soma 41,7% das inten\u00e7\u00f5es e Bolsonaro tem 37%, diz Paran\u00e1 Pesquisas"}]},{"@type":"WebSite","@id":"https:\/\/portalmf.com.br\/#website","url":"https:\/\/portalmf.com.br\/","name":"Portal MF","description":"Voc\u00ea conectado com a informa\u00e7\u00e3o","potentialAction":[{"@type":"SearchAction","target":{"@type":"EntryPoint","urlTemplate":"https:\/\/portalmf.com.br\/?s={search_term_string}"},"query-input":"required name=search_term_string"}],"inLanguage":"pt-BR"},{"@type":"Person","@id":"https:\/\/portalmf.com.br\/#\/schema\/person\/11c82086fe8abc05a19147e964587285","name":"Reginaldo J\u00fanior","image":{"@type":"ImageObject","inLanguage":"pt-BR","@id":"https:\/\/portalmf.com.br\/#\/schema\/person\/image\/","url":"https:\/\/secure.gravatar.com\/avatar\/32a3c797cd0ac47cc53b8644c62776f9?s=96&d=mm&r=g","contentUrl":"https:\/\/secure.gravatar.com\/avatar\/32a3c797cd0ac47cc53b8644c62776f9?s=96&d=mm&r=g","caption":"Reginaldo J\u00fanior"},"description":"Jornalista e idealizador Portal MF","sameAs":["https:\/\/portalmf.com.br\/index.php\/author\/reginaldojr\/","reginaldojrfsa","reginaldojuniormf","https:\/\/x.com\/reginaldojrmf"],"url":"https:\/\/portalmf.com.br\/index.php\/author\/reginaldojr\/"}]}},"_links":{"self":[{"href":"https:\/\/portalmf.com.br\/index.php\/wp-json\/wp\/v2\/posts\/3539"}],"collection":[{"href":"https:\/\/portalmf.com.br\/index.php\/wp-json\/wp\/v2\/posts"}],"about":[{"href":"https:\/\/portalmf.com.br\/index.php\/wp-json\/wp\/v2\/types\/post"}],"author":[{"embeddable":true,"href":"https:\/\/portalmf.com.br\/index.php\/wp-json\/wp\/v2\/users\/2"}],"replies":[{"embeddable":true,"href":"https:\/\/portalmf.com.br\/index.php\/wp-json\/wp\/v2\/comments?post=3539"}],"version-history":[{"count":1,"href":"https:\/\/portalmf.com.br\/index.php\/wp-json\/wp\/v2\/posts\/3539\/revisions"}],"predecessor-version":[{"id":3541,"href":"https:\/\/portalmf.com.br\/index.php\/wp-json\/wp\/v2\/posts\/3539\/revisions\/3541"}],"wp:featuredmedia":[{"embeddable":true,"href":"https:\/\/portalmf.com.br\/index.php\/wp-json\/wp\/v2\/media\/3540"}],"wp:attachment":[{"href":"https:\/\/portalmf.com.br\/index.php\/wp-json\/wp\/v2\/media?parent=3539"}],"wp:term":[{"taxonomy":"category","embeddable":true,"href":"https:\/\/portalmf.com.br\/index.php\/wp-json\/wp\/v2\/categories?post=3539"},{"taxonomy":"post_tag","embeddable":true,"href":"https:\/\/portalmf.com.br\/index.php\/wp-json\/wp\/v2\/tags?post=3539"}],"curies":[{"name":"wp","href":"https:\/\/api.w.org\/{rel}","templated":true}]}}