{"id":35359,"date":"2025-04-08T14:57:07","date_gmt":"2025-04-08T17:57:07","guid":{"rendered":"https:\/\/portalmf.com.br\/?p=35359"},"modified":"2025-04-08T14:57:09","modified_gmt":"2025-04-08T17:57:09","slug":"ze-neto-lidera-intencoes-de-voto-em-feira-de-santana-para-deputado-federal-em-2026-mostra-pesquisa","status":"publish","type":"post","link":"https:\/\/portalmf.com.br\/index.php\/2025\/04\/08\/ze-neto-lidera-intencoes-de-voto-em-feira-de-santana-para-deputado-federal-em-2026-mostra-pesquisa\/","title":{"rendered":"Z\u00e9 Neto lidera inten\u00e7\u00f5es de voto em Feira de Santana para deputado federal em 2026, mostra pesquisa"},"content":{"rendered":"\n<p>O deputado federal Z\u00e9 Neto (PT) lidera as inten\u00e7\u00f5es de voto em Feira de Santana para reelei\u00e7\u00e3o em 2026. O favoritismo do petista, que tem 29,31% da prefer\u00eancia do eleitorado feirense tanto na sede como na zona rural, foi divulgado nesta segunda-feira (7) pelo Instituto GEPE (Grupo de Estudo, Pesquisa e Estat\u00edstica), no levantamento encomendado pelos sites Conectado News, M\u00eddia Baiana e o programa Levante A Voz, da r\u00e1dio Sociedade News FM.<\/p>\n\n\n\n<p><em>\u201cPesquisa \u00e9 retrato de momento, mas \u00e9 bom lembrar que tem muita coisa ainda pela frente. As elei\u00e7\u00f5es est\u00e3o distante e, este ano, que \u00e9 \u00edmpar, ou seja, n\u00e3o tem elei\u00e7\u00e3o, \u00e9 de muita labuta e p\u00e9 na estrada. No mais, \u00e9 momento de manter a humildade, o foco no trabalho e na a\u00e7\u00e3o do nosso projeto, junto com o presidente Lula e o governador Jer\u00f4nimo, que \u00e9 continuar cuidando de gente\u201c, <\/em>destacou Z\u00e9 Neto.<\/p>\n\n\n\n<p>O levantamento ouviu 1.160 eleitores de 28 bairros da sede e em tr\u00eas dos maiores distritos da cidade (Humildes, Maria Quit\u00e9ria\/S\u00e3o Jos\u00e9 e Ipua\u00e7u) entre os dias 2 e 4 de abril. A margem de erro \u00e9 de 4,8% pontos percentuais, sendo 2,4% para mais ou para menos.<\/p>\n\n\n\n<p>DEPUTADO MAIS VOTADO DE FEIRA<\/p>\n\n\n\n<p>Em 2022, Z\u00e9 Neto foi reeleito o deputado federal mais votado em Feira de Santana, com 62.195 votos, do total de 128.439 votos conquistados por ele na Bahia, tornando-se o segundo mais votado da Federa\u00e7\u00e3o Brasil da Esperan\u00e7a (PT, PV e PCdoB) em todo o estado.<\/p>\n","protected":false},"excerpt":{"rendered":"<p>O deputado federal Z\u00e9 Neto (PT) lidera as inten\u00e7\u00f5es de voto em Feira de Santana para reelei\u00e7\u00e3o em 2026. O favoritismo do petista, que tem 29,31% da prefer\u00eancia do eleitorado feirense tanto na sede como na zona rural, foi divulgado nesta segunda-feira (7) pelo Instituto GEPE (Grupo de Estudo, Pesquisa e Estat\u00edstica), no levantamento encomendado [&hellip;]<\/p>\n","protected":false},"author":3,"featured_media":35360,"comment_status":"open","ping_status":"open","sticky":false,"template":"","format":"standard","meta":{"_monsterinsights_skip_tracking":false,"_monsterinsights_sitenote_active":false,"_monsterinsights_sitenote_note":"","_monsterinsights_sitenote_category":0,"footnotes":""},"categories":[301,34],"tags":[],"yoast_head":"<!-- This site is optimized with the Yoast SEO plugin v22.9 - https:\/\/yoast.com\/wordpress\/plugins\/seo\/ -->\n<title>Z\u00e9 Neto lidera inten\u00e7\u00f5es de voto em Feira de Santana para deputado federal em 2026, mostra pesquisa - Portal MF<\/title>\n<meta name=\"robots\" content=\"index, follow, max-snippet:-1, max-image-preview:large, max-video-preview:-1\" \/>\n<link rel=\"canonical\" href=\"https:\/\/portalmf.com.br\/index.php\/2025\/04\/08\/ze-neto-lidera-intencoes-de-voto-em-feira-de-santana-para-deputado-federal-em-2026-mostra-pesquisa\/\" \/>\n<meta property=\"og:locale\" content=\"pt_BR\" \/>\n<meta property=\"og:type\" content=\"article\" \/>\n<meta property=\"og:title\" content=\"Z\u00e9 Neto lidera inten\u00e7\u00f5es de voto em Feira de Santana para deputado federal em 2026, mostra pesquisa - Portal MF\" \/>\n<meta property=\"og:description\" content=\"O deputado federal Z\u00e9 Neto (PT) lidera as inten\u00e7\u00f5es de voto em Feira de Santana para reelei\u00e7\u00e3o em 2026. O favoritismo do petista, que tem 29,31% da prefer\u00eancia do eleitorado feirense tanto na sede como na zona rural, foi divulgado nesta segunda-feira (7) pelo Instituto GEPE (Grupo de Estudo, Pesquisa e Estat\u00edstica), no levantamento encomendado [&hellip;]\" \/>\n<meta property=\"og:url\" content=\"https:\/\/portalmf.com.br\/index.php\/2025\/04\/08\/ze-neto-lidera-intencoes-de-voto-em-feira-de-santana-para-deputado-federal-em-2026-mostra-pesquisa\/\" \/>\n<meta property=\"og:site_name\" content=\"Portal MF\" \/>\n<meta property=\"article:author\" content=\"https:\/\/www.facebook.com\/portalmfoficial\" \/>\n<meta property=\"article:published_time\" content=\"2025-04-08T17:57:07+00:00\" \/>\n<meta property=\"article:modified_time\" content=\"2025-04-08T17:57:09+00:00\" \/>\n<meta property=\"og:image\" content=\"https:\/\/portalmf.com.br\/wp-content\/uploads\/2025\/04\/Ze-Neto-lidera-intencoes-de-voto-em-Feira-de-Santana-para-deputado-federal-em-2026-mostra-pesquisa.jpg\" \/>\n\t<meta property=\"og:image:width\" content=\"1000\" \/>\n\t<meta property=\"og:image:height\" content=\"616\" \/>\n\t<meta property=\"og:image:type\" content=\"image\/jpeg\" \/>\n<meta name=\"author\" content=\"Reda\u00e7\u00e3o Portal MF\" \/>\n<meta name=\"twitter:card\" content=\"summary_large_image\" \/>\n<meta name=\"twitter:creator\" content=\"@https:\/\/x.com\/portalmfoficial\" \/>\n<meta name=\"twitter:label1\" content=\"Escrito por\" \/>\n\t<meta name=\"twitter:data1\" content=\"Reda\u00e7\u00e3o Portal MF\" \/>\n\t<meta name=\"twitter:label2\" content=\"Est. tempo de leitura\" \/>\n\t<meta name=\"twitter:data2\" content=\"2 minutos\" \/>\n<script type=\"application\/ld+json\" class=\"yoast-schema-graph\">{\"@context\":\"https:\/\/schema.org\",\"@graph\":[{\"@type\":\"WebPage\",\"@id\":\"https:\/\/portalmf.com.br\/index.php\/2025\/04\/08\/ze-neto-lidera-intencoes-de-voto-em-feira-de-santana-para-deputado-federal-em-2026-mostra-pesquisa\/\",\"url\":\"https:\/\/portalmf.com.br\/index.php\/2025\/04\/08\/ze-neto-lidera-intencoes-de-voto-em-feira-de-santana-para-deputado-federal-em-2026-mostra-pesquisa\/\",\"name\":\"Z\u00e9 Neto lidera inten\u00e7\u00f5es de voto em Feira de Santana para deputado federal em 2026, mostra pesquisa - Portal MF\",\"isPartOf\":{\"@id\":\"https:\/\/portalmf.com.br\/#website\"},\"primaryImageOfPage\":{\"@id\":\"https:\/\/portalmf.com.br\/index.php\/2025\/04\/08\/ze-neto-lidera-intencoes-de-voto-em-feira-de-santana-para-deputado-federal-em-2026-mostra-pesquisa\/#primaryimage\"},\"image\":{\"@id\":\"https:\/\/portalmf.com.br\/index.php\/2025\/04\/08\/ze-neto-lidera-intencoes-de-voto-em-feira-de-santana-para-deputado-federal-em-2026-mostra-pesquisa\/#primaryimage\"},\"thumbnailUrl\":\"https:\/\/portalmf.com.br\/wp-content\/uploads\/2025\/04\/Ze-Neto-lidera-intencoes-de-voto-em-Feira-de-Santana-para-deputado-federal-em-2026-mostra-pesquisa.jpg\",\"datePublished\":\"2025-04-08T17:57:07+00:00\",\"dateModified\":\"2025-04-08T17:57:09+00:00\",\"author\":{\"@id\":\"https:\/\/portalmf.com.br\/#\/schema\/person\/9ec101baf56233e53520c26de5d6f6f0\"},\"breadcrumb\":{\"@id\":\"https:\/\/portalmf.com.br\/index.php\/2025\/04\/08\/ze-neto-lidera-intencoes-de-voto-em-feira-de-santana-para-deputado-federal-em-2026-mostra-pesquisa\/#breadcrumb\"},\"inLanguage\":\"pt-BR\",\"potentialAction\":[{\"@type\":\"ReadAction\",\"target\":[\"https:\/\/portalmf.com.br\/index.php\/2025\/04\/08\/ze-neto-lidera-intencoes-de-voto-em-feira-de-santana-para-deputado-federal-em-2026-mostra-pesquisa\/\"]}]},{\"@type\":\"ImageObject\",\"inLanguage\":\"pt-BR\",\"@id\":\"https:\/\/portalmf.com.br\/index.php\/2025\/04\/08\/ze-neto-lidera-intencoes-de-voto-em-feira-de-santana-para-deputado-federal-em-2026-mostra-pesquisa\/#primaryimage\",\"url\":\"https:\/\/portalmf.com.br\/wp-content\/uploads\/2025\/04\/Ze-Neto-lidera-intencoes-de-voto-em-Feira-de-Santana-para-deputado-federal-em-2026-mostra-pesquisa.jpg\",\"contentUrl\":\"https:\/\/portalmf.com.br\/wp-content\/uploads\/2025\/04\/Ze-Neto-lidera-intencoes-de-voto-em-Feira-de-Santana-para-deputado-federal-em-2026-mostra-pesquisa.jpg\",\"width\":1000,\"height\":616},{\"@type\":\"BreadcrumbList\",\"@id\":\"https:\/\/portalmf.com.br\/index.php\/2025\/04\/08\/ze-neto-lidera-intencoes-de-voto-em-feira-de-santana-para-deputado-federal-em-2026-mostra-pesquisa\/#breadcrumb\",\"itemListElement\":[{\"@type\":\"ListItem\",\"position\":1,\"name\":\"In\u00edcio\",\"item\":\"https:\/\/portalmf.com.br\/\"},{\"@type\":\"ListItem\",\"position\":2,\"name\":\"Z\u00e9 Neto lidera inten\u00e7\u00f5es de voto em Feira de Santana para deputado federal em 2026, mostra pesquisa\"}]},{\"@type\":\"WebSite\",\"@id\":\"https:\/\/portalmf.com.br\/#website\",\"url\":\"https:\/\/portalmf.com.br\/\",\"name\":\"Portal MF\",\"description\":\"Voc\u00ea conectado com a informa\u00e7\u00e3o\",\"potentialAction\":[{\"@type\":\"SearchAction\",\"target\":{\"@type\":\"EntryPoint\",\"urlTemplate\":\"https:\/\/portalmf.com.br\/?s={search_term_string}\"},\"query-input\":\"required name=search_term_string\"}],\"inLanguage\":\"pt-BR\"},{\"@type\":\"Person\",\"@id\":\"https:\/\/portalmf.com.br\/#\/schema\/person\/9ec101baf56233e53520c26de5d6f6f0\",\"name\":\"Reda\u00e7\u00e3o Portal MF\",\"image\":{\"@type\":\"ImageObject\",\"inLanguage\":\"pt-BR\",\"@id\":\"https:\/\/portalmf.com.br\/#\/schema\/person\/image\/\",\"url\":\"https:\/\/secure.gravatar.com\/avatar\/41b9aaeb2100835f7c64362330f74c7f?s=96&d=mm&r=g\",\"contentUrl\":\"https:\/\/secure.gravatar.com\/avatar\/41b9aaeb2100835f7c64362330f74c7f?s=96&d=mm&r=g\",\"caption\":\"Reda\u00e7\u00e3o Portal MF\"},\"description\":\"Sejam bem-vindos o portal de informa\u00e7\u00f5es de entretenimento de Feira de Santana, desde 2006 realiza coberturas dos principais eventos com entrevistas exclusivas com as principais personalidades mundiais. Fique conectado tamb\u00e9m nas redes sociais.\",\"sameAs\":[\"http:\/\/www.portalmf.com.br\/\",\"https:\/\/www.facebook.com\/portalmfoficial\",\"https:\/\/www.instagram.com\/portalmf\/\",\"https:\/\/x.com\/https:\/\/x.com\/portalmfoficial\",\"https:\/\/www.youtube.com\/@portalmfoficial\"],\"url\":\"https:\/\/portalmf.com.br\/index.php\/author\/junior\/\"}]}<\/script>\n<!-- \/ Yoast SEO plugin. -->","yoast_head_json":{"title":"Z\u00e9 Neto lidera inten\u00e7\u00f5es de voto em Feira de Santana para deputado federal em 2026, mostra pesquisa - Portal MF","robots":{"index":"index","follow":"follow","max-snippet":"max-snippet:-1","max-image-preview":"max-image-preview:large","max-video-preview":"max-video-preview:-1"},"canonical":"https:\/\/portalmf.com.br\/index.php\/2025\/04\/08\/ze-neto-lidera-intencoes-de-voto-em-feira-de-santana-para-deputado-federal-em-2026-mostra-pesquisa\/","og_locale":"pt_BR","og_type":"article","og_title":"Z\u00e9 Neto lidera inten\u00e7\u00f5es de voto em Feira de Santana para deputado federal em 2026, mostra pesquisa - Portal MF","og_description":"O deputado federal Z\u00e9 Neto (PT) lidera as inten\u00e7\u00f5es de voto em Feira de Santana para reelei\u00e7\u00e3o em 2026. O favoritismo do petista, que tem 29,31% da prefer\u00eancia do eleitorado feirense tanto na sede como na zona rural, foi divulgado nesta segunda-feira (7) pelo Instituto GEPE (Grupo de Estudo, Pesquisa e Estat\u00edstica), no levantamento encomendado [&hellip;]","og_url":"https:\/\/portalmf.com.br\/index.php\/2025\/04\/08\/ze-neto-lidera-intencoes-de-voto-em-feira-de-santana-para-deputado-federal-em-2026-mostra-pesquisa\/","og_site_name":"Portal MF","article_author":"https:\/\/www.facebook.com\/portalmfoficial","article_published_time":"2025-04-08T17:57:07+00:00","article_modified_time":"2025-04-08T17:57:09+00:00","og_image":[{"width":1000,"height":616,"url":"https:\/\/portalmf.com.br\/wp-content\/uploads\/2025\/04\/Ze-Neto-lidera-intencoes-de-voto-em-Feira-de-Santana-para-deputado-federal-em-2026-mostra-pesquisa.jpg","type":"image\/jpeg"}],"author":"Reda\u00e7\u00e3o Portal MF","twitter_card":"summary_large_image","twitter_creator":"@https:\/\/x.com\/portalmfoficial","twitter_misc":{"Escrito por":"Reda\u00e7\u00e3o Portal MF","Est. tempo de leitura":"2 minutos"},"schema":{"@context":"https:\/\/schema.org","@graph":[{"@type":"WebPage","@id":"https:\/\/portalmf.com.br\/index.php\/2025\/04\/08\/ze-neto-lidera-intencoes-de-voto-em-feira-de-santana-para-deputado-federal-em-2026-mostra-pesquisa\/","url":"https:\/\/portalmf.com.br\/index.php\/2025\/04\/08\/ze-neto-lidera-intencoes-de-voto-em-feira-de-santana-para-deputado-federal-em-2026-mostra-pesquisa\/","name":"Z\u00e9 Neto lidera inten\u00e7\u00f5es de voto em Feira de Santana para deputado federal em 2026, mostra pesquisa - Portal MF","isPartOf":{"@id":"https:\/\/portalmf.com.br\/#website"},"primaryImageOfPage":{"@id":"https:\/\/portalmf.com.br\/index.php\/2025\/04\/08\/ze-neto-lidera-intencoes-de-voto-em-feira-de-santana-para-deputado-federal-em-2026-mostra-pesquisa\/#primaryimage"},"image":{"@id":"https:\/\/portalmf.com.br\/index.php\/2025\/04\/08\/ze-neto-lidera-intencoes-de-voto-em-feira-de-santana-para-deputado-federal-em-2026-mostra-pesquisa\/#primaryimage"},"thumbnailUrl":"https:\/\/portalmf.com.br\/wp-content\/uploads\/2025\/04\/Ze-Neto-lidera-intencoes-de-voto-em-Feira-de-Santana-para-deputado-federal-em-2026-mostra-pesquisa.jpg","datePublished":"2025-04-08T17:57:07+00:00","dateModified":"2025-04-08T17:57:09+00:00","author":{"@id":"https:\/\/portalmf.com.br\/#\/schema\/person\/9ec101baf56233e53520c26de5d6f6f0"},"breadcrumb":{"@id":"https:\/\/portalmf.com.br\/index.php\/2025\/04\/08\/ze-neto-lidera-intencoes-de-voto-em-feira-de-santana-para-deputado-federal-em-2026-mostra-pesquisa\/#breadcrumb"},"inLanguage":"pt-BR","potentialAction":[{"@type":"ReadAction","target":["https:\/\/portalmf.com.br\/index.php\/2025\/04\/08\/ze-neto-lidera-intencoes-de-voto-em-feira-de-santana-para-deputado-federal-em-2026-mostra-pesquisa\/"]}]},{"@type":"ImageObject","inLanguage":"pt-BR","@id":"https:\/\/portalmf.com.br\/index.php\/2025\/04\/08\/ze-neto-lidera-intencoes-de-voto-em-feira-de-santana-para-deputado-federal-em-2026-mostra-pesquisa\/#primaryimage","url":"https:\/\/portalmf.com.br\/wp-content\/uploads\/2025\/04\/Ze-Neto-lidera-intencoes-de-voto-em-Feira-de-Santana-para-deputado-federal-em-2026-mostra-pesquisa.jpg","contentUrl":"https:\/\/portalmf.com.br\/wp-content\/uploads\/2025\/04\/Ze-Neto-lidera-intencoes-de-voto-em-Feira-de-Santana-para-deputado-federal-em-2026-mostra-pesquisa.jpg","width":1000,"height":616},{"@type":"BreadcrumbList","@id":"https:\/\/portalmf.com.br\/index.php\/2025\/04\/08\/ze-neto-lidera-intencoes-de-voto-em-feira-de-santana-para-deputado-federal-em-2026-mostra-pesquisa\/#breadcrumb","itemListElement":[{"@type":"ListItem","position":1,"name":"In\u00edcio","item":"https:\/\/portalmf.com.br\/"},{"@type":"ListItem","position":2,"name":"Z\u00e9 Neto lidera inten\u00e7\u00f5es de voto em Feira de Santana para deputado federal em 2026, mostra pesquisa"}]},{"@type":"WebSite","@id":"https:\/\/portalmf.com.br\/#website","url":"https:\/\/portalmf.com.br\/","name":"Portal MF","description":"Voc\u00ea conectado com a informa\u00e7\u00e3o","potentialAction":[{"@type":"SearchAction","target":{"@type":"EntryPoint","urlTemplate":"https:\/\/portalmf.com.br\/?s={search_term_string}"},"query-input":"required name=search_term_string"}],"inLanguage":"pt-BR"},{"@type":"Person","@id":"https:\/\/portalmf.com.br\/#\/schema\/person\/9ec101baf56233e53520c26de5d6f6f0","name":"Reda\u00e7\u00e3o Portal MF","image":{"@type":"ImageObject","inLanguage":"pt-BR","@id":"https:\/\/portalmf.com.br\/#\/schema\/person\/image\/","url":"https:\/\/secure.gravatar.com\/avatar\/41b9aaeb2100835f7c64362330f74c7f?s=96&d=mm&r=g","contentUrl":"https:\/\/secure.gravatar.com\/avatar\/41b9aaeb2100835f7c64362330f74c7f?s=96&d=mm&r=g","caption":"Reda\u00e7\u00e3o Portal MF"},"description":"Sejam bem-vindos o portal de informa\u00e7\u00f5es de entretenimento de Feira de Santana, desde 2006 realiza coberturas dos principais eventos com entrevistas exclusivas com as principais personalidades mundiais. Fique conectado tamb\u00e9m nas redes sociais.","sameAs":["http:\/\/www.portalmf.com.br\/","https:\/\/www.facebook.com\/portalmfoficial","https:\/\/www.instagram.com\/portalmf\/","https:\/\/x.com\/https:\/\/x.com\/portalmfoficial","https:\/\/www.youtube.com\/@portalmfoficial"],"url":"https:\/\/portalmf.com.br\/index.php\/author\/junior\/"}]}},"_links":{"self":[{"href":"https:\/\/portalmf.com.br\/index.php\/wp-json\/wp\/v2\/posts\/35359"}],"collection":[{"href":"https:\/\/portalmf.com.br\/index.php\/wp-json\/wp\/v2\/posts"}],"about":[{"href":"https:\/\/portalmf.com.br\/index.php\/wp-json\/wp\/v2\/types\/post"}],"author":[{"embeddable":true,"href":"https:\/\/portalmf.com.br\/index.php\/wp-json\/wp\/v2\/users\/3"}],"replies":[{"embeddable":true,"href":"https:\/\/portalmf.com.br\/index.php\/wp-json\/wp\/v2\/comments?post=35359"}],"version-history":[{"count":1,"href":"https:\/\/portalmf.com.br\/index.php\/wp-json\/wp\/v2\/posts\/35359\/revisions"}],"predecessor-version":[{"id":35361,"href":"https:\/\/portalmf.com.br\/index.php\/wp-json\/wp\/v2\/posts\/35359\/revisions\/35361"}],"wp:featuredmedia":[{"embeddable":true,"href":"https:\/\/portalmf.com.br\/index.php\/wp-json\/wp\/v2\/media\/35360"}],"wp:attachment":[{"href":"https:\/\/portalmf.com.br\/index.php\/wp-json\/wp\/v2\/media?parent=35359"}],"wp:term":[{"taxonomy":"category","embeddable":true,"href":"https:\/\/portalmf.com.br\/index.php\/wp-json\/wp\/v2\/categories?post=35359"},{"taxonomy":"post_tag","embeddable":true,"href":"https:\/\/portalmf.com.br\/index.php\/wp-json\/wp\/v2\/tags?post=35359"}],"curies":[{"name":"wp","href":"https:\/\/api.w.org\/{rel}","templated":true}]}}