{"id":35353,"date":"2025-04-08T12:17:22","date_gmt":"2025-04-08T15:17:22","guid":{"rendered":"https:\/\/portalmf.com.br\/?p=35353"},"modified":"2025-04-08T12:17:23","modified_gmt":"2025-04-08T15:17:23","slug":"acm-neto-anuncia-serie-de-agendas-pelo-interior-da-bahia-e-diz-que-uniao-brasil-quer-liderar-sentimento-de-mudanca","status":"publish","type":"post","link":"https:\/\/portalmf.com.br\/index.php\/2025\/04\/08\/acm-neto-anuncia-serie-de-agendas-pelo-interior-da-bahia-e-diz-que-uniao-brasil-quer-liderar-sentimento-de-mudanca\/","title":{"rendered":"ACM Neto anuncia s\u00e9rie de agendas pelo interior da Bahia e diz que Uni\u00e3o Brasil quer liderar sentimento de mudan\u00e7a"},"content":{"rendered":"\n<p>O ex-prefeito de Salvador e vice-presidente nacional do Uni\u00e3o Brasil, ACM Neto, afirmou que o partido pretende liderar o sentimento de mudan\u00e7a que, segundo ele, cresce entre os baianos. A declara\u00e7\u00e3o foi dada em entrevista \u00e0 r\u00e1dio Princesa FM, de Feira de Santana, nesta ter\u00e7a-feira (8).<\/p>\n\n\n\n<p>Neto anunciou que at\u00e9 o final de maio dar\u00e1 in\u00edcio a uma s\u00e9rie de viagens pelo interior do estado, come\u00e7ando pela regi\u00e3o de Ilh\u00e9us, no sul da Bahia. O objetivo, segundo ele, \u00e9 manter contato direto com a popula\u00e7\u00e3o, ouvir demandas e apresentar as ideias e projetos da legenda para o futuro da Bahia.<\/p>\n\n\n\n<p><em>\u201cO ano de 2025 vai ser um ano de articula\u00e7\u00e3o pol\u00edtica, de conversa com os partidos, com as lideran\u00e7as e prospec\u00e7\u00e3o e identifica\u00e7\u00e3o de potenciais candidatos \u00e0 Assembleia Legislativa e \u00e0 C\u00e2mara dos Deputados, mas tamb\u00e9m um ano principalmente de muito di\u00e1logo direto com a popula\u00e7\u00e3o e um contato permanente com o cidad\u00e3o baiano, levando essa mensagem de esperan\u00e7a para o futuro\u201d, <\/em>afirmou.<\/p>\n\n\n\n<p>ACM Neto ressaltou que a legenda j\u00e1 vinha se preparando desde o ano passado para este novo ciclo pol\u00edtico. <em>\u201cN\u00f3s come\u00e7amos esse treino para disputar o campeonato. Essa pr\u00e9-temporada foi iniciada ainda no ano passado, quando o Uni\u00e3o Brasil procurou dar o m\u00e1ximo poss\u00edvel de apoio e suporte aos seus candidatos a prefeito em todo o estado da Bahia\u201d<\/em>, disse.<\/p>\n\n\n\n<p>Segundo ele, o partido saiu fortalecido do \u00faltimo pleito e hoje governa a maior quantidade de pessoas na Bahia, com vantagem \u201cbem larga\u201d sobre o PT, principal advers\u00e1rio no estado.<em> \u201cEu sinto que no cora\u00e7\u00e3o dos baianos o desejo \u00e9 de mudan\u00e7a. H\u00e1 um crescimento muito forte desse sentimento e a gente quer traduzir isso em ideias e projetos para o futuro da Bahia\u201d<\/em>, concluiu.<\/p>\n","protected":false},"excerpt":{"rendered":"<p>O ex-prefeito de Salvador e vice-presidente nacional do Uni\u00e3o Brasil, ACM Neto, afirmou que o partido pretende liderar o sentimento de mudan\u00e7a que, segundo ele, cresce entre os baianos. A declara\u00e7\u00e3o foi dada em entrevista \u00e0 r\u00e1dio Princesa FM, de Feira de Santana, nesta ter\u00e7a-feira (8). Neto anunciou que at\u00e9 o final de maio dar\u00e1 [&hellip;]<\/p>\n","protected":false},"author":3,"featured_media":35354,"comment_status":"open","ping_status":"open","sticky":false,"template":"","format":"standard","meta":{"_monsterinsights_skip_tracking":false,"_monsterinsights_sitenote_active":false,"_monsterinsights_sitenote_note":"","_monsterinsights_sitenote_category":0,"footnotes":""},"categories":[301,34],"tags":[],"yoast_head":"<!-- This site is optimized with the Yoast SEO plugin v22.9 - https:\/\/yoast.com\/wordpress\/plugins\/seo\/ -->\n<title>ACM Neto anuncia s\u00e9rie de agendas pelo interior da Bahia e diz que Uni\u00e3o Brasil quer liderar sentimento de mudan\u00e7a - Portal MF<\/title>\n<meta name=\"robots\" content=\"index, follow, max-snippet:-1, max-image-preview:large, max-video-preview:-1\" \/>\n<link rel=\"canonical\" href=\"https:\/\/portalmf.com.br\/index.php\/2025\/04\/08\/acm-neto-anuncia-serie-de-agendas-pelo-interior-da-bahia-e-diz-que-uniao-brasil-quer-liderar-sentimento-de-mudanca\/\" \/>\n<meta property=\"og:locale\" content=\"pt_BR\" \/>\n<meta property=\"og:type\" content=\"article\" \/>\n<meta property=\"og:title\" content=\"ACM Neto anuncia s\u00e9rie de agendas pelo interior da Bahia e diz que Uni\u00e3o Brasil quer liderar sentimento de mudan\u00e7a - Portal MF\" \/>\n<meta property=\"og:description\" content=\"O ex-prefeito de Salvador e vice-presidente nacional do Uni\u00e3o Brasil, ACM Neto, afirmou que o partido pretende liderar o sentimento de mudan\u00e7a que, segundo ele, cresce entre os baianos. A declara\u00e7\u00e3o foi dada em entrevista \u00e0 r\u00e1dio Princesa FM, de Feira de Santana, nesta ter\u00e7a-feira (8). Neto anunciou que at\u00e9 o final de maio dar\u00e1 [&hellip;]\" \/>\n<meta property=\"og:url\" content=\"https:\/\/portalmf.com.br\/index.php\/2025\/04\/08\/acm-neto-anuncia-serie-de-agendas-pelo-interior-da-bahia-e-diz-que-uniao-brasil-quer-liderar-sentimento-de-mudanca\/\" \/>\n<meta property=\"og:site_name\" content=\"Portal MF\" \/>\n<meta property=\"article:author\" content=\"https:\/\/www.facebook.com\/portalmfoficial\" \/>\n<meta property=\"article:published_time\" content=\"2025-04-08T15:17:22+00:00\" \/>\n<meta property=\"article:modified_time\" content=\"2025-04-08T15:17:23+00:00\" \/>\n<meta property=\"og:image\" content=\"https:\/\/portalmf.com.br\/wp-content\/uploads\/2025\/04\/ACM-Neto.jpg\" \/>\n\t<meta property=\"og:image:width\" content=\"1200\" \/>\n\t<meta property=\"og:image:height\" content=\"798\" \/>\n\t<meta property=\"og:image:type\" content=\"image\/jpeg\" \/>\n<meta name=\"author\" content=\"Reda\u00e7\u00e3o Portal MF\" \/>\n<meta name=\"twitter:card\" content=\"summary_large_image\" \/>\n<meta name=\"twitter:creator\" content=\"@https:\/\/x.com\/portalmfoficial\" \/>\n<meta name=\"twitter:label1\" content=\"Escrito por\" \/>\n\t<meta name=\"twitter:data1\" content=\"Reda\u00e7\u00e3o Portal MF\" \/>\n\t<meta name=\"twitter:label2\" content=\"Est. tempo de leitura\" \/>\n\t<meta name=\"twitter:data2\" content=\"2 minutos\" \/>\n<script type=\"application\/ld+json\" class=\"yoast-schema-graph\">{\"@context\":\"https:\/\/schema.org\",\"@graph\":[{\"@type\":\"WebPage\",\"@id\":\"https:\/\/portalmf.com.br\/index.php\/2025\/04\/08\/acm-neto-anuncia-serie-de-agendas-pelo-interior-da-bahia-e-diz-que-uniao-brasil-quer-liderar-sentimento-de-mudanca\/\",\"url\":\"https:\/\/portalmf.com.br\/index.php\/2025\/04\/08\/acm-neto-anuncia-serie-de-agendas-pelo-interior-da-bahia-e-diz-que-uniao-brasil-quer-liderar-sentimento-de-mudanca\/\",\"name\":\"ACM Neto anuncia s\u00e9rie de agendas pelo interior da Bahia e diz que Uni\u00e3o Brasil quer liderar sentimento de mudan\u00e7a - Portal MF\",\"isPartOf\":{\"@id\":\"https:\/\/portalmf.com.br\/#website\"},\"primaryImageOfPage\":{\"@id\":\"https:\/\/portalmf.com.br\/index.php\/2025\/04\/08\/acm-neto-anuncia-serie-de-agendas-pelo-interior-da-bahia-e-diz-que-uniao-brasil-quer-liderar-sentimento-de-mudanca\/#primaryimage\"},\"image\":{\"@id\":\"https:\/\/portalmf.com.br\/index.php\/2025\/04\/08\/acm-neto-anuncia-serie-de-agendas-pelo-interior-da-bahia-e-diz-que-uniao-brasil-quer-liderar-sentimento-de-mudanca\/#primaryimage\"},\"thumbnailUrl\":\"https:\/\/portalmf.com.br\/wp-content\/uploads\/2025\/04\/ACM-Neto.jpg\",\"datePublished\":\"2025-04-08T15:17:22+00:00\",\"dateModified\":\"2025-04-08T15:17:23+00:00\",\"author\":{\"@id\":\"https:\/\/portalmf.com.br\/#\/schema\/person\/9ec101baf56233e53520c26de5d6f6f0\"},\"breadcrumb\":{\"@id\":\"https:\/\/portalmf.com.br\/index.php\/2025\/04\/08\/acm-neto-anuncia-serie-de-agendas-pelo-interior-da-bahia-e-diz-que-uniao-brasil-quer-liderar-sentimento-de-mudanca\/#breadcrumb\"},\"inLanguage\":\"pt-BR\",\"potentialAction\":[{\"@type\":\"ReadAction\",\"target\":[\"https:\/\/portalmf.com.br\/index.php\/2025\/04\/08\/acm-neto-anuncia-serie-de-agendas-pelo-interior-da-bahia-e-diz-que-uniao-brasil-quer-liderar-sentimento-de-mudanca\/\"]}]},{\"@type\":\"ImageObject\",\"inLanguage\":\"pt-BR\",\"@id\":\"https:\/\/portalmf.com.br\/index.php\/2025\/04\/08\/acm-neto-anuncia-serie-de-agendas-pelo-interior-da-bahia-e-diz-que-uniao-brasil-quer-liderar-sentimento-de-mudanca\/#primaryimage\",\"url\":\"https:\/\/portalmf.com.br\/wp-content\/uploads\/2025\/04\/ACM-Neto.jpg\",\"contentUrl\":\"https:\/\/portalmf.com.br\/wp-content\/uploads\/2025\/04\/ACM-Neto.jpg\",\"width\":1200,\"height\":798},{\"@type\":\"BreadcrumbList\",\"@id\":\"https:\/\/portalmf.com.br\/index.php\/2025\/04\/08\/acm-neto-anuncia-serie-de-agendas-pelo-interior-da-bahia-e-diz-que-uniao-brasil-quer-liderar-sentimento-de-mudanca\/#breadcrumb\",\"itemListElement\":[{\"@type\":\"ListItem\",\"position\":1,\"name\":\"In\u00edcio\",\"item\":\"https:\/\/portalmf.com.br\/\"},{\"@type\":\"ListItem\",\"position\":2,\"name\":\"ACM Neto anuncia s\u00e9rie de agendas pelo interior da Bahia e diz que Uni\u00e3o Brasil quer liderar sentimento de mudan\u00e7a\"}]},{\"@type\":\"WebSite\",\"@id\":\"https:\/\/portalmf.com.br\/#website\",\"url\":\"https:\/\/portalmf.com.br\/\",\"name\":\"Portal MF\",\"description\":\"Voc\u00ea conectado com a informa\u00e7\u00e3o\",\"potentialAction\":[{\"@type\":\"SearchAction\",\"target\":{\"@type\":\"EntryPoint\",\"urlTemplate\":\"https:\/\/portalmf.com.br\/?s={search_term_string}\"},\"query-input\":\"required name=search_term_string\"}],\"inLanguage\":\"pt-BR\"},{\"@type\":\"Person\",\"@id\":\"https:\/\/portalmf.com.br\/#\/schema\/person\/9ec101baf56233e53520c26de5d6f6f0\",\"name\":\"Reda\u00e7\u00e3o Portal MF\",\"image\":{\"@type\":\"ImageObject\",\"inLanguage\":\"pt-BR\",\"@id\":\"https:\/\/portalmf.com.br\/#\/schema\/person\/image\/\",\"url\":\"https:\/\/secure.gravatar.com\/avatar\/41b9aaeb2100835f7c64362330f74c7f?s=96&d=mm&r=g\",\"contentUrl\":\"https:\/\/secure.gravatar.com\/avatar\/41b9aaeb2100835f7c64362330f74c7f?s=96&d=mm&r=g\",\"caption\":\"Reda\u00e7\u00e3o Portal MF\"},\"description\":\"Sejam bem-vindos o portal de informa\u00e7\u00f5es de entretenimento de Feira de Santana, desde 2006 realiza coberturas dos principais eventos com entrevistas exclusivas com as principais personalidades mundiais. Fique conectado tamb\u00e9m nas redes sociais.\",\"sameAs\":[\"http:\/\/www.portalmf.com.br\/\",\"https:\/\/www.facebook.com\/portalmfoficial\",\"https:\/\/www.instagram.com\/portalmf\/\",\"https:\/\/x.com\/https:\/\/x.com\/portalmfoficial\",\"https:\/\/www.youtube.com\/@portalmfoficial\"],\"url\":\"https:\/\/portalmf.com.br\/index.php\/author\/junior\/\"}]}<\/script>\n<!-- \/ Yoast SEO plugin. -->","yoast_head_json":{"title":"ACM Neto anuncia s\u00e9rie de agendas pelo interior da Bahia e diz que Uni\u00e3o Brasil quer liderar sentimento de mudan\u00e7a - Portal MF","robots":{"index":"index","follow":"follow","max-snippet":"max-snippet:-1","max-image-preview":"max-image-preview:large","max-video-preview":"max-video-preview:-1"},"canonical":"https:\/\/portalmf.com.br\/index.php\/2025\/04\/08\/acm-neto-anuncia-serie-de-agendas-pelo-interior-da-bahia-e-diz-que-uniao-brasil-quer-liderar-sentimento-de-mudanca\/","og_locale":"pt_BR","og_type":"article","og_title":"ACM Neto anuncia s\u00e9rie de agendas pelo interior da Bahia e diz que Uni\u00e3o Brasil quer liderar sentimento de mudan\u00e7a - Portal MF","og_description":"O ex-prefeito de Salvador e vice-presidente nacional do Uni\u00e3o Brasil, ACM Neto, afirmou que o partido pretende liderar o sentimento de mudan\u00e7a que, segundo ele, cresce entre os baianos. A declara\u00e7\u00e3o foi dada em entrevista \u00e0 r\u00e1dio Princesa FM, de Feira de Santana, nesta ter\u00e7a-feira (8). Neto anunciou que at\u00e9 o final de maio dar\u00e1 [&hellip;]","og_url":"https:\/\/portalmf.com.br\/index.php\/2025\/04\/08\/acm-neto-anuncia-serie-de-agendas-pelo-interior-da-bahia-e-diz-que-uniao-brasil-quer-liderar-sentimento-de-mudanca\/","og_site_name":"Portal MF","article_author":"https:\/\/www.facebook.com\/portalmfoficial","article_published_time":"2025-04-08T15:17:22+00:00","article_modified_time":"2025-04-08T15:17:23+00:00","og_image":[{"width":1200,"height":798,"url":"https:\/\/portalmf.com.br\/wp-content\/uploads\/2025\/04\/ACM-Neto.jpg","type":"image\/jpeg"}],"author":"Reda\u00e7\u00e3o Portal MF","twitter_card":"summary_large_image","twitter_creator":"@https:\/\/x.com\/portalmfoficial","twitter_misc":{"Escrito por":"Reda\u00e7\u00e3o Portal MF","Est. tempo de leitura":"2 minutos"},"schema":{"@context":"https:\/\/schema.org","@graph":[{"@type":"WebPage","@id":"https:\/\/portalmf.com.br\/index.php\/2025\/04\/08\/acm-neto-anuncia-serie-de-agendas-pelo-interior-da-bahia-e-diz-que-uniao-brasil-quer-liderar-sentimento-de-mudanca\/","url":"https:\/\/portalmf.com.br\/index.php\/2025\/04\/08\/acm-neto-anuncia-serie-de-agendas-pelo-interior-da-bahia-e-diz-que-uniao-brasil-quer-liderar-sentimento-de-mudanca\/","name":"ACM Neto anuncia s\u00e9rie de agendas pelo interior da Bahia e diz que Uni\u00e3o Brasil quer liderar sentimento de mudan\u00e7a - Portal MF","isPartOf":{"@id":"https:\/\/portalmf.com.br\/#website"},"primaryImageOfPage":{"@id":"https:\/\/portalmf.com.br\/index.php\/2025\/04\/08\/acm-neto-anuncia-serie-de-agendas-pelo-interior-da-bahia-e-diz-que-uniao-brasil-quer-liderar-sentimento-de-mudanca\/#primaryimage"},"image":{"@id":"https:\/\/portalmf.com.br\/index.php\/2025\/04\/08\/acm-neto-anuncia-serie-de-agendas-pelo-interior-da-bahia-e-diz-que-uniao-brasil-quer-liderar-sentimento-de-mudanca\/#primaryimage"},"thumbnailUrl":"https:\/\/portalmf.com.br\/wp-content\/uploads\/2025\/04\/ACM-Neto.jpg","datePublished":"2025-04-08T15:17:22+00:00","dateModified":"2025-04-08T15:17:23+00:00","author":{"@id":"https:\/\/portalmf.com.br\/#\/schema\/person\/9ec101baf56233e53520c26de5d6f6f0"},"breadcrumb":{"@id":"https:\/\/portalmf.com.br\/index.php\/2025\/04\/08\/acm-neto-anuncia-serie-de-agendas-pelo-interior-da-bahia-e-diz-que-uniao-brasil-quer-liderar-sentimento-de-mudanca\/#breadcrumb"},"inLanguage":"pt-BR","potentialAction":[{"@type":"ReadAction","target":["https:\/\/portalmf.com.br\/index.php\/2025\/04\/08\/acm-neto-anuncia-serie-de-agendas-pelo-interior-da-bahia-e-diz-que-uniao-brasil-quer-liderar-sentimento-de-mudanca\/"]}]},{"@type":"ImageObject","inLanguage":"pt-BR","@id":"https:\/\/portalmf.com.br\/index.php\/2025\/04\/08\/acm-neto-anuncia-serie-de-agendas-pelo-interior-da-bahia-e-diz-que-uniao-brasil-quer-liderar-sentimento-de-mudanca\/#primaryimage","url":"https:\/\/portalmf.com.br\/wp-content\/uploads\/2025\/04\/ACM-Neto.jpg","contentUrl":"https:\/\/portalmf.com.br\/wp-content\/uploads\/2025\/04\/ACM-Neto.jpg","width":1200,"height":798},{"@type":"BreadcrumbList","@id":"https:\/\/portalmf.com.br\/index.php\/2025\/04\/08\/acm-neto-anuncia-serie-de-agendas-pelo-interior-da-bahia-e-diz-que-uniao-brasil-quer-liderar-sentimento-de-mudanca\/#breadcrumb","itemListElement":[{"@type":"ListItem","position":1,"name":"In\u00edcio","item":"https:\/\/portalmf.com.br\/"},{"@type":"ListItem","position":2,"name":"ACM Neto anuncia s\u00e9rie de agendas pelo interior da Bahia e diz que Uni\u00e3o Brasil quer liderar sentimento de mudan\u00e7a"}]},{"@type":"WebSite","@id":"https:\/\/portalmf.com.br\/#website","url":"https:\/\/portalmf.com.br\/","name":"Portal MF","description":"Voc\u00ea conectado com a informa\u00e7\u00e3o","potentialAction":[{"@type":"SearchAction","target":{"@type":"EntryPoint","urlTemplate":"https:\/\/portalmf.com.br\/?s={search_term_string}"},"query-input":"required name=search_term_string"}],"inLanguage":"pt-BR"},{"@type":"Person","@id":"https:\/\/portalmf.com.br\/#\/schema\/person\/9ec101baf56233e53520c26de5d6f6f0","name":"Reda\u00e7\u00e3o Portal MF","image":{"@type":"ImageObject","inLanguage":"pt-BR","@id":"https:\/\/portalmf.com.br\/#\/schema\/person\/image\/","url":"https:\/\/secure.gravatar.com\/avatar\/41b9aaeb2100835f7c64362330f74c7f?s=96&d=mm&r=g","contentUrl":"https:\/\/secure.gravatar.com\/avatar\/41b9aaeb2100835f7c64362330f74c7f?s=96&d=mm&r=g","caption":"Reda\u00e7\u00e3o Portal MF"},"description":"Sejam bem-vindos o portal de informa\u00e7\u00f5es de entretenimento de Feira de Santana, desde 2006 realiza coberturas dos principais eventos com entrevistas exclusivas com as principais personalidades mundiais. Fique conectado tamb\u00e9m nas redes sociais.","sameAs":["http:\/\/www.portalmf.com.br\/","https:\/\/www.facebook.com\/portalmfoficial","https:\/\/www.instagram.com\/portalmf\/","https:\/\/x.com\/https:\/\/x.com\/portalmfoficial","https:\/\/www.youtube.com\/@portalmfoficial"],"url":"https:\/\/portalmf.com.br\/index.php\/author\/junior\/"}]}},"_links":{"self":[{"href":"https:\/\/portalmf.com.br\/index.php\/wp-json\/wp\/v2\/posts\/35353"}],"collection":[{"href":"https:\/\/portalmf.com.br\/index.php\/wp-json\/wp\/v2\/posts"}],"about":[{"href":"https:\/\/portalmf.com.br\/index.php\/wp-json\/wp\/v2\/types\/post"}],"author":[{"embeddable":true,"href":"https:\/\/portalmf.com.br\/index.php\/wp-json\/wp\/v2\/users\/3"}],"replies":[{"embeddable":true,"href":"https:\/\/portalmf.com.br\/index.php\/wp-json\/wp\/v2\/comments?post=35353"}],"version-history":[{"count":1,"href":"https:\/\/portalmf.com.br\/index.php\/wp-json\/wp\/v2\/posts\/35353\/revisions"}],"predecessor-version":[{"id":35355,"href":"https:\/\/portalmf.com.br\/index.php\/wp-json\/wp\/v2\/posts\/35353\/revisions\/35355"}],"wp:featuredmedia":[{"embeddable":true,"href":"https:\/\/portalmf.com.br\/index.php\/wp-json\/wp\/v2\/media\/35354"}],"wp:attachment":[{"href":"https:\/\/portalmf.com.br\/index.php\/wp-json\/wp\/v2\/media?parent=35353"}],"wp:term":[{"taxonomy":"category","embeddable":true,"href":"https:\/\/portalmf.com.br\/index.php\/wp-json\/wp\/v2\/categories?post=35353"},{"taxonomy":"post_tag","embeddable":true,"href":"https:\/\/portalmf.com.br\/index.php\/wp-json\/wp\/v2\/tags?post=35353"}],"curies":[{"name":"wp","href":"https:\/\/api.w.org\/{rel}","templated":true}]}}