{"id":35351,"date":"2025-04-08T12:08:40","date_gmt":"2025-04-08T15:08:40","guid":{"rendered":"https:\/\/portalmf.com.br\/?p=35351"},"modified":"2025-04-08T12:10:51","modified_gmt":"2025-04-08T15:10:51","slug":"binho-galinha-e-o-primeiro-para-deputado-estadual-na-sede-e-na-zona-rural-de-feira-de-santana","status":"publish","type":"post","link":"https:\/\/portalmf.com.br\/index.php\/2025\/04\/08\/binho-galinha-e-o-primeiro-para-deputado-estadual-na-sede-e-na-zona-rural-de-feira-de-santana\/","title":{"rendered":"Binho Galinha \u00e9 o primeiro para deputado estadual na sede e na zona rural de Feira de Santana"},"content":{"rendered":"\n<p>O Grupo de Estudo, Pesquisa e Estat\u00edstica (GEPE) realizou pesquisa de opini\u00e3o entre os dias 02,03 e 04 de abril em Feira de Santana. Entre as sondagens feitas para deputado estadual, se a elei\u00e7\u00e3o fosse hoje, o deputado Binho Galinha (PRD) aparece em primeiro lugar em todos os cen\u00e1rios. Na estimulada, o deputado estadual Binho Galinha aparece com 12,67%, seguido pelo ex-vereador Jhonatas Monteiro (PSOL), com 10,52%. Mais abaixo aparece o deputado estadual e secret\u00e1rio de Desenvolvimento Econ\u00f4mico (SDE), \u00c2ngelo Almeida (PSB), com 4,14%. Empatados em 5\u00ba lugar com 4,05% cada um, o deputado estadual Jos\u00e9 de Arimateia (Republicanos) e o vereador Luiz da Feira (PP).<\/p>\n\n\n\n<p>O deputado Binho Galinha ganha nas seis regi\u00f5es mais em tr\u00eas distritos. <\/p>\n\n\n\n<p><em>\u201cEu recebo com muita humildade e com a certeza de que estamos no caminho certo. Vou continuar trabalhando, em especial, para os mais humildes das zonas perif\u00e9ricas e da zona rural. O povo com o qual tenho identidade e que convive comigo no dia a dia\u201d<\/em>, declarou Binho Galinha. <\/p>\n\n\n\n<p>A pesquisa foi encomendada pelo Conectado News e M\u00eddia Baiana e ouviu 1.160 pessoas. A margem de erro \u00e9 de 4,8%. O intervalo de confian\u00e7a \u00e9 de 95,2%. Os distritos alcan\u00e7ados foram Humildes, Maria Quit\u00e9ria e Jo\u00e3o Durval Carneiro, sendo entrevistadas 235 pessoas.<\/p>\n","protected":false},"excerpt":{"rendered":"<p>O Grupo de Estudo, Pesquisa e Estat\u00edstica (GEPE) realizou pesquisa de opini\u00e3o entre os dias 02,03 e 04 de abril em Feira de Santana. Entre as sondagens feitas para deputado estadual, se a elei\u00e7\u00e3o fosse hoje, o deputado Binho Galinha (PRD) aparece em primeiro lugar em todos os cen\u00e1rios. Na estimulada, o deputado estadual Binho [&hellip;]<\/p>\n","protected":false},"author":3,"featured_media":15555,"comment_status":"open","ping_status":"open","sticky":false,"template":"","format":"standard","meta":{"_monsterinsights_skip_tracking":false,"_monsterinsights_sitenote_active":false,"_monsterinsights_sitenote_note":"","_monsterinsights_sitenote_category":0,"footnotes":""},"categories":[301,34],"tags":[],"yoast_head":"<!-- This site is optimized with the Yoast SEO plugin v22.9 - https:\/\/yoast.com\/wordpress\/plugins\/seo\/ -->\n<title>Binho Galinha \u00e9 o primeiro para deputado estadual na sede e na zona rural de Feira de Santana - Portal MF<\/title>\n<meta name=\"robots\" content=\"index, follow, max-snippet:-1, max-image-preview:large, max-video-preview:-1\" \/>\n<link rel=\"canonical\" href=\"https:\/\/portalmf.com.br\/index.php\/2025\/04\/08\/binho-galinha-e-o-primeiro-para-deputado-estadual-na-sede-e-na-zona-rural-de-feira-de-santana\/\" \/>\n<meta property=\"og:locale\" content=\"pt_BR\" \/>\n<meta property=\"og:type\" content=\"article\" \/>\n<meta property=\"og:title\" content=\"Binho Galinha \u00e9 o primeiro para deputado estadual na sede e na zona rural de Feira de Santana - Portal MF\" \/>\n<meta property=\"og:description\" content=\"O Grupo de Estudo, Pesquisa e Estat\u00edstica (GEPE) realizou pesquisa de opini\u00e3o entre os dias 02,03 e 04 de abril em Feira de Santana. Entre as sondagens feitas para deputado estadual, se a elei\u00e7\u00e3o fosse hoje, o deputado Binho Galinha (PRD) aparece em primeiro lugar em todos os cen\u00e1rios. Na estimulada, o deputado estadual Binho [&hellip;]\" \/>\n<meta property=\"og:url\" content=\"https:\/\/portalmf.com.br\/index.php\/2025\/04\/08\/binho-galinha-e-o-primeiro-para-deputado-estadual-na-sede-e-na-zona-rural-de-feira-de-santana\/\" \/>\n<meta property=\"og:site_name\" content=\"Portal MF\" \/>\n<meta property=\"article:author\" content=\"https:\/\/www.facebook.com\/portalmfoficial\" \/>\n<meta property=\"article:published_time\" content=\"2025-04-08T15:08:40+00:00\" \/>\n<meta property=\"article:modified_time\" content=\"2025-04-08T15:10:51+00:00\" \/>\n<meta property=\"og:image\" content=\"https:\/\/portalmf.com.br\/wp-content\/uploads\/2023\/08\/Deputado-Binho-Galinha.jpeg\" \/>\n\t<meta property=\"og:image:width\" content=\"1600\" \/>\n\t<meta property=\"og:image:height\" content=\"900\" \/>\n\t<meta property=\"og:image:type\" content=\"image\/jpeg\" \/>\n<meta name=\"author\" content=\"Reda\u00e7\u00e3o Portal MF\" \/>\n<meta name=\"twitter:card\" content=\"summary_large_image\" \/>\n<meta name=\"twitter:creator\" content=\"@https:\/\/x.com\/portalmfoficial\" \/>\n<meta name=\"twitter:label1\" content=\"Escrito por\" \/>\n\t<meta name=\"twitter:data1\" content=\"Reda\u00e7\u00e3o Portal MF\" \/>\n\t<meta name=\"twitter:label2\" content=\"Est. tempo de leitura\" \/>\n\t<meta name=\"twitter:data2\" content=\"2 minutos\" \/>\n<script type=\"application\/ld+json\" class=\"yoast-schema-graph\">{\"@context\":\"https:\/\/schema.org\",\"@graph\":[{\"@type\":\"WebPage\",\"@id\":\"https:\/\/portalmf.com.br\/index.php\/2025\/04\/08\/binho-galinha-e-o-primeiro-para-deputado-estadual-na-sede-e-na-zona-rural-de-feira-de-santana\/\",\"url\":\"https:\/\/portalmf.com.br\/index.php\/2025\/04\/08\/binho-galinha-e-o-primeiro-para-deputado-estadual-na-sede-e-na-zona-rural-de-feira-de-santana\/\",\"name\":\"Binho Galinha \u00e9 o primeiro para deputado estadual na sede e na zona rural de Feira de Santana - Portal MF\",\"isPartOf\":{\"@id\":\"https:\/\/portalmf.com.br\/#website\"},\"primaryImageOfPage\":{\"@id\":\"https:\/\/portalmf.com.br\/index.php\/2025\/04\/08\/binho-galinha-e-o-primeiro-para-deputado-estadual-na-sede-e-na-zona-rural-de-feira-de-santana\/#primaryimage\"},\"image\":{\"@id\":\"https:\/\/portalmf.com.br\/index.php\/2025\/04\/08\/binho-galinha-e-o-primeiro-para-deputado-estadual-na-sede-e-na-zona-rural-de-feira-de-santana\/#primaryimage\"},\"thumbnailUrl\":\"https:\/\/portalmf.com.br\/wp-content\/uploads\/2023\/08\/Deputado-Binho-Galinha.jpeg\",\"datePublished\":\"2025-04-08T15:08:40+00:00\",\"dateModified\":\"2025-04-08T15:10:51+00:00\",\"author\":{\"@id\":\"https:\/\/portalmf.com.br\/#\/schema\/person\/9ec101baf56233e53520c26de5d6f6f0\"},\"breadcrumb\":{\"@id\":\"https:\/\/portalmf.com.br\/index.php\/2025\/04\/08\/binho-galinha-e-o-primeiro-para-deputado-estadual-na-sede-e-na-zona-rural-de-feira-de-santana\/#breadcrumb\"},\"inLanguage\":\"pt-BR\",\"potentialAction\":[{\"@type\":\"ReadAction\",\"target\":[\"https:\/\/portalmf.com.br\/index.php\/2025\/04\/08\/binho-galinha-e-o-primeiro-para-deputado-estadual-na-sede-e-na-zona-rural-de-feira-de-santana\/\"]}]},{\"@type\":\"ImageObject\",\"inLanguage\":\"pt-BR\",\"@id\":\"https:\/\/portalmf.com.br\/index.php\/2025\/04\/08\/binho-galinha-e-o-primeiro-para-deputado-estadual-na-sede-e-na-zona-rural-de-feira-de-santana\/#primaryimage\",\"url\":\"https:\/\/portalmf.com.br\/wp-content\/uploads\/2023\/08\/Deputado-Binho-Galinha.jpeg\",\"contentUrl\":\"https:\/\/portalmf.com.br\/wp-content\/uploads\/2023\/08\/Deputado-Binho-Galinha.jpeg\",\"width\":1600,\"height\":900},{\"@type\":\"BreadcrumbList\",\"@id\":\"https:\/\/portalmf.com.br\/index.php\/2025\/04\/08\/binho-galinha-e-o-primeiro-para-deputado-estadual-na-sede-e-na-zona-rural-de-feira-de-santana\/#breadcrumb\",\"itemListElement\":[{\"@type\":\"ListItem\",\"position\":1,\"name\":\"In\u00edcio\",\"item\":\"https:\/\/portalmf.com.br\/\"},{\"@type\":\"ListItem\",\"position\":2,\"name\":\"Binho Galinha \u00e9 o primeiro para deputado estadual na sede e na zona rural de Feira de Santana\"}]},{\"@type\":\"WebSite\",\"@id\":\"https:\/\/portalmf.com.br\/#website\",\"url\":\"https:\/\/portalmf.com.br\/\",\"name\":\"Portal MF\",\"description\":\"Voc\u00ea conectado com a informa\u00e7\u00e3o\",\"potentialAction\":[{\"@type\":\"SearchAction\",\"target\":{\"@type\":\"EntryPoint\",\"urlTemplate\":\"https:\/\/portalmf.com.br\/?s={search_term_string}\"},\"query-input\":\"required name=search_term_string\"}],\"inLanguage\":\"pt-BR\"},{\"@type\":\"Person\",\"@id\":\"https:\/\/portalmf.com.br\/#\/schema\/person\/9ec101baf56233e53520c26de5d6f6f0\",\"name\":\"Reda\u00e7\u00e3o Portal MF\",\"image\":{\"@type\":\"ImageObject\",\"inLanguage\":\"pt-BR\",\"@id\":\"https:\/\/portalmf.com.br\/#\/schema\/person\/image\/\",\"url\":\"https:\/\/secure.gravatar.com\/avatar\/41b9aaeb2100835f7c64362330f74c7f?s=96&d=mm&r=g\",\"contentUrl\":\"https:\/\/secure.gravatar.com\/avatar\/41b9aaeb2100835f7c64362330f74c7f?s=96&d=mm&r=g\",\"caption\":\"Reda\u00e7\u00e3o Portal MF\"},\"description\":\"Sejam bem-vindos o portal de informa\u00e7\u00f5es de entretenimento de Feira de Santana, desde 2006 realiza coberturas dos principais eventos com entrevistas exclusivas com as principais personalidades mundiais. Fique conectado tamb\u00e9m nas redes sociais.\",\"sameAs\":[\"http:\/\/www.portalmf.com.br\/\",\"https:\/\/www.facebook.com\/portalmfoficial\",\"https:\/\/www.instagram.com\/portalmf\/\",\"https:\/\/x.com\/https:\/\/x.com\/portalmfoficial\",\"https:\/\/www.youtube.com\/@portalmfoficial\"],\"url\":\"https:\/\/portalmf.com.br\/index.php\/author\/junior\/\"}]}<\/script>\n<!-- \/ Yoast SEO plugin. -->","yoast_head_json":{"title":"Binho Galinha \u00e9 o primeiro para deputado estadual na sede e na zona rural de Feira de Santana - Portal MF","robots":{"index":"index","follow":"follow","max-snippet":"max-snippet:-1","max-image-preview":"max-image-preview:large","max-video-preview":"max-video-preview:-1"},"canonical":"https:\/\/portalmf.com.br\/index.php\/2025\/04\/08\/binho-galinha-e-o-primeiro-para-deputado-estadual-na-sede-e-na-zona-rural-de-feira-de-santana\/","og_locale":"pt_BR","og_type":"article","og_title":"Binho Galinha \u00e9 o primeiro para deputado estadual na sede e na zona rural de Feira de Santana - Portal MF","og_description":"O Grupo de Estudo, Pesquisa e Estat\u00edstica (GEPE) realizou pesquisa de opini\u00e3o entre os dias 02,03 e 04 de abril em Feira de Santana. Entre as sondagens feitas para deputado estadual, se a elei\u00e7\u00e3o fosse hoje, o deputado Binho Galinha (PRD) aparece em primeiro lugar em todos os cen\u00e1rios. Na estimulada, o deputado estadual Binho [&hellip;]","og_url":"https:\/\/portalmf.com.br\/index.php\/2025\/04\/08\/binho-galinha-e-o-primeiro-para-deputado-estadual-na-sede-e-na-zona-rural-de-feira-de-santana\/","og_site_name":"Portal MF","article_author":"https:\/\/www.facebook.com\/portalmfoficial","article_published_time":"2025-04-08T15:08:40+00:00","article_modified_time":"2025-04-08T15:10:51+00:00","og_image":[{"width":1600,"height":900,"url":"https:\/\/portalmf.com.br\/wp-content\/uploads\/2023\/08\/Deputado-Binho-Galinha.jpeg","type":"image\/jpeg"}],"author":"Reda\u00e7\u00e3o Portal MF","twitter_card":"summary_large_image","twitter_creator":"@https:\/\/x.com\/portalmfoficial","twitter_misc":{"Escrito por":"Reda\u00e7\u00e3o Portal MF","Est. tempo de leitura":"2 minutos"},"schema":{"@context":"https:\/\/schema.org","@graph":[{"@type":"WebPage","@id":"https:\/\/portalmf.com.br\/index.php\/2025\/04\/08\/binho-galinha-e-o-primeiro-para-deputado-estadual-na-sede-e-na-zona-rural-de-feira-de-santana\/","url":"https:\/\/portalmf.com.br\/index.php\/2025\/04\/08\/binho-galinha-e-o-primeiro-para-deputado-estadual-na-sede-e-na-zona-rural-de-feira-de-santana\/","name":"Binho Galinha \u00e9 o primeiro para deputado estadual na sede e na zona rural de Feira de Santana - Portal MF","isPartOf":{"@id":"https:\/\/portalmf.com.br\/#website"},"primaryImageOfPage":{"@id":"https:\/\/portalmf.com.br\/index.php\/2025\/04\/08\/binho-galinha-e-o-primeiro-para-deputado-estadual-na-sede-e-na-zona-rural-de-feira-de-santana\/#primaryimage"},"image":{"@id":"https:\/\/portalmf.com.br\/index.php\/2025\/04\/08\/binho-galinha-e-o-primeiro-para-deputado-estadual-na-sede-e-na-zona-rural-de-feira-de-santana\/#primaryimage"},"thumbnailUrl":"https:\/\/portalmf.com.br\/wp-content\/uploads\/2023\/08\/Deputado-Binho-Galinha.jpeg","datePublished":"2025-04-08T15:08:40+00:00","dateModified":"2025-04-08T15:10:51+00:00","author":{"@id":"https:\/\/portalmf.com.br\/#\/schema\/person\/9ec101baf56233e53520c26de5d6f6f0"},"breadcrumb":{"@id":"https:\/\/portalmf.com.br\/index.php\/2025\/04\/08\/binho-galinha-e-o-primeiro-para-deputado-estadual-na-sede-e-na-zona-rural-de-feira-de-santana\/#breadcrumb"},"inLanguage":"pt-BR","potentialAction":[{"@type":"ReadAction","target":["https:\/\/portalmf.com.br\/index.php\/2025\/04\/08\/binho-galinha-e-o-primeiro-para-deputado-estadual-na-sede-e-na-zona-rural-de-feira-de-santana\/"]}]},{"@type":"ImageObject","inLanguage":"pt-BR","@id":"https:\/\/portalmf.com.br\/index.php\/2025\/04\/08\/binho-galinha-e-o-primeiro-para-deputado-estadual-na-sede-e-na-zona-rural-de-feira-de-santana\/#primaryimage","url":"https:\/\/portalmf.com.br\/wp-content\/uploads\/2023\/08\/Deputado-Binho-Galinha.jpeg","contentUrl":"https:\/\/portalmf.com.br\/wp-content\/uploads\/2023\/08\/Deputado-Binho-Galinha.jpeg","width":1600,"height":900},{"@type":"BreadcrumbList","@id":"https:\/\/portalmf.com.br\/index.php\/2025\/04\/08\/binho-galinha-e-o-primeiro-para-deputado-estadual-na-sede-e-na-zona-rural-de-feira-de-santana\/#breadcrumb","itemListElement":[{"@type":"ListItem","position":1,"name":"In\u00edcio","item":"https:\/\/portalmf.com.br\/"},{"@type":"ListItem","position":2,"name":"Binho Galinha \u00e9 o primeiro para deputado estadual na sede e na zona rural de Feira de Santana"}]},{"@type":"WebSite","@id":"https:\/\/portalmf.com.br\/#website","url":"https:\/\/portalmf.com.br\/","name":"Portal MF","description":"Voc\u00ea conectado com a informa\u00e7\u00e3o","potentialAction":[{"@type":"SearchAction","target":{"@type":"EntryPoint","urlTemplate":"https:\/\/portalmf.com.br\/?s={search_term_string}"},"query-input":"required name=search_term_string"}],"inLanguage":"pt-BR"},{"@type":"Person","@id":"https:\/\/portalmf.com.br\/#\/schema\/person\/9ec101baf56233e53520c26de5d6f6f0","name":"Reda\u00e7\u00e3o Portal MF","image":{"@type":"ImageObject","inLanguage":"pt-BR","@id":"https:\/\/portalmf.com.br\/#\/schema\/person\/image\/","url":"https:\/\/secure.gravatar.com\/avatar\/41b9aaeb2100835f7c64362330f74c7f?s=96&d=mm&r=g","contentUrl":"https:\/\/secure.gravatar.com\/avatar\/41b9aaeb2100835f7c64362330f74c7f?s=96&d=mm&r=g","caption":"Reda\u00e7\u00e3o Portal MF"},"description":"Sejam bem-vindos o portal de informa\u00e7\u00f5es de entretenimento de Feira de Santana, desde 2006 realiza coberturas dos principais eventos com entrevistas exclusivas com as principais personalidades mundiais. Fique conectado tamb\u00e9m nas redes sociais.","sameAs":["http:\/\/www.portalmf.com.br\/","https:\/\/www.facebook.com\/portalmfoficial","https:\/\/www.instagram.com\/portalmf\/","https:\/\/x.com\/https:\/\/x.com\/portalmfoficial","https:\/\/www.youtube.com\/@portalmfoficial"],"url":"https:\/\/portalmf.com.br\/index.php\/author\/junior\/"}]}},"_links":{"self":[{"href":"https:\/\/portalmf.com.br\/index.php\/wp-json\/wp\/v2\/posts\/35351"}],"collection":[{"href":"https:\/\/portalmf.com.br\/index.php\/wp-json\/wp\/v2\/posts"}],"about":[{"href":"https:\/\/portalmf.com.br\/index.php\/wp-json\/wp\/v2\/types\/post"}],"author":[{"embeddable":true,"href":"https:\/\/portalmf.com.br\/index.php\/wp-json\/wp\/v2\/users\/3"}],"replies":[{"embeddable":true,"href":"https:\/\/portalmf.com.br\/index.php\/wp-json\/wp\/v2\/comments?post=35351"}],"version-history":[{"count":1,"href":"https:\/\/portalmf.com.br\/index.php\/wp-json\/wp\/v2\/posts\/35351\/revisions"}],"predecessor-version":[{"id":35352,"href":"https:\/\/portalmf.com.br\/index.php\/wp-json\/wp\/v2\/posts\/35351\/revisions\/35352"}],"wp:featuredmedia":[{"embeddable":true,"href":"https:\/\/portalmf.com.br\/index.php\/wp-json\/wp\/v2\/media\/15555"}],"wp:attachment":[{"href":"https:\/\/portalmf.com.br\/index.php\/wp-json\/wp\/v2\/media?parent=35351"}],"wp:term":[{"taxonomy":"category","embeddable":true,"href":"https:\/\/portalmf.com.br\/index.php\/wp-json\/wp\/v2\/categories?post=35351"},{"taxonomy":"post_tag","embeddable":true,"href":"https:\/\/portalmf.com.br\/index.php\/wp-json\/wp\/v2\/tags?post=35351"}],"curies":[{"name":"wp","href":"https:\/\/api.w.org\/{rel}","templated":true}]}}