{"id":3533,"date":"2022-08-24T16:39:40","date_gmt":"2022-08-24T19:39:40","guid":{"rendered":"http:\/\/portalmf.com.br\/?p=3533"},"modified":"2022-08-24T16:39:41","modified_gmt":"2022-08-24T19:39:41","slug":"lula-vai-recriar-ministerio-da-cultura-afirma-alckmin-a-artistas","status":"publish","type":"post","link":"https:\/\/portalmf.com.br\/index.php\/2022\/08\/24\/lula-vai-recriar-ministerio-da-cultura-afirma-alckmin-a-artistas\/","title":{"rendered":"Lula vai recriar Minist\u00e9rio da Cultura, afirma Alckmin a artistas"},"content":{"rendered":"\n<p>Candidato a vice-presidente na chapa do ex-presidente Luiz In\u00e1cio Lula da Silva (PT), Geraldo Alckmin (PSB) afirmou na noite desta ter\u00e7a-feira que, se eleito, Lula vai recriar o Minist\u00e9rio da Cultura e fortalecer o Fundo Nacional de Cultura.<\/p>\n\n\n\n<p>As falas foram feitas a uma plateia de artistas, empres\u00e1rios e intelectuais reunidos na casa do ex-deputado F\u00e1bio Ferrari Porchat, em S\u00e3o Paulo. Porchat \u00e9 pai do humorista hom\u00f4nimo, que n\u00e3o esteve no evento.<\/p>\n\n\n\n<p>Alckmin afirmou que a cultura e o setor de servi\u00e7os em geral t\u00eam forte potencial de gera\u00e7\u00e3o de empregos na compara\u00e7\u00e3o com a agricultura mecanizada e a ind\u00fastria automatizada e, por isso, precisam ser incentivadas. O ex-governador de S\u00e3o Paulo criticou o que chamou de &#8220;apag\u00e3o&#8221; de financiamento da \u00e1rea cultural durante o governo do presidente Jair Bolsonaro (PL).<\/p>\n\n\n\n<p>Alckmin exaltou a Lei Rouanet, mecanismo de fomento e financiamento \u00e0 cultura constantemente criticado pelo presidente Bolsonaro. Para o ex-governador, a lei &#8220;foi um grande ganho&#8221; para o pa\u00eds. Ele foi aplaudido de p\u00e9 pelos cerca de 40 presentes.<\/p>\n\n\n\n<p>Ele tamb\u00e9m criticou o fato de que, sob Bolsonaro, ainda seja necess\u00e1rio falar em sobreviv\u00eancia e import\u00e2ncia do regime democr\u00e1tico, &#8220;uma pauta do s\u00e9culo XX&#8221;. Para Alckmin, um novo governo precisa avan\u00e7ar em temas como a economia criativa, sustentabilidade e meio ambiente.<\/p>\n\n\n\n<p>O vice de Lula ainda brincou ao dizer que os encontros na casa de Porchat lhe d\u00e3o sorte nas campanhas eleitorais. Ex-secret\u00e1rio municipal de Cultura de S\u00e3o Paulo na gest\u00e3o de J\u00e2nio Quadros, F\u00e1bio Ferrari Porchat realizou encontros similares em sua casa em elei\u00e7\u00f5es passadas nas quais Alckmin foi eleito governador.<\/p>\n\n\n\n<p>Desta vez, estiveram no local nomes como o cineasta An\u00edbal Massaini Neto, o empres\u00e1rio Fauzi Hamuche, o desembargador aposentado do Tribunal de Justi\u00e7a de S\u00e3o Paulo Pedro Menin e o advogado criminalista Fernando Castelo Branco.<\/p>\n\n\n\n<p>Com informa\u00e7\u00f5es do IG<\/p>\n","protected":false},"excerpt":{"rendered":"<p>Candidato a vice-presidente na chapa do ex-presidente Luiz In\u00e1cio Lula da Silva (PT), Geraldo Alckmin (PSB) afirmou na noite desta ter\u00e7a-feira que, se eleito, Lula vai recriar o Minist\u00e9rio da Cultura e fortalecer o Fundo Nacional de Cultura. As falas foram feitas a uma plateia de artistas, empres\u00e1rios e intelectuais reunidos na casa do ex-deputado [&hellip;]<\/p>\n","protected":false},"author":2,"featured_media":3534,"comment_status":"open","ping_status":"open","sticky":false,"template":"","format":"standard","meta":{"_monsterinsights_skip_tracking":false,"_monsterinsights_sitenote_active":false,"_monsterinsights_sitenote_note":"","_monsterinsights_sitenote_category":0,"footnotes":""},"categories":[34],"tags":[],"yoast_head":"<!-- This site is optimized with the Yoast SEO plugin v22.9 - https:\/\/yoast.com\/wordpress\/plugins\/seo\/ -->\n<title>Lula vai recriar Minist\u00e9rio da Cultura, afirma Alckmin a artistas - Portal MF<\/title>\n<meta name=\"robots\" content=\"index, follow, max-snippet:-1, max-image-preview:large, max-video-preview:-1\" \/>\n<link rel=\"canonical\" href=\"https:\/\/portalmf.com.br\/index.php\/2022\/08\/24\/lula-vai-recriar-ministerio-da-cultura-afirma-alckmin-a-artistas\/\" \/>\n<meta property=\"og:locale\" content=\"pt_BR\" \/>\n<meta property=\"og:type\" content=\"article\" \/>\n<meta property=\"og:title\" content=\"Lula vai recriar Minist\u00e9rio da Cultura, afirma Alckmin a artistas - Portal MF\" \/>\n<meta property=\"og:description\" content=\"Candidato a vice-presidente na chapa do ex-presidente Luiz In\u00e1cio Lula da Silva (PT), Geraldo Alckmin (PSB) afirmou na noite desta ter\u00e7a-feira que, se eleito, Lula vai recriar o Minist\u00e9rio da Cultura e fortalecer o Fundo Nacional de Cultura. As falas foram feitas a uma plateia de artistas, empres\u00e1rios e intelectuais reunidos na casa do ex-deputado [&hellip;]\" \/>\n<meta property=\"og:url\" content=\"https:\/\/portalmf.com.br\/index.php\/2022\/08\/24\/lula-vai-recriar-ministerio-da-cultura-afirma-alckmin-a-artistas\/\" \/>\n<meta property=\"og:site_name\" content=\"Portal MF\" \/>\n<meta property=\"article:author\" content=\"reginaldojrfsa\" \/>\n<meta property=\"article:published_time\" content=\"2022-08-24T19:39:40+00:00\" \/>\n<meta property=\"article:modified_time\" content=\"2022-08-24T19:39:41+00:00\" \/>\n<meta property=\"og:image\" content=\"https:\/\/portalmf.com.br\/wp-content\/uploads\/2022\/08\/Lula-e-Alckmin-19-de-agosto.jpeg\" \/>\n\t<meta property=\"og:image:width\" content=\"1024\" \/>\n\t<meta property=\"og:image:height\" content=\"662\" \/>\n\t<meta property=\"og:image:type\" content=\"image\/jpeg\" \/>\n<meta name=\"author\" content=\"Reginaldo J\u00fanior\" \/>\n<meta name=\"twitter:card\" content=\"summary_large_image\" \/>\n<meta name=\"twitter:creator\" content=\"@reginaldojrmf\" \/>\n<meta name=\"twitter:label1\" content=\"Escrito por\" \/>\n\t<meta name=\"twitter:data1\" content=\"Reginaldo J\u00fanior\" \/>\n\t<meta name=\"twitter:label2\" content=\"Est. tempo de leitura\" \/>\n\t<meta name=\"twitter:data2\" content=\"2 minutos\" \/>\n<script type=\"application\/ld+json\" class=\"yoast-schema-graph\">{\"@context\":\"https:\/\/schema.org\",\"@graph\":[{\"@type\":\"WebPage\",\"@id\":\"https:\/\/portalmf.com.br\/index.php\/2022\/08\/24\/lula-vai-recriar-ministerio-da-cultura-afirma-alckmin-a-artistas\/\",\"url\":\"https:\/\/portalmf.com.br\/index.php\/2022\/08\/24\/lula-vai-recriar-ministerio-da-cultura-afirma-alckmin-a-artistas\/\",\"name\":\"Lula vai recriar Minist\u00e9rio da Cultura, afirma Alckmin a artistas - Portal MF\",\"isPartOf\":{\"@id\":\"https:\/\/portalmf.com.br\/#website\"},\"primaryImageOfPage\":{\"@id\":\"https:\/\/portalmf.com.br\/index.php\/2022\/08\/24\/lula-vai-recriar-ministerio-da-cultura-afirma-alckmin-a-artistas\/#primaryimage\"},\"image\":{\"@id\":\"https:\/\/portalmf.com.br\/index.php\/2022\/08\/24\/lula-vai-recriar-ministerio-da-cultura-afirma-alckmin-a-artistas\/#primaryimage\"},\"thumbnailUrl\":\"https:\/\/portalmf.com.br\/wp-content\/uploads\/2022\/08\/Lula-e-Alckmin-19-de-agosto.jpeg\",\"datePublished\":\"2022-08-24T19:39:40+00:00\",\"dateModified\":\"2022-08-24T19:39:41+00:00\",\"author\":{\"@id\":\"https:\/\/portalmf.com.br\/#\/schema\/person\/11c82086fe8abc05a19147e964587285\"},\"breadcrumb\":{\"@id\":\"https:\/\/portalmf.com.br\/index.php\/2022\/08\/24\/lula-vai-recriar-ministerio-da-cultura-afirma-alckmin-a-artistas\/#breadcrumb\"},\"inLanguage\":\"pt-BR\",\"potentialAction\":[{\"@type\":\"ReadAction\",\"target\":[\"https:\/\/portalmf.com.br\/index.php\/2022\/08\/24\/lula-vai-recriar-ministerio-da-cultura-afirma-alckmin-a-artistas\/\"]}]},{\"@type\":\"ImageObject\",\"inLanguage\":\"pt-BR\",\"@id\":\"https:\/\/portalmf.com.br\/index.php\/2022\/08\/24\/lula-vai-recriar-ministerio-da-cultura-afirma-alckmin-a-artistas\/#primaryimage\",\"url\":\"https:\/\/portalmf.com.br\/wp-content\/uploads\/2022\/08\/Lula-e-Alckmin-19-de-agosto.jpeg\",\"contentUrl\":\"https:\/\/portalmf.com.br\/wp-content\/uploads\/2022\/08\/Lula-e-Alckmin-19-de-agosto.jpeg\",\"width\":1024,\"height\":662},{\"@type\":\"BreadcrumbList\",\"@id\":\"https:\/\/portalmf.com.br\/index.php\/2022\/08\/24\/lula-vai-recriar-ministerio-da-cultura-afirma-alckmin-a-artistas\/#breadcrumb\",\"itemListElement\":[{\"@type\":\"ListItem\",\"position\":1,\"name\":\"In\u00edcio\",\"item\":\"https:\/\/portalmf.com.br\/\"},{\"@type\":\"ListItem\",\"position\":2,\"name\":\"Lula vai recriar Minist\u00e9rio da Cultura, afirma Alckmin a artistas\"}]},{\"@type\":\"WebSite\",\"@id\":\"https:\/\/portalmf.com.br\/#website\",\"url\":\"https:\/\/portalmf.com.br\/\",\"name\":\"Portal MF\",\"description\":\"Voc\u00ea conectado com a informa\u00e7\u00e3o\",\"potentialAction\":[{\"@type\":\"SearchAction\",\"target\":{\"@type\":\"EntryPoint\",\"urlTemplate\":\"https:\/\/portalmf.com.br\/?s={search_term_string}\"},\"query-input\":\"required name=search_term_string\"}],\"inLanguage\":\"pt-BR\"},{\"@type\":\"Person\",\"@id\":\"https:\/\/portalmf.com.br\/#\/schema\/person\/11c82086fe8abc05a19147e964587285\",\"name\":\"Reginaldo J\u00fanior\",\"image\":{\"@type\":\"ImageObject\",\"inLanguage\":\"pt-BR\",\"@id\":\"https:\/\/portalmf.com.br\/#\/schema\/person\/image\/\",\"url\":\"https:\/\/secure.gravatar.com\/avatar\/32a3c797cd0ac47cc53b8644c62776f9?s=96&d=mm&r=g\",\"contentUrl\":\"https:\/\/secure.gravatar.com\/avatar\/32a3c797cd0ac47cc53b8644c62776f9?s=96&d=mm&r=g\",\"caption\":\"Reginaldo J\u00fanior\"},\"description\":\"Jornalista e idealizador Portal MF\",\"sameAs\":[\"https:\/\/portalmf.com.br\/index.php\/author\/reginaldojr\/\",\"reginaldojrfsa\",\"reginaldojuniormf\",\"https:\/\/x.com\/reginaldojrmf\"],\"url\":\"https:\/\/portalmf.com.br\/index.php\/author\/reginaldojr\/\"}]}<\/script>\n<!-- \/ Yoast SEO plugin. -->","yoast_head_json":{"title":"Lula vai recriar Minist\u00e9rio da Cultura, afirma Alckmin a artistas - Portal MF","robots":{"index":"index","follow":"follow","max-snippet":"max-snippet:-1","max-image-preview":"max-image-preview:large","max-video-preview":"max-video-preview:-1"},"canonical":"https:\/\/portalmf.com.br\/index.php\/2022\/08\/24\/lula-vai-recriar-ministerio-da-cultura-afirma-alckmin-a-artistas\/","og_locale":"pt_BR","og_type":"article","og_title":"Lula vai recriar Minist\u00e9rio da Cultura, afirma Alckmin a artistas - Portal MF","og_description":"Candidato a vice-presidente na chapa do ex-presidente Luiz In\u00e1cio Lula da Silva (PT), Geraldo Alckmin (PSB) afirmou na noite desta ter\u00e7a-feira que, se eleito, Lula vai recriar o Minist\u00e9rio da Cultura e fortalecer o Fundo Nacional de Cultura. As falas foram feitas a uma plateia de artistas, empres\u00e1rios e intelectuais reunidos na casa do ex-deputado [&hellip;]","og_url":"https:\/\/portalmf.com.br\/index.php\/2022\/08\/24\/lula-vai-recriar-ministerio-da-cultura-afirma-alckmin-a-artistas\/","og_site_name":"Portal MF","article_author":"reginaldojrfsa","article_published_time":"2022-08-24T19:39:40+00:00","article_modified_time":"2022-08-24T19:39:41+00:00","og_image":[{"width":1024,"height":662,"url":"https:\/\/portalmf.com.br\/wp-content\/uploads\/2022\/08\/Lula-e-Alckmin-19-de-agosto.jpeg","type":"image\/jpeg"}],"author":"Reginaldo J\u00fanior","twitter_card":"summary_large_image","twitter_creator":"@reginaldojrmf","twitter_misc":{"Escrito por":"Reginaldo J\u00fanior","Est. tempo de leitura":"2 minutos"},"schema":{"@context":"https:\/\/schema.org","@graph":[{"@type":"WebPage","@id":"https:\/\/portalmf.com.br\/index.php\/2022\/08\/24\/lula-vai-recriar-ministerio-da-cultura-afirma-alckmin-a-artistas\/","url":"https:\/\/portalmf.com.br\/index.php\/2022\/08\/24\/lula-vai-recriar-ministerio-da-cultura-afirma-alckmin-a-artistas\/","name":"Lula vai recriar Minist\u00e9rio da Cultura, afirma Alckmin a artistas - Portal MF","isPartOf":{"@id":"https:\/\/portalmf.com.br\/#website"},"primaryImageOfPage":{"@id":"https:\/\/portalmf.com.br\/index.php\/2022\/08\/24\/lula-vai-recriar-ministerio-da-cultura-afirma-alckmin-a-artistas\/#primaryimage"},"image":{"@id":"https:\/\/portalmf.com.br\/index.php\/2022\/08\/24\/lula-vai-recriar-ministerio-da-cultura-afirma-alckmin-a-artistas\/#primaryimage"},"thumbnailUrl":"https:\/\/portalmf.com.br\/wp-content\/uploads\/2022\/08\/Lula-e-Alckmin-19-de-agosto.jpeg","datePublished":"2022-08-24T19:39:40+00:00","dateModified":"2022-08-24T19:39:41+00:00","author":{"@id":"https:\/\/portalmf.com.br\/#\/schema\/person\/11c82086fe8abc05a19147e964587285"},"breadcrumb":{"@id":"https:\/\/portalmf.com.br\/index.php\/2022\/08\/24\/lula-vai-recriar-ministerio-da-cultura-afirma-alckmin-a-artistas\/#breadcrumb"},"inLanguage":"pt-BR","potentialAction":[{"@type":"ReadAction","target":["https:\/\/portalmf.com.br\/index.php\/2022\/08\/24\/lula-vai-recriar-ministerio-da-cultura-afirma-alckmin-a-artistas\/"]}]},{"@type":"ImageObject","inLanguage":"pt-BR","@id":"https:\/\/portalmf.com.br\/index.php\/2022\/08\/24\/lula-vai-recriar-ministerio-da-cultura-afirma-alckmin-a-artistas\/#primaryimage","url":"https:\/\/portalmf.com.br\/wp-content\/uploads\/2022\/08\/Lula-e-Alckmin-19-de-agosto.jpeg","contentUrl":"https:\/\/portalmf.com.br\/wp-content\/uploads\/2022\/08\/Lula-e-Alckmin-19-de-agosto.jpeg","width":1024,"height":662},{"@type":"BreadcrumbList","@id":"https:\/\/portalmf.com.br\/index.php\/2022\/08\/24\/lula-vai-recriar-ministerio-da-cultura-afirma-alckmin-a-artistas\/#breadcrumb","itemListElement":[{"@type":"ListItem","position":1,"name":"In\u00edcio","item":"https:\/\/portalmf.com.br\/"},{"@type":"ListItem","position":2,"name":"Lula vai recriar Minist\u00e9rio da Cultura, afirma Alckmin a artistas"}]},{"@type":"WebSite","@id":"https:\/\/portalmf.com.br\/#website","url":"https:\/\/portalmf.com.br\/","name":"Portal MF","description":"Voc\u00ea conectado com a informa\u00e7\u00e3o","potentialAction":[{"@type":"SearchAction","target":{"@type":"EntryPoint","urlTemplate":"https:\/\/portalmf.com.br\/?s={search_term_string}"},"query-input":"required name=search_term_string"}],"inLanguage":"pt-BR"},{"@type":"Person","@id":"https:\/\/portalmf.com.br\/#\/schema\/person\/11c82086fe8abc05a19147e964587285","name":"Reginaldo J\u00fanior","image":{"@type":"ImageObject","inLanguage":"pt-BR","@id":"https:\/\/portalmf.com.br\/#\/schema\/person\/image\/","url":"https:\/\/secure.gravatar.com\/avatar\/32a3c797cd0ac47cc53b8644c62776f9?s=96&d=mm&r=g","contentUrl":"https:\/\/secure.gravatar.com\/avatar\/32a3c797cd0ac47cc53b8644c62776f9?s=96&d=mm&r=g","caption":"Reginaldo J\u00fanior"},"description":"Jornalista e idealizador Portal MF","sameAs":["https:\/\/portalmf.com.br\/index.php\/author\/reginaldojr\/","reginaldojrfsa","reginaldojuniormf","https:\/\/x.com\/reginaldojrmf"],"url":"https:\/\/portalmf.com.br\/index.php\/author\/reginaldojr\/"}]}},"_links":{"self":[{"href":"https:\/\/portalmf.com.br\/index.php\/wp-json\/wp\/v2\/posts\/3533"}],"collection":[{"href":"https:\/\/portalmf.com.br\/index.php\/wp-json\/wp\/v2\/posts"}],"about":[{"href":"https:\/\/portalmf.com.br\/index.php\/wp-json\/wp\/v2\/types\/post"}],"author":[{"embeddable":true,"href":"https:\/\/portalmf.com.br\/index.php\/wp-json\/wp\/v2\/users\/2"}],"replies":[{"embeddable":true,"href":"https:\/\/portalmf.com.br\/index.php\/wp-json\/wp\/v2\/comments?post=3533"}],"version-history":[{"count":1,"href":"https:\/\/portalmf.com.br\/index.php\/wp-json\/wp\/v2\/posts\/3533\/revisions"}],"predecessor-version":[{"id":3535,"href":"https:\/\/portalmf.com.br\/index.php\/wp-json\/wp\/v2\/posts\/3533\/revisions\/3535"}],"wp:featuredmedia":[{"embeddable":true,"href":"https:\/\/portalmf.com.br\/index.php\/wp-json\/wp\/v2\/media\/3534"}],"wp:attachment":[{"href":"https:\/\/portalmf.com.br\/index.php\/wp-json\/wp\/v2\/media?parent=3533"}],"wp:term":[{"taxonomy":"category","embeddable":true,"href":"https:\/\/portalmf.com.br\/index.php\/wp-json\/wp\/v2\/categories?post=3533"},{"taxonomy":"post_tag","embeddable":true,"href":"https:\/\/portalmf.com.br\/index.php\/wp-json\/wp\/v2\/tags?post=3533"}],"curies":[{"name":"wp","href":"https:\/\/api.w.org\/{rel}","templated":true}]}}