{"id":35328,"date":"2025-02-26T15:57:00","date_gmt":"2025-02-26T18:57:00","guid":{"rendered":"https:\/\/portalmf.com.br\/?p=35328"},"modified":"2025-04-05T13:15:11","modified_gmt":"2025-04-05T16:15:11","slug":"ze-honorio-completa-41-anos-de-carreia-durante-o-carnaval-2025","status":"publish","type":"post","link":"https:\/\/portalmf.com.br\/index.php\/2025\/02\/26\/ze-honorio-completa-41-anos-de-carreia-durante-o-carnaval-2025\/","title":{"rendered":"Z\u00e9 Hon\u00f3rio completa 41 anos de carreria durante o Carnaval 2025"},"content":{"rendered":"\n<p>Em entrevista da Radio Sociedade News FM e ao Portal MF o cantor Z\u00e9 Hon\u00f3rio, que completa 41 anos de carreira em 2025, falou sobre a sua carreira, as passagens do diversas bandas e blocos do Carnaval de Salvador.<\/p>\n\n\n\n<figure class=\"wp-block-embed is-type-video is-provider-youtube wp-block-embed-youtube wp-embed-aspect-16-9 wp-has-aspect-ratio\"><div class=\"wp-block-embed__wrapper\">\n<iframe title=\"Z\u00e9 Hon\u00f3rio - Amar Quem Eu J\u00e1 Amei (Seu Mo\u00e7o) - Projeto MemoriAx\u00e9\" width=\"696\" height=\"392\" src=\"https:\/\/www.youtube.com\/embed\/0tWfpQijH8M?feature=oembed\" frameborder=\"0\" allow=\"accelerometer; autoplay; clipboard-write; encrypted-media; gyroscope; picture-in-picture; web-share\" referrerpolicy=\"strict-origin-when-cross-origin\" allowfullscreen><\/iframe>\n<\/div><\/figure>\n\n\n\n<p>Z\u00e9 Hon\u00f3rio iniciou sua carreira musical em 1981, na cidade de Itabuna (BA) como vocalista da banda Baile Tropical Music.<\/p>\n\n\n\n<p>Em1984 foi convidado por Ademar Andrade para cantar no Carnaval de Salvador na Banda Furta Cor &#8211; Bloco Papa-L\u00e9guas. durante sua trajet\u00f3ria no carnaval cantou tamb\u00e9m nas bandas Maracatu Eletr\u00f4nico, Papa L\u00e9guas e Tapaj\u00f3s, deixando sua marca registrada ao cantar no campo grande ao lado de Amelinha a m\u00fasica amar quem j\u00e1 amei que ficou conhecida como \u201cSeu Mo\u00e7o\u201d, sendo eleito o melhor cantor de trio do carnaval.<\/p>\n\n\n\n<p><em>\u201cQuando o Traz a Massa me chamou eu fui sem perguntar o cach\u00ea, quando Ademar saiu para montar ao Frenesi fui tamb\u00e9m sem perguntar o valor de cach\u00ea, fui por amor a musica e o carnaval\u201d,<\/em> revelou<\/p>\n\n\n\n<p>Z\u00e9 Hon\u00f3rio \u00e9 um cantor vers\u00e1til, tem uma banda de forr\u00f3 chamada Visgo De Jaca, continua cantando no Carnaval De Salvador em trios, camarotes e palcos. j\u00e1 teve a oportunidade de cantar duas vezes com Elba ramalho e por onde passa marca presen\u00e7a por seu talento e sua voz \u00edmpar.<\/p>\n\n\n\n<p>Em 2025 o cantor se apresentar em um palco no circuito Barra Ondina e far\u00e1 uma apresenta\u00e7\u00e3o com a banda Cheiro de Amor, no bloco na sexta-feira (28).<\/p>\n\n\n\n<p>Durante a entrevista confirmou o seu show na Micareta de Feira em 2025 e presen\u00e7a da jornalista Wanda Chas\u00e9, no seu trio no Circuito Maneca Ferreira.<\/p>\n\n\n\n<p>Completando 41 anos de carreira Z\u00e9 Honorio falou com exclusividade \u00e0 Radio Sociedade News FM. Ou\u00e7a a entrevista no programa Conectado Com Folia a partir 22 horas.<\/p>\n\n\n\n<figure class=\"wp-block-image size-full\"><img fetchpriority=\"high\" decoding=\"async\" width=\"728\" height=\"90\" src=\"https:\/\/portalmf.com.br\/wp-content\/uploads\/2025\/02\/BAI-NET-728x90px-INTERIOR-Carnaval-da-Bahia.gif\" alt=\"\" class=\"wp-image-34290\"\/><\/figure>\n","protected":false},"excerpt":{"rendered":"<p>Em entrevista da Radio Sociedade News FM e ao Portal MF o cantor Z\u00e9 Hon\u00f3rio, que completa 41 anos de carreira em 2025, falou sobre a sua carreira, as passagens do diversas bandas e blocos do Carnaval de Salvador. Z\u00e9 Hon\u00f3rio iniciou sua carreira musical em 1981, na cidade de Itabuna (BA) como vocalista da [&hellip;]<\/p>\n","protected":false},"author":2,"featured_media":35329,"comment_status":"open","ping_status":"open","sticky":false,"template":"","format":"standard","meta":{"_monsterinsights_skip_tracking":false,"_monsterinsights_sitenote_active":false,"_monsterinsights_sitenote_note":"","_monsterinsights_sitenote_category":0,"footnotes":""},"categories":[44,48],"tags":[],"yoast_head":"<!-- This site is optimized with the Yoast SEO plugin v22.9 - https:\/\/yoast.com\/wordpress\/plugins\/seo\/ -->\n<title>Z\u00e9 Hon\u00f3rio completa 41 anos de carreria durante o Carnaval 2025 - Portal MF<\/title>\n<meta name=\"robots\" content=\"index, follow, max-snippet:-1, max-image-preview:large, max-video-preview:-1\" \/>\n<link rel=\"canonical\" href=\"https:\/\/portalmf.com.br\/index.php\/2025\/02\/26\/ze-honorio-completa-41-anos-de-carreia-durante-o-carnaval-2025\/\" \/>\n<meta property=\"og:locale\" content=\"pt_BR\" \/>\n<meta property=\"og:type\" content=\"article\" \/>\n<meta property=\"og:title\" content=\"Z\u00e9 Hon\u00f3rio completa 41 anos de carreria durante o Carnaval 2025 - Portal MF\" \/>\n<meta property=\"og:description\" content=\"Em entrevista da Radio Sociedade News FM e ao Portal MF o cantor Z\u00e9 Hon\u00f3rio, que completa 41 anos de carreira em 2025, falou sobre a sua carreira, as passagens do diversas bandas e blocos do Carnaval de Salvador. Z\u00e9 Hon\u00f3rio iniciou sua carreira musical em 1981, na cidade de Itabuna (BA) como vocalista da [&hellip;]\" \/>\n<meta property=\"og:url\" content=\"https:\/\/portalmf.com.br\/index.php\/2025\/02\/26\/ze-honorio-completa-41-anos-de-carreia-durante-o-carnaval-2025\/\" \/>\n<meta property=\"og:site_name\" content=\"Portal MF\" \/>\n<meta property=\"article:author\" content=\"reginaldojrfsa\" \/>\n<meta property=\"article:published_time\" content=\"2025-02-26T18:57:00+00:00\" \/>\n<meta property=\"article:modified_time\" content=\"2025-04-05T16:15:11+00:00\" \/>\n<meta property=\"og:image\" content=\"https:\/\/portalmf.com.br\/wp-content\/uploads\/2025\/04\/ze_honorio-1080-\u00d7-1080-px-2.jpg\" \/>\n\t<meta property=\"og:image:width\" content=\"1200\" \/>\n\t<meta property=\"og:image:height\" content=\"800\" \/>\n\t<meta property=\"og:image:type\" content=\"image\/jpeg\" \/>\n<meta name=\"author\" content=\"Reginaldo J\u00fanior\" \/>\n<meta name=\"twitter:card\" content=\"summary_large_image\" \/>\n<meta name=\"twitter:creator\" content=\"@reginaldojrmf\" \/>\n<meta name=\"twitter:label1\" content=\"Escrito por\" \/>\n\t<meta name=\"twitter:data1\" content=\"Reginaldo J\u00fanior\" \/>\n\t<meta name=\"twitter:label2\" content=\"Est. tempo de leitura\" \/>\n\t<meta name=\"twitter:data2\" content=\"3 minutos\" \/>\n<script type=\"application\/ld+json\" class=\"yoast-schema-graph\">{\"@context\":\"https:\/\/schema.org\",\"@graph\":[{\"@type\":\"WebPage\",\"@id\":\"https:\/\/portalmf.com.br\/index.php\/2025\/02\/26\/ze-honorio-completa-41-anos-de-carreia-durante-o-carnaval-2025\/\",\"url\":\"https:\/\/portalmf.com.br\/index.php\/2025\/02\/26\/ze-honorio-completa-41-anos-de-carreia-durante-o-carnaval-2025\/\",\"name\":\"Z\u00e9 Hon\u00f3rio completa 41 anos de carreria durante o Carnaval 2025 - Portal MF\",\"isPartOf\":{\"@id\":\"https:\/\/portalmf.com.br\/#website\"},\"primaryImageOfPage\":{\"@id\":\"https:\/\/portalmf.com.br\/index.php\/2025\/02\/26\/ze-honorio-completa-41-anos-de-carreia-durante-o-carnaval-2025\/#primaryimage\"},\"image\":{\"@id\":\"https:\/\/portalmf.com.br\/index.php\/2025\/02\/26\/ze-honorio-completa-41-anos-de-carreia-durante-o-carnaval-2025\/#primaryimage\"},\"thumbnailUrl\":\"https:\/\/portalmf.com.br\/wp-content\/uploads\/2025\/04\/ze_honorio-1080-\u00d7-1080-px-2.jpg\",\"datePublished\":\"2025-02-26T18:57:00+00:00\",\"dateModified\":\"2025-04-05T16:15:11+00:00\",\"author\":{\"@id\":\"https:\/\/portalmf.com.br\/#\/schema\/person\/11c82086fe8abc05a19147e964587285\"},\"breadcrumb\":{\"@id\":\"https:\/\/portalmf.com.br\/index.php\/2025\/02\/26\/ze-honorio-completa-41-anos-de-carreia-durante-o-carnaval-2025\/#breadcrumb\"},\"inLanguage\":\"pt-BR\",\"potentialAction\":[{\"@type\":\"ReadAction\",\"target\":[\"https:\/\/portalmf.com.br\/index.php\/2025\/02\/26\/ze-honorio-completa-41-anos-de-carreia-durante-o-carnaval-2025\/\"]}]},{\"@type\":\"ImageObject\",\"inLanguage\":\"pt-BR\",\"@id\":\"https:\/\/portalmf.com.br\/index.php\/2025\/02\/26\/ze-honorio-completa-41-anos-de-carreia-durante-o-carnaval-2025\/#primaryimage\",\"url\":\"https:\/\/portalmf.com.br\/wp-content\/uploads\/2025\/04\/ze_honorio-1080-\u00d7-1080-px-2.jpg\",\"contentUrl\":\"https:\/\/portalmf.com.br\/wp-content\/uploads\/2025\/04\/ze_honorio-1080-\u00d7-1080-px-2.jpg\",\"width\":1200,\"height\":800},{\"@type\":\"BreadcrumbList\",\"@id\":\"https:\/\/portalmf.com.br\/index.php\/2025\/02\/26\/ze-honorio-completa-41-anos-de-carreia-durante-o-carnaval-2025\/#breadcrumb\",\"itemListElement\":[{\"@type\":\"ListItem\",\"position\":1,\"name\":\"In\u00edcio\",\"item\":\"https:\/\/portalmf.com.br\/\"},{\"@type\":\"ListItem\",\"position\":2,\"name\":\"Z\u00e9 Hon\u00f3rio completa 41 anos de carreria durante o Carnaval 2025\"}]},{\"@type\":\"WebSite\",\"@id\":\"https:\/\/portalmf.com.br\/#website\",\"url\":\"https:\/\/portalmf.com.br\/\",\"name\":\"Portal MF\",\"description\":\"Voc\u00ea conectado com a informa\u00e7\u00e3o\",\"potentialAction\":[{\"@type\":\"SearchAction\",\"target\":{\"@type\":\"EntryPoint\",\"urlTemplate\":\"https:\/\/portalmf.com.br\/?s={search_term_string}\"},\"query-input\":\"required name=search_term_string\"}],\"inLanguage\":\"pt-BR\"},{\"@type\":\"Person\",\"@id\":\"https:\/\/portalmf.com.br\/#\/schema\/person\/11c82086fe8abc05a19147e964587285\",\"name\":\"Reginaldo J\u00fanior\",\"image\":{\"@type\":\"ImageObject\",\"inLanguage\":\"pt-BR\",\"@id\":\"https:\/\/portalmf.com.br\/#\/schema\/person\/image\/\",\"url\":\"https:\/\/secure.gravatar.com\/avatar\/32a3c797cd0ac47cc53b8644c62776f9?s=96&d=mm&r=g\",\"contentUrl\":\"https:\/\/secure.gravatar.com\/avatar\/32a3c797cd0ac47cc53b8644c62776f9?s=96&d=mm&r=g\",\"caption\":\"Reginaldo J\u00fanior\"},\"description\":\"Jornalista e idealizador Portal MF\",\"sameAs\":[\"https:\/\/portalmf.com.br\/index.php\/author\/reginaldojr\/\",\"reginaldojrfsa\",\"reginaldojuniormf\",\"https:\/\/x.com\/reginaldojrmf\"],\"url\":\"https:\/\/portalmf.com.br\/index.php\/author\/reginaldojr\/\"}]}<\/script>\n<!-- \/ Yoast SEO plugin. -->","yoast_head_json":{"title":"Z\u00e9 Hon\u00f3rio completa 41 anos de carreria durante o Carnaval 2025 - Portal MF","robots":{"index":"index","follow":"follow","max-snippet":"max-snippet:-1","max-image-preview":"max-image-preview:large","max-video-preview":"max-video-preview:-1"},"canonical":"https:\/\/portalmf.com.br\/index.php\/2025\/02\/26\/ze-honorio-completa-41-anos-de-carreia-durante-o-carnaval-2025\/","og_locale":"pt_BR","og_type":"article","og_title":"Z\u00e9 Hon\u00f3rio completa 41 anos de carreria durante o Carnaval 2025 - Portal MF","og_description":"Em entrevista da Radio Sociedade News FM e ao Portal MF o cantor Z\u00e9 Hon\u00f3rio, que completa 41 anos de carreira em 2025, falou sobre a sua carreira, as passagens do diversas bandas e blocos do Carnaval de Salvador. Z\u00e9 Hon\u00f3rio iniciou sua carreira musical em 1981, na cidade de Itabuna (BA) como vocalista da [&hellip;]","og_url":"https:\/\/portalmf.com.br\/index.php\/2025\/02\/26\/ze-honorio-completa-41-anos-de-carreia-durante-o-carnaval-2025\/","og_site_name":"Portal MF","article_author":"reginaldojrfsa","article_published_time":"2025-02-26T18:57:00+00:00","article_modified_time":"2025-04-05T16:15:11+00:00","og_image":[{"width":1200,"height":800,"url":"https:\/\/portalmf.com.br\/wp-content\/uploads\/2025\/04\/ze_honorio-1080-\u00d7-1080-px-2.jpg","type":"image\/jpeg"}],"author":"Reginaldo J\u00fanior","twitter_card":"summary_large_image","twitter_creator":"@reginaldojrmf","twitter_misc":{"Escrito por":"Reginaldo J\u00fanior","Est. tempo de leitura":"3 minutos"},"schema":{"@context":"https:\/\/schema.org","@graph":[{"@type":"WebPage","@id":"https:\/\/portalmf.com.br\/index.php\/2025\/02\/26\/ze-honorio-completa-41-anos-de-carreia-durante-o-carnaval-2025\/","url":"https:\/\/portalmf.com.br\/index.php\/2025\/02\/26\/ze-honorio-completa-41-anos-de-carreia-durante-o-carnaval-2025\/","name":"Z\u00e9 Hon\u00f3rio completa 41 anos de carreria durante o Carnaval 2025 - Portal MF","isPartOf":{"@id":"https:\/\/portalmf.com.br\/#website"},"primaryImageOfPage":{"@id":"https:\/\/portalmf.com.br\/index.php\/2025\/02\/26\/ze-honorio-completa-41-anos-de-carreia-durante-o-carnaval-2025\/#primaryimage"},"image":{"@id":"https:\/\/portalmf.com.br\/index.php\/2025\/02\/26\/ze-honorio-completa-41-anos-de-carreia-durante-o-carnaval-2025\/#primaryimage"},"thumbnailUrl":"https:\/\/portalmf.com.br\/wp-content\/uploads\/2025\/04\/ze_honorio-1080-\u00d7-1080-px-2.jpg","datePublished":"2025-02-26T18:57:00+00:00","dateModified":"2025-04-05T16:15:11+00:00","author":{"@id":"https:\/\/portalmf.com.br\/#\/schema\/person\/11c82086fe8abc05a19147e964587285"},"breadcrumb":{"@id":"https:\/\/portalmf.com.br\/index.php\/2025\/02\/26\/ze-honorio-completa-41-anos-de-carreia-durante-o-carnaval-2025\/#breadcrumb"},"inLanguage":"pt-BR","potentialAction":[{"@type":"ReadAction","target":["https:\/\/portalmf.com.br\/index.php\/2025\/02\/26\/ze-honorio-completa-41-anos-de-carreia-durante-o-carnaval-2025\/"]}]},{"@type":"ImageObject","inLanguage":"pt-BR","@id":"https:\/\/portalmf.com.br\/index.php\/2025\/02\/26\/ze-honorio-completa-41-anos-de-carreia-durante-o-carnaval-2025\/#primaryimage","url":"https:\/\/portalmf.com.br\/wp-content\/uploads\/2025\/04\/ze_honorio-1080-\u00d7-1080-px-2.jpg","contentUrl":"https:\/\/portalmf.com.br\/wp-content\/uploads\/2025\/04\/ze_honorio-1080-\u00d7-1080-px-2.jpg","width":1200,"height":800},{"@type":"BreadcrumbList","@id":"https:\/\/portalmf.com.br\/index.php\/2025\/02\/26\/ze-honorio-completa-41-anos-de-carreia-durante-o-carnaval-2025\/#breadcrumb","itemListElement":[{"@type":"ListItem","position":1,"name":"In\u00edcio","item":"https:\/\/portalmf.com.br\/"},{"@type":"ListItem","position":2,"name":"Z\u00e9 Hon\u00f3rio completa 41 anos de carreria durante o Carnaval 2025"}]},{"@type":"WebSite","@id":"https:\/\/portalmf.com.br\/#website","url":"https:\/\/portalmf.com.br\/","name":"Portal MF","description":"Voc\u00ea conectado com a informa\u00e7\u00e3o","potentialAction":[{"@type":"SearchAction","target":{"@type":"EntryPoint","urlTemplate":"https:\/\/portalmf.com.br\/?s={search_term_string}"},"query-input":"required name=search_term_string"}],"inLanguage":"pt-BR"},{"@type":"Person","@id":"https:\/\/portalmf.com.br\/#\/schema\/person\/11c82086fe8abc05a19147e964587285","name":"Reginaldo J\u00fanior","image":{"@type":"ImageObject","inLanguage":"pt-BR","@id":"https:\/\/portalmf.com.br\/#\/schema\/person\/image\/","url":"https:\/\/secure.gravatar.com\/avatar\/32a3c797cd0ac47cc53b8644c62776f9?s=96&d=mm&r=g","contentUrl":"https:\/\/secure.gravatar.com\/avatar\/32a3c797cd0ac47cc53b8644c62776f9?s=96&d=mm&r=g","caption":"Reginaldo J\u00fanior"},"description":"Jornalista e idealizador Portal MF","sameAs":["https:\/\/portalmf.com.br\/index.php\/author\/reginaldojr\/","reginaldojrfsa","reginaldojuniormf","https:\/\/x.com\/reginaldojrmf"],"url":"https:\/\/portalmf.com.br\/index.php\/author\/reginaldojr\/"}]}},"_links":{"self":[{"href":"https:\/\/portalmf.com.br\/index.php\/wp-json\/wp\/v2\/posts\/35328"}],"collection":[{"href":"https:\/\/portalmf.com.br\/index.php\/wp-json\/wp\/v2\/posts"}],"about":[{"href":"https:\/\/portalmf.com.br\/index.php\/wp-json\/wp\/v2\/types\/post"}],"author":[{"embeddable":true,"href":"https:\/\/portalmf.com.br\/index.php\/wp-json\/wp\/v2\/users\/2"}],"replies":[{"embeddable":true,"href":"https:\/\/portalmf.com.br\/index.php\/wp-json\/wp\/v2\/comments?post=35328"}],"version-history":[{"count":3,"href":"https:\/\/portalmf.com.br\/index.php\/wp-json\/wp\/v2\/posts\/35328\/revisions"}],"predecessor-version":[{"id":35332,"href":"https:\/\/portalmf.com.br\/index.php\/wp-json\/wp\/v2\/posts\/35328\/revisions\/35332"}],"wp:featuredmedia":[{"embeddable":true,"href":"https:\/\/portalmf.com.br\/index.php\/wp-json\/wp\/v2\/media\/35329"}],"wp:attachment":[{"href":"https:\/\/portalmf.com.br\/index.php\/wp-json\/wp\/v2\/media?parent=35328"}],"wp:term":[{"taxonomy":"category","embeddable":true,"href":"https:\/\/portalmf.com.br\/index.php\/wp-json\/wp\/v2\/categories?post=35328"},{"taxonomy":"post_tag","embeddable":true,"href":"https:\/\/portalmf.com.br\/index.php\/wp-json\/wp\/v2\/tags?post=35328"}],"curies":[{"name":"wp","href":"https:\/\/api.w.org\/{rel}","templated":true}]}}