{"id":35255,"date":"2025-04-03T07:35:30","date_gmt":"2025-04-03T10:35:30","guid":{"rendered":"https:\/\/portalmf.com.br\/?p=35255"},"modified":"2025-04-04T12:44:02","modified_gmt":"2025-04-04T15:44:02","slug":"icone-do-jornalista-baiano-wanda-chase-morre-em-salvador","status":"publish","type":"post","link":"https:\/\/portalmf.com.br\/index.php\/2025\/04\/03\/icone-do-jornalista-baiano-wanda-chase-morre-em-salvador\/","title":{"rendered":"\u00cdcone do jornalismo baiano, Wanda Chase morre em Salvador"},"content":{"rendered":"\n<p>A apresentadora Wanda Chase morreu na noite de quarta-feira (2), ap\u00f3s passar por uma cirurgia de aneurisma da aorta no Hospital Tereza de Liseaux, em\u00a0Salvador. A jornalista trabalhou por 27 anos na TV Bahia, onde se consolidou como comunicadora e ativista do movimento negro.<\/p>\n\n\n\n<p>Nascida no Amazonas, Wanda Chase se mudou para a Bahia em 1991, onde se consolidou como jornalista. O enterro dela deve acontecer no s\u00e1bado (5), no Cemit\u00e9rio Campo Santo, quando os familiares devem chegar na capital baiana.<\/p>\n\n\n\n<p>Segundo familiares, Wanda anunciou que estava com problemas de sa\u00fade h\u00e1 cerca de um m\u00eas ap\u00f3s uma virose. Depois de procurar ajuda m\u00e9dica, a jornalista foi diagnosticada com uma infec\u00e7\u00e3o urin\u00e1ria e, em seguida, uma infec\u00e7\u00e3o intestinal.<\/p>\n\n\n\n<p>Wanda Chase deu entrada no hospital na quarta-feira, onde teve o diagn\u00f3stico de aneurisma dissecante da aorta, doen\u00e7a grave que ocorre quando a camada interna da aorta se rompe.A jornalista deu entrada no centro cir\u00fargico por volta das 17h. <\/p>\n\n\n\n<p>A morte dela foi comunicada para os familiares quase 6 horas depois.<\/p>\n\n\n\n<p>Com informa\u00e7\u00f5es do G1 Bahia<\/p>\n\n\n\n<p><\/p>\n\n\n\n<p><\/p>\n","protected":false},"excerpt":{"rendered":"<p>A apresentadora Wanda Chase morreu na noite de quarta-feira (2), ap\u00f3s passar por uma cirurgia de aneurisma da aorta no Hospital Tereza de Liseaux, em\u00a0Salvador. A jornalista trabalhou por 27 anos na TV Bahia, onde se consolidou como comunicadora e ativista do movimento negro. Nascida no Amazonas, Wanda Chase se mudou para a Bahia em [&hellip;]<\/p>\n","protected":false},"author":3,"featured_media":35256,"comment_status":"open","ping_status":"open","sticky":false,"template":"","format":"standard","meta":{"_monsterinsights_skip_tracking":false,"_monsterinsights_sitenote_active":false,"_monsterinsights_sitenote_note":"","_monsterinsights_sitenote_category":0,"footnotes":""},"categories":[43],"tags":[],"yoast_head":"<!-- This site is optimized with the Yoast SEO plugin v22.9 - https:\/\/yoast.com\/wordpress\/plugins\/seo\/ -->\n<title>\u00cdcone do jornalismo baiano, Wanda Chase morre em Salvador - Portal MF<\/title>\n<meta name=\"robots\" content=\"index, follow, max-snippet:-1, max-image-preview:large, max-video-preview:-1\" \/>\n<link rel=\"canonical\" href=\"https:\/\/portalmf.com.br\/index.php\/2025\/04\/03\/icone-do-jornalista-baiano-wanda-chase-morre-em-salvador\/\" \/>\n<meta property=\"og:locale\" content=\"pt_BR\" \/>\n<meta property=\"og:type\" content=\"article\" \/>\n<meta property=\"og:title\" content=\"\u00cdcone do jornalismo baiano, Wanda Chase morre em Salvador - Portal MF\" \/>\n<meta property=\"og:description\" content=\"A apresentadora Wanda Chase morreu na noite de quarta-feira (2), ap\u00f3s passar por uma cirurgia de aneurisma da aorta no Hospital Tereza de Liseaux, em\u00a0Salvador. A jornalista trabalhou por 27 anos na TV Bahia, onde se consolidou como comunicadora e ativista do movimento negro. Nascida no Amazonas, Wanda Chase se mudou para a Bahia em [&hellip;]\" \/>\n<meta property=\"og:url\" content=\"https:\/\/portalmf.com.br\/index.php\/2025\/04\/03\/icone-do-jornalista-baiano-wanda-chase-morre-em-salvador\/\" \/>\n<meta property=\"og:site_name\" content=\"Portal MF\" \/>\n<meta property=\"article:author\" content=\"https:\/\/www.facebook.com\/portalmfoficial\" \/>\n<meta property=\"article:published_time\" content=\"2025-04-03T10:35:30+00:00\" \/>\n<meta property=\"article:modified_time\" content=\"2025-04-04T15:44:02+00:00\" \/>\n<meta property=\"og:image\" content=\"https:\/\/portalmf.com.br\/wp-content\/uploads\/2025\/04\/332061730_3434021310255875_2132476070326480088_n.webp.jpg\" \/>\n\t<meta property=\"og:image:width\" content=\"1080\" \/>\n\t<meta property=\"og:image:height\" content=\"1080\" \/>\n\t<meta property=\"og:image:type\" content=\"image\/jpeg\" \/>\n<meta name=\"author\" content=\"Reda\u00e7\u00e3o Portal MF\" \/>\n<meta name=\"twitter:card\" content=\"summary_large_image\" \/>\n<meta name=\"twitter:creator\" content=\"@https:\/\/x.com\/portalmfoficial\" \/>\n<meta name=\"twitter:label1\" content=\"Escrito por\" \/>\n\t<meta name=\"twitter:data1\" content=\"Reda\u00e7\u00e3o Portal MF\" \/>\n\t<meta name=\"twitter:label2\" content=\"Est. tempo de leitura\" \/>\n\t<meta name=\"twitter:data2\" content=\"2 minutos\" \/>\n<script type=\"application\/ld+json\" class=\"yoast-schema-graph\">{\"@context\":\"https:\/\/schema.org\",\"@graph\":[{\"@type\":\"WebPage\",\"@id\":\"https:\/\/portalmf.com.br\/index.php\/2025\/04\/03\/icone-do-jornalista-baiano-wanda-chase-morre-em-salvador\/\",\"url\":\"https:\/\/portalmf.com.br\/index.php\/2025\/04\/03\/icone-do-jornalista-baiano-wanda-chase-morre-em-salvador\/\",\"name\":\"\u00cdcone do jornalismo baiano, Wanda Chase morre em Salvador - Portal MF\",\"isPartOf\":{\"@id\":\"https:\/\/portalmf.com.br\/#website\"},\"primaryImageOfPage\":{\"@id\":\"https:\/\/portalmf.com.br\/index.php\/2025\/04\/03\/icone-do-jornalista-baiano-wanda-chase-morre-em-salvador\/#primaryimage\"},\"image\":{\"@id\":\"https:\/\/portalmf.com.br\/index.php\/2025\/04\/03\/icone-do-jornalista-baiano-wanda-chase-morre-em-salvador\/#primaryimage\"},\"thumbnailUrl\":\"https:\/\/portalmf.com.br\/wp-content\/uploads\/2025\/04\/332061730_3434021310255875_2132476070326480088_n.webp.jpg\",\"datePublished\":\"2025-04-03T10:35:30+00:00\",\"dateModified\":\"2025-04-04T15:44:02+00:00\",\"author\":{\"@id\":\"https:\/\/portalmf.com.br\/#\/schema\/person\/9ec101baf56233e53520c26de5d6f6f0\"},\"breadcrumb\":{\"@id\":\"https:\/\/portalmf.com.br\/index.php\/2025\/04\/03\/icone-do-jornalista-baiano-wanda-chase-morre-em-salvador\/#breadcrumb\"},\"inLanguage\":\"pt-BR\",\"potentialAction\":[{\"@type\":\"ReadAction\",\"target\":[\"https:\/\/portalmf.com.br\/index.php\/2025\/04\/03\/icone-do-jornalista-baiano-wanda-chase-morre-em-salvador\/\"]}]},{\"@type\":\"ImageObject\",\"inLanguage\":\"pt-BR\",\"@id\":\"https:\/\/portalmf.com.br\/index.php\/2025\/04\/03\/icone-do-jornalista-baiano-wanda-chase-morre-em-salvador\/#primaryimage\",\"url\":\"https:\/\/portalmf.com.br\/wp-content\/uploads\/2025\/04\/332061730_3434021310255875_2132476070326480088_n.webp.jpg\",\"contentUrl\":\"https:\/\/portalmf.com.br\/wp-content\/uploads\/2025\/04\/332061730_3434021310255875_2132476070326480088_n.webp.jpg\",\"width\":1080,\"height\":1080},{\"@type\":\"BreadcrumbList\",\"@id\":\"https:\/\/portalmf.com.br\/index.php\/2025\/04\/03\/icone-do-jornalista-baiano-wanda-chase-morre-em-salvador\/#breadcrumb\",\"itemListElement\":[{\"@type\":\"ListItem\",\"position\":1,\"name\":\"In\u00edcio\",\"item\":\"https:\/\/portalmf.com.br\/\"},{\"@type\":\"ListItem\",\"position\":2,\"name\":\"\u00cdcone do jornalismo baiano, Wanda Chase morre em Salvador\"}]},{\"@type\":\"WebSite\",\"@id\":\"https:\/\/portalmf.com.br\/#website\",\"url\":\"https:\/\/portalmf.com.br\/\",\"name\":\"Portal MF\",\"description\":\"Voc\u00ea conectado com a informa\u00e7\u00e3o\",\"potentialAction\":[{\"@type\":\"SearchAction\",\"target\":{\"@type\":\"EntryPoint\",\"urlTemplate\":\"https:\/\/portalmf.com.br\/?s={search_term_string}\"},\"query-input\":\"required name=search_term_string\"}],\"inLanguage\":\"pt-BR\"},{\"@type\":\"Person\",\"@id\":\"https:\/\/portalmf.com.br\/#\/schema\/person\/9ec101baf56233e53520c26de5d6f6f0\",\"name\":\"Reda\u00e7\u00e3o Portal MF\",\"image\":{\"@type\":\"ImageObject\",\"inLanguage\":\"pt-BR\",\"@id\":\"https:\/\/portalmf.com.br\/#\/schema\/person\/image\/\",\"url\":\"https:\/\/secure.gravatar.com\/avatar\/41b9aaeb2100835f7c64362330f74c7f?s=96&d=mm&r=g\",\"contentUrl\":\"https:\/\/secure.gravatar.com\/avatar\/41b9aaeb2100835f7c64362330f74c7f?s=96&d=mm&r=g\",\"caption\":\"Reda\u00e7\u00e3o Portal MF\"},\"description\":\"Sejam bem-vindos o portal de informa\u00e7\u00f5es de entretenimento de Feira de Santana, desde 2006 realiza coberturas dos principais eventos com entrevistas exclusivas com as principais personalidades mundiais. Fique conectado tamb\u00e9m nas redes sociais.\",\"sameAs\":[\"http:\/\/www.portalmf.com.br\/\",\"https:\/\/www.facebook.com\/portalmfoficial\",\"https:\/\/www.instagram.com\/portalmf\/\",\"https:\/\/x.com\/https:\/\/x.com\/portalmfoficial\",\"https:\/\/www.youtube.com\/@portalmfoficial\"],\"url\":\"https:\/\/portalmf.com.br\/index.php\/author\/junior\/\"}]}<\/script>\n<!-- \/ Yoast SEO plugin. -->","yoast_head_json":{"title":"\u00cdcone do jornalismo baiano, Wanda Chase morre em Salvador - Portal MF","robots":{"index":"index","follow":"follow","max-snippet":"max-snippet:-1","max-image-preview":"max-image-preview:large","max-video-preview":"max-video-preview:-1"},"canonical":"https:\/\/portalmf.com.br\/index.php\/2025\/04\/03\/icone-do-jornalista-baiano-wanda-chase-morre-em-salvador\/","og_locale":"pt_BR","og_type":"article","og_title":"\u00cdcone do jornalismo baiano, Wanda Chase morre em Salvador - Portal MF","og_description":"A apresentadora Wanda Chase morreu na noite de quarta-feira (2), ap\u00f3s passar por uma cirurgia de aneurisma da aorta no Hospital Tereza de Liseaux, em\u00a0Salvador. A jornalista trabalhou por 27 anos na TV Bahia, onde se consolidou como comunicadora e ativista do movimento negro. Nascida no Amazonas, Wanda Chase se mudou para a Bahia em [&hellip;]","og_url":"https:\/\/portalmf.com.br\/index.php\/2025\/04\/03\/icone-do-jornalista-baiano-wanda-chase-morre-em-salvador\/","og_site_name":"Portal MF","article_author":"https:\/\/www.facebook.com\/portalmfoficial","article_published_time":"2025-04-03T10:35:30+00:00","article_modified_time":"2025-04-04T15:44:02+00:00","og_image":[{"width":1080,"height":1080,"url":"https:\/\/portalmf.com.br\/wp-content\/uploads\/2025\/04\/332061730_3434021310255875_2132476070326480088_n.webp.jpg","type":"image\/jpeg"}],"author":"Reda\u00e7\u00e3o Portal MF","twitter_card":"summary_large_image","twitter_creator":"@https:\/\/x.com\/portalmfoficial","twitter_misc":{"Escrito por":"Reda\u00e7\u00e3o Portal MF","Est. tempo de leitura":"2 minutos"},"schema":{"@context":"https:\/\/schema.org","@graph":[{"@type":"WebPage","@id":"https:\/\/portalmf.com.br\/index.php\/2025\/04\/03\/icone-do-jornalista-baiano-wanda-chase-morre-em-salvador\/","url":"https:\/\/portalmf.com.br\/index.php\/2025\/04\/03\/icone-do-jornalista-baiano-wanda-chase-morre-em-salvador\/","name":"\u00cdcone do jornalismo baiano, Wanda Chase morre em Salvador - Portal MF","isPartOf":{"@id":"https:\/\/portalmf.com.br\/#website"},"primaryImageOfPage":{"@id":"https:\/\/portalmf.com.br\/index.php\/2025\/04\/03\/icone-do-jornalista-baiano-wanda-chase-morre-em-salvador\/#primaryimage"},"image":{"@id":"https:\/\/portalmf.com.br\/index.php\/2025\/04\/03\/icone-do-jornalista-baiano-wanda-chase-morre-em-salvador\/#primaryimage"},"thumbnailUrl":"https:\/\/portalmf.com.br\/wp-content\/uploads\/2025\/04\/332061730_3434021310255875_2132476070326480088_n.webp.jpg","datePublished":"2025-04-03T10:35:30+00:00","dateModified":"2025-04-04T15:44:02+00:00","author":{"@id":"https:\/\/portalmf.com.br\/#\/schema\/person\/9ec101baf56233e53520c26de5d6f6f0"},"breadcrumb":{"@id":"https:\/\/portalmf.com.br\/index.php\/2025\/04\/03\/icone-do-jornalista-baiano-wanda-chase-morre-em-salvador\/#breadcrumb"},"inLanguage":"pt-BR","potentialAction":[{"@type":"ReadAction","target":["https:\/\/portalmf.com.br\/index.php\/2025\/04\/03\/icone-do-jornalista-baiano-wanda-chase-morre-em-salvador\/"]}]},{"@type":"ImageObject","inLanguage":"pt-BR","@id":"https:\/\/portalmf.com.br\/index.php\/2025\/04\/03\/icone-do-jornalista-baiano-wanda-chase-morre-em-salvador\/#primaryimage","url":"https:\/\/portalmf.com.br\/wp-content\/uploads\/2025\/04\/332061730_3434021310255875_2132476070326480088_n.webp.jpg","contentUrl":"https:\/\/portalmf.com.br\/wp-content\/uploads\/2025\/04\/332061730_3434021310255875_2132476070326480088_n.webp.jpg","width":1080,"height":1080},{"@type":"BreadcrumbList","@id":"https:\/\/portalmf.com.br\/index.php\/2025\/04\/03\/icone-do-jornalista-baiano-wanda-chase-morre-em-salvador\/#breadcrumb","itemListElement":[{"@type":"ListItem","position":1,"name":"In\u00edcio","item":"https:\/\/portalmf.com.br\/"},{"@type":"ListItem","position":2,"name":"\u00cdcone do jornalismo baiano, Wanda Chase morre em Salvador"}]},{"@type":"WebSite","@id":"https:\/\/portalmf.com.br\/#website","url":"https:\/\/portalmf.com.br\/","name":"Portal MF","description":"Voc\u00ea conectado com a informa\u00e7\u00e3o","potentialAction":[{"@type":"SearchAction","target":{"@type":"EntryPoint","urlTemplate":"https:\/\/portalmf.com.br\/?s={search_term_string}"},"query-input":"required name=search_term_string"}],"inLanguage":"pt-BR"},{"@type":"Person","@id":"https:\/\/portalmf.com.br\/#\/schema\/person\/9ec101baf56233e53520c26de5d6f6f0","name":"Reda\u00e7\u00e3o Portal MF","image":{"@type":"ImageObject","inLanguage":"pt-BR","@id":"https:\/\/portalmf.com.br\/#\/schema\/person\/image\/","url":"https:\/\/secure.gravatar.com\/avatar\/41b9aaeb2100835f7c64362330f74c7f?s=96&d=mm&r=g","contentUrl":"https:\/\/secure.gravatar.com\/avatar\/41b9aaeb2100835f7c64362330f74c7f?s=96&d=mm&r=g","caption":"Reda\u00e7\u00e3o Portal MF"},"description":"Sejam bem-vindos o portal de informa\u00e7\u00f5es de entretenimento de Feira de Santana, desde 2006 realiza coberturas dos principais eventos com entrevistas exclusivas com as principais personalidades mundiais. Fique conectado tamb\u00e9m nas redes sociais.","sameAs":["http:\/\/www.portalmf.com.br\/","https:\/\/www.facebook.com\/portalmfoficial","https:\/\/www.instagram.com\/portalmf\/","https:\/\/x.com\/https:\/\/x.com\/portalmfoficial","https:\/\/www.youtube.com\/@portalmfoficial"],"url":"https:\/\/portalmf.com.br\/index.php\/author\/junior\/"}]}},"_links":{"self":[{"href":"https:\/\/portalmf.com.br\/index.php\/wp-json\/wp\/v2\/posts\/35255"}],"collection":[{"href":"https:\/\/portalmf.com.br\/index.php\/wp-json\/wp\/v2\/posts"}],"about":[{"href":"https:\/\/portalmf.com.br\/index.php\/wp-json\/wp\/v2\/types\/post"}],"author":[{"embeddable":true,"href":"https:\/\/portalmf.com.br\/index.php\/wp-json\/wp\/v2\/users\/3"}],"replies":[{"embeddable":true,"href":"https:\/\/portalmf.com.br\/index.php\/wp-json\/wp\/v2\/comments?post=35255"}],"version-history":[{"count":3,"href":"https:\/\/portalmf.com.br\/index.php\/wp-json\/wp\/v2\/posts\/35255\/revisions"}],"predecessor-version":[{"id":35263,"href":"https:\/\/portalmf.com.br\/index.php\/wp-json\/wp\/v2\/posts\/35255\/revisions\/35263"}],"wp:featuredmedia":[{"embeddable":true,"href":"https:\/\/portalmf.com.br\/index.php\/wp-json\/wp\/v2\/media\/35256"}],"wp:attachment":[{"href":"https:\/\/portalmf.com.br\/index.php\/wp-json\/wp\/v2\/media?parent=35255"}],"wp:term":[{"taxonomy":"category","embeddable":true,"href":"https:\/\/portalmf.com.br\/index.php\/wp-json\/wp\/v2\/categories?post=35255"},{"taxonomy":"post_tag","embeddable":true,"href":"https:\/\/portalmf.com.br\/index.php\/wp-json\/wp\/v2\/tags?post=35255"}],"curies":[{"name":"wp","href":"https:\/\/api.w.org\/{rel}","templated":true}]}}