{"id":3524,"date":"2022-08-24T15:39:22","date_gmt":"2022-08-24T18:39:22","guid":{"rendered":"http:\/\/portalmf.com.br\/?p=3524"},"modified":"2022-08-24T15:39:23","modified_gmt":"2022-08-24T18:39:23","slug":"cantor-feirense-e-assassinado-no-conjunto-fraternidade","status":"publish","type":"post","link":"https:\/\/portalmf.com.br\/index.php\/2022\/08\/24\/cantor-feirense-e-assassinado-no-conjunto-fraternidade\/","title":{"rendered":"Cantor feirense \u00e9 assassinado no conjunto Fraternidade"},"content":{"rendered":"\n<p>O jovem&nbsp;Adelmo Luan Pereira Souza, mais&nbsp;conhecido como (Luan Stronda), de 19 anos, foi assassinado com cerca de oito tiros por volta das 19h40 de ter\u00e7a-feira (23), em Feira de Santana.<\/p>\n\n\n\n<p>De acordo com informa\u00e7\u00f5es policiais, ele estava&nbsp;no conjunto Fraternidade, quando foi alvejado a tiros&nbsp;nas costas, bra\u00e7o esquerdo, ouvido esquerdo e l\u00e1bios.<\/p>\n\n\n\n<p>Adelmo Luan residia no bairro tomba, trabalhava como lavador de carro e tamb\u00e9m era cantor. O corpo foi encaminhado para o Departamento de Pol\u00edcia T\u00e9cnica (DPT) de Salvador.<\/p>\n\n\n\n<p>Com informa\u00e7\u00f5es do Jornal Folha do Estado<\/p>\n","protected":false},"excerpt":{"rendered":"<p>O jovem&nbsp;Adelmo Luan Pereira Souza, mais&nbsp;conhecido como (Luan Stronda), de 19 anos, foi assassinado com cerca de oito tiros por volta das 19h40 de ter\u00e7a-feira (23), em Feira de Santana. De acordo com informa\u00e7\u00f5es policiais, ele estava&nbsp;no conjunto Fraternidade, quando foi alvejado a tiros&nbsp;nas costas, bra\u00e7o esquerdo, ouvido esquerdo e l\u00e1bios. Adelmo Luan residia no [&hellip;]<\/p>\n","protected":false},"author":2,"featured_media":3525,"comment_status":"open","ping_status":"open","sticky":false,"template":"","format":"standard","meta":{"_monsterinsights_skip_tracking":false,"_monsterinsights_sitenote_active":false,"_monsterinsights_sitenote_note":"","_monsterinsights_sitenote_category":0,"footnotes":""},"categories":[36],"tags":[],"yoast_head":"<!-- This site is optimized with the Yoast SEO plugin v22.9 - https:\/\/yoast.com\/wordpress\/plugins\/seo\/ -->\n<title>Cantor feirense \u00e9 assassinado no conjunto Fraternidade - Portal MF<\/title>\n<meta name=\"robots\" content=\"index, follow, max-snippet:-1, max-image-preview:large, max-video-preview:-1\" \/>\n<link rel=\"canonical\" href=\"https:\/\/portalmf.com.br\/index.php\/2022\/08\/24\/cantor-feirense-e-assassinado-no-conjunto-fraternidade\/\" \/>\n<meta property=\"og:locale\" content=\"pt_BR\" \/>\n<meta property=\"og:type\" content=\"article\" \/>\n<meta property=\"og:title\" content=\"Cantor feirense \u00e9 assassinado no conjunto Fraternidade - Portal MF\" \/>\n<meta property=\"og:description\" content=\"O jovem&nbsp;Adelmo Luan Pereira Souza, mais&nbsp;conhecido como (Luan Stronda), de 19 anos, foi assassinado com cerca de oito tiros por volta das 19h40 de ter\u00e7a-feira (23), em Feira de Santana. De acordo com informa\u00e7\u00f5es policiais, ele estava&nbsp;no conjunto Fraternidade, quando foi alvejado a tiros&nbsp;nas costas, bra\u00e7o esquerdo, ouvido esquerdo e l\u00e1bios. Adelmo Luan residia no [&hellip;]\" \/>\n<meta property=\"og:url\" content=\"https:\/\/portalmf.com.br\/index.php\/2022\/08\/24\/cantor-feirense-e-assassinado-no-conjunto-fraternidade\/\" \/>\n<meta property=\"og:site_name\" content=\"Portal MF\" \/>\n<meta property=\"article:author\" content=\"reginaldojrfsa\" \/>\n<meta property=\"article:published_time\" content=\"2022-08-24T18:39:22+00:00\" \/>\n<meta property=\"article:modified_time\" content=\"2022-08-24T18:39:23+00:00\" \/>\n<meta property=\"og:image\" content=\"https:\/\/portalmf.com.br\/wp-content\/uploads\/2022\/08\/280084124_541954773981517_1480301671034446400_n.jpg\" \/>\n\t<meta property=\"og:image:width\" content=\"640\" \/>\n\t<meta property=\"og:image:height\" content=\"640\" \/>\n\t<meta property=\"og:image:type\" content=\"image\/jpeg\" \/>\n<meta name=\"author\" content=\"Reginaldo J\u00fanior\" \/>\n<meta name=\"twitter:card\" content=\"summary_large_image\" \/>\n<meta name=\"twitter:creator\" content=\"@reginaldojrmf\" \/>\n<meta name=\"twitter:label1\" content=\"Escrito por\" \/>\n\t<meta name=\"twitter:data1\" content=\"Reginaldo J\u00fanior\" \/>\n\t<meta name=\"twitter:label2\" content=\"Est. tempo de leitura\" \/>\n\t<meta name=\"twitter:data2\" content=\"1 minuto\" \/>\n<script type=\"application\/ld+json\" class=\"yoast-schema-graph\">{\"@context\":\"https:\/\/schema.org\",\"@graph\":[{\"@type\":\"WebPage\",\"@id\":\"https:\/\/portalmf.com.br\/index.php\/2022\/08\/24\/cantor-feirense-e-assassinado-no-conjunto-fraternidade\/\",\"url\":\"https:\/\/portalmf.com.br\/index.php\/2022\/08\/24\/cantor-feirense-e-assassinado-no-conjunto-fraternidade\/\",\"name\":\"Cantor feirense \u00e9 assassinado no conjunto Fraternidade - Portal MF\",\"isPartOf\":{\"@id\":\"https:\/\/portalmf.com.br\/#website\"},\"primaryImageOfPage\":{\"@id\":\"https:\/\/portalmf.com.br\/index.php\/2022\/08\/24\/cantor-feirense-e-assassinado-no-conjunto-fraternidade\/#primaryimage\"},\"image\":{\"@id\":\"https:\/\/portalmf.com.br\/index.php\/2022\/08\/24\/cantor-feirense-e-assassinado-no-conjunto-fraternidade\/#primaryimage\"},\"thumbnailUrl\":\"https:\/\/portalmf.com.br\/wp-content\/uploads\/2022\/08\/280084124_541954773981517_1480301671034446400_n.jpg\",\"datePublished\":\"2022-08-24T18:39:22+00:00\",\"dateModified\":\"2022-08-24T18:39:23+00:00\",\"author\":{\"@id\":\"https:\/\/portalmf.com.br\/#\/schema\/person\/11c82086fe8abc05a19147e964587285\"},\"breadcrumb\":{\"@id\":\"https:\/\/portalmf.com.br\/index.php\/2022\/08\/24\/cantor-feirense-e-assassinado-no-conjunto-fraternidade\/#breadcrumb\"},\"inLanguage\":\"pt-BR\",\"potentialAction\":[{\"@type\":\"ReadAction\",\"target\":[\"https:\/\/portalmf.com.br\/index.php\/2022\/08\/24\/cantor-feirense-e-assassinado-no-conjunto-fraternidade\/\"]}]},{\"@type\":\"ImageObject\",\"inLanguage\":\"pt-BR\",\"@id\":\"https:\/\/portalmf.com.br\/index.php\/2022\/08\/24\/cantor-feirense-e-assassinado-no-conjunto-fraternidade\/#primaryimage\",\"url\":\"https:\/\/portalmf.com.br\/wp-content\/uploads\/2022\/08\/280084124_541954773981517_1480301671034446400_n.jpg\",\"contentUrl\":\"https:\/\/portalmf.com.br\/wp-content\/uploads\/2022\/08\/280084124_541954773981517_1480301671034446400_n.jpg\",\"width\":640,\"height\":640},{\"@type\":\"BreadcrumbList\",\"@id\":\"https:\/\/portalmf.com.br\/index.php\/2022\/08\/24\/cantor-feirense-e-assassinado-no-conjunto-fraternidade\/#breadcrumb\",\"itemListElement\":[{\"@type\":\"ListItem\",\"position\":1,\"name\":\"In\u00edcio\",\"item\":\"https:\/\/portalmf.com.br\/\"},{\"@type\":\"ListItem\",\"position\":2,\"name\":\"Cantor feirense \u00e9 assassinado no conjunto Fraternidade\"}]},{\"@type\":\"WebSite\",\"@id\":\"https:\/\/portalmf.com.br\/#website\",\"url\":\"https:\/\/portalmf.com.br\/\",\"name\":\"Portal MF\",\"description\":\"Voc\u00ea conectado com a informa\u00e7\u00e3o\",\"potentialAction\":[{\"@type\":\"SearchAction\",\"target\":{\"@type\":\"EntryPoint\",\"urlTemplate\":\"https:\/\/portalmf.com.br\/?s={search_term_string}\"},\"query-input\":\"required name=search_term_string\"}],\"inLanguage\":\"pt-BR\"},{\"@type\":\"Person\",\"@id\":\"https:\/\/portalmf.com.br\/#\/schema\/person\/11c82086fe8abc05a19147e964587285\",\"name\":\"Reginaldo J\u00fanior\",\"image\":{\"@type\":\"ImageObject\",\"inLanguage\":\"pt-BR\",\"@id\":\"https:\/\/portalmf.com.br\/#\/schema\/person\/image\/\",\"url\":\"https:\/\/secure.gravatar.com\/avatar\/32a3c797cd0ac47cc53b8644c62776f9?s=96&d=mm&r=g\",\"contentUrl\":\"https:\/\/secure.gravatar.com\/avatar\/32a3c797cd0ac47cc53b8644c62776f9?s=96&d=mm&r=g\",\"caption\":\"Reginaldo J\u00fanior\"},\"description\":\"Jornalista e idealizador Portal MF\",\"sameAs\":[\"https:\/\/portalmf.com.br\/index.php\/author\/reginaldojr\/\",\"reginaldojrfsa\",\"reginaldojuniormf\",\"https:\/\/x.com\/reginaldojrmf\"],\"url\":\"https:\/\/portalmf.com.br\/index.php\/author\/reginaldojr\/\"}]}<\/script>\n<!-- \/ Yoast SEO plugin. -->","yoast_head_json":{"title":"Cantor feirense \u00e9 assassinado no conjunto Fraternidade - Portal MF","robots":{"index":"index","follow":"follow","max-snippet":"max-snippet:-1","max-image-preview":"max-image-preview:large","max-video-preview":"max-video-preview:-1"},"canonical":"https:\/\/portalmf.com.br\/index.php\/2022\/08\/24\/cantor-feirense-e-assassinado-no-conjunto-fraternidade\/","og_locale":"pt_BR","og_type":"article","og_title":"Cantor feirense \u00e9 assassinado no conjunto Fraternidade - Portal MF","og_description":"O jovem&nbsp;Adelmo Luan Pereira Souza, mais&nbsp;conhecido como (Luan Stronda), de 19 anos, foi assassinado com cerca de oito tiros por volta das 19h40 de ter\u00e7a-feira (23), em Feira de Santana. De acordo com informa\u00e7\u00f5es policiais, ele estava&nbsp;no conjunto Fraternidade, quando foi alvejado a tiros&nbsp;nas costas, bra\u00e7o esquerdo, ouvido esquerdo e l\u00e1bios. Adelmo Luan residia no [&hellip;]","og_url":"https:\/\/portalmf.com.br\/index.php\/2022\/08\/24\/cantor-feirense-e-assassinado-no-conjunto-fraternidade\/","og_site_name":"Portal MF","article_author":"reginaldojrfsa","article_published_time":"2022-08-24T18:39:22+00:00","article_modified_time":"2022-08-24T18:39:23+00:00","og_image":[{"width":640,"height":640,"url":"https:\/\/portalmf.com.br\/wp-content\/uploads\/2022\/08\/280084124_541954773981517_1480301671034446400_n.jpg","type":"image\/jpeg"}],"author":"Reginaldo J\u00fanior","twitter_card":"summary_large_image","twitter_creator":"@reginaldojrmf","twitter_misc":{"Escrito por":"Reginaldo J\u00fanior","Est. tempo de leitura":"1 minuto"},"schema":{"@context":"https:\/\/schema.org","@graph":[{"@type":"WebPage","@id":"https:\/\/portalmf.com.br\/index.php\/2022\/08\/24\/cantor-feirense-e-assassinado-no-conjunto-fraternidade\/","url":"https:\/\/portalmf.com.br\/index.php\/2022\/08\/24\/cantor-feirense-e-assassinado-no-conjunto-fraternidade\/","name":"Cantor feirense \u00e9 assassinado no conjunto Fraternidade - Portal MF","isPartOf":{"@id":"https:\/\/portalmf.com.br\/#website"},"primaryImageOfPage":{"@id":"https:\/\/portalmf.com.br\/index.php\/2022\/08\/24\/cantor-feirense-e-assassinado-no-conjunto-fraternidade\/#primaryimage"},"image":{"@id":"https:\/\/portalmf.com.br\/index.php\/2022\/08\/24\/cantor-feirense-e-assassinado-no-conjunto-fraternidade\/#primaryimage"},"thumbnailUrl":"https:\/\/portalmf.com.br\/wp-content\/uploads\/2022\/08\/280084124_541954773981517_1480301671034446400_n.jpg","datePublished":"2022-08-24T18:39:22+00:00","dateModified":"2022-08-24T18:39:23+00:00","author":{"@id":"https:\/\/portalmf.com.br\/#\/schema\/person\/11c82086fe8abc05a19147e964587285"},"breadcrumb":{"@id":"https:\/\/portalmf.com.br\/index.php\/2022\/08\/24\/cantor-feirense-e-assassinado-no-conjunto-fraternidade\/#breadcrumb"},"inLanguage":"pt-BR","potentialAction":[{"@type":"ReadAction","target":["https:\/\/portalmf.com.br\/index.php\/2022\/08\/24\/cantor-feirense-e-assassinado-no-conjunto-fraternidade\/"]}]},{"@type":"ImageObject","inLanguage":"pt-BR","@id":"https:\/\/portalmf.com.br\/index.php\/2022\/08\/24\/cantor-feirense-e-assassinado-no-conjunto-fraternidade\/#primaryimage","url":"https:\/\/portalmf.com.br\/wp-content\/uploads\/2022\/08\/280084124_541954773981517_1480301671034446400_n.jpg","contentUrl":"https:\/\/portalmf.com.br\/wp-content\/uploads\/2022\/08\/280084124_541954773981517_1480301671034446400_n.jpg","width":640,"height":640},{"@type":"BreadcrumbList","@id":"https:\/\/portalmf.com.br\/index.php\/2022\/08\/24\/cantor-feirense-e-assassinado-no-conjunto-fraternidade\/#breadcrumb","itemListElement":[{"@type":"ListItem","position":1,"name":"In\u00edcio","item":"https:\/\/portalmf.com.br\/"},{"@type":"ListItem","position":2,"name":"Cantor feirense \u00e9 assassinado no conjunto Fraternidade"}]},{"@type":"WebSite","@id":"https:\/\/portalmf.com.br\/#website","url":"https:\/\/portalmf.com.br\/","name":"Portal MF","description":"Voc\u00ea conectado com a informa\u00e7\u00e3o","potentialAction":[{"@type":"SearchAction","target":{"@type":"EntryPoint","urlTemplate":"https:\/\/portalmf.com.br\/?s={search_term_string}"},"query-input":"required name=search_term_string"}],"inLanguage":"pt-BR"},{"@type":"Person","@id":"https:\/\/portalmf.com.br\/#\/schema\/person\/11c82086fe8abc05a19147e964587285","name":"Reginaldo J\u00fanior","image":{"@type":"ImageObject","inLanguage":"pt-BR","@id":"https:\/\/portalmf.com.br\/#\/schema\/person\/image\/","url":"https:\/\/secure.gravatar.com\/avatar\/32a3c797cd0ac47cc53b8644c62776f9?s=96&d=mm&r=g","contentUrl":"https:\/\/secure.gravatar.com\/avatar\/32a3c797cd0ac47cc53b8644c62776f9?s=96&d=mm&r=g","caption":"Reginaldo J\u00fanior"},"description":"Jornalista e idealizador Portal MF","sameAs":["https:\/\/portalmf.com.br\/index.php\/author\/reginaldojr\/","reginaldojrfsa","reginaldojuniormf","https:\/\/x.com\/reginaldojrmf"],"url":"https:\/\/portalmf.com.br\/index.php\/author\/reginaldojr\/"}]}},"_links":{"self":[{"href":"https:\/\/portalmf.com.br\/index.php\/wp-json\/wp\/v2\/posts\/3524"}],"collection":[{"href":"https:\/\/portalmf.com.br\/index.php\/wp-json\/wp\/v2\/posts"}],"about":[{"href":"https:\/\/portalmf.com.br\/index.php\/wp-json\/wp\/v2\/types\/post"}],"author":[{"embeddable":true,"href":"https:\/\/portalmf.com.br\/index.php\/wp-json\/wp\/v2\/users\/2"}],"replies":[{"embeddable":true,"href":"https:\/\/portalmf.com.br\/index.php\/wp-json\/wp\/v2\/comments?post=3524"}],"version-history":[{"count":1,"href":"https:\/\/portalmf.com.br\/index.php\/wp-json\/wp\/v2\/posts\/3524\/revisions"}],"predecessor-version":[{"id":3526,"href":"https:\/\/portalmf.com.br\/index.php\/wp-json\/wp\/v2\/posts\/3524\/revisions\/3526"}],"wp:featuredmedia":[{"embeddable":true,"href":"https:\/\/portalmf.com.br\/index.php\/wp-json\/wp\/v2\/media\/3525"}],"wp:attachment":[{"href":"https:\/\/portalmf.com.br\/index.php\/wp-json\/wp\/v2\/media?parent=3524"}],"wp:term":[{"taxonomy":"category","embeddable":true,"href":"https:\/\/portalmf.com.br\/index.php\/wp-json\/wp\/v2\/categories?post=3524"},{"taxonomy":"post_tag","embeddable":true,"href":"https:\/\/portalmf.com.br\/index.php\/wp-json\/wp\/v2\/tags?post=3524"}],"curies":[{"name":"wp","href":"https:\/\/api.w.org\/{rel}","templated":true}]}}