{"id":35076,"date":"2025-03-27T16:19:42","date_gmt":"2025-03-27T19:19:42","guid":{"rendered":"https:\/\/portalmf.com.br\/?p=35076"},"modified":"2025-03-27T16:33:02","modified_gmt":"2025-03-27T19:33:02","slug":"com-camisas-esgotadas-feijoada-noite-dia-acontece-neste-sabado","status":"publish","type":"post","link":"https:\/\/portalmf.com.br\/index.php\/2025\/03\/27\/com-camisas-esgotadas-feijoada-noite-dia-acontece-neste-sabado\/","title":{"rendered":"Com camisas esgotadas, Feijoada Noite Dia acontece neste s\u00e1bado"},"content":{"rendered":"\n<p>Neste s\u00e1bado (29), acontece um dos eventos pr\u00e9 micaretescos mais badalados de Feira de Santana, a Feijoada Noite Dia a partir das 14 horas no espa\u00e7o Vivaz. Em 2025 a grade atra\u00e7\u00f5es ter\u00e1 shows do cantor Jau, o pagode do Saiddy de Bamba, o samba do Quintal de Tia Carla, o ax\u00e9 feirense de Djalma Ferreira e show diferenciado de Igor o Rei da Farra.<\/p>\n\n\n\n<p>Faltando poucos dias para o evento, as camisas est\u00e3o esgotadas. Em entrevista ao Portal MF, Carla Pedreira, uma das organizadoras da Feijoada, falou sobre as novidades e expectativa para edi\u00e7\u00e3o de 2025.<\/p>\n\n\n<div class=\"wp-block-image\">\n<figure class=\"alignleft size-large is-resized\"><img fetchpriority=\"high\" decoding=\"async\" width=\"1024\" height=\"858\" src=\"https:\/\/portalmf.com.br\/wp-content\/uploads\/2025\/03\/Carla-Pedreira_feijoada-1024x858.jpg\" alt=\"\" class=\"wp-image-35067\" style=\"width:236px;height:auto\" srcset=\"https:\/\/portalmf.com.br\/wp-content\/uploads\/2025\/03\/Carla-Pedreira_feijoada-1024x858.jpg 1024w, https:\/\/portalmf.com.br\/wp-content\/uploads\/2025\/03\/Carla-Pedreira_feijoada-300x252.jpg 300w, https:\/\/portalmf.com.br\/wp-content\/uploads\/2025\/03\/Carla-Pedreira_feijoada-768x644.jpg 768w, https:\/\/portalmf.com.br\/wp-content\/uploads\/2025\/03\/Carla-Pedreira_feijoada-696x583.jpg 696w, https:\/\/portalmf.com.br\/wp-content\/uploads\/2025\/03\/Carla-Pedreira_feijoada-1068x895.jpg 1068w, https:\/\/portalmf.com.br\/wp-content\/uploads\/2025\/03\/Carla-Pedreira_feijoada.jpg 1200w\" sizes=\"(max-width: 1024px) 100vw, 1024px\" \/><figcaption class=\"wp-element-caption\"><strong>Foto: Reginaldo J\u00fanior \/ Portal MF<\/strong><\/figcaption><\/figure><\/div>\n\n\n<p><em>\u201cEstamos sentindo uma necessidade muito grande em reviver a nossa tradi\u00e7\u00e3o, o evento tem 26 anos, costumo dizer que a Feijoada Noite Dia \u00e9 um movimento cultural, que faz parte calend\u00e1rio de festas da Micareta de Feira de Santana e quer\u00edamos muito reviver a tradi\u00e7\u00e3o do evento, em uma \u00e1rea verde, voltamos com nossa abada em um evento menor, hoje estamos os  ingressos esgotado, j\u00e1 idealizamos a festa com um p\u00fablico estimado, que comprou a ideia do evento\u00a0 e vamos aproveitar muito esse momento\u201d,<\/em> disse Carla.<\/p>\n\n\n\n<p>Neste ano o tema da Feijoada Noite dia \u00e9 \u201cVamos Reviver essa Emo\u00e7\u00e3o\u201d, um momento de celebra\u00e7\u00e3o cultura da Bahia atrav\u00e9s do evento e das atra\u00e7\u00f5es.<\/p>\n\n\n\n<p><em>\u201cSempre gostamos de usar um tema na Feijoada, e esse ano usamos a baianidade e Jau \u00e9 cara dessa baianidade, olho para ele e vejo a cara Bahia, o Saiddy de Bamba que muitas pessoas falaram comigo que v\u00e3o reviver essa tradi\u00e7\u00e3o com o grupo e a prata da casa o Djalma Ferreira, o Quintal da Tia Carla e o Igor Rei da Farra e vamos viver esse momento\u201d<\/em>, falou a organizadora.<\/p>\n\n\n\n<p>Os Abad\u00e1s est\u00e3o sendo entregues Stand da Feijoada no Boulevard Shopping.<\/p>\n\n\n\n<p><strong>Confira a ordem de atra\u00e7\u00f5es da Feijoada Noite Dia:<\/strong><\/p>\n\n\n\n<p>14hrs &#8211; Abertura dos Port\u00f5es<\/p>\n\n\n\n<p>Djalma Ferreira<\/p>\n\n\n\n<p>Igor Rei da Farra<\/p>\n\n\n\n<p>Quintal da Tia Carla<\/p>\n\n\n\n<p>Ja\u00fa<\/p>\n\n\n\n<p>Saiddybamba<\/p>\n","protected":false},"excerpt":{"rendered":"<p>Neste s\u00e1bado (29), acontece um dos eventos pr\u00e9 micaretescos mais badalados de Feira de Santana, a Feijoada Noite Dia a partir das 14 horas no espa\u00e7o Vivaz. Em 2025 a grade atra\u00e7\u00f5es ter\u00e1 shows do cantor Jau, o pagode do Saiddy de Bamba, o samba do Quintal de Tia Carla, o ax\u00e9 feirense de Djalma [&hellip;]<\/p>\n","protected":false},"author":2,"featured_media":22174,"comment_status":"open","ping_status":"open","sticky":false,"template":"","format":"standard","meta":{"_monsterinsights_skip_tracking":false,"_monsterinsights_sitenote_active":false,"_monsterinsights_sitenote_note":"","_monsterinsights_sitenote_category":0,"footnotes":""},"categories":[48,39],"tags":[],"yoast_head":"<!-- This site is optimized with the Yoast SEO plugin v22.9 - https:\/\/yoast.com\/wordpress\/plugins\/seo\/ -->\n<title>Com camisas esgotadas, Feijoada Noite Dia acontece neste s\u00e1bado - Portal MF<\/title>\n<meta name=\"robots\" content=\"index, follow, max-snippet:-1, max-image-preview:large, max-video-preview:-1\" \/>\n<link rel=\"canonical\" href=\"https:\/\/portalmf.com.br\/index.php\/2025\/03\/27\/com-camisas-esgotadas-feijoada-noite-dia-acontece-neste-sabado\/\" \/>\n<meta property=\"og:locale\" content=\"pt_BR\" \/>\n<meta property=\"og:type\" content=\"article\" \/>\n<meta property=\"og:title\" content=\"Com camisas esgotadas, Feijoada Noite Dia acontece neste s\u00e1bado - Portal MF\" \/>\n<meta property=\"og:description\" content=\"Neste s\u00e1bado (29), acontece um dos eventos pr\u00e9 micaretescos mais badalados de Feira de Santana, a Feijoada Noite Dia a partir das 14 horas no espa\u00e7o Vivaz. Em 2025 a grade atra\u00e7\u00f5es ter\u00e1 shows do cantor Jau, o pagode do Saiddy de Bamba, o samba do Quintal de Tia Carla, o ax\u00e9 feirense de Djalma [&hellip;]\" \/>\n<meta property=\"og:url\" content=\"https:\/\/portalmf.com.br\/index.php\/2025\/03\/27\/com-camisas-esgotadas-feijoada-noite-dia-acontece-neste-sabado\/\" \/>\n<meta property=\"og:site_name\" content=\"Portal MF\" \/>\n<meta property=\"article:author\" content=\"reginaldojrfsa\" \/>\n<meta property=\"article:published_time\" content=\"2025-03-27T19:19:42+00:00\" \/>\n<meta property=\"article:modified_time\" content=\"2025-03-27T19:33:02+00:00\" \/>\n<meta property=\"og:image\" content=\"https:\/\/portalmf.com.br\/wp-content\/uploads\/2024\/01\/Jau_23_3.jpeg\" \/>\n\t<meta property=\"og:image:width\" content=\"945\" \/>\n\t<meta property=\"og:image:height\" content=\"724\" \/>\n\t<meta property=\"og:image:type\" content=\"image\/jpeg\" \/>\n<meta name=\"author\" content=\"Reginaldo J\u00fanior\" \/>\n<meta name=\"twitter:card\" content=\"summary_large_image\" \/>\n<meta name=\"twitter:creator\" content=\"@reginaldojrmf\" \/>\n<meta name=\"twitter:label1\" content=\"Escrito por\" \/>\n\t<meta name=\"twitter:data1\" content=\"Reginaldo J\u00fanior\" \/>\n\t<meta name=\"twitter:label2\" content=\"Est. tempo de leitura\" \/>\n\t<meta name=\"twitter:data2\" content=\"3 minutos\" \/>\n<script type=\"application\/ld+json\" class=\"yoast-schema-graph\">{\"@context\":\"https:\/\/schema.org\",\"@graph\":[{\"@type\":\"WebPage\",\"@id\":\"https:\/\/portalmf.com.br\/index.php\/2025\/03\/27\/com-camisas-esgotadas-feijoada-noite-dia-acontece-neste-sabado\/\",\"url\":\"https:\/\/portalmf.com.br\/index.php\/2025\/03\/27\/com-camisas-esgotadas-feijoada-noite-dia-acontece-neste-sabado\/\",\"name\":\"Com camisas esgotadas, Feijoada Noite Dia acontece neste s\u00e1bado - Portal MF\",\"isPartOf\":{\"@id\":\"https:\/\/portalmf.com.br\/#website\"},\"primaryImageOfPage\":{\"@id\":\"https:\/\/portalmf.com.br\/index.php\/2025\/03\/27\/com-camisas-esgotadas-feijoada-noite-dia-acontece-neste-sabado\/#primaryimage\"},\"image\":{\"@id\":\"https:\/\/portalmf.com.br\/index.php\/2025\/03\/27\/com-camisas-esgotadas-feijoada-noite-dia-acontece-neste-sabado\/#primaryimage\"},\"thumbnailUrl\":\"https:\/\/portalmf.com.br\/wp-content\/uploads\/2024\/01\/Jau_23_3.jpeg\",\"datePublished\":\"2025-03-27T19:19:42+00:00\",\"dateModified\":\"2025-03-27T19:33:02+00:00\",\"author\":{\"@id\":\"https:\/\/portalmf.com.br\/#\/schema\/person\/11c82086fe8abc05a19147e964587285\"},\"breadcrumb\":{\"@id\":\"https:\/\/portalmf.com.br\/index.php\/2025\/03\/27\/com-camisas-esgotadas-feijoada-noite-dia-acontece-neste-sabado\/#breadcrumb\"},\"inLanguage\":\"pt-BR\",\"potentialAction\":[{\"@type\":\"ReadAction\",\"target\":[\"https:\/\/portalmf.com.br\/index.php\/2025\/03\/27\/com-camisas-esgotadas-feijoada-noite-dia-acontece-neste-sabado\/\"]}]},{\"@type\":\"ImageObject\",\"inLanguage\":\"pt-BR\",\"@id\":\"https:\/\/portalmf.com.br\/index.php\/2025\/03\/27\/com-camisas-esgotadas-feijoada-noite-dia-acontece-neste-sabado\/#primaryimage\",\"url\":\"https:\/\/portalmf.com.br\/wp-content\/uploads\/2024\/01\/Jau_23_3.jpeg\",\"contentUrl\":\"https:\/\/portalmf.com.br\/wp-content\/uploads\/2024\/01\/Jau_23_3.jpeg\",\"width\":945,\"height\":724},{\"@type\":\"BreadcrumbList\",\"@id\":\"https:\/\/portalmf.com.br\/index.php\/2025\/03\/27\/com-camisas-esgotadas-feijoada-noite-dia-acontece-neste-sabado\/#breadcrumb\",\"itemListElement\":[{\"@type\":\"ListItem\",\"position\":1,\"name\":\"In\u00edcio\",\"item\":\"https:\/\/portalmf.com.br\/\"},{\"@type\":\"ListItem\",\"position\":2,\"name\":\"Com camisas esgotadas, Feijoada Noite Dia acontece neste s\u00e1bado\"}]},{\"@type\":\"WebSite\",\"@id\":\"https:\/\/portalmf.com.br\/#website\",\"url\":\"https:\/\/portalmf.com.br\/\",\"name\":\"Portal MF\",\"description\":\"Voc\u00ea conectado com a informa\u00e7\u00e3o\",\"potentialAction\":[{\"@type\":\"SearchAction\",\"target\":{\"@type\":\"EntryPoint\",\"urlTemplate\":\"https:\/\/portalmf.com.br\/?s={search_term_string}\"},\"query-input\":\"required name=search_term_string\"}],\"inLanguage\":\"pt-BR\"},{\"@type\":\"Person\",\"@id\":\"https:\/\/portalmf.com.br\/#\/schema\/person\/11c82086fe8abc05a19147e964587285\",\"name\":\"Reginaldo J\u00fanior\",\"image\":{\"@type\":\"ImageObject\",\"inLanguage\":\"pt-BR\",\"@id\":\"https:\/\/portalmf.com.br\/#\/schema\/person\/image\/\",\"url\":\"https:\/\/secure.gravatar.com\/avatar\/32a3c797cd0ac47cc53b8644c62776f9?s=96&d=mm&r=g\",\"contentUrl\":\"https:\/\/secure.gravatar.com\/avatar\/32a3c797cd0ac47cc53b8644c62776f9?s=96&d=mm&r=g\",\"caption\":\"Reginaldo J\u00fanior\"},\"description\":\"Jornalista e idealizador Portal MF\",\"sameAs\":[\"https:\/\/portalmf.com.br\/index.php\/author\/reginaldojr\/\",\"reginaldojrfsa\",\"reginaldojuniormf\",\"https:\/\/x.com\/reginaldojrmf\"],\"url\":\"https:\/\/portalmf.com.br\/index.php\/author\/reginaldojr\/\"}]}<\/script>\n<!-- \/ Yoast SEO plugin. -->","yoast_head_json":{"title":"Com camisas esgotadas, Feijoada Noite Dia acontece neste s\u00e1bado - Portal MF","robots":{"index":"index","follow":"follow","max-snippet":"max-snippet:-1","max-image-preview":"max-image-preview:large","max-video-preview":"max-video-preview:-1"},"canonical":"https:\/\/portalmf.com.br\/index.php\/2025\/03\/27\/com-camisas-esgotadas-feijoada-noite-dia-acontece-neste-sabado\/","og_locale":"pt_BR","og_type":"article","og_title":"Com camisas esgotadas, Feijoada Noite Dia acontece neste s\u00e1bado - Portal MF","og_description":"Neste s\u00e1bado (29), acontece um dos eventos pr\u00e9 micaretescos mais badalados de Feira de Santana, a Feijoada Noite Dia a partir das 14 horas no espa\u00e7o Vivaz. Em 2025 a grade atra\u00e7\u00f5es ter\u00e1 shows do cantor Jau, o pagode do Saiddy de Bamba, o samba do Quintal de Tia Carla, o ax\u00e9 feirense de Djalma [&hellip;]","og_url":"https:\/\/portalmf.com.br\/index.php\/2025\/03\/27\/com-camisas-esgotadas-feijoada-noite-dia-acontece-neste-sabado\/","og_site_name":"Portal MF","article_author":"reginaldojrfsa","article_published_time":"2025-03-27T19:19:42+00:00","article_modified_time":"2025-03-27T19:33:02+00:00","og_image":[{"width":945,"height":724,"url":"https:\/\/portalmf.com.br\/wp-content\/uploads\/2024\/01\/Jau_23_3.jpeg","type":"image\/jpeg"}],"author":"Reginaldo J\u00fanior","twitter_card":"summary_large_image","twitter_creator":"@reginaldojrmf","twitter_misc":{"Escrito por":"Reginaldo J\u00fanior","Est. tempo de leitura":"3 minutos"},"schema":{"@context":"https:\/\/schema.org","@graph":[{"@type":"WebPage","@id":"https:\/\/portalmf.com.br\/index.php\/2025\/03\/27\/com-camisas-esgotadas-feijoada-noite-dia-acontece-neste-sabado\/","url":"https:\/\/portalmf.com.br\/index.php\/2025\/03\/27\/com-camisas-esgotadas-feijoada-noite-dia-acontece-neste-sabado\/","name":"Com camisas esgotadas, Feijoada Noite Dia acontece neste s\u00e1bado - Portal MF","isPartOf":{"@id":"https:\/\/portalmf.com.br\/#website"},"primaryImageOfPage":{"@id":"https:\/\/portalmf.com.br\/index.php\/2025\/03\/27\/com-camisas-esgotadas-feijoada-noite-dia-acontece-neste-sabado\/#primaryimage"},"image":{"@id":"https:\/\/portalmf.com.br\/index.php\/2025\/03\/27\/com-camisas-esgotadas-feijoada-noite-dia-acontece-neste-sabado\/#primaryimage"},"thumbnailUrl":"https:\/\/portalmf.com.br\/wp-content\/uploads\/2024\/01\/Jau_23_3.jpeg","datePublished":"2025-03-27T19:19:42+00:00","dateModified":"2025-03-27T19:33:02+00:00","author":{"@id":"https:\/\/portalmf.com.br\/#\/schema\/person\/11c82086fe8abc05a19147e964587285"},"breadcrumb":{"@id":"https:\/\/portalmf.com.br\/index.php\/2025\/03\/27\/com-camisas-esgotadas-feijoada-noite-dia-acontece-neste-sabado\/#breadcrumb"},"inLanguage":"pt-BR","potentialAction":[{"@type":"ReadAction","target":["https:\/\/portalmf.com.br\/index.php\/2025\/03\/27\/com-camisas-esgotadas-feijoada-noite-dia-acontece-neste-sabado\/"]}]},{"@type":"ImageObject","inLanguage":"pt-BR","@id":"https:\/\/portalmf.com.br\/index.php\/2025\/03\/27\/com-camisas-esgotadas-feijoada-noite-dia-acontece-neste-sabado\/#primaryimage","url":"https:\/\/portalmf.com.br\/wp-content\/uploads\/2024\/01\/Jau_23_3.jpeg","contentUrl":"https:\/\/portalmf.com.br\/wp-content\/uploads\/2024\/01\/Jau_23_3.jpeg","width":945,"height":724},{"@type":"BreadcrumbList","@id":"https:\/\/portalmf.com.br\/index.php\/2025\/03\/27\/com-camisas-esgotadas-feijoada-noite-dia-acontece-neste-sabado\/#breadcrumb","itemListElement":[{"@type":"ListItem","position":1,"name":"In\u00edcio","item":"https:\/\/portalmf.com.br\/"},{"@type":"ListItem","position":2,"name":"Com camisas esgotadas, Feijoada Noite Dia acontece neste s\u00e1bado"}]},{"@type":"WebSite","@id":"https:\/\/portalmf.com.br\/#website","url":"https:\/\/portalmf.com.br\/","name":"Portal MF","description":"Voc\u00ea conectado com a informa\u00e7\u00e3o","potentialAction":[{"@type":"SearchAction","target":{"@type":"EntryPoint","urlTemplate":"https:\/\/portalmf.com.br\/?s={search_term_string}"},"query-input":"required name=search_term_string"}],"inLanguage":"pt-BR"},{"@type":"Person","@id":"https:\/\/portalmf.com.br\/#\/schema\/person\/11c82086fe8abc05a19147e964587285","name":"Reginaldo J\u00fanior","image":{"@type":"ImageObject","inLanguage":"pt-BR","@id":"https:\/\/portalmf.com.br\/#\/schema\/person\/image\/","url":"https:\/\/secure.gravatar.com\/avatar\/32a3c797cd0ac47cc53b8644c62776f9?s=96&d=mm&r=g","contentUrl":"https:\/\/secure.gravatar.com\/avatar\/32a3c797cd0ac47cc53b8644c62776f9?s=96&d=mm&r=g","caption":"Reginaldo J\u00fanior"},"description":"Jornalista e idealizador Portal MF","sameAs":["https:\/\/portalmf.com.br\/index.php\/author\/reginaldojr\/","reginaldojrfsa","reginaldojuniormf","https:\/\/x.com\/reginaldojrmf"],"url":"https:\/\/portalmf.com.br\/index.php\/author\/reginaldojr\/"}]}},"_links":{"self":[{"href":"https:\/\/portalmf.com.br\/index.php\/wp-json\/wp\/v2\/posts\/35076"}],"collection":[{"href":"https:\/\/portalmf.com.br\/index.php\/wp-json\/wp\/v2\/posts"}],"about":[{"href":"https:\/\/portalmf.com.br\/index.php\/wp-json\/wp\/v2\/types\/post"}],"author":[{"embeddable":true,"href":"https:\/\/portalmf.com.br\/index.php\/wp-json\/wp\/v2\/users\/2"}],"replies":[{"embeddable":true,"href":"https:\/\/portalmf.com.br\/index.php\/wp-json\/wp\/v2\/comments?post=35076"}],"version-history":[{"count":2,"href":"https:\/\/portalmf.com.br\/index.php\/wp-json\/wp\/v2\/posts\/35076\/revisions"}],"predecessor-version":[{"id":35085,"href":"https:\/\/portalmf.com.br\/index.php\/wp-json\/wp\/v2\/posts\/35076\/revisions\/35085"}],"wp:featuredmedia":[{"embeddable":true,"href":"https:\/\/portalmf.com.br\/index.php\/wp-json\/wp\/v2\/media\/22174"}],"wp:attachment":[{"href":"https:\/\/portalmf.com.br\/index.php\/wp-json\/wp\/v2\/media?parent=35076"}],"wp:term":[{"taxonomy":"category","embeddable":true,"href":"https:\/\/portalmf.com.br\/index.php\/wp-json\/wp\/v2\/categories?post=35076"},{"taxonomy":"post_tag","embeddable":true,"href":"https:\/\/portalmf.com.br\/index.php\/wp-json\/wp\/v2\/tags?post=35076"}],"curies":[{"name":"wp","href":"https:\/\/api.w.org\/{rel}","templated":true}]}}