{"id":34999,"date":"2025-03-25T15:58:26","date_gmt":"2025-03-25T18:58:26","guid":{"rendered":"https:\/\/portalmf.com.br\/?p=34999"},"modified":"2025-03-25T15:58:26","modified_gmt":"2025-03-25T18:58:26","slug":"mudeidenome-traz-a-volta-no-dique-no-aniversario-de-salvador","status":"publish","type":"post","link":"https:\/\/portalmf.com.br\/index.php\/2025\/03\/25\/mudeidenome-traz-a-volta-no-dique-no-aniversario-de-salvador\/","title":{"rendered":"MUDEIdeNOME traz a &#8216;Volta no Dique&#8217; no Anivers\u00e1rio de Salvador"},"content":{"rendered":"\n<p>No pr\u00f3ximo domingo, dia 30 de mar\u00e7o, Salvador celebra a riqueza cultural e musical baiana com mais uma edi\u00e7\u00e3o da &#8220;Volta no Dique&#8221;, promovida pelo Movimento Musical MUDEIdeNOME, em parceria com a Prefeitura. O evento, que atrai um grande p\u00fablico e j\u00e1 se consolidou como uma tradi\u00e7\u00e3o, integra as comemora\u00e7\u00f5es do Anivers\u00e1rio da Cidade e ser\u00e1 realizado \u00e0s 11h no Dique do Toror\u00f3, um dos pontos tur\u00edsticos mais bonitos da capital baiana.<\/p>\n\n\n\n<p>A bordo do &#8220;Pranch\u00e3o&#8221;, o MUDEI, formado por Ricardo Chaves, Ramon Cruz, Magary Lord e Jonga Cunha, promete mais uma vez envolver o p\u00fablico com sua apresenta\u00e7\u00e3o contagiante e cheia de energia. &#8220;\u00c9 um enorme prazer para n\u00f3s ver que a cidade abra\u00e7ou essa ideia desde a nossa estreia em 2015. A &#8216;Volta no Dique&#8217; tem um apelo forte, pois buscamos resgatar a mem\u00f3ria afetiva musical das pessoas. Esperamos repetir isso na pr\u00f3xima edi\u00e7\u00e3o e convidamos todos para participar dessa grande festa&#8221;, destaca o cantor Ricardo Chaves.<\/p>\n\n\n\n<p>O percurso, que parte em frente \u00e0 Arena Fonte Nova, vai reviver cl\u00e1ssicos da m\u00fasica baiana e apresentar os sucessos autorais do grupo. Vale destacar que, devido \u00e0 sua turn\u00ea com o cantor Seu Jorge na Europa, Magary Lord n\u00e3o estar\u00e1 presente nesta edi\u00e7\u00e3o da &#8220;Volta no Dique&#8221;. No entanto, a edi\u00e7\u00e3o de 2025 contar\u00e1 com a participa\u00e7\u00e3o especial do cantor Tonho Mat\u00e9ria. Com uma carreira s\u00f3lida e marcante na m\u00fasica baiana, Tonho Mat\u00e9ria \u00e9 amplamente reconhecido por sua autenticidade e habilidade em mesclar ritmos tradicionais com influ\u00eancias modernas. Sua musicalidade e talento ineg\u00e1vel certamente trar\u00e3o um toque \u00fanico, agregando ainda mais brilho e vibra\u00e7\u00e3o \u00e0 comemora\u00e7\u00e3o. Inclusive, v\u00e1rias composi\u00e7\u00f5es do artista \u2014 sucessos que marcaram a hist\u00f3ria do Ax\u00e9 Music \u2014 fazem parte do repert\u00f3rio do MUDEI.<\/p>\n\n\n\n<p>A \u201cVolta no Dique\u201d se tornou um evento essencial no calend\u00e1rio cultural de Salvador, proporcionando um espa\u00e7o para que moradores e turistas compartilhem momentos de divers\u00e3o e confraterniza\u00e7\u00e3o, celebrando a m\u00fasica baiana em um ambiente descontra\u00eddo, seguro e acolhedor. Al\u00e9m do clima de paz e alegria, o encontro \u00e9 tamb\u00e9m marcado pela beleza natural do Dique do Toror\u00f3 e pelas esculturas dos Orix\u00e1s, criadas pela artista Tati Moreno, que enriquecem ainda mais o ambiente de f\u00e9 e celebra\u00e7\u00e3o. A &#8220;Volta no Dique&#8221; n\u00e3o \u00e9 apenas um evento de divers\u00e3o, mas um verdadeiro reflexo da alma cultural da Bahia, proporcionando momentos inesquec\u00edveis para todos que se juntam a essa grande festa de rua.<\/p>\n","protected":false},"excerpt":{"rendered":"<p>No pr\u00f3ximo domingo, dia 30 de mar\u00e7o, Salvador celebra a riqueza cultural e musical baiana com mais uma edi\u00e7\u00e3o da &#8220;Volta no Dique&#8221;, promovida pelo Movimento Musical MUDEIdeNOME, em parceria com a Prefeitura. O evento, que atrai um grande p\u00fablico e j\u00e1 se consolidou como uma tradi\u00e7\u00e3o, integra as comemora\u00e7\u00f5es do Anivers\u00e1rio da Cidade e [&hellip;]<\/p>\n","protected":false},"author":3,"featured_media":10179,"comment_status":"open","ping_status":"open","sticky":false,"template":"","format":"standard","meta":{"_monsterinsights_skip_tracking":false,"_monsterinsights_sitenote_active":false,"_monsterinsights_sitenote_note":"","_monsterinsights_sitenote_category":0,"footnotes":""},"categories":[45],"tags":[],"yoast_head":"<!-- This site is optimized with the Yoast SEO plugin v22.9 - https:\/\/yoast.com\/wordpress\/plugins\/seo\/ -->\n<title>MUDEIdeNOME traz a &#039;Volta no Dique&#039; no Anivers\u00e1rio de Salvador - Portal MF<\/title>\n<meta name=\"robots\" content=\"index, follow, max-snippet:-1, max-image-preview:large, max-video-preview:-1\" \/>\n<link rel=\"canonical\" href=\"https:\/\/portalmf.com.br\/index.php\/2025\/03\/25\/mudeidenome-traz-a-volta-no-dique-no-aniversario-de-salvador\/\" \/>\n<meta property=\"og:locale\" content=\"pt_BR\" \/>\n<meta property=\"og:type\" content=\"article\" \/>\n<meta property=\"og:title\" content=\"MUDEIdeNOME traz a &#039;Volta no Dique&#039; no Anivers\u00e1rio de Salvador - Portal MF\" \/>\n<meta property=\"og:description\" content=\"No pr\u00f3ximo domingo, dia 30 de mar\u00e7o, Salvador celebra a riqueza cultural e musical baiana com mais uma edi\u00e7\u00e3o da &#8220;Volta no Dique&#8221;, promovida pelo Movimento Musical MUDEIdeNOME, em parceria com a Prefeitura. O evento, que atrai um grande p\u00fablico e j\u00e1 se consolidou como uma tradi\u00e7\u00e3o, integra as comemora\u00e7\u00f5es do Anivers\u00e1rio da Cidade e [&hellip;]\" \/>\n<meta property=\"og:url\" content=\"https:\/\/portalmf.com.br\/index.php\/2025\/03\/25\/mudeidenome-traz-a-volta-no-dique-no-aniversario-de-salvador\/\" \/>\n<meta property=\"og:site_name\" content=\"Portal MF\" \/>\n<meta property=\"article:author\" content=\"https:\/\/www.facebook.com\/portalmfoficial\" \/>\n<meta property=\"article:published_time\" content=\"2025-03-25T18:58:26+00:00\" \/>\n<meta property=\"og:image\" content=\"https:\/\/portalmf.com.br\/wp-content\/uploads\/2023\/03\/MUDEIdeNOME-realiza-a-tradicional-Volta-no-Dique-para-celebrar-o-Aniversario-de-Salvador-1.jpeg\" \/>\n\t<meta property=\"og:image:width\" content=\"1600\" \/>\n\t<meta property=\"og:image:height\" content=\"1066\" \/>\n\t<meta property=\"og:image:type\" content=\"image\/jpeg\" \/>\n<meta name=\"author\" content=\"Reda\u00e7\u00e3o Portal MF\" \/>\n<meta name=\"twitter:card\" content=\"summary_large_image\" \/>\n<meta name=\"twitter:creator\" content=\"@https:\/\/x.com\/portalmfoficial\" \/>\n<meta name=\"twitter:label1\" content=\"Escrito por\" \/>\n\t<meta name=\"twitter:data1\" content=\"Reda\u00e7\u00e3o Portal MF\" \/>\n\t<meta name=\"twitter:label2\" content=\"Est. tempo de leitura\" \/>\n\t<meta name=\"twitter:data2\" content=\"3 minutos\" \/>\n<script type=\"application\/ld+json\" class=\"yoast-schema-graph\">{\"@context\":\"https:\/\/schema.org\",\"@graph\":[{\"@type\":\"WebPage\",\"@id\":\"https:\/\/portalmf.com.br\/index.php\/2025\/03\/25\/mudeidenome-traz-a-volta-no-dique-no-aniversario-de-salvador\/\",\"url\":\"https:\/\/portalmf.com.br\/index.php\/2025\/03\/25\/mudeidenome-traz-a-volta-no-dique-no-aniversario-de-salvador\/\",\"name\":\"MUDEIdeNOME traz a 'Volta no Dique' no Anivers\u00e1rio de Salvador - Portal MF\",\"isPartOf\":{\"@id\":\"https:\/\/portalmf.com.br\/#website\"},\"primaryImageOfPage\":{\"@id\":\"https:\/\/portalmf.com.br\/index.php\/2025\/03\/25\/mudeidenome-traz-a-volta-no-dique-no-aniversario-de-salvador\/#primaryimage\"},\"image\":{\"@id\":\"https:\/\/portalmf.com.br\/index.php\/2025\/03\/25\/mudeidenome-traz-a-volta-no-dique-no-aniversario-de-salvador\/#primaryimage\"},\"thumbnailUrl\":\"https:\/\/portalmf.com.br\/wp-content\/uploads\/2023\/03\/MUDEIdeNOME-realiza-a-tradicional-Volta-no-Dique-para-celebrar-o-Aniversario-de-Salvador-1.jpeg\",\"datePublished\":\"2025-03-25T18:58:26+00:00\",\"dateModified\":\"2025-03-25T18:58:26+00:00\",\"author\":{\"@id\":\"https:\/\/portalmf.com.br\/#\/schema\/person\/9ec101baf56233e53520c26de5d6f6f0\"},\"breadcrumb\":{\"@id\":\"https:\/\/portalmf.com.br\/index.php\/2025\/03\/25\/mudeidenome-traz-a-volta-no-dique-no-aniversario-de-salvador\/#breadcrumb\"},\"inLanguage\":\"pt-BR\",\"potentialAction\":[{\"@type\":\"ReadAction\",\"target\":[\"https:\/\/portalmf.com.br\/index.php\/2025\/03\/25\/mudeidenome-traz-a-volta-no-dique-no-aniversario-de-salvador\/\"]}]},{\"@type\":\"ImageObject\",\"inLanguage\":\"pt-BR\",\"@id\":\"https:\/\/portalmf.com.br\/index.php\/2025\/03\/25\/mudeidenome-traz-a-volta-no-dique-no-aniversario-de-salvador\/#primaryimage\",\"url\":\"https:\/\/portalmf.com.br\/wp-content\/uploads\/2023\/03\/MUDEIdeNOME-realiza-a-tradicional-Volta-no-Dique-para-celebrar-o-Aniversario-de-Salvador-1.jpeg\",\"contentUrl\":\"https:\/\/portalmf.com.br\/wp-content\/uploads\/2023\/03\/MUDEIdeNOME-realiza-a-tradicional-Volta-no-Dique-para-celebrar-o-Aniversario-de-Salvador-1.jpeg\",\"width\":1600,\"height\":1066,\"caption\":\"Foto: Fernando Rosa\"},{\"@type\":\"BreadcrumbList\",\"@id\":\"https:\/\/portalmf.com.br\/index.php\/2025\/03\/25\/mudeidenome-traz-a-volta-no-dique-no-aniversario-de-salvador\/#breadcrumb\",\"itemListElement\":[{\"@type\":\"ListItem\",\"position\":1,\"name\":\"In\u00edcio\",\"item\":\"https:\/\/portalmf.com.br\/\"},{\"@type\":\"ListItem\",\"position\":2,\"name\":\"MUDEIdeNOME traz a &#8216;Volta no Dique&#8217; no Anivers\u00e1rio de Salvador\"}]},{\"@type\":\"WebSite\",\"@id\":\"https:\/\/portalmf.com.br\/#website\",\"url\":\"https:\/\/portalmf.com.br\/\",\"name\":\"Portal MF\",\"description\":\"Voc\u00ea conectado com a informa\u00e7\u00e3o\",\"potentialAction\":[{\"@type\":\"SearchAction\",\"target\":{\"@type\":\"EntryPoint\",\"urlTemplate\":\"https:\/\/portalmf.com.br\/?s={search_term_string}\"},\"query-input\":\"required name=search_term_string\"}],\"inLanguage\":\"pt-BR\"},{\"@type\":\"Person\",\"@id\":\"https:\/\/portalmf.com.br\/#\/schema\/person\/9ec101baf56233e53520c26de5d6f6f0\",\"name\":\"Reda\u00e7\u00e3o Portal MF\",\"image\":{\"@type\":\"ImageObject\",\"inLanguage\":\"pt-BR\",\"@id\":\"https:\/\/portalmf.com.br\/#\/schema\/person\/image\/\",\"url\":\"https:\/\/secure.gravatar.com\/avatar\/41b9aaeb2100835f7c64362330f74c7f?s=96&d=mm&r=g\",\"contentUrl\":\"https:\/\/secure.gravatar.com\/avatar\/41b9aaeb2100835f7c64362330f74c7f?s=96&d=mm&r=g\",\"caption\":\"Reda\u00e7\u00e3o Portal MF\"},\"description\":\"Sejam bem-vindos o portal de informa\u00e7\u00f5es de entretenimento de Feira de Santana, desde 2006 realiza coberturas dos principais eventos com entrevistas exclusivas com as principais personalidades mundiais. Fique conectado tamb\u00e9m nas redes sociais.\",\"sameAs\":[\"http:\/\/www.portalmf.com.br\/\",\"https:\/\/www.facebook.com\/portalmfoficial\",\"https:\/\/www.instagram.com\/portalmf\/\",\"https:\/\/x.com\/https:\/\/x.com\/portalmfoficial\",\"https:\/\/www.youtube.com\/@portalmfoficial\"],\"url\":\"https:\/\/portalmf.com.br\/index.php\/author\/junior\/\"}]}<\/script>\n<!-- \/ Yoast SEO plugin. -->","yoast_head_json":{"title":"MUDEIdeNOME traz a 'Volta no Dique' no Anivers\u00e1rio de Salvador - Portal MF","robots":{"index":"index","follow":"follow","max-snippet":"max-snippet:-1","max-image-preview":"max-image-preview:large","max-video-preview":"max-video-preview:-1"},"canonical":"https:\/\/portalmf.com.br\/index.php\/2025\/03\/25\/mudeidenome-traz-a-volta-no-dique-no-aniversario-de-salvador\/","og_locale":"pt_BR","og_type":"article","og_title":"MUDEIdeNOME traz a 'Volta no Dique' no Anivers\u00e1rio de Salvador - Portal MF","og_description":"No pr\u00f3ximo domingo, dia 30 de mar\u00e7o, Salvador celebra a riqueza cultural e musical baiana com mais uma edi\u00e7\u00e3o da &#8220;Volta no Dique&#8221;, promovida pelo Movimento Musical MUDEIdeNOME, em parceria com a Prefeitura. O evento, que atrai um grande p\u00fablico e j\u00e1 se consolidou como uma tradi\u00e7\u00e3o, integra as comemora\u00e7\u00f5es do Anivers\u00e1rio da Cidade e [&hellip;]","og_url":"https:\/\/portalmf.com.br\/index.php\/2025\/03\/25\/mudeidenome-traz-a-volta-no-dique-no-aniversario-de-salvador\/","og_site_name":"Portal MF","article_author":"https:\/\/www.facebook.com\/portalmfoficial","article_published_time":"2025-03-25T18:58:26+00:00","og_image":[{"width":1600,"height":1066,"url":"https:\/\/portalmf.com.br\/wp-content\/uploads\/2023\/03\/MUDEIdeNOME-realiza-a-tradicional-Volta-no-Dique-para-celebrar-o-Aniversario-de-Salvador-1.jpeg","type":"image\/jpeg"}],"author":"Reda\u00e7\u00e3o Portal MF","twitter_card":"summary_large_image","twitter_creator":"@https:\/\/x.com\/portalmfoficial","twitter_misc":{"Escrito por":"Reda\u00e7\u00e3o Portal MF","Est. tempo de leitura":"3 minutos"},"schema":{"@context":"https:\/\/schema.org","@graph":[{"@type":"WebPage","@id":"https:\/\/portalmf.com.br\/index.php\/2025\/03\/25\/mudeidenome-traz-a-volta-no-dique-no-aniversario-de-salvador\/","url":"https:\/\/portalmf.com.br\/index.php\/2025\/03\/25\/mudeidenome-traz-a-volta-no-dique-no-aniversario-de-salvador\/","name":"MUDEIdeNOME traz a 'Volta no Dique' no Anivers\u00e1rio de Salvador - Portal MF","isPartOf":{"@id":"https:\/\/portalmf.com.br\/#website"},"primaryImageOfPage":{"@id":"https:\/\/portalmf.com.br\/index.php\/2025\/03\/25\/mudeidenome-traz-a-volta-no-dique-no-aniversario-de-salvador\/#primaryimage"},"image":{"@id":"https:\/\/portalmf.com.br\/index.php\/2025\/03\/25\/mudeidenome-traz-a-volta-no-dique-no-aniversario-de-salvador\/#primaryimage"},"thumbnailUrl":"https:\/\/portalmf.com.br\/wp-content\/uploads\/2023\/03\/MUDEIdeNOME-realiza-a-tradicional-Volta-no-Dique-para-celebrar-o-Aniversario-de-Salvador-1.jpeg","datePublished":"2025-03-25T18:58:26+00:00","dateModified":"2025-03-25T18:58:26+00:00","author":{"@id":"https:\/\/portalmf.com.br\/#\/schema\/person\/9ec101baf56233e53520c26de5d6f6f0"},"breadcrumb":{"@id":"https:\/\/portalmf.com.br\/index.php\/2025\/03\/25\/mudeidenome-traz-a-volta-no-dique-no-aniversario-de-salvador\/#breadcrumb"},"inLanguage":"pt-BR","potentialAction":[{"@type":"ReadAction","target":["https:\/\/portalmf.com.br\/index.php\/2025\/03\/25\/mudeidenome-traz-a-volta-no-dique-no-aniversario-de-salvador\/"]}]},{"@type":"ImageObject","inLanguage":"pt-BR","@id":"https:\/\/portalmf.com.br\/index.php\/2025\/03\/25\/mudeidenome-traz-a-volta-no-dique-no-aniversario-de-salvador\/#primaryimage","url":"https:\/\/portalmf.com.br\/wp-content\/uploads\/2023\/03\/MUDEIdeNOME-realiza-a-tradicional-Volta-no-Dique-para-celebrar-o-Aniversario-de-Salvador-1.jpeg","contentUrl":"https:\/\/portalmf.com.br\/wp-content\/uploads\/2023\/03\/MUDEIdeNOME-realiza-a-tradicional-Volta-no-Dique-para-celebrar-o-Aniversario-de-Salvador-1.jpeg","width":1600,"height":1066,"caption":"Foto: Fernando Rosa"},{"@type":"BreadcrumbList","@id":"https:\/\/portalmf.com.br\/index.php\/2025\/03\/25\/mudeidenome-traz-a-volta-no-dique-no-aniversario-de-salvador\/#breadcrumb","itemListElement":[{"@type":"ListItem","position":1,"name":"In\u00edcio","item":"https:\/\/portalmf.com.br\/"},{"@type":"ListItem","position":2,"name":"MUDEIdeNOME traz a &#8216;Volta no Dique&#8217; no Anivers\u00e1rio de Salvador"}]},{"@type":"WebSite","@id":"https:\/\/portalmf.com.br\/#website","url":"https:\/\/portalmf.com.br\/","name":"Portal MF","description":"Voc\u00ea conectado com a informa\u00e7\u00e3o","potentialAction":[{"@type":"SearchAction","target":{"@type":"EntryPoint","urlTemplate":"https:\/\/portalmf.com.br\/?s={search_term_string}"},"query-input":"required name=search_term_string"}],"inLanguage":"pt-BR"},{"@type":"Person","@id":"https:\/\/portalmf.com.br\/#\/schema\/person\/9ec101baf56233e53520c26de5d6f6f0","name":"Reda\u00e7\u00e3o Portal MF","image":{"@type":"ImageObject","inLanguage":"pt-BR","@id":"https:\/\/portalmf.com.br\/#\/schema\/person\/image\/","url":"https:\/\/secure.gravatar.com\/avatar\/41b9aaeb2100835f7c64362330f74c7f?s=96&d=mm&r=g","contentUrl":"https:\/\/secure.gravatar.com\/avatar\/41b9aaeb2100835f7c64362330f74c7f?s=96&d=mm&r=g","caption":"Reda\u00e7\u00e3o Portal MF"},"description":"Sejam bem-vindos o portal de informa\u00e7\u00f5es de entretenimento de Feira de Santana, desde 2006 realiza coberturas dos principais eventos com entrevistas exclusivas com as principais personalidades mundiais. Fique conectado tamb\u00e9m nas redes sociais.","sameAs":["http:\/\/www.portalmf.com.br\/","https:\/\/www.facebook.com\/portalmfoficial","https:\/\/www.instagram.com\/portalmf\/","https:\/\/x.com\/https:\/\/x.com\/portalmfoficial","https:\/\/www.youtube.com\/@portalmfoficial"],"url":"https:\/\/portalmf.com.br\/index.php\/author\/junior\/"}]}},"_links":{"self":[{"href":"https:\/\/portalmf.com.br\/index.php\/wp-json\/wp\/v2\/posts\/34999"}],"collection":[{"href":"https:\/\/portalmf.com.br\/index.php\/wp-json\/wp\/v2\/posts"}],"about":[{"href":"https:\/\/portalmf.com.br\/index.php\/wp-json\/wp\/v2\/types\/post"}],"author":[{"embeddable":true,"href":"https:\/\/portalmf.com.br\/index.php\/wp-json\/wp\/v2\/users\/3"}],"replies":[{"embeddable":true,"href":"https:\/\/portalmf.com.br\/index.php\/wp-json\/wp\/v2\/comments?post=34999"}],"version-history":[{"count":1,"href":"https:\/\/portalmf.com.br\/index.php\/wp-json\/wp\/v2\/posts\/34999\/revisions"}],"predecessor-version":[{"id":35000,"href":"https:\/\/portalmf.com.br\/index.php\/wp-json\/wp\/v2\/posts\/34999\/revisions\/35000"}],"wp:featuredmedia":[{"embeddable":true,"href":"https:\/\/portalmf.com.br\/index.php\/wp-json\/wp\/v2\/media\/10179"}],"wp:attachment":[{"href":"https:\/\/portalmf.com.br\/index.php\/wp-json\/wp\/v2\/media?parent=34999"}],"wp:term":[{"taxonomy":"category","embeddable":true,"href":"https:\/\/portalmf.com.br\/index.php\/wp-json\/wp\/v2\/categories?post=34999"},{"taxonomy":"post_tag","embeddable":true,"href":"https:\/\/portalmf.com.br\/index.php\/wp-json\/wp\/v2\/tags?post=34999"}],"curies":[{"name":"wp","href":"https:\/\/api.w.org\/{rel}","templated":true}]}}