{"id":34996,"date":"2025-03-25T15:56:21","date_gmt":"2025-03-25T18:56:21","guid":{"rendered":"https:\/\/portalmf.com.br\/?p=34996"},"modified":"2025-03-25T15:56:22","modified_gmt":"2025-03-25T18:56:22","slug":"deusa-nordestina-do-forro-e-atracao-confirmada-no-i-festival-de-forro-em-amargosa","status":"publish","type":"post","link":"https:\/\/portalmf.com.br\/index.php\/2025\/03\/25\/deusa-nordestina-do-forro-e-atracao-confirmada-no-i-festival-de-forro-em-amargosa\/","title":{"rendered":"Deusa Nordestina do Forr\u00f3 \u00e9 atra\u00e7\u00e3o confirmada no &#8220;I Festival de Forr\u00f3&#8221; em Amargosa"},"content":{"rendered":"\n<p>Marcando a abertura dos festejos juninos na Bahia, nos dias 19 e 20 de abril ser\u00e1 realizado o &#8220;I Festival de Forr\u00f3&#8221; em Amargosa. O evento que vai reunir 12 grandes nomes do tradicional estilo, contar\u00e1 com a presen\u00e7a da cantora Deusa Nordestina do Forr\u00f3, diretamente do Rio Grande do Norte e que sobe ao palco no dia 20 (domingo) para animar o p\u00fablico com sua m\u00fasica e irrever\u00eancia. Empresariada e produzida na Bahia pela Magnata Eventos, a artista potiguar se apresenta pela segunda vez no Estado e promete encantar com toda sua performance, estilo e interpreta\u00e7\u00e3o. Ela canta, dan\u00e7a, toca tri\u00e2ngulo e ainda esbanja muita beleza representando a for\u00e7a feminina que vem se tornando cada vez mais presente e importante na m\u00fasica nordestina. Idealizado pelo cantor F\u00e1bio Carneirinho, o festival que traz como tema &#8220;Tradi\u00e7\u00e3o e Alegria na Terra do Forr\u00f3&#8221;, vai acontecer na Pra\u00e7a do Bosque, mesmo local onde \u00e9 feito o S\u00e3o Jo\u00e3o todos os anos e espera receber cerca de 20 mil pessoas por dia. Dentre as atra\u00e7\u00f5es confirmadas, nomes como Chico C\u00e9sar, Adelm\u00e1rio Coelho, As Janu\u00e1rias, Chambinho do Acordeon, Del Feliz, Fl\u00e1vio Leandro, F\u00e1bio Carneirinho, J\u00f3 Miranda, Luis Fidelis, Maur\u00edcio Ba\u00eda, Seu Azevedo e demais artistas locais. O evento tem apoio da Prefeitura Municipal de Amargosa e do Governo do Estado da Bahia.<\/p>\n\n\n\n<p>Na trajet\u00f3ria de Iranilda Santana de Oliveira Albuquerque, a conhecida Deusa Nordestina do Forr\u00f3, tem muitas hist\u00f3rias, experi\u00eancias e uma lista imensa de premia\u00e7\u00f5es, participa\u00e7\u00f5es em grandes eventos, al\u00e9m de suas produ\u00e7\u00f5es, cria\u00e7\u00f5es e forte posicionamento nas redes sociais. Deusa \u00e9 destaque por dar continuidade ao trabalho de Marin\u00eas (a Rainha do Xaxado) e interpretar m\u00fasicas do cancioneiro nordestino desde Luiz Gonzaga, Dominguinhos, Jackson do Pandeiro, Jorge de Altinho, Fl\u00e1vio Leandro, Elino Juli\u00e3o, dentre outros. Em 2010, foi a China representando o Brasil no III Festival de Artes e Cultura Popular, um evento internacional que acontece a cada tr\u00eas anos em Pequim. Em 2019, gravou seu primeiro CD Solo &#8220;Deusa Bulir com Tu&#8221;, ressaltando grandes sucessos do forr\u00f3; participou do Mossor\u00f3 Cidade Junina com o show &#8220;Deusa canta o Nordeste&#8221;, fazendo uma homenagem \u00e0 m\u00fasica nordestina; conduziu a 1\u00aa Sanfoneira junto com grandes nomes em homenagem ao 107\u00ba anivers\u00e1rio de nascimento do Rei do Bai\u00e3o Luiz Gonzaga, em Exu (PE) no Parque Asa Branca e participou do programa do Ratinho. <\/p>\n\n\n\n<p>J\u00e1 em 2020, gravou seu primeiro DVD Ao VIVO em pra\u00e7a p\u00fablica; foi protagonista de show\/live com a Orquestra Jazz Sinf\u00f4nica de Parnamirim, sob reg\u00eancia do Maestro Eug\u00eanio Gra\u00e7a, onde interpretou can\u00e7\u00f5es como Pau de Arara, Sequei os Olhos, Boato Ribeirinho e Retrato da Vida. Em 2021, participou do Programa M\u00fasica na Band; gravou o 2\u00ba CD &#8220;Deusa Nordestina do Forr\u00f3 &#8211; Diferente das Iguais&#8221; com uma homenagem ao forr\u00f3 de raiz; protagonizou live junina com a Sesi Big Band, o primeiro Sarah das Deusas (edi\u00e7\u00e3o PE) reunindo mulheres forrozeiras e show de encerramento do III Encontro de Sanfoneiros de Caxias e regi\u00e3o do Maranh\u00e3o.<\/p>\n\n\n\n<p>Em 2022, lan\u00e7ou novo trabalho &#8220;Deusa &#8211; gente de Marin\u00eas &#8221; reunindo oito can\u00e7\u00f5es com arranjos, dire\u00e7\u00e3o musical e produ\u00e7\u00e3o do Maestro Marcos Farias. Em comemora\u00e7\u00e3o ao anivers\u00e1rio de Marin\u00eas (novembro) realizou no Teatro Alberto Maranh\u00e3o em Natal, o show Gente de Marin\u00eas. No ano de 2023, participou do Festival MPB84 em Natal (RN) com a m\u00fasica autoral &#8220;Tri\u00e2ngulo, Zabumba e Sanfona&#8221;, ficando em primeiro lugar; participou do FENFIT 21 anos, em Ita\u00fanas, no Esp\u00edrito Santo, com o projeto Maria Forrozeira; participou do 14\u00ba Festival Bai\u00e3o IN Lisboa, representando o Rio Grande do Norte; recebeu o Trof\u00e9u Cultura 2023, no Teatro Riachuelo, na categoria de Melhor Cantora do Rio Grande do Norte. Em 2024, protagonizou o show &#8220;Deusa Canta as Rainhas da M\u00fasica Brasileira&#8221; em ritmo de forr\u00f3 no frevo no Carnaval Multicultural de Parnamirim 2024 com Trio Pranch\u00e3o; participou da Comitiva que representou o Rio Grande do Norte na Feira de Turismo de Lisboa\/Portugal, mostrando forr\u00f3 de raiz; recebeu o Trof\u00e9u Pr\u00eamio Hangar na categoria forr\u00f3, como melhor cantora de 2023, no RN; foi reconhecida como Mestra em forr\u00f3 de raiz atrav\u00e9s da Lei Paulo Gustavo no Rio Grande do Norte; se classificou em abril atrav\u00e9s da Lei Paulo Gustavo, na categoria de Frui\u00e7\u00e3o e Circula\u00e7\u00e3o Forr\u00f3 de Ra\u00edz com o espet\u00e1culo &#8220;Deusa, gente de Marin\u00eas&#8221;. Para o S\u00e3o Jo\u00e3o do mesmo ano, lan\u00e7ou em todas as plataformas digitais a m\u00fasica &#8220;Sou igual do Estopim&#8221; que \u00e9 de sua autoria e ainda realizou shows em cidades do interior da Bahia. Neste ano de 2025, a artista vem com muito mais novidades e claro, uma agenda de apresenta\u00e7\u00f5es no S\u00e3o Jo\u00e3o da Bahia.<\/p>\n","protected":false},"excerpt":{"rendered":"<p>Marcando a abertura dos festejos juninos na Bahia, nos dias 19 e 20 de abril ser\u00e1 realizado o &#8220;I Festival de Forr\u00f3&#8221; em Amargosa. O evento que vai reunir 12 grandes nomes do tradicional estilo, contar\u00e1 com a presen\u00e7a da cantora Deusa Nordestina do Forr\u00f3, diretamente do Rio Grande do Norte e que sobe ao [&hellip;]<\/p>\n","protected":false},"author":3,"featured_media":34997,"comment_status":"open","ping_status":"open","sticky":false,"template":"","format":"standard","meta":{"_monsterinsights_skip_tracking":false,"_monsterinsights_sitenote_active":false,"_monsterinsights_sitenote_note":"","_monsterinsights_sitenote_category":0,"footnotes":""},"categories":[47,45],"tags":[],"yoast_head":"<!-- This site is optimized with the Yoast SEO plugin v22.9 - https:\/\/yoast.com\/wordpress\/plugins\/seo\/ -->\n<title>Deusa Nordestina do Forr\u00f3 \u00e9 atra\u00e7\u00e3o confirmada no &quot;I Festival de Forr\u00f3&quot; em Amargosa - Portal MF<\/title>\n<meta name=\"robots\" content=\"index, follow, max-snippet:-1, max-image-preview:large, max-video-preview:-1\" \/>\n<link rel=\"canonical\" href=\"https:\/\/portalmf.com.br\/index.php\/2025\/03\/25\/deusa-nordestina-do-forro-e-atracao-confirmada-no-i-festival-de-forro-em-amargosa\/\" \/>\n<meta property=\"og:locale\" content=\"pt_BR\" \/>\n<meta property=\"og:type\" content=\"article\" \/>\n<meta property=\"og:title\" content=\"Deusa Nordestina do Forr\u00f3 \u00e9 atra\u00e7\u00e3o confirmada no &quot;I Festival de Forr\u00f3&quot; em Amargosa - Portal MF\" \/>\n<meta property=\"og:description\" content=\"Marcando a abertura dos festejos juninos na Bahia, nos dias 19 e 20 de abril ser\u00e1 realizado o &#8220;I Festival de Forr\u00f3&#8221; em Amargosa. O evento que vai reunir 12 grandes nomes do tradicional estilo, contar\u00e1 com a presen\u00e7a da cantora Deusa Nordestina do Forr\u00f3, diretamente do Rio Grande do Norte e que sobe ao [&hellip;]\" \/>\n<meta property=\"og:url\" content=\"https:\/\/portalmf.com.br\/index.php\/2025\/03\/25\/deusa-nordestina-do-forro-e-atracao-confirmada-no-i-festival-de-forro-em-amargosa\/\" \/>\n<meta property=\"og:site_name\" content=\"Portal MF\" \/>\n<meta property=\"article:author\" content=\"https:\/\/www.facebook.com\/portalmfoficial\" \/>\n<meta property=\"article:published_time\" content=\"2025-03-25T18:56:21+00:00\" \/>\n<meta property=\"article:modified_time\" content=\"2025-03-25T18:56:22+00:00\" \/>\n<meta property=\"og:image\" content=\"https:\/\/portalmf.com.br\/wp-content\/uploads\/2025\/03\/Deusa-Nordestina-do-Forro-e-atracao-confirmada.jpg\" \/>\n\t<meta property=\"og:image:width\" content=\"736\" \/>\n\t<meta property=\"og:image:height\" content=\"563\" \/>\n\t<meta property=\"og:image:type\" content=\"image\/jpeg\" \/>\n<meta name=\"author\" content=\"Reda\u00e7\u00e3o Portal MF\" \/>\n<meta name=\"twitter:card\" content=\"summary_large_image\" \/>\n<meta name=\"twitter:creator\" content=\"@https:\/\/x.com\/portalmfoficial\" \/>\n<meta name=\"twitter:label1\" content=\"Escrito por\" \/>\n\t<meta name=\"twitter:data1\" content=\"Reda\u00e7\u00e3o Portal MF\" \/>\n\t<meta name=\"twitter:label2\" content=\"Est. tempo de leitura\" \/>\n\t<meta name=\"twitter:data2\" content=\"5 minutos\" \/>\n<script type=\"application\/ld+json\" class=\"yoast-schema-graph\">{\"@context\":\"https:\/\/schema.org\",\"@graph\":[{\"@type\":\"WebPage\",\"@id\":\"https:\/\/portalmf.com.br\/index.php\/2025\/03\/25\/deusa-nordestina-do-forro-e-atracao-confirmada-no-i-festival-de-forro-em-amargosa\/\",\"url\":\"https:\/\/portalmf.com.br\/index.php\/2025\/03\/25\/deusa-nordestina-do-forro-e-atracao-confirmada-no-i-festival-de-forro-em-amargosa\/\",\"name\":\"Deusa Nordestina do Forr\u00f3 \u00e9 atra\u00e7\u00e3o confirmada no \\\"I Festival de Forr\u00f3\\\" em Amargosa - Portal MF\",\"isPartOf\":{\"@id\":\"https:\/\/portalmf.com.br\/#website\"},\"primaryImageOfPage\":{\"@id\":\"https:\/\/portalmf.com.br\/index.php\/2025\/03\/25\/deusa-nordestina-do-forro-e-atracao-confirmada-no-i-festival-de-forro-em-amargosa\/#primaryimage\"},\"image\":{\"@id\":\"https:\/\/portalmf.com.br\/index.php\/2025\/03\/25\/deusa-nordestina-do-forro-e-atracao-confirmada-no-i-festival-de-forro-em-amargosa\/#primaryimage\"},\"thumbnailUrl\":\"https:\/\/portalmf.com.br\/wp-content\/uploads\/2025\/03\/Deusa-Nordestina-do-Forro-e-atracao-confirmada.jpg\",\"datePublished\":\"2025-03-25T18:56:21+00:00\",\"dateModified\":\"2025-03-25T18:56:22+00:00\",\"author\":{\"@id\":\"https:\/\/portalmf.com.br\/#\/schema\/person\/9ec101baf56233e53520c26de5d6f6f0\"},\"breadcrumb\":{\"@id\":\"https:\/\/portalmf.com.br\/index.php\/2025\/03\/25\/deusa-nordestina-do-forro-e-atracao-confirmada-no-i-festival-de-forro-em-amargosa\/#breadcrumb\"},\"inLanguage\":\"pt-BR\",\"potentialAction\":[{\"@type\":\"ReadAction\",\"target\":[\"https:\/\/portalmf.com.br\/index.php\/2025\/03\/25\/deusa-nordestina-do-forro-e-atracao-confirmada-no-i-festival-de-forro-em-amargosa\/\"]}]},{\"@type\":\"ImageObject\",\"inLanguage\":\"pt-BR\",\"@id\":\"https:\/\/portalmf.com.br\/index.php\/2025\/03\/25\/deusa-nordestina-do-forro-e-atracao-confirmada-no-i-festival-de-forro-em-amargosa\/#primaryimage\",\"url\":\"https:\/\/portalmf.com.br\/wp-content\/uploads\/2025\/03\/Deusa-Nordestina-do-Forro-e-atracao-confirmada.jpg\",\"contentUrl\":\"https:\/\/portalmf.com.br\/wp-content\/uploads\/2025\/03\/Deusa-Nordestina-do-Forro-e-atracao-confirmada.jpg\",\"width\":736,\"height\":563},{\"@type\":\"BreadcrumbList\",\"@id\":\"https:\/\/portalmf.com.br\/index.php\/2025\/03\/25\/deusa-nordestina-do-forro-e-atracao-confirmada-no-i-festival-de-forro-em-amargosa\/#breadcrumb\",\"itemListElement\":[{\"@type\":\"ListItem\",\"position\":1,\"name\":\"In\u00edcio\",\"item\":\"https:\/\/portalmf.com.br\/\"},{\"@type\":\"ListItem\",\"position\":2,\"name\":\"Deusa Nordestina do Forr\u00f3 \u00e9 atra\u00e7\u00e3o confirmada no &#8220;I Festival de Forr\u00f3&#8221; em Amargosa\"}]},{\"@type\":\"WebSite\",\"@id\":\"https:\/\/portalmf.com.br\/#website\",\"url\":\"https:\/\/portalmf.com.br\/\",\"name\":\"Portal MF\",\"description\":\"Voc\u00ea conectado com a informa\u00e7\u00e3o\",\"potentialAction\":[{\"@type\":\"SearchAction\",\"target\":{\"@type\":\"EntryPoint\",\"urlTemplate\":\"https:\/\/portalmf.com.br\/?s={search_term_string}\"},\"query-input\":\"required name=search_term_string\"}],\"inLanguage\":\"pt-BR\"},{\"@type\":\"Person\",\"@id\":\"https:\/\/portalmf.com.br\/#\/schema\/person\/9ec101baf56233e53520c26de5d6f6f0\",\"name\":\"Reda\u00e7\u00e3o Portal MF\",\"image\":{\"@type\":\"ImageObject\",\"inLanguage\":\"pt-BR\",\"@id\":\"https:\/\/portalmf.com.br\/#\/schema\/person\/image\/\",\"url\":\"https:\/\/secure.gravatar.com\/avatar\/41b9aaeb2100835f7c64362330f74c7f?s=96&d=mm&r=g\",\"contentUrl\":\"https:\/\/secure.gravatar.com\/avatar\/41b9aaeb2100835f7c64362330f74c7f?s=96&d=mm&r=g\",\"caption\":\"Reda\u00e7\u00e3o Portal MF\"},\"description\":\"Sejam bem-vindos o portal de informa\u00e7\u00f5es de entretenimento de Feira de Santana, desde 2006 realiza coberturas dos principais eventos com entrevistas exclusivas com as principais personalidades mundiais. Fique conectado tamb\u00e9m nas redes sociais.\",\"sameAs\":[\"http:\/\/www.portalmf.com.br\/\",\"https:\/\/www.facebook.com\/portalmfoficial\",\"https:\/\/www.instagram.com\/portalmf\/\",\"https:\/\/x.com\/https:\/\/x.com\/portalmfoficial\",\"https:\/\/www.youtube.com\/@portalmfoficial\"],\"url\":\"https:\/\/portalmf.com.br\/index.php\/author\/junior\/\"}]}<\/script>\n<!-- \/ Yoast SEO plugin. -->","yoast_head_json":{"title":"Deusa Nordestina do Forr\u00f3 \u00e9 atra\u00e7\u00e3o confirmada no \"I Festival de Forr\u00f3\" em Amargosa - Portal MF","robots":{"index":"index","follow":"follow","max-snippet":"max-snippet:-1","max-image-preview":"max-image-preview:large","max-video-preview":"max-video-preview:-1"},"canonical":"https:\/\/portalmf.com.br\/index.php\/2025\/03\/25\/deusa-nordestina-do-forro-e-atracao-confirmada-no-i-festival-de-forro-em-amargosa\/","og_locale":"pt_BR","og_type":"article","og_title":"Deusa Nordestina do Forr\u00f3 \u00e9 atra\u00e7\u00e3o confirmada no \"I Festival de Forr\u00f3\" em Amargosa - Portal MF","og_description":"Marcando a abertura dos festejos juninos na Bahia, nos dias 19 e 20 de abril ser\u00e1 realizado o &#8220;I Festival de Forr\u00f3&#8221; em Amargosa. O evento que vai reunir 12 grandes nomes do tradicional estilo, contar\u00e1 com a presen\u00e7a da cantora Deusa Nordestina do Forr\u00f3, diretamente do Rio Grande do Norte e que sobe ao [&hellip;]","og_url":"https:\/\/portalmf.com.br\/index.php\/2025\/03\/25\/deusa-nordestina-do-forro-e-atracao-confirmada-no-i-festival-de-forro-em-amargosa\/","og_site_name":"Portal MF","article_author":"https:\/\/www.facebook.com\/portalmfoficial","article_published_time":"2025-03-25T18:56:21+00:00","article_modified_time":"2025-03-25T18:56:22+00:00","og_image":[{"width":736,"height":563,"url":"https:\/\/portalmf.com.br\/wp-content\/uploads\/2025\/03\/Deusa-Nordestina-do-Forro-e-atracao-confirmada.jpg","type":"image\/jpeg"}],"author":"Reda\u00e7\u00e3o Portal MF","twitter_card":"summary_large_image","twitter_creator":"@https:\/\/x.com\/portalmfoficial","twitter_misc":{"Escrito por":"Reda\u00e7\u00e3o Portal MF","Est. tempo de leitura":"5 minutos"},"schema":{"@context":"https:\/\/schema.org","@graph":[{"@type":"WebPage","@id":"https:\/\/portalmf.com.br\/index.php\/2025\/03\/25\/deusa-nordestina-do-forro-e-atracao-confirmada-no-i-festival-de-forro-em-amargosa\/","url":"https:\/\/portalmf.com.br\/index.php\/2025\/03\/25\/deusa-nordestina-do-forro-e-atracao-confirmada-no-i-festival-de-forro-em-amargosa\/","name":"Deusa Nordestina do Forr\u00f3 \u00e9 atra\u00e7\u00e3o confirmada no \"I Festival de Forr\u00f3\" em Amargosa - Portal MF","isPartOf":{"@id":"https:\/\/portalmf.com.br\/#website"},"primaryImageOfPage":{"@id":"https:\/\/portalmf.com.br\/index.php\/2025\/03\/25\/deusa-nordestina-do-forro-e-atracao-confirmada-no-i-festival-de-forro-em-amargosa\/#primaryimage"},"image":{"@id":"https:\/\/portalmf.com.br\/index.php\/2025\/03\/25\/deusa-nordestina-do-forro-e-atracao-confirmada-no-i-festival-de-forro-em-amargosa\/#primaryimage"},"thumbnailUrl":"https:\/\/portalmf.com.br\/wp-content\/uploads\/2025\/03\/Deusa-Nordestina-do-Forro-e-atracao-confirmada.jpg","datePublished":"2025-03-25T18:56:21+00:00","dateModified":"2025-03-25T18:56:22+00:00","author":{"@id":"https:\/\/portalmf.com.br\/#\/schema\/person\/9ec101baf56233e53520c26de5d6f6f0"},"breadcrumb":{"@id":"https:\/\/portalmf.com.br\/index.php\/2025\/03\/25\/deusa-nordestina-do-forro-e-atracao-confirmada-no-i-festival-de-forro-em-amargosa\/#breadcrumb"},"inLanguage":"pt-BR","potentialAction":[{"@type":"ReadAction","target":["https:\/\/portalmf.com.br\/index.php\/2025\/03\/25\/deusa-nordestina-do-forro-e-atracao-confirmada-no-i-festival-de-forro-em-amargosa\/"]}]},{"@type":"ImageObject","inLanguage":"pt-BR","@id":"https:\/\/portalmf.com.br\/index.php\/2025\/03\/25\/deusa-nordestina-do-forro-e-atracao-confirmada-no-i-festival-de-forro-em-amargosa\/#primaryimage","url":"https:\/\/portalmf.com.br\/wp-content\/uploads\/2025\/03\/Deusa-Nordestina-do-Forro-e-atracao-confirmada.jpg","contentUrl":"https:\/\/portalmf.com.br\/wp-content\/uploads\/2025\/03\/Deusa-Nordestina-do-Forro-e-atracao-confirmada.jpg","width":736,"height":563},{"@type":"BreadcrumbList","@id":"https:\/\/portalmf.com.br\/index.php\/2025\/03\/25\/deusa-nordestina-do-forro-e-atracao-confirmada-no-i-festival-de-forro-em-amargosa\/#breadcrumb","itemListElement":[{"@type":"ListItem","position":1,"name":"In\u00edcio","item":"https:\/\/portalmf.com.br\/"},{"@type":"ListItem","position":2,"name":"Deusa Nordestina do Forr\u00f3 \u00e9 atra\u00e7\u00e3o confirmada no &#8220;I Festival de Forr\u00f3&#8221; em Amargosa"}]},{"@type":"WebSite","@id":"https:\/\/portalmf.com.br\/#website","url":"https:\/\/portalmf.com.br\/","name":"Portal MF","description":"Voc\u00ea conectado com a informa\u00e7\u00e3o","potentialAction":[{"@type":"SearchAction","target":{"@type":"EntryPoint","urlTemplate":"https:\/\/portalmf.com.br\/?s={search_term_string}"},"query-input":"required name=search_term_string"}],"inLanguage":"pt-BR"},{"@type":"Person","@id":"https:\/\/portalmf.com.br\/#\/schema\/person\/9ec101baf56233e53520c26de5d6f6f0","name":"Reda\u00e7\u00e3o Portal MF","image":{"@type":"ImageObject","inLanguage":"pt-BR","@id":"https:\/\/portalmf.com.br\/#\/schema\/person\/image\/","url":"https:\/\/secure.gravatar.com\/avatar\/41b9aaeb2100835f7c64362330f74c7f?s=96&d=mm&r=g","contentUrl":"https:\/\/secure.gravatar.com\/avatar\/41b9aaeb2100835f7c64362330f74c7f?s=96&d=mm&r=g","caption":"Reda\u00e7\u00e3o Portal MF"},"description":"Sejam bem-vindos o portal de informa\u00e7\u00f5es de entretenimento de Feira de Santana, desde 2006 realiza coberturas dos principais eventos com entrevistas exclusivas com as principais personalidades mundiais. Fique conectado tamb\u00e9m nas redes sociais.","sameAs":["http:\/\/www.portalmf.com.br\/","https:\/\/www.facebook.com\/portalmfoficial","https:\/\/www.instagram.com\/portalmf\/","https:\/\/x.com\/https:\/\/x.com\/portalmfoficial","https:\/\/www.youtube.com\/@portalmfoficial"],"url":"https:\/\/portalmf.com.br\/index.php\/author\/junior\/"}]}},"_links":{"self":[{"href":"https:\/\/portalmf.com.br\/index.php\/wp-json\/wp\/v2\/posts\/34996"}],"collection":[{"href":"https:\/\/portalmf.com.br\/index.php\/wp-json\/wp\/v2\/posts"}],"about":[{"href":"https:\/\/portalmf.com.br\/index.php\/wp-json\/wp\/v2\/types\/post"}],"author":[{"embeddable":true,"href":"https:\/\/portalmf.com.br\/index.php\/wp-json\/wp\/v2\/users\/3"}],"replies":[{"embeddable":true,"href":"https:\/\/portalmf.com.br\/index.php\/wp-json\/wp\/v2\/comments?post=34996"}],"version-history":[{"count":1,"href":"https:\/\/portalmf.com.br\/index.php\/wp-json\/wp\/v2\/posts\/34996\/revisions"}],"predecessor-version":[{"id":34998,"href":"https:\/\/portalmf.com.br\/index.php\/wp-json\/wp\/v2\/posts\/34996\/revisions\/34998"}],"wp:featuredmedia":[{"embeddable":true,"href":"https:\/\/portalmf.com.br\/index.php\/wp-json\/wp\/v2\/media\/34997"}],"wp:attachment":[{"href":"https:\/\/portalmf.com.br\/index.php\/wp-json\/wp\/v2\/media?parent=34996"}],"wp:term":[{"taxonomy":"category","embeddable":true,"href":"https:\/\/portalmf.com.br\/index.php\/wp-json\/wp\/v2\/categories?post=34996"},{"taxonomy":"post_tag","embeddable":true,"href":"https:\/\/portalmf.com.br\/index.php\/wp-json\/wp\/v2\/tags?post=34996"}],"curies":[{"name":"wp","href":"https:\/\/api.w.org\/{rel}","templated":true}]}}