{"id":34955,"date":"2025-03-24T15:47:19","date_gmt":"2025-03-24T18:47:19","guid":{"rendered":"https:\/\/portalmf.com.br\/?p=34955"},"modified":"2025-03-24T15:47:20","modified_gmt":"2025-03-24T18:47:20","slug":"micareta-de-feira-tera-plantao-integrado-dos-direitos-humanos","status":"publish","type":"post","link":"https:\/\/portalmf.com.br\/index.php\/2025\/03\/24\/micareta-de-feira-tera-plantao-integrado-dos-direitos-humanos\/","title":{"rendered":"Micareta de Feira ter\u00e1 Plant\u00e3o Integrado dos Direitos Humanos"},"content":{"rendered":"\n<p>A Micareta de Feira 2025, que ser\u00e1 realizada de 1\u00ba a 4 de maio, contar\u00e1 com o Plant\u00e3o Integrado dos Direitos Humanos. As a\u00e7\u00f5es preventivas para combater viola\u00e7\u00f5es de direitos humanos em eventos populares da Bahia foram apresentadas nesta sexta-feira (21) aos \u00f3rg\u00e3os que comp\u00f5em a rede de prote\u00e7\u00e3o de Feira de Santana, a Princesinha do Sert\u00e3o. O encontro de alinhamento foi conduzido pela Secretaria de Justi\u00e7a e Direitos Humanos (SJDH), por meio da Superintend\u00eancia de Apoio e Defesa aos Direitos Humanos (SUDH).<\/p>\n\n\n\n<p>Pelo terceiro ano consecutivo, a SJDH garantir\u00e1 na Micareta a maior estrat\u00e9gia de prote\u00e7\u00e3o aos direitos de grupos vulner\u00e1veis do estado. Coordenado pela SJDH em parceria com a ONG Pontos Diversos, o projeto atua para que todas as pessoas possam aproveitar os eventos populares, como Carnaval, Micareta de Feira, S\u00e3o Jo\u00e3o e outras manifesta\u00e7\u00f5es culturais, sem discrimina\u00e7\u00e3o e com respeito \u00e0 diversidade. O Plant\u00e3o Integrado oferecer\u00e1 suporte a crian\u00e7as e adolescentes, pessoas idosas, mulheres, popula\u00e7\u00e3o LGBTQIAPN+, pessoas negras, pessoas com defici\u00eancia, catadores\/as de recicl\u00e1veis, v\u00edtimas de trabalho indigno e escravo, entre outros grupos vulner\u00e1veis.<\/p>\n\n\n\n<p><em>\u201cAs viola\u00e7\u00f5es de direitos ainda s\u00e3o vistas como algo naturalizado, e o que propomos \u00e9 um caminho diferente. O Plant\u00e3o Integrado na Micareta refor\u00e7a a presen\u00e7a da rede de prote\u00e7\u00e3o e a necessidade de um olhar mais amplo para os segmentos vulner\u00e1veis. Nosso objetivo \u00e9 garantir que todas as pessoas que queiram participar da festa possam usufruir desse espa\u00e7o com dignidade, sabendo que t\u00eam direitos e que ser\u00e3o respeitadas\u201d,<\/em> destacou Tr\u00edcia Calmon, superintendente da SUDH.<\/p>\n\n\n\n<p>O di\u00e1logo com a rede de prote\u00e7\u00e3o busca tra\u00e7ar medidas conjuntas para promover direitos e evitar que a popula\u00e7\u00e3o seja exposta a situa\u00e7\u00f5es de viola\u00e7\u00e3o. \u201c<em>A proposta \u00e9 integrar toda a rede de prote\u00e7\u00e3o para dar celeridade no atendimento \u00e0s ocorr\u00eancias durante a festa, al\u00e9m de garantir um ambiente seguro para que cada cidad\u00e3o e cidad\u00e3 possa aproveitar a folia de forma protegida. Nosso papel \u00e9 criar condi\u00e7\u00f5es para que todos tenham seus direitos assegurados\u201d,<\/em> explicou Iara Farias, coordenadora estadual de Prote\u00e7\u00e3o da Crian\u00e7a e do Adolescente da SJDH.<\/p>\n\n\n\n<p>Nessa primeira etapa, foram apresentados o Guia de Prote\u00e7\u00e3o Integral, que re\u00fane informa\u00e7\u00f5es da rede; o Guia de Acessibilidade e Inclus\u00e3o em Eventos Populares, com orienta\u00e7\u00f5es para o atendimento de pessoas com defici\u00eancia; e as a\u00e7\u00f5es do Procon-BA para a defesa dos direitos dos consumidores. Outros pontos importantes discutidos foram a capacita\u00e7\u00e3o das equipes que atuar\u00e3o na Micareta \u2014 incluindo policiais militares e civis, bombeiros, assistentes sociais e conselheiros tutelares \u2014 e a coleta, encaminhamento e an\u00e1lise de dados sobre ocorr\u00eancias de viola\u00e7\u00f5es de direitos.<\/p>\n\n\n\n<p>As a\u00e7\u00f5es de mobiliza\u00e7\u00e3o, por meio da campanha &#8220;Respeito \u00c9 Nosso Direito!&#8221;, incluem abordagens, distribui\u00e7\u00e3o de material informativo e pulseiras de identifica\u00e7\u00e3o para crian\u00e7as e pessoas com surdez, e tamb\u00e9m foram apresentadas pela equipe da SJDH.<\/p>\n\n\n\n<p>Participaram do encontro representantes da Pol\u00edcia Militar e Civil, promotores de justi\u00e7a, Corpo de Bombeiros, Guarda Municipal, Conselho Tutelar e das Secretarias Municipais de Desenvolvimento Social e de Cultura, Esporte e Lazer, al\u00e9m da Fundac.<\/p>\n\n\n\n<p>\u201cEsse encontro \u00e9 fundamental para fortalecer a parceria. Precisamos trabalhar de m\u00e3os dadas para realizar uma Micareta mais igualit\u00e1ria e respeitosa com todos os cidad\u00e3os\u201d, ressaltou o comandante do Policiamento Regional Leste, coronel Ant\u00f4nio Lopes.<\/p>\n\n\n\n<p><strong>Plant\u00e3o Integrado<\/strong><br>O Plant\u00e3o Integrado conta com uma ampla rede de prote\u00e7\u00e3o que envolve diversos \u00f3rg\u00e3os dos poderes Executivo federal, estadual e municipal, al\u00e9m do Sistema de Justi\u00e7a (Poder Judici\u00e1rio, Minist\u00e9rio P\u00fablico e Defensoria P\u00fablica) e inst\u00e2ncias n\u00e3o governamentais. Os servi\u00e7os oferecidos incluem recep\u00e7\u00e3o e acompanhamento de den\u00fancias de viola\u00e7\u00f5es de direitos, fiscaliza\u00e7\u00e3o contra trabalho infantil, explora\u00e7\u00e3o sexual e trabalho an\u00e1logo \u00e0 escravid\u00e3o, apoio a conselhos tutelares, abrigos e delegacias, defesa dos direitos de trabalhadores\/as informais e fiscaliza\u00e7\u00e3o do Procon em camarotes e estabelecimentos comerciais.<\/p>\n\n\n\n<p><em><strong>Fonte: Ascom\/SJDH<\/strong><\/em><\/p>\n","protected":false},"excerpt":{"rendered":"<p>A Micareta de Feira 2025, que ser\u00e1 realizada de 1\u00ba a 4 de maio, contar\u00e1 com o Plant\u00e3o Integrado dos Direitos Humanos. As a\u00e7\u00f5es preventivas para combater viola\u00e7\u00f5es de direitos humanos em eventos populares da Bahia foram apresentadas nesta sexta-feira (21) aos \u00f3rg\u00e3os que comp\u00f5em a rede de prote\u00e7\u00e3o de Feira de Santana, a Princesinha [&hellip;]<\/p>\n","protected":false},"author":3,"featured_media":34956,"comment_status":"open","ping_status":"open","sticky":false,"template":"","format":"standard","meta":{"_monsterinsights_skip_tracking":false,"_monsterinsights_sitenote_active":false,"_monsterinsights_sitenote_note":"","_monsterinsights_sitenote_category":0,"footnotes":""},"categories":[39],"tags":[],"yoast_head":"<!-- This site is optimized with the Yoast SEO plugin v22.9 - https:\/\/yoast.com\/wordpress\/plugins\/seo\/ -->\n<title>Micareta de Feira ter\u00e1 Plant\u00e3o Integrado dos Direitos Humanos - Portal MF<\/title>\n<meta name=\"robots\" content=\"index, follow, max-snippet:-1, max-image-preview:large, max-video-preview:-1\" \/>\n<link rel=\"canonical\" href=\"https:\/\/portalmf.com.br\/index.php\/2025\/03\/24\/micareta-de-feira-tera-plantao-integrado-dos-direitos-humanos\/\" \/>\n<meta property=\"og:locale\" content=\"pt_BR\" \/>\n<meta property=\"og:type\" content=\"article\" \/>\n<meta property=\"og:title\" content=\"Micareta de Feira ter\u00e1 Plant\u00e3o Integrado dos Direitos Humanos - Portal MF\" \/>\n<meta property=\"og:description\" content=\"A Micareta de Feira 2025, que ser\u00e1 realizada de 1\u00ba a 4 de maio, contar\u00e1 com o Plant\u00e3o Integrado dos Direitos Humanos. As a\u00e7\u00f5es preventivas para combater viola\u00e7\u00f5es de direitos humanos em eventos populares da Bahia foram apresentadas nesta sexta-feira (21) aos \u00f3rg\u00e3os que comp\u00f5em a rede de prote\u00e7\u00e3o de Feira de Santana, a Princesinha [&hellip;]\" \/>\n<meta property=\"og:url\" content=\"https:\/\/portalmf.com.br\/index.php\/2025\/03\/24\/micareta-de-feira-tera-plantao-integrado-dos-direitos-humanos\/\" \/>\n<meta property=\"og:site_name\" content=\"Portal MF\" \/>\n<meta property=\"article:author\" content=\"https:\/\/www.facebook.com\/portalmfoficial\" \/>\n<meta property=\"article:published_time\" content=\"2025-03-24T18:47:19+00:00\" \/>\n<meta property=\"article:modified_time\" content=\"2025-03-24T18:47:20+00:00\" \/>\n<meta property=\"og:image\" content=\"https:\/\/portalmf.com.br\/wp-content\/uploads\/2025\/03\/Micareta-de-Feira-tera-Plantao-Integrado-dos-Direitos-Humanos-scaled.jpeg\" \/>\n\t<meta property=\"og:image:width\" content=\"2560\" \/>\n\t<meta property=\"og:image:height\" content=\"1707\" \/>\n\t<meta property=\"og:image:type\" content=\"image\/jpeg\" \/>\n<meta name=\"author\" content=\"Reda\u00e7\u00e3o Portal MF\" \/>\n<meta name=\"twitter:card\" content=\"summary_large_image\" \/>\n<meta name=\"twitter:creator\" content=\"@https:\/\/x.com\/portalmfoficial\" \/>\n<meta name=\"twitter:label1\" content=\"Escrito por\" \/>\n\t<meta name=\"twitter:data1\" content=\"Reda\u00e7\u00e3o Portal MF\" \/>\n\t<meta name=\"twitter:label2\" content=\"Est. tempo de leitura\" \/>\n\t<meta name=\"twitter:data2\" content=\"4 minutos\" \/>\n<script type=\"application\/ld+json\" class=\"yoast-schema-graph\">{\"@context\":\"https:\/\/schema.org\",\"@graph\":[{\"@type\":\"WebPage\",\"@id\":\"https:\/\/portalmf.com.br\/index.php\/2025\/03\/24\/micareta-de-feira-tera-plantao-integrado-dos-direitos-humanos\/\",\"url\":\"https:\/\/portalmf.com.br\/index.php\/2025\/03\/24\/micareta-de-feira-tera-plantao-integrado-dos-direitos-humanos\/\",\"name\":\"Micareta de Feira ter\u00e1 Plant\u00e3o Integrado dos Direitos Humanos - Portal MF\",\"isPartOf\":{\"@id\":\"https:\/\/portalmf.com.br\/#website\"},\"primaryImageOfPage\":{\"@id\":\"https:\/\/portalmf.com.br\/index.php\/2025\/03\/24\/micareta-de-feira-tera-plantao-integrado-dos-direitos-humanos\/#primaryimage\"},\"image\":{\"@id\":\"https:\/\/portalmf.com.br\/index.php\/2025\/03\/24\/micareta-de-feira-tera-plantao-integrado-dos-direitos-humanos\/#primaryimage\"},\"thumbnailUrl\":\"https:\/\/portalmf.com.br\/wp-content\/uploads\/2025\/03\/Micareta-de-Feira-tera-Plantao-Integrado-dos-Direitos-Humanos-scaled.jpeg\",\"datePublished\":\"2025-03-24T18:47:19+00:00\",\"dateModified\":\"2025-03-24T18:47:20+00:00\",\"author\":{\"@id\":\"https:\/\/portalmf.com.br\/#\/schema\/person\/9ec101baf56233e53520c26de5d6f6f0\"},\"breadcrumb\":{\"@id\":\"https:\/\/portalmf.com.br\/index.php\/2025\/03\/24\/micareta-de-feira-tera-plantao-integrado-dos-direitos-humanos\/#breadcrumb\"},\"inLanguage\":\"pt-BR\",\"potentialAction\":[{\"@type\":\"ReadAction\",\"target\":[\"https:\/\/portalmf.com.br\/index.php\/2025\/03\/24\/micareta-de-feira-tera-plantao-integrado-dos-direitos-humanos\/\"]}]},{\"@type\":\"ImageObject\",\"inLanguage\":\"pt-BR\",\"@id\":\"https:\/\/portalmf.com.br\/index.php\/2025\/03\/24\/micareta-de-feira-tera-plantao-integrado-dos-direitos-humanos\/#primaryimage\",\"url\":\"https:\/\/portalmf.com.br\/wp-content\/uploads\/2025\/03\/Micareta-de-Feira-tera-Plantao-Integrado-dos-Direitos-Humanos-scaled.jpeg\",\"contentUrl\":\"https:\/\/portalmf.com.br\/wp-content\/uploads\/2025\/03\/Micareta-de-Feira-tera-Plantao-Integrado-dos-Direitos-Humanos-scaled.jpeg\",\"width\":2560,\"height\":1707,\"caption\":\"Foto: Ascom\/SJDH\"},{\"@type\":\"BreadcrumbList\",\"@id\":\"https:\/\/portalmf.com.br\/index.php\/2025\/03\/24\/micareta-de-feira-tera-plantao-integrado-dos-direitos-humanos\/#breadcrumb\",\"itemListElement\":[{\"@type\":\"ListItem\",\"position\":1,\"name\":\"In\u00edcio\",\"item\":\"https:\/\/portalmf.com.br\/\"},{\"@type\":\"ListItem\",\"position\":2,\"name\":\"Micareta de Feira ter\u00e1 Plant\u00e3o Integrado dos Direitos Humanos\"}]},{\"@type\":\"WebSite\",\"@id\":\"https:\/\/portalmf.com.br\/#website\",\"url\":\"https:\/\/portalmf.com.br\/\",\"name\":\"Portal MF\",\"description\":\"Voc\u00ea conectado com a informa\u00e7\u00e3o\",\"potentialAction\":[{\"@type\":\"SearchAction\",\"target\":{\"@type\":\"EntryPoint\",\"urlTemplate\":\"https:\/\/portalmf.com.br\/?s={search_term_string}\"},\"query-input\":\"required name=search_term_string\"}],\"inLanguage\":\"pt-BR\"},{\"@type\":\"Person\",\"@id\":\"https:\/\/portalmf.com.br\/#\/schema\/person\/9ec101baf56233e53520c26de5d6f6f0\",\"name\":\"Reda\u00e7\u00e3o Portal MF\",\"image\":{\"@type\":\"ImageObject\",\"inLanguage\":\"pt-BR\",\"@id\":\"https:\/\/portalmf.com.br\/#\/schema\/person\/image\/\",\"url\":\"https:\/\/secure.gravatar.com\/avatar\/41b9aaeb2100835f7c64362330f74c7f?s=96&d=mm&r=g\",\"contentUrl\":\"https:\/\/secure.gravatar.com\/avatar\/41b9aaeb2100835f7c64362330f74c7f?s=96&d=mm&r=g\",\"caption\":\"Reda\u00e7\u00e3o Portal MF\"},\"description\":\"Sejam bem-vindos o portal de informa\u00e7\u00f5es de entretenimento de Feira de Santana, desde 2006 realiza coberturas dos principais eventos com entrevistas exclusivas com as principais personalidades mundiais. Fique conectado tamb\u00e9m nas redes sociais.\",\"sameAs\":[\"http:\/\/www.portalmf.com.br\/\",\"https:\/\/www.facebook.com\/portalmfoficial\",\"https:\/\/www.instagram.com\/portalmf\/\",\"https:\/\/x.com\/https:\/\/x.com\/portalmfoficial\",\"https:\/\/www.youtube.com\/@portalmfoficial\"],\"url\":\"https:\/\/portalmf.com.br\/index.php\/author\/junior\/\"}]}<\/script>\n<!-- \/ Yoast SEO plugin. -->","yoast_head_json":{"title":"Micareta de Feira ter\u00e1 Plant\u00e3o Integrado dos Direitos Humanos - Portal MF","robots":{"index":"index","follow":"follow","max-snippet":"max-snippet:-1","max-image-preview":"max-image-preview:large","max-video-preview":"max-video-preview:-1"},"canonical":"https:\/\/portalmf.com.br\/index.php\/2025\/03\/24\/micareta-de-feira-tera-plantao-integrado-dos-direitos-humanos\/","og_locale":"pt_BR","og_type":"article","og_title":"Micareta de Feira ter\u00e1 Plant\u00e3o Integrado dos Direitos Humanos - Portal MF","og_description":"A Micareta de Feira 2025, que ser\u00e1 realizada de 1\u00ba a 4 de maio, contar\u00e1 com o Plant\u00e3o Integrado dos Direitos Humanos. As a\u00e7\u00f5es preventivas para combater viola\u00e7\u00f5es de direitos humanos em eventos populares da Bahia foram apresentadas nesta sexta-feira (21) aos \u00f3rg\u00e3os que comp\u00f5em a rede de prote\u00e7\u00e3o de Feira de Santana, a Princesinha [&hellip;]","og_url":"https:\/\/portalmf.com.br\/index.php\/2025\/03\/24\/micareta-de-feira-tera-plantao-integrado-dos-direitos-humanos\/","og_site_name":"Portal MF","article_author":"https:\/\/www.facebook.com\/portalmfoficial","article_published_time":"2025-03-24T18:47:19+00:00","article_modified_time":"2025-03-24T18:47:20+00:00","og_image":[{"width":2560,"height":1707,"url":"https:\/\/portalmf.com.br\/wp-content\/uploads\/2025\/03\/Micareta-de-Feira-tera-Plantao-Integrado-dos-Direitos-Humanos-scaled.jpeg","type":"image\/jpeg"}],"author":"Reda\u00e7\u00e3o Portal MF","twitter_card":"summary_large_image","twitter_creator":"@https:\/\/x.com\/portalmfoficial","twitter_misc":{"Escrito por":"Reda\u00e7\u00e3o Portal MF","Est. tempo de leitura":"4 minutos"},"schema":{"@context":"https:\/\/schema.org","@graph":[{"@type":"WebPage","@id":"https:\/\/portalmf.com.br\/index.php\/2025\/03\/24\/micareta-de-feira-tera-plantao-integrado-dos-direitos-humanos\/","url":"https:\/\/portalmf.com.br\/index.php\/2025\/03\/24\/micareta-de-feira-tera-plantao-integrado-dos-direitos-humanos\/","name":"Micareta de Feira ter\u00e1 Plant\u00e3o Integrado dos Direitos Humanos - Portal MF","isPartOf":{"@id":"https:\/\/portalmf.com.br\/#website"},"primaryImageOfPage":{"@id":"https:\/\/portalmf.com.br\/index.php\/2025\/03\/24\/micareta-de-feira-tera-plantao-integrado-dos-direitos-humanos\/#primaryimage"},"image":{"@id":"https:\/\/portalmf.com.br\/index.php\/2025\/03\/24\/micareta-de-feira-tera-plantao-integrado-dos-direitos-humanos\/#primaryimage"},"thumbnailUrl":"https:\/\/portalmf.com.br\/wp-content\/uploads\/2025\/03\/Micareta-de-Feira-tera-Plantao-Integrado-dos-Direitos-Humanos-scaled.jpeg","datePublished":"2025-03-24T18:47:19+00:00","dateModified":"2025-03-24T18:47:20+00:00","author":{"@id":"https:\/\/portalmf.com.br\/#\/schema\/person\/9ec101baf56233e53520c26de5d6f6f0"},"breadcrumb":{"@id":"https:\/\/portalmf.com.br\/index.php\/2025\/03\/24\/micareta-de-feira-tera-plantao-integrado-dos-direitos-humanos\/#breadcrumb"},"inLanguage":"pt-BR","potentialAction":[{"@type":"ReadAction","target":["https:\/\/portalmf.com.br\/index.php\/2025\/03\/24\/micareta-de-feira-tera-plantao-integrado-dos-direitos-humanos\/"]}]},{"@type":"ImageObject","inLanguage":"pt-BR","@id":"https:\/\/portalmf.com.br\/index.php\/2025\/03\/24\/micareta-de-feira-tera-plantao-integrado-dos-direitos-humanos\/#primaryimage","url":"https:\/\/portalmf.com.br\/wp-content\/uploads\/2025\/03\/Micareta-de-Feira-tera-Plantao-Integrado-dos-Direitos-Humanos-scaled.jpeg","contentUrl":"https:\/\/portalmf.com.br\/wp-content\/uploads\/2025\/03\/Micareta-de-Feira-tera-Plantao-Integrado-dos-Direitos-Humanos-scaled.jpeg","width":2560,"height":1707,"caption":"Foto: Ascom\/SJDH"},{"@type":"BreadcrumbList","@id":"https:\/\/portalmf.com.br\/index.php\/2025\/03\/24\/micareta-de-feira-tera-plantao-integrado-dos-direitos-humanos\/#breadcrumb","itemListElement":[{"@type":"ListItem","position":1,"name":"In\u00edcio","item":"https:\/\/portalmf.com.br\/"},{"@type":"ListItem","position":2,"name":"Micareta de Feira ter\u00e1 Plant\u00e3o Integrado dos Direitos Humanos"}]},{"@type":"WebSite","@id":"https:\/\/portalmf.com.br\/#website","url":"https:\/\/portalmf.com.br\/","name":"Portal MF","description":"Voc\u00ea conectado com a informa\u00e7\u00e3o","potentialAction":[{"@type":"SearchAction","target":{"@type":"EntryPoint","urlTemplate":"https:\/\/portalmf.com.br\/?s={search_term_string}"},"query-input":"required name=search_term_string"}],"inLanguage":"pt-BR"},{"@type":"Person","@id":"https:\/\/portalmf.com.br\/#\/schema\/person\/9ec101baf56233e53520c26de5d6f6f0","name":"Reda\u00e7\u00e3o Portal MF","image":{"@type":"ImageObject","inLanguage":"pt-BR","@id":"https:\/\/portalmf.com.br\/#\/schema\/person\/image\/","url":"https:\/\/secure.gravatar.com\/avatar\/41b9aaeb2100835f7c64362330f74c7f?s=96&d=mm&r=g","contentUrl":"https:\/\/secure.gravatar.com\/avatar\/41b9aaeb2100835f7c64362330f74c7f?s=96&d=mm&r=g","caption":"Reda\u00e7\u00e3o Portal MF"},"description":"Sejam bem-vindos o portal de informa\u00e7\u00f5es de entretenimento de Feira de Santana, desde 2006 realiza coberturas dos principais eventos com entrevistas exclusivas com as principais personalidades mundiais. Fique conectado tamb\u00e9m nas redes sociais.","sameAs":["http:\/\/www.portalmf.com.br\/","https:\/\/www.facebook.com\/portalmfoficial","https:\/\/www.instagram.com\/portalmf\/","https:\/\/x.com\/https:\/\/x.com\/portalmfoficial","https:\/\/www.youtube.com\/@portalmfoficial"],"url":"https:\/\/portalmf.com.br\/index.php\/author\/junior\/"}]}},"_links":{"self":[{"href":"https:\/\/portalmf.com.br\/index.php\/wp-json\/wp\/v2\/posts\/34955"}],"collection":[{"href":"https:\/\/portalmf.com.br\/index.php\/wp-json\/wp\/v2\/posts"}],"about":[{"href":"https:\/\/portalmf.com.br\/index.php\/wp-json\/wp\/v2\/types\/post"}],"author":[{"embeddable":true,"href":"https:\/\/portalmf.com.br\/index.php\/wp-json\/wp\/v2\/users\/3"}],"replies":[{"embeddable":true,"href":"https:\/\/portalmf.com.br\/index.php\/wp-json\/wp\/v2\/comments?post=34955"}],"version-history":[{"count":1,"href":"https:\/\/portalmf.com.br\/index.php\/wp-json\/wp\/v2\/posts\/34955\/revisions"}],"predecessor-version":[{"id":34957,"href":"https:\/\/portalmf.com.br\/index.php\/wp-json\/wp\/v2\/posts\/34955\/revisions\/34957"}],"wp:featuredmedia":[{"embeddable":true,"href":"https:\/\/portalmf.com.br\/index.php\/wp-json\/wp\/v2\/media\/34956"}],"wp:attachment":[{"href":"https:\/\/portalmf.com.br\/index.php\/wp-json\/wp\/v2\/media?parent=34955"}],"wp:term":[{"taxonomy":"category","embeddable":true,"href":"https:\/\/portalmf.com.br\/index.php\/wp-json\/wp\/v2\/categories?post=34955"},{"taxonomy":"post_tag","embeddable":true,"href":"https:\/\/portalmf.com.br\/index.php\/wp-json\/wp\/v2\/tags?post=34955"}],"curies":[{"name":"wp","href":"https:\/\/api.w.org\/{rel}","templated":true}]}}