{"id":34937,"date":"2025-03-21T18:58:09","date_gmt":"2025-03-21T21:58:09","guid":{"rendered":"https:\/\/portalmf.com.br\/?p=34937"},"modified":"2025-03-22T12:38:05","modified_gmt":"2025-03-22T15:38:05","slug":"prefeitura-de-anguera-divulga-atracoes-do-sao-joao-2025","status":"publish","type":"post","link":"https:\/\/portalmf.com.br\/index.php\/2025\/03\/21\/prefeitura-de-anguera-divulga-atracoes-do-sao-joao-2025\/","title":{"rendered":"Prefeitura de Anguera divulga atra\u00e7\u00f5es do S\u00e3o Jo\u00e3o 2025"},"content":{"rendered":"\n<p>O S\u00e3o Jo\u00e3o de Anguera j\u00e1 tem sua grade oficial confirmada e promete ser um dos eventos juninos mais grandiosos da Bahia em 2025. De 21 a 23 de junho, a Pra\u00e7a Arthur Vieira ser\u00e1 o cen\u00e1rio de uma festa inesquec\u00edvel, reunindo grandes atra\u00e7\u00f5es nacionais e talentos locais em uma celebra\u00e7\u00e3o que j\u00e1 est\u00e1 entre as mais esperadas do estado.<\/p>\n\n\n\n<p>O S\u00e3o Jo\u00e3o de Anguera 2025 contar\u00e1 com uma programa\u00e7\u00e3o musical de peso, reunindo grandes nomes da m\u00fasica nacional e talentos locais que prometem animar as noites juninas. Confira a grade completa:<\/p>\n\n\n\n<p>Eduardo Costa; Marcynho Sensa\u00e7\u00e3o; Tarc\u00edsio do Acordeon; N\u00fazio Medeiros; Toca do Vale; Mikael Santos; Banda Edy3; Galeguinho SPA; Jairo Barboza; Carol Martins; Catuaba com Amendoim.<\/p>\n\n\n\n<p>Al\u00e9m da programa\u00e7\u00e3o musical, Anguera se destaca pelo seu esp\u00edrito acolhedor. Quem chega \u00e0 cidade no S\u00e3o Jo\u00e3o encontra ruas decoradas, comidas t\u00edpicas irresist\u00edveis e um povo que sabe receber bem. A seguran\u00e7a tamb\u00e9m \u00e9 prioridade, com refor\u00e7o no policiamento e uma estrutura preparada para garantir que todos possam curtir sem preocupa\u00e7\u00f5es.<\/p>\n\n\n\n<p>Com uma das primeiras programa\u00e7\u00f5es divulgadas na Bahia, o S\u00e3o Jo\u00e3o de Anguera se destaca pela diversidade musical e pela estrutura impec\u00e1vel. A cidade est\u00e1 se preparando para receber um grande p\u00fablico, garantindo seguran\u00e7a, ornamenta\u00e7\u00e3o especial e uma organiza\u00e7\u00e3o pensada para proporcionar conforto e divers\u00e3o a todos os visitantes.<\/p>\n\n\n\n<p><em>\u201cA nossa festa j\u00e1 \u00e9 tradi\u00e7\u00e3o e, a cada ano, buscamos inovar e oferecer um S\u00e3o Jo\u00e3o ainda melhor. Estamos preparando tudo com muito carinho para que turistas e moradores vivam momentos inesquec\u00edveis em Anguera. Queremos que as pessoas cheguem aqui e sintam a energia \u00fanica do nosso S\u00e3o Jo\u00e3o\u201d,<\/em> afirma o prefeito Mauro Vieira.<\/p>\n","protected":false},"excerpt":{"rendered":"<p>O S\u00e3o Jo\u00e3o de Anguera j\u00e1 tem sua grade oficial confirmada e promete ser um dos eventos juninos mais grandiosos da Bahia em 2025. De 21 a 23 de junho, a Pra\u00e7a Arthur Vieira ser\u00e1 o cen\u00e1rio de uma festa inesquec\u00edvel, reunindo grandes atra\u00e7\u00f5es nacionais e talentos locais em uma celebra\u00e7\u00e3o que j\u00e1 est\u00e1 entre [&hellip;]<\/p>\n","protected":false},"author":3,"featured_media":14168,"comment_status":"open","ping_status":"open","sticky":false,"template":"","format":"standard","meta":{"_monsterinsights_skip_tracking":false,"_monsterinsights_sitenote_active":false,"_monsterinsights_sitenote_note":"","_monsterinsights_sitenote_category":0,"footnotes":""},"categories":[48,296],"tags":[],"yoast_head":"<!-- This site is optimized with the Yoast SEO plugin v22.9 - https:\/\/yoast.com\/wordpress\/plugins\/seo\/ -->\n<title>Prefeitura de Anguera divulga atra\u00e7\u00f5es do S\u00e3o Jo\u00e3o 2025 - Portal MF<\/title>\n<meta name=\"robots\" content=\"index, follow, max-snippet:-1, max-image-preview:large, max-video-preview:-1\" \/>\n<link rel=\"canonical\" href=\"https:\/\/portalmf.com.br\/index.php\/2025\/03\/21\/prefeitura-de-anguera-divulga-atracoes-do-sao-joao-2025\/\" \/>\n<meta property=\"og:locale\" content=\"pt_BR\" \/>\n<meta property=\"og:type\" content=\"article\" \/>\n<meta property=\"og:title\" content=\"Prefeitura de Anguera divulga atra\u00e7\u00f5es do S\u00e3o Jo\u00e3o 2025 - Portal MF\" \/>\n<meta property=\"og:description\" content=\"O S\u00e3o Jo\u00e3o de Anguera j\u00e1 tem sua grade oficial confirmada e promete ser um dos eventos juninos mais grandiosos da Bahia em 2025. De 21 a 23 de junho, a Pra\u00e7a Arthur Vieira ser\u00e1 o cen\u00e1rio de uma festa inesquec\u00edvel, reunindo grandes atra\u00e7\u00f5es nacionais e talentos locais em uma celebra\u00e7\u00e3o que j\u00e1 est\u00e1 entre [&hellip;]\" \/>\n<meta property=\"og:url\" content=\"https:\/\/portalmf.com.br\/index.php\/2025\/03\/21\/prefeitura-de-anguera-divulga-atracoes-do-sao-joao-2025\/\" \/>\n<meta property=\"og:site_name\" content=\"Portal MF\" \/>\n<meta property=\"article:author\" content=\"https:\/\/www.facebook.com\/portalmfoficial\" \/>\n<meta property=\"article:published_time\" content=\"2025-03-21T21:58:09+00:00\" \/>\n<meta property=\"article:modified_time\" content=\"2025-03-22T15:38:05+00:00\" \/>\n<meta property=\"og:image\" content=\"https:\/\/portalmf.com.br\/wp-content\/uploads\/2023\/06\/Tarcisio-do-Acordeon.jpg\" \/>\n\t<meta property=\"og:image:width\" content=\"1200\" \/>\n\t<meta property=\"og:image:height\" content=\"800\" \/>\n\t<meta property=\"og:image:type\" content=\"image\/jpeg\" \/>\n<meta name=\"author\" content=\"Reda\u00e7\u00e3o Portal MF\" \/>\n<meta name=\"twitter:card\" content=\"summary_large_image\" \/>\n<meta name=\"twitter:creator\" content=\"@https:\/\/x.com\/portalmfoficial\" \/>\n<meta name=\"twitter:label1\" content=\"Escrito por\" \/>\n\t<meta name=\"twitter:data1\" content=\"Reda\u00e7\u00e3o Portal MF\" \/>\n\t<meta name=\"twitter:label2\" content=\"Est. tempo de leitura\" \/>\n\t<meta name=\"twitter:data2\" content=\"2 minutos\" \/>\n<script type=\"application\/ld+json\" class=\"yoast-schema-graph\">{\"@context\":\"https:\/\/schema.org\",\"@graph\":[{\"@type\":\"WebPage\",\"@id\":\"https:\/\/portalmf.com.br\/index.php\/2025\/03\/21\/prefeitura-de-anguera-divulga-atracoes-do-sao-joao-2025\/\",\"url\":\"https:\/\/portalmf.com.br\/index.php\/2025\/03\/21\/prefeitura-de-anguera-divulga-atracoes-do-sao-joao-2025\/\",\"name\":\"Prefeitura de Anguera divulga atra\u00e7\u00f5es do S\u00e3o Jo\u00e3o 2025 - Portal MF\",\"isPartOf\":{\"@id\":\"https:\/\/portalmf.com.br\/#website\"},\"primaryImageOfPage\":{\"@id\":\"https:\/\/portalmf.com.br\/index.php\/2025\/03\/21\/prefeitura-de-anguera-divulga-atracoes-do-sao-joao-2025\/#primaryimage\"},\"image\":{\"@id\":\"https:\/\/portalmf.com.br\/index.php\/2025\/03\/21\/prefeitura-de-anguera-divulga-atracoes-do-sao-joao-2025\/#primaryimage\"},\"thumbnailUrl\":\"https:\/\/portalmf.com.br\/wp-content\/uploads\/2023\/06\/Tarcisio-do-Acordeon.jpg\",\"datePublished\":\"2025-03-21T21:58:09+00:00\",\"dateModified\":\"2025-03-22T15:38:05+00:00\",\"author\":{\"@id\":\"https:\/\/portalmf.com.br\/#\/schema\/person\/9ec101baf56233e53520c26de5d6f6f0\"},\"breadcrumb\":{\"@id\":\"https:\/\/portalmf.com.br\/index.php\/2025\/03\/21\/prefeitura-de-anguera-divulga-atracoes-do-sao-joao-2025\/#breadcrumb\"},\"inLanguage\":\"pt-BR\",\"potentialAction\":[{\"@type\":\"ReadAction\",\"target\":[\"https:\/\/portalmf.com.br\/index.php\/2025\/03\/21\/prefeitura-de-anguera-divulga-atracoes-do-sao-joao-2025\/\"]}]},{\"@type\":\"ImageObject\",\"inLanguage\":\"pt-BR\",\"@id\":\"https:\/\/portalmf.com.br\/index.php\/2025\/03\/21\/prefeitura-de-anguera-divulga-atracoes-do-sao-joao-2025\/#primaryimage\",\"url\":\"https:\/\/portalmf.com.br\/wp-content\/uploads\/2023\/06\/Tarcisio-do-Acordeon.jpg\",\"contentUrl\":\"https:\/\/portalmf.com.br\/wp-content\/uploads\/2023\/06\/Tarcisio-do-Acordeon.jpg\",\"width\":1200,\"height\":800},{\"@type\":\"BreadcrumbList\",\"@id\":\"https:\/\/portalmf.com.br\/index.php\/2025\/03\/21\/prefeitura-de-anguera-divulga-atracoes-do-sao-joao-2025\/#breadcrumb\",\"itemListElement\":[{\"@type\":\"ListItem\",\"position\":1,\"name\":\"In\u00edcio\",\"item\":\"https:\/\/portalmf.com.br\/\"},{\"@type\":\"ListItem\",\"position\":2,\"name\":\"Prefeitura de Anguera divulga atra\u00e7\u00f5es do S\u00e3o Jo\u00e3o 2025\"}]},{\"@type\":\"WebSite\",\"@id\":\"https:\/\/portalmf.com.br\/#website\",\"url\":\"https:\/\/portalmf.com.br\/\",\"name\":\"Portal MF\",\"description\":\"Voc\u00ea conectado com a informa\u00e7\u00e3o\",\"potentialAction\":[{\"@type\":\"SearchAction\",\"target\":{\"@type\":\"EntryPoint\",\"urlTemplate\":\"https:\/\/portalmf.com.br\/?s={search_term_string}\"},\"query-input\":\"required name=search_term_string\"}],\"inLanguage\":\"pt-BR\"},{\"@type\":\"Person\",\"@id\":\"https:\/\/portalmf.com.br\/#\/schema\/person\/9ec101baf56233e53520c26de5d6f6f0\",\"name\":\"Reda\u00e7\u00e3o Portal MF\",\"image\":{\"@type\":\"ImageObject\",\"inLanguage\":\"pt-BR\",\"@id\":\"https:\/\/portalmf.com.br\/#\/schema\/person\/image\/\",\"url\":\"https:\/\/secure.gravatar.com\/avatar\/41b9aaeb2100835f7c64362330f74c7f?s=96&d=mm&r=g\",\"contentUrl\":\"https:\/\/secure.gravatar.com\/avatar\/41b9aaeb2100835f7c64362330f74c7f?s=96&d=mm&r=g\",\"caption\":\"Reda\u00e7\u00e3o Portal MF\"},\"description\":\"Sejam bem-vindos o portal de informa\u00e7\u00f5es de entretenimento de Feira de Santana, desde 2006 realiza coberturas dos principais eventos com entrevistas exclusivas com as principais personalidades mundiais. Fique conectado tamb\u00e9m nas redes sociais.\",\"sameAs\":[\"http:\/\/www.portalmf.com.br\/\",\"https:\/\/www.facebook.com\/portalmfoficial\",\"https:\/\/www.instagram.com\/portalmf\/\",\"https:\/\/x.com\/https:\/\/x.com\/portalmfoficial\",\"https:\/\/www.youtube.com\/@portalmfoficial\"],\"url\":\"https:\/\/portalmf.com.br\/index.php\/author\/junior\/\"}]}<\/script>\n<!-- \/ Yoast SEO plugin. -->","yoast_head_json":{"title":"Prefeitura de Anguera divulga atra\u00e7\u00f5es do S\u00e3o Jo\u00e3o 2025 - Portal MF","robots":{"index":"index","follow":"follow","max-snippet":"max-snippet:-1","max-image-preview":"max-image-preview:large","max-video-preview":"max-video-preview:-1"},"canonical":"https:\/\/portalmf.com.br\/index.php\/2025\/03\/21\/prefeitura-de-anguera-divulga-atracoes-do-sao-joao-2025\/","og_locale":"pt_BR","og_type":"article","og_title":"Prefeitura de Anguera divulga atra\u00e7\u00f5es do S\u00e3o Jo\u00e3o 2025 - Portal MF","og_description":"O S\u00e3o Jo\u00e3o de Anguera j\u00e1 tem sua grade oficial confirmada e promete ser um dos eventos juninos mais grandiosos da Bahia em 2025. De 21 a 23 de junho, a Pra\u00e7a Arthur Vieira ser\u00e1 o cen\u00e1rio de uma festa inesquec\u00edvel, reunindo grandes atra\u00e7\u00f5es nacionais e talentos locais em uma celebra\u00e7\u00e3o que j\u00e1 est\u00e1 entre [&hellip;]","og_url":"https:\/\/portalmf.com.br\/index.php\/2025\/03\/21\/prefeitura-de-anguera-divulga-atracoes-do-sao-joao-2025\/","og_site_name":"Portal MF","article_author":"https:\/\/www.facebook.com\/portalmfoficial","article_published_time":"2025-03-21T21:58:09+00:00","article_modified_time":"2025-03-22T15:38:05+00:00","og_image":[{"width":1200,"height":800,"url":"https:\/\/portalmf.com.br\/wp-content\/uploads\/2023\/06\/Tarcisio-do-Acordeon.jpg","type":"image\/jpeg"}],"author":"Reda\u00e7\u00e3o Portal MF","twitter_card":"summary_large_image","twitter_creator":"@https:\/\/x.com\/portalmfoficial","twitter_misc":{"Escrito por":"Reda\u00e7\u00e3o Portal MF","Est. tempo de leitura":"2 minutos"},"schema":{"@context":"https:\/\/schema.org","@graph":[{"@type":"WebPage","@id":"https:\/\/portalmf.com.br\/index.php\/2025\/03\/21\/prefeitura-de-anguera-divulga-atracoes-do-sao-joao-2025\/","url":"https:\/\/portalmf.com.br\/index.php\/2025\/03\/21\/prefeitura-de-anguera-divulga-atracoes-do-sao-joao-2025\/","name":"Prefeitura de Anguera divulga atra\u00e7\u00f5es do S\u00e3o Jo\u00e3o 2025 - Portal MF","isPartOf":{"@id":"https:\/\/portalmf.com.br\/#website"},"primaryImageOfPage":{"@id":"https:\/\/portalmf.com.br\/index.php\/2025\/03\/21\/prefeitura-de-anguera-divulga-atracoes-do-sao-joao-2025\/#primaryimage"},"image":{"@id":"https:\/\/portalmf.com.br\/index.php\/2025\/03\/21\/prefeitura-de-anguera-divulga-atracoes-do-sao-joao-2025\/#primaryimage"},"thumbnailUrl":"https:\/\/portalmf.com.br\/wp-content\/uploads\/2023\/06\/Tarcisio-do-Acordeon.jpg","datePublished":"2025-03-21T21:58:09+00:00","dateModified":"2025-03-22T15:38:05+00:00","author":{"@id":"https:\/\/portalmf.com.br\/#\/schema\/person\/9ec101baf56233e53520c26de5d6f6f0"},"breadcrumb":{"@id":"https:\/\/portalmf.com.br\/index.php\/2025\/03\/21\/prefeitura-de-anguera-divulga-atracoes-do-sao-joao-2025\/#breadcrumb"},"inLanguage":"pt-BR","potentialAction":[{"@type":"ReadAction","target":["https:\/\/portalmf.com.br\/index.php\/2025\/03\/21\/prefeitura-de-anguera-divulga-atracoes-do-sao-joao-2025\/"]}]},{"@type":"ImageObject","inLanguage":"pt-BR","@id":"https:\/\/portalmf.com.br\/index.php\/2025\/03\/21\/prefeitura-de-anguera-divulga-atracoes-do-sao-joao-2025\/#primaryimage","url":"https:\/\/portalmf.com.br\/wp-content\/uploads\/2023\/06\/Tarcisio-do-Acordeon.jpg","contentUrl":"https:\/\/portalmf.com.br\/wp-content\/uploads\/2023\/06\/Tarcisio-do-Acordeon.jpg","width":1200,"height":800},{"@type":"BreadcrumbList","@id":"https:\/\/portalmf.com.br\/index.php\/2025\/03\/21\/prefeitura-de-anguera-divulga-atracoes-do-sao-joao-2025\/#breadcrumb","itemListElement":[{"@type":"ListItem","position":1,"name":"In\u00edcio","item":"https:\/\/portalmf.com.br\/"},{"@type":"ListItem","position":2,"name":"Prefeitura de Anguera divulga atra\u00e7\u00f5es do S\u00e3o Jo\u00e3o 2025"}]},{"@type":"WebSite","@id":"https:\/\/portalmf.com.br\/#website","url":"https:\/\/portalmf.com.br\/","name":"Portal MF","description":"Voc\u00ea conectado com a informa\u00e7\u00e3o","potentialAction":[{"@type":"SearchAction","target":{"@type":"EntryPoint","urlTemplate":"https:\/\/portalmf.com.br\/?s={search_term_string}"},"query-input":"required name=search_term_string"}],"inLanguage":"pt-BR"},{"@type":"Person","@id":"https:\/\/portalmf.com.br\/#\/schema\/person\/9ec101baf56233e53520c26de5d6f6f0","name":"Reda\u00e7\u00e3o Portal MF","image":{"@type":"ImageObject","inLanguage":"pt-BR","@id":"https:\/\/portalmf.com.br\/#\/schema\/person\/image\/","url":"https:\/\/secure.gravatar.com\/avatar\/41b9aaeb2100835f7c64362330f74c7f?s=96&d=mm&r=g","contentUrl":"https:\/\/secure.gravatar.com\/avatar\/41b9aaeb2100835f7c64362330f74c7f?s=96&d=mm&r=g","caption":"Reda\u00e7\u00e3o Portal MF"},"description":"Sejam bem-vindos o portal de informa\u00e7\u00f5es de entretenimento de Feira de Santana, desde 2006 realiza coberturas dos principais eventos com entrevistas exclusivas com as principais personalidades mundiais. Fique conectado tamb\u00e9m nas redes sociais.","sameAs":["http:\/\/www.portalmf.com.br\/","https:\/\/www.facebook.com\/portalmfoficial","https:\/\/www.instagram.com\/portalmf\/","https:\/\/x.com\/https:\/\/x.com\/portalmfoficial","https:\/\/www.youtube.com\/@portalmfoficial"],"url":"https:\/\/portalmf.com.br\/index.php\/author\/junior\/"}]}},"_links":{"self":[{"href":"https:\/\/portalmf.com.br\/index.php\/wp-json\/wp\/v2\/posts\/34937"}],"collection":[{"href":"https:\/\/portalmf.com.br\/index.php\/wp-json\/wp\/v2\/posts"}],"about":[{"href":"https:\/\/portalmf.com.br\/index.php\/wp-json\/wp\/v2\/types\/post"}],"author":[{"embeddable":true,"href":"https:\/\/portalmf.com.br\/index.php\/wp-json\/wp\/v2\/users\/3"}],"replies":[{"embeddable":true,"href":"https:\/\/portalmf.com.br\/index.php\/wp-json\/wp\/v2\/comments?post=34937"}],"version-history":[{"count":1,"href":"https:\/\/portalmf.com.br\/index.php\/wp-json\/wp\/v2\/posts\/34937\/revisions"}],"predecessor-version":[{"id":34938,"href":"https:\/\/portalmf.com.br\/index.php\/wp-json\/wp\/v2\/posts\/34937\/revisions\/34938"}],"wp:featuredmedia":[{"embeddable":true,"href":"https:\/\/portalmf.com.br\/index.php\/wp-json\/wp\/v2\/media\/14168"}],"wp:attachment":[{"href":"https:\/\/portalmf.com.br\/index.php\/wp-json\/wp\/v2\/media?parent=34937"}],"wp:term":[{"taxonomy":"category","embeddable":true,"href":"https:\/\/portalmf.com.br\/index.php\/wp-json\/wp\/v2\/categories?post=34937"},{"taxonomy":"post_tag","embeddable":true,"href":"https:\/\/portalmf.com.br\/index.php\/wp-json\/wp\/v2\/tags?post=34937"}],"curies":[{"name":"wp","href":"https:\/\/api.w.org\/{rel}","templated":true}]}}