{"id":34886,"date":"2025-03-19T15:35:21","date_gmt":"2025-03-19T18:35:21","guid":{"rendered":"https:\/\/portalmf.com.br\/?p=34886"},"modified":"2025-03-19T16:28:58","modified_gmt":"2025-03-19T19:28:58","slug":"thiago-aquino-e-confirmado-na-micareta-de-feira-2025","status":"publish","type":"post","link":"https:\/\/portalmf.com.br\/index.php\/2025\/03\/19\/thiago-aquino-e-confirmado-na-micareta-de-feira-2025\/","title":{"rendered":"Thiago Aquino \u00e9 confirmado na Micareta de Feira 2025"},"content":{"rendered":"\n<p>O cantor Thiago Aquino \u00e9 atra\u00e7\u00e3o confirmada na Micareta de Feira de Santana 2025. Considerado um dos principais nomes do cen\u00e1rio musical atual, o artista feirense promete agitar a Princesa do Sert\u00e3o durante a festa que acontece entre os dias 1\u00ba e 4 de maio. O fen\u00f4meno do arrocha baiano foi recebido pelo prefeito Jos\u00e9 Ronaldo de Carvalho, em seu gabinete, na manh\u00e3 desta quarta-feira (19), quando foi confirmado como atra\u00e7\u00e3o da folia momesca.&nbsp;<\/p>\n\n\n\n<p><em>&#8220;Tenho um carinho imenso, um amor muito grande por nossa Feira de Santana. Fiquei muito feliz com essa not\u00edcia de estar participando da Micareta de Feira, que \u00e9 o sonho tamb\u00e9m de v\u00e1rios artistas participarem, a gente j\u00e1 teve a honra e o prazer de se apresentar algumas vezes, mas nunca deixa de ser especial\u201d, <\/em>celebra o cantor.<\/p>\n\n\n\n<figure class=\"wp-block-image size-large\"><img fetchpriority=\"high\" decoding=\"async\" width=\"1024\" height=\"683\" src=\"https:\/\/portalmf.com.br\/wp-content\/uploads\/2025\/03\/image-3-1024x683.png\" alt=\"\" class=\"wp-image-34887\" srcset=\"https:\/\/portalmf.com.br\/wp-content\/uploads\/2025\/03\/image-3-1024x683.png 1024w, https:\/\/portalmf.com.br\/wp-content\/uploads\/2025\/03\/image-3-300x200.png 300w, https:\/\/portalmf.com.br\/wp-content\/uploads\/2025\/03\/image-3-768x512.png 768w, https:\/\/portalmf.com.br\/wp-content\/uploads\/2025\/03\/image-3-696x464.png 696w, https:\/\/portalmf.com.br\/wp-content\/uploads\/2025\/03\/image-3-1068x712.png 1068w, https:\/\/portalmf.com.br\/wp-content\/uploads\/2025\/03\/image-3.png 1299w\" sizes=\"(max-width: 1024px) 100vw, 1024px\" \/><figcaption class=\"wp-element-caption\"><strong>Foto: ACM<\/strong><\/figcaption><\/figure>\n\n\n\n<p>A Micareta de Feira \u00e9 famosa por reunir grandes nomes da m\u00fasica e atrair milhares de pessoas todos os anos. A confirma\u00e7\u00e3o de Aquino promete esquentar ainda mais a programa\u00e7\u00e3o do evento, que \u00e9 o maior carnaval fora de \u00e9poca do Brasil.<\/p>\n\n\n\n<figure class=\"wp-block-image size-large\"><img decoding=\"async\" width=\"1024\" height=\"683\" src=\"https:\/\/portalmf.com.br\/wp-content\/uploads\/2025\/03\/image-4-1024x683.png\" alt=\"\" class=\"wp-image-34888\" srcset=\"https:\/\/portalmf.com.br\/wp-content\/uploads\/2025\/03\/image-4-1024x683.png 1024w, https:\/\/portalmf.com.br\/wp-content\/uploads\/2025\/03\/image-4-300x200.png 300w, https:\/\/portalmf.com.br\/wp-content\/uploads\/2025\/03\/image-4-768x512.png 768w, https:\/\/portalmf.com.br\/wp-content\/uploads\/2025\/03\/image-4-696x464.png 696w, https:\/\/portalmf.com.br\/wp-content\/uploads\/2025\/03\/image-4-1068x712.png 1068w, https:\/\/portalmf.com.br\/wp-content\/uploads\/2025\/03\/image-4.png 1299w\" sizes=\"(max-width: 1024px) 100vw, 1024px\" \/><figcaption class=\"wp-element-caption\"><strong>Foto: ACM<\/strong><\/figcaption><\/figure>\n\n\n\n<p>Outras grandes atra\u00e7\u00f5es j\u00e1 foram confirmadas, como Bell Marques, que abre a festa na quinta-feira, al\u00e9m de Mari Fernandez, Durval Lelys, Luiz Caldas, Timbalada, L\u00e9o Santana, \u00c9 o tchan, Dionorina e Maryzelia. A folia segue com Xandy Harmonia, Psirico, Tayrone, Armandinho, Filhos de Jorge, Robyss\u00e3o, M\u00e1rcia Porto, Djalma ferreira, Paulo Bind\u00e1, Toque Dez, Tony Sales, Asas livres e Silfarley, Olodum, O Kanalha, Netto Brito, Escandurras, L\u00e1 F\u00faria e Oh Pol\u00eamico.<\/p>\n\n\n\n<p><em>\u201cA Micareta de Feira \u00e9 um evento que j\u00e1 faz parte da tradi\u00e7\u00e3o cultural da cidade, e cada edi\u00e7\u00e3o tem o objetivo de oferecer uma experi\u00eancia inesquec\u00edvel ao p\u00fablico, com uma programa\u00e7\u00e3o diversificada e com artistas que representam a nossa riqueza musical&#8221;,<\/em> afirma o secret\u00e1rio Municipal de Cultura, Esporte e Lazer, Cristiano L\u00f4bo.<\/p>\n\n\n\n<blockquote class=\"instagram-media\" data-instgrm-permalink=\"https:\/\/www.instagram.com\/reel\/DHZCQgJSWol\/?utm_source=ig_embed&amp;utm_campaign=loading\" data-instgrm-version=\"14\" style=\" background:#FFF; border:0; border-radius:3px; box-shadow:0 0 1px 0 rgba(0,0,0,0.5),0 1px 10px 0 rgba(0,0,0,0.15); margin: 1px; max-width:540px; min-width:326px; padding:0; width:99.375%; width:-webkit-calc(100% - 2px); width:calc(100% - 2px);\"><div style=\"padding:16px;\"> <a href=\"https:\/\/www.instagram.com\/reel\/DHZCQgJSWol\/?utm_source=ig_embed&amp;utm_campaign=loading\" style=\" background:#FFFFFF; line-height:0; padding:0 0; text-align:center; text-decoration:none; width:100%;\" target=\"_blank\" rel=\"noopener\"> <div style=\" display: flex; flex-direction: row; align-items: center;\"> <div style=\"background-color: #F4F4F4; border-radius: 50%; flex-grow: 0; height: 40px; margin-right: 14px; width: 40px;\"><\/div> <div style=\"display: flex; flex-direction: column; flex-grow: 1; justify-content: center;\"> <div style=\" background-color: #F4F4F4; border-radius: 4px; flex-grow: 0; height: 14px; margin-bottom: 6px; width: 100px;\"><\/div> <div style=\" background-color: #F4F4F4; border-radius: 4px; flex-grow: 0; height: 14px; width: 60px;\"><\/div><\/div><\/div><div style=\"padding: 19% 0;\"><\/div> <div style=\"display:block; height:50px; margin:0 auto 12px; width:50px;\"><svg width=\"50px\" height=\"50px\" viewBox=\"0 0 60 60\" version=\"1.1\" xmlns=\"https:\/\/www.w3.org\/2000\/svg\" xmlns:xlink=\"https:\/\/www.w3.org\/1999\/xlink\"><g stroke=\"none\" stroke-width=\"1\" fill=\"none\" fill-rule=\"evenodd\"><g transform=\"translate(-511.000000, -20.000000)\" fill=\"#000000\"><g><path d=\"M556.869,30.41 C554.814,30.41 553.148,32.076 553.148,34.131 C553.148,36.186 554.814,37.852 556.869,37.852 C558.924,37.852 560.59,36.186 560.59,34.131 C560.59,32.076 558.924,30.41 556.869,30.41 M541,60.657 C535.114,60.657 530.342,55.887 530.342,50 C530.342,44.114 535.114,39.342 541,39.342 C546.887,39.342 551.658,44.114 551.658,50 C551.658,55.887 546.887,60.657 541,60.657 M541,33.886 C532.1,33.886 524.886,41.1 524.886,50 C524.886,58.899 532.1,66.113 541,66.113 C549.9,66.113 557.115,58.899 557.115,50 C557.115,41.1 549.9,33.886 541,33.886 M565.378,62.101 C565.244,65.022 564.756,66.606 564.346,67.663 C563.803,69.06 563.154,70.057 562.106,71.106 C561.058,72.155 560.06,72.803 558.662,73.347 C557.607,73.757 556.021,74.244 553.102,74.378 C549.944,74.521 548.997,74.552 541,74.552 C533.003,74.552 532.056,74.521 528.898,74.378 C525.979,74.244 524.393,73.757 523.338,73.347 C521.94,72.803 520.942,72.155 519.894,71.106 C518.846,70.057 518.197,69.06 517.654,67.663 C517.244,66.606 516.755,65.022 516.623,62.101 C516.479,58.943 516.448,57.996 516.448,50 C516.448,42.003 516.479,41.056 516.623,37.899 C516.755,34.978 517.244,33.391 517.654,32.338 C518.197,30.938 518.846,29.942 519.894,28.894 C520.942,27.846 521.94,27.196 523.338,26.654 C524.393,26.244 525.979,25.756 528.898,25.623 C532.057,25.479 533.004,25.448 541,25.448 C548.997,25.448 549.943,25.479 553.102,25.623 C556.021,25.756 557.607,26.244 558.662,26.654 C560.06,27.196 561.058,27.846 562.106,28.894 C563.154,29.942 563.803,30.938 564.346,32.338 C564.756,33.391 565.244,34.978 565.378,37.899 C565.522,41.056 565.552,42.003 565.552,50 C565.552,57.996 565.522,58.943 565.378,62.101 M570.82,37.631 C570.674,34.438 570.167,32.258 569.425,30.349 C568.659,28.377 567.633,26.702 565.965,25.035 C564.297,23.368 562.623,22.342 560.652,21.575 C558.743,20.834 556.562,20.326 553.369,20.18 C550.169,20.033 549.148,20 541,20 C532.853,20 531.831,20.033 528.631,20.18 C525.438,20.326 523.257,20.834 521.349,21.575 C519.376,22.342 517.703,23.368 516.035,25.035 C514.368,26.702 513.342,28.377 512.574,30.349 C511.834,32.258 511.326,34.438 511.181,37.631 C511.035,40.831 511,41.851 511,50 C511,58.147 511.035,59.17 511.181,62.369 C511.326,65.562 511.834,67.743 512.574,69.651 C513.342,71.625 514.368,73.296 516.035,74.965 C517.703,76.634 519.376,77.658 521.349,78.425 C523.257,79.167 525.438,79.673 528.631,79.82 C531.831,79.965 532.853,80.001 541,80.001 C549.148,80.001 550.169,79.965 553.369,79.82 C556.562,79.673 558.743,79.167 560.652,78.425 C562.623,77.658 564.297,76.634 565.965,74.965 C567.633,73.296 568.659,71.625 569.425,69.651 C570.167,67.743 570.674,65.562 570.82,62.369 C570.966,59.17 571,58.147 571,50 C571,41.851 570.966,40.831 570.82,37.631\"><\/path><\/g><\/g><\/g><\/svg><\/div><div style=\"padding-top: 8px;\"> <div style=\" color:#3897f0; font-family:Arial,sans-serif; font-size:14px; font-style:normal; font-weight:550; line-height:18px;\">Ver essa foto no Instagram<\/div><\/div><div style=\"padding: 12.5% 0;\"><\/div> <div style=\"display: flex; flex-direction: row; margin-bottom: 14px; align-items: center;\"><div> <div style=\"background-color: #F4F4F4; border-radius: 50%; height: 12.5px; width: 12.5px; transform: translateX(0px) translateY(7px);\"><\/div> <div style=\"background-color: #F4F4F4; height: 12.5px; transform: rotate(-45deg) translateX(3px) translateY(1px); width: 12.5px; flex-grow: 0; margin-right: 14px; margin-left: 2px;\"><\/div> <div style=\"background-color: #F4F4F4; border-radius: 50%; height: 12.5px; width: 12.5px; transform: translateX(9px) translateY(-18px);\"><\/div><\/div><div style=\"margin-left: 8px;\"> <div style=\" background-color: #F4F4F4; border-radius: 50%; flex-grow: 0; height: 20px; width: 20px;\"><\/div> <div style=\" width: 0; height: 0; border-top: 2px solid transparent; border-left: 6px solid #f4f4f4; border-bottom: 2px solid transparent; transform: translateX(16px) translateY(-4px) rotate(30deg)\"><\/div><\/div><div style=\"margin-left: auto;\"> <div style=\" width: 0px; border-top: 8px solid #F4F4F4; border-right: 8px solid transparent; transform: translateY(16px);\"><\/div> <div style=\" background-color: #F4F4F4; flex-grow: 0; height: 12px; width: 16px; transform: translateY(-4px);\"><\/div> <div style=\" width: 0; height: 0; border-top: 8px solid #F4F4F4; border-left: 8px solid transparent; transform: translateY(-4px) translateX(8px);\"><\/div><\/div><\/div> <div style=\"display: flex; flex-direction: column; flex-grow: 1; justify-content: center; margin-bottom: 24px;\"> <div style=\" background-color: #F4F4F4; border-radius: 4px; flex-grow: 0; height: 14px; margin-bottom: 6px; width: 224px;\"><\/div> <div style=\" background-color: #F4F4F4; border-radius: 4px; flex-grow: 0; height: 14px; width: 144px;\"><\/div><\/div><\/a><p style=\" color:#c9c8cd; font-family:Arial,sans-serif; font-size:14px; line-height:17px; margin-bottom:0; margin-top:8px; overflow:hidden; padding:8px 0 7px; text-align:center; text-overflow:ellipsis; white-space:nowrap;\"><a href=\"https:\/\/www.instagram.com\/reel\/DHZCQgJSWol\/?utm_source=ig_embed&amp;utm_campaign=loading\" style=\" color:#c9c8cd; font-family:Arial,sans-serif; font-size:14px; font-style:normal; font-weight:normal; line-height:17px; text-decoration:none;\" target=\"_blank\" rel=\"noopener\">Uma publica\u00e7\u00e3o compartilhada por Jose\u0301 Ronaldo (@oficialjoseronaldo)<\/a><\/p><\/div><\/blockquote> <script async src=\"\/\/www.instagram.com\/embed.js\"><\/script>\n\n\n\n<p>Para este ano, o tema da festa \u00e9: Arte, Ax\u00e9 e Alegria. A tem\u00e1tica faz refer\u00eancia \u00e0 arte de Juraci D\u00f3rea, um dos maiores nomes da arte brasileira e um verdadeiro s\u00edmbolo cultural de Feira de Santana que ser\u00e1 o grande homenageado desta edi\u00e7\u00e3o, os 40 anos do ax\u00e9 e a marcante alegria que s\u00f3 a Micareta de Feira tem<\/p>\n","protected":false},"excerpt":{"rendered":"<p>O cantor Thiago Aquino \u00e9 atra\u00e7\u00e3o confirmada na Micareta de Feira de Santana 2025. Considerado um dos principais nomes do cen\u00e1rio musical atual, o artista feirense promete agitar a Princesa do Sert\u00e3o durante a festa que acontece entre os dias 1\u00ba e 4 de maio. O fen\u00f4meno do arrocha baiano foi recebido pelo prefeito Jos\u00e9 [&hellip;]<\/p>\n","protected":false},"author":3,"featured_media":20722,"comment_status":"open","ping_status":"open","sticky":false,"template":"","format":"standard","meta":{"_monsterinsights_skip_tracking":false,"_monsterinsights_sitenote_active":false,"_monsterinsights_sitenote_note":"","_monsterinsights_sitenote_category":0,"footnotes":""},"categories":[48,39],"tags":[],"yoast_head":"<!-- This site is optimized with the Yoast SEO plugin v22.9 - https:\/\/yoast.com\/wordpress\/plugins\/seo\/ -->\n<title>Thiago Aquino \u00e9 confirmado na Micareta de Feira 2025 - Portal MF<\/title>\n<meta name=\"robots\" content=\"index, follow, max-snippet:-1, max-image-preview:large, max-video-preview:-1\" \/>\n<link rel=\"canonical\" href=\"https:\/\/portalmf.com.br\/index.php\/2025\/03\/19\/thiago-aquino-e-confirmado-na-micareta-de-feira-2025\/\" \/>\n<meta property=\"og:locale\" content=\"pt_BR\" \/>\n<meta property=\"og:type\" content=\"article\" \/>\n<meta property=\"og:title\" content=\"Thiago Aquino \u00e9 confirmado na Micareta de Feira 2025 - Portal MF\" \/>\n<meta property=\"og:description\" content=\"O cantor Thiago Aquino \u00e9 atra\u00e7\u00e3o confirmada na Micareta de Feira de Santana 2025. Considerado um dos principais nomes do cen\u00e1rio musical atual, o artista feirense promete agitar a Princesa do Sert\u00e3o durante a festa que acontece entre os dias 1\u00ba e 4 de maio. O fen\u00f4meno do arrocha baiano foi recebido pelo prefeito Jos\u00e9 [&hellip;]\" \/>\n<meta property=\"og:url\" content=\"https:\/\/portalmf.com.br\/index.php\/2025\/03\/19\/thiago-aquino-e-confirmado-na-micareta-de-feira-2025\/\" \/>\n<meta property=\"og:site_name\" content=\"Portal MF\" \/>\n<meta property=\"article:author\" content=\"https:\/\/www.facebook.com\/portalmfoficial\" \/>\n<meta property=\"article:published_time\" content=\"2025-03-19T18:35:21+00:00\" \/>\n<meta property=\"article:modified_time\" content=\"2025-03-19T19:28:58+00:00\" \/>\n<meta property=\"og:image\" content=\"https:\/\/portalmf.com.br\/wp-content\/uploads\/2023\/12\/Thiago-Aquino.jpg\" \/>\n\t<meta property=\"og:image:width\" content=\"1240\" \/>\n\t<meta property=\"og:image:height\" content=\"992\" \/>\n\t<meta property=\"og:image:type\" content=\"image\/jpeg\" \/>\n<meta name=\"author\" content=\"Reda\u00e7\u00e3o Portal MF\" \/>\n<meta name=\"twitter:card\" content=\"summary_large_image\" \/>\n<meta name=\"twitter:creator\" content=\"@https:\/\/x.com\/portalmfoficial\" \/>\n<meta name=\"twitter:label1\" content=\"Escrito por\" \/>\n\t<meta name=\"twitter:data1\" content=\"Reda\u00e7\u00e3o Portal MF\" \/>\n\t<meta name=\"twitter:label2\" content=\"Est. tempo de leitura\" \/>\n\t<meta name=\"twitter:data2\" content=\"3 minutos\" \/>\n<script type=\"application\/ld+json\" class=\"yoast-schema-graph\">{\"@context\":\"https:\/\/schema.org\",\"@graph\":[{\"@type\":\"WebPage\",\"@id\":\"https:\/\/portalmf.com.br\/index.php\/2025\/03\/19\/thiago-aquino-e-confirmado-na-micareta-de-feira-2025\/\",\"url\":\"https:\/\/portalmf.com.br\/index.php\/2025\/03\/19\/thiago-aquino-e-confirmado-na-micareta-de-feira-2025\/\",\"name\":\"Thiago Aquino \u00e9 confirmado na Micareta de Feira 2025 - Portal MF\",\"isPartOf\":{\"@id\":\"https:\/\/portalmf.com.br\/#website\"},\"primaryImageOfPage\":{\"@id\":\"https:\/\/portalmf.com.br\/index.php\/2025\/03\/19\/thiago-aquino-e-confirmado-na-micareta-de-feira-2025\/#primaryimage\"},\"image\":{\"@id\":\"https:\/\/portalmf.com.br\/index.php\/2025\/03\/19\/thiago-aquino-e-confirmado-na-micareta-de-feira-2025\/#primaryimage\"},\"thumbnailUrl\":\"https:\/\/portalmf.com.br\/wp-content\/uploads\/2023\/12\/Thiago-Aquino.jpg\",\"datePublished\":\"2025-03-19T18:35:21+00:00\",\"dateModified\":\"2025-03-19T19:28:58+00:00\",\"author\":{\"@id\":\"https:\/\/portalmf.com.br\/#\/schema\/person\/9ec101baf56233e53520c26de5d6f6f0\"},\"breadcrumb\":{\"@id\":\"https:\/\/portalmf.com.br\/index.php\/2025\/03\/19\/thiago-aquino-e-confirmado-na-micareta-de-feira-2025\/#breadcrumb\"},\"inLanguage\":\"pt-BR\",\"potentialAction\":[{\"@type\":\"ReadAction\",\"target\":[\"https:\/\/portalmf.com.br\/index.php\/2025\/03\/19\/thiago-aquino-e-confirmado-na-micareta-de-feira-2025\/\"]}]},{\"@type\":\"ImageObject\",\"inLanguage\":\"pt-BR\",\"@id\":\"https:\/\/portalmf.com.br\/index.php\/2025\/03\/19\/thiago-aquino-e-confirmado-na-micareta-de-feira-2025\/#primaryimage\",\"url\":\"https:\/\/portalmf.com.br\/wp-content\/uploads\/2023\/12\/Thiago-Aquino.jpg\",\"contentUrl\":\"https:\/\/portalmf.com.br\/wp-content\/uploads\/2023\/12\/Thiago-Aquino.jpg\",\"width\":1240,\"height\":992},{\"@type\":\"BreadcrumbList\",\"@id\":\"https:\/\/portalmf.com.br\/index.php\/2025\/03\/19\/thiago-aquino-e-confirmado-na-micareta-de-feira-2025\/#breadcrumb\",\"itemListElement\":[{\"@type\":\"ListItem\",\"position\":1,\"name\":\"In\u00edcio\",\"item\":\"https:\/\/portalmf.com.br\/\"},{\"@type\":\"ListItem\",\"position\":2,\"name\":\"Thiago Aquino \u00e9 confirmado na Micareta de Feira 2025\"}]},{\"@type\":\"WebSite\",\"@id\":\"https:\/\/portalmf.com.br\/#website\",\"url\":\"https:\/\/portalmf.com.br\/\",\"name\":\"Portal MF\",\"description\":\"Voc\u00ea conectado com a informa\u00e7\u00e3o\",\"potentialAction\":[{\"@type\":\"SearchAction\",\"target\":{\"@type\":\"EntryPoint\",\"urlTemplate\":\"https:\/\/portalmf.com.br\/?s={search_term_string}\"},\"query-input\":\"required name=search_term_string\"}],\"inLanguage\":\"pt-BR\"},{\"@type\":\"Person\",\"@id\":\"https:\/\/portalmf.com.br\/#\/schema\/person\/9ec101baf56233e53520c26de5d6f6f0\",\"name\":\"Reda\u00e7\u00e3o Portal MF\",\"image\":{\"@type\":\"ImageObject\",\"inLanguage\":\"pt-BR\",\"@id\":\"https:\/\/portalmf.com.br\/#\/schema\/person\/image\/\",\"url\":\"https:\/\/secure.gravatar.com\/avatar\/41b9aaeb2100835f7c64362330f74c7f?s=96&d=mm&r=g\",\"contentUrl\":\"https:\/\/secure.gravatar.com\/avatar\/41b9aaeb2100835f7c64362330f74c7f?s=96&d=mm&r=g\",\"caption\":\"Reda\u00e7\u00e3o Portal MF\"},\"description\":\"Sejam bem-vindos o portal de informa\u00e7\u00f5es de entretenimento de Feira de Santana, desde 2006 realiza coberturas dos principais eventos com entrevistas exclusivas com as principais personalidades mundiais. Fique conectado tamb\u00e9m nas redes sociais.\",\"sameAs\":[\"http:\/\/www.portalmf.com.br\/\",\"https:\/\/www.facebook.com\/portalmfoficial\",\"https:\/\/www.instagram.com\/portalmf\/\",\"https:\/\/x.com\/https:\/\/x.com\/portalmfoficial\",\"https:\/\/www.youtube.com\/@portalmfoficial\"],\"url\":\"https:\/\/portalmf.com.br\/index.php\/author\/junior\/\"}]}<\/script>\n<!-- \/ Yoast SEO plugin. -->","yoast_head_json":{"title":"Thiago Aquino \u00e9 confirmado na Micareta de Feira 2025 - Portal MF","robots":{"index":"index","follow":"follow","max-snippet":"max-snippet:-1","max-image-preview":"max-image-preview:large","max-video-preview":"max-video-preview:-1"},"canonical":"https:\/\/portalmf.com.br\/index.php\/2025\/03\/19\/thiago-aquino-e-confirmado-na-micareta-de-feira-2025\/","og_locale":"pt_BR","og_type":"article","og_title":"Thiago Aquino \u00e9 confirmado na Micareta de Feira 2025 - Portal MF","og_description":"O cantor Thiago Aquino \u00e9 atra\u00e7\u00e3o confirmada na Micareta de Feira de Santana 2025. Considerado um dos principais nomes do cen\u00e1rio musical atual, o artista feirense promete agitar a Princesa do Sert\u00e3o durante a festa que acontece entre os dias 1\u00ba e 4 de maio. O fen\u00f4meno do arrocha baiano foi recebido pelo prefeito Jos\u00e9 [&hellip;]","og_url":"https:\/\/portalmf.com.br\/index.php\/2025\/03\/19\/thiago-aquino-e-confirmado-na-micareta-de-feira-2025\/","og_site_name":"Portal MF","article_author":"https:\/\/www.facebook.com\/portalmfoficial","article_published_time":"2025-03-19T18:35:21+00:00","article_modified_time":"2025-03-19T19:28:58+00:00","og_image":[{"width":1240,"height":992,"url":"https:\/\/portalmf.com.br\/wp-content\/uploads\/2023\/12\/Thiago-Aquino.jpg","type":"image\/jpeg"}],"author":"Reda\u00e7\u00e3o Portal MF","twitter_card":"summary_large_image","twitter_creator":"@https:\/\/x.com\/portalmfoficial","twitter_misc":{"Escrito por":"Reda\u00e7\u00e3o Portal MF","Est. tempo de leitura":"3 minutos"},"schema":{"@context":"https:\/\/schema.org","@graph":[{"@type":"WebPage","@id":"https:\/\/portalmf.com.br\/index.php\/2025\/03\/19\/thiago-aquino-e-confirmado-na-micareta-de-feira-2025\/","url":"https:\/\/portalmf.com.br\/index.php\/2025\/03\/19\/thiago-aquino-e-confirmado-na-micareta-de-feira-2025\/","name":"Thiago Aquino \u00e9 confirmado na Micareta de Feira 2025 - Portal MF","isPartOf":{"@id":"https:\/\/portalmf.com.br\/#website"},"primaryImageOfPage":{"@id":"https:\/\/portalmf.com.br\/index.php\/2025\/03\/19\/thiago-aquino-e-confirmado-na-micareta-de-feira-2025\/#primaryimage"},"image":{"@id":"https:\/\/portalmf.com.br\/index.php\/2025\/03\/19\/thiago-aquino-e-confirmado-na-micareta-de-feira-2025\/#primaryimage"},"thumbnailUrl":"https:\/\/portalmf.com.br\/wp-content\/uploads\/2023\/12\/Thiago-Aquino.jpg","datePublished":"2025-03-19T18:35:21+00:00","dateModified":"2025-03-19T19:28:58+00:00","author":{"@id":"https:\/\/portalmf.com.br\/#\/schema\/person\/9ec101baf56233e53520c26de5d6f6f0"},"breadcrumb":{"@id":"https:\/\/portalmf.com.br\/index.php\/2025\/03\/19\/thiago-aquino-e-confirmado-na-micareta-de-feira-2025\/#breadcrumb"},"inLanguage":"pt-BR","potentialAction":[{"@type":"ReadAction","target":["https:\/\/portalmf.com.br\/index.php\/2025\/03\/19\/thiago-aquino-e-confirmado-na-micareta-de-feira-2025\/"]}]},{"@type":"ImageObject","inLanguage":"pt-BR","@id":"https:\/\/portalmf.com.br\/index.php\/2025\/03\/19\/thiago-aquino-e-confirmado-na-micareta-de-feira-2025\/#primaryimage","url":"https:\/\/portalmf.com.br\/wp-content\/uploads\/2023\/12\/Thiago-Aquino.jpg","contentUrl":"https:\/\/portalmf.com.br\/wp-content\/uploads\/2023\/12\/Thiago-Aquino.jpg","width":1240,"height":992},{"@type":"BreadcrumbList","@id":"https:\/\/portalmf.com.br\/index.php\/2025\/03\/19\/thiago-aquino-e-confirmado-na-micareta-de-feira-2025\/#breadcrumb","itemListElement":[{"@type":"ListItem","position":1,"name":"In\u00edcio","item":"https:\/\/portalmf.com.br\/"},{"@type":"ListItem","position":2,"name":"Thiago Aquino \u00e9 confirmado na Micareta de Feira 2025"}]},{"@type":"WebSite","@id":"https:\/\/portalmf.com.br\/#website","url":"https:\/\/portalmf.com.br\/","name":"Portal MF","description":"Voc\u00ea conectado com a informa\u00e7\u00e3o","potentialAction":[{"@type":"SearchAction","target":{"@type":"EntryPoint","urlTemplate":"https:\/\/portalmf.com.br\/?s={search_term_string}"},"query-input":"required name=search_term_string"}],"inLanguage":"pt-BR"},{"@type":"Person","@id":"https:\/\/portalmf.com.br\/#\/schema\/person\/9ec101baf56233e53520c26de5d6f6f0","name":"Reda\u00e7\u00e3o Portal MF","image":{"@type":"ImageObject","inLanguage":"pt-BR","@id":"https:\/\/portalmf.com.br\/#\/schema\/person\/image\/","url":"https:\/\/secure.gravatar.com\/avatar\/41b9aaeb2100835f7c64362330f74c7f?s=96&d=mm&r=g","contentUrl":"https:\/\/secure.gravatar.com\/avatar\/41b9aaeb2100835f7c64362330f74c7f?s=96&d=mm&r=g","caption":"Reda\u00e7\u00e3o Portal MF"},"description":"Sejam bem-vindos o portal de informa\u00e7\u00f5es de entretenimento de Feira de Santana, desde 2006 realiza coberturas dos principais eventos com entrevistas exclusivas com as principais personalidades mundiais. Fique conectado tamb\u00e9m nas redes sociais.","sameAs":["http:\/\/www.portalmf.com.br\/","https:\/\/www.facebook.com\/portalmfoficial","https:\/\/www.instagram.com\/portalmf\/","https:\/\/x.com\/https:\/\/x.com\/portalmfoficial","https:\/\/www.youtube.com\/@portalmfoficial"],"url":"https:\/\/portalmf.com.br\/index.php\/author\/junior\/"}]}},"_links":{"self":[{"href":"https:\/\/portalmf.com.br\/index.php\/wp-json\/wp\/v2\/posts\/34886"}],"collection":[{"href":"https:\/\/portalmf.com.br\/index.php\/wp-json\/wp\/v2\/posts"}],"about":[{"href":"https:\/\/portalmf.com.br\/index.php\/wp-json\/wp\/v2\/types\/post"}],"author":[{"embeddable":true,"href":"https:\/\/portalmf.com.br\/index.php\/wp-json\/wp\/v2\/users\/3"}],"replies":[{"embeddable":true,"href":"https:\/\/portalmf.com.br\/index.php\/wp-json\/wp\/v2\/comments?post=34886"}],"version-history":[{"count":3,"href":"https:\/\/portalmf.com.br\/index.php\/wp-json\/wp\/v2\/posts\/34886\/revisions"}],"predecessor-version":[{"id":34892,"href":"https:\/\/portalmf.com.br\/index.php\/wp-json\/wp\/v2\/posts\/34886\/revisions\/34892"}],"wp:featuredmedia":[{"embeddable":true,"href":"https:\/\/portalmf.com.br\/index.php\/wp-json\/wp\/v2\/media\/20722"}],"wp:attachment":[{"href":"https:\/\/portalmf.com.br\/index.php\/wp-json\/wp\/v2\/media?parent=34886"}],"wp:term":[{"taxonomy":"category","embeddable":true,"href":"https:\/\/portalmf.com.br\/index.php\/wp-json\/wp\/v2\/categories?post=34886"},{"taxonomy":"post_tag","embeddable":true,"href":"https:\/\/portalmf.com.br\/index.php\/wp-json\/wp\/v2\/tags?post=34886"}],"curies":[{"name":"wp","href":"https:\/\/api.w.org\/{rel}","templated":true}]}}