{"id":34850,"date":"2025-03-18T18:29:49","date_gmt":"2025-03-18T21:29:49","guid":{"rendered":"https:\/\/portalmf.com.br\/?p=34850"},"modified":"2025-03-18T18:29:49","modified_gmt":"2025-03-18T21:29:49","slug":"bloco-cheiro-abre-vendas-para-carnaval-2026","status":"publish","type":"post","link":"https:\/\/portalmf.com.br\/index.php\/2025\/03\/18\/bloco-cheiro-abre-vendas-para-carnaval-2026\/","title":{"rendered":"Bloco Cheiro abre vendas para Carnaval 2026"},"content":{"rendered":"\n<p>O Carnaval marcou um momento muito especial para a banda Cheiro de Amor. Este foi o primeiro ano de Raquel Tombesi \u00e0 frente do grupo, e a receptividade do p\u00fablico foi excepcional. A grande festa tamb\u00e9m marcou o retorno do bloco Cheiro \u00e0s ruas. <\/p>\n\n\n\n<p>E agora, o grupo acaba de confirmar que em 2026 tem mais! As vendas para o Bloco Cheiro no pr\u00f3ximo Carnaval j\u00e1 est\u00e3o abertas. O bloco ir\u00e1 desfilar no circuito Barra Ondina na sexta-feira, dia 13 de fevereiro de 2026. <\/p>\n\n\n\n<p><em>\u201cA emo\u00e7\u00e3o de viver essa experi\u00eancia foi indescrit\u00edvel. A energia da avenida, das ruas, do p\u00fablico\u2026 tudo foi m\u00e1gico! S\u00f3 tenho gratid\u00e3o por esse primeiro Carnaval com o Cheiro e por todo o amor que recebemos. Agora j\u00e1 \u00e9 hora de preparar tudo para uma festa ainda mais linda no pr\u00f3ximo ano e quero todo mundo comigo no Bloco Cheiro\u201d, <\/em>diz Raquel Tombesi. <\/p>\n\n\n\n<p>Para comprar os abad\u00e1s, basta acessar\u00a0<a href=\"https:\/\/vendas.centraldocarnaval.com.br\/Produtos\/PacotesCom?cod_bloco=2201&amp;pac=N\" target=\"_blank\" rel=\"noreferrer noopener\">https:\/\/vendas.centraldocarnaval.com.br\/Produtos\/PacotesCom?cod_bloco=2201&amp;pac=N<\/a>.<\/p>\n","protected":false},"excerpt":{"rendered":"<p>O Carnaval marcou um momento muito especial para a banda Cheiro de Amor. Este foi o primeiro ano de Raquel Tombesi \u00e0 frente do grupo, e a receptividade do p\u00fablico foi excepcional. A grande festa tamb\u00e9m marcou o retorno do bloco Cheiro \u00e0s ruas. E agora, o grupo acaba de confirmar que em 2026 tem [&hellip;]<\/p>\n","protected":false},"author":3,"featured_media":34851,"comment_status":"open","ping_status":"open","sticky":false,"template":"","format":"standard","meta":{"_monsterinsights_skip_tracking":false,"_monsterinsights_sitenote_active":false,"_monsterinsights_sitenote_note":"","_monsterinsights_sitenote_category":0,"footnotes":""},"categories":[44,48],"tags":[],"yoast_head":"<!-- This site is optimized with the Yoast SEO plugin v22.9 - https:\/\/yoast.com\/wordpress\/plugins\/seo\/ -->\n<title>Bloco Cheiro abre vendas para Carnaval 2026 - Portal MF<\/title>\n<meta name=\"robots\" content=\"index, follow, max-snippet:-1, max-image-preview:large, max-video-preview:-1\" \/>\n<link rel=\"canonical\" href=\"https:\/\/portalmf.com.br\/index.php\/2025\/03\/18\/bloco-cheiro-abre-vendas-para-carnaval-2026\/\" \/>\n<meta property=\"og:locale\" content=\"pt_BR\" \/>\n<meta property=\"og:type\" content=\"article\" \/>\n<meta property=\"og:title\" content=\"Bloco Cheiro abre vendas para Carnaval 2026 - Portal MF\" \/>\n<meta property=\"og:description\" content=\"O Carnaval marcou um momento muito especial para a banda Cheiro de Amor. Este foi o primeiro ano de Raquel Tombesi \u00e0 frente do grupo, e a receptividade do p\u00fablico foi excepcional. A grande festa tamb\u00e9m marcou o retorno do bloco Cheiro \u00e0s ruas. E agora, o grupo acaba de confirmar que em 2026 tem [&hellip;]\" \/>\n<meta property=\"og:url\" content=\"https:\/\/portalmf.com.br\/index.php\/2025\/03\/18\/bloco-cheiro-abre-vendas-para-carnaval-2026\/\" \/>\n<meta property=\"og:site_name\" content=\"Portal MF\" \/>\n<meta property=\"article:author\" content=\"https:\/\/www.facebook.com\/portalmfoficial\" \/>\n<meta property=\"article:published_time\" content=\"2025-03-18T21:29:49+00:00\" \/>\n<meta property=\"og:image\" content=\"https:\/\/portalmf.com.br\/wp-content\/uploads\/2025\/03\/Raquel-Tombesi_carnaval-2.jpeg\" \/>\n\t<meta property=\"og:image:width\" content=\"1560\" \/>\n\t<meta property=\"og:image:height\" content=\"1040\" \/>\n\t<meta property=\"og:image:type\" content=\"image\/jpeg\" \/>\n<meta name=\"author\" content=\"Reda\u00e7\u00e3o Portal MF\" \/>\n<meta name=\"twitter:card\" content=\"summary_large_image\" \/>\n<meta name=\"twitter:creator\" content=\"@https:\/\/x.com\/portalmfoficial\" \/>\n<meta name=\"twitter:label1\" content=\"Escrito por\" \/>\n\t<meta name=\"twitter:data1\" content=\"Reda\u00e7\u00e3o Portal MF\" \/>\n\t<meta name=\"twitter:label2\" content=\"Est. tempo de leitura\" \/>\n\t<meta name=\"twitter:data2\" content=\"2 minutos\" \/>\n<script type=\"application\/ld+json\" class=\"yoast-schema-graph\">{\"@context\":\"https:\/\/schema.org\",\"@graph\":[{\"@type\":\"WebPage\",\"@id\":\"https:\/\/portalmf.com.br\/index.php\/2025\/03\/18\/bloco-cheiro-abre-vendas-para-carnaval-2026\/\",\"url\":\"https:\/\/portalmf.com.br\/index.php\/2025\/03\/18\/bloco-cheiro-abre-vendas-para-carnaval-2026\/\",\"name\":\"Bloco Cheiro abre vendas para Carnaval 2026 - Portal MF\",\"isPartOf\":{\"@id\":\"https:\/\/portalmf.com.br\/#website\"},\"primaryImageOfPage\":{\"@id\":\"https:\/\/portalmf.com.br\/index.php\/2025\/03\/18\/bloco-cheiro-abre-vendas-para-carnaval-2026\/#primaryimage\"},\"image\":{\"@id\":\"https:\/\/portalmf.com.br\/index.php\/2025\/03\/18\/bloco-cheiro-abre-vendas-para-carnaval-2026\/#primaryimage\"},\"thumbnailUrl\":\"https:\/\/portalmf.com.br\/wp-content\/uploads\/2025\/03\/Raquel-Tombesi_carnaval-2.jpeg\",\"datePublished\":\"2025-03-18T21:29:49+00:00\",\"dateModified\":\"2025-03-18T21:29:49+00:00\",\"author\":{\"@id\":\"https:\/\/portalmf.com.br\/#\/schema\/person\/9ec101baf56233e53520c26de5d6f6f0\"},\"breadcrumb\":{\"@id\":\"https:\/\/portalmf.com.br\/index.php\/2025\/03\/18\/bloco-cheiro-abre-vendas-para-carnaval-2026\/#breadcrumb\"},\"inLanguage\":\"pt-BR\",\"potentialAction\":[{\"@type\":\"ReadAction\",\"target\":[\"https:\/\/portalmf.com.br\/index.php\/2025\/03\/18\/bloco-cheiro-abre-vendas-para-carnaval-2026\/\"]}]},{\"@type\":\"ImageObject\",\"inLanguage\":\"pt-BR\",\"@id\":\"https:\/\/portalmf.com.br\/index.php\/2025\/03\/18\/bloco-cheiro-abre-vendas-para-carnaval-2026\/#primaryimage\",\"url\":\"https:\/\/portalmf.com.br\/wp-content\/uploads\/2025\/03\/Raquel-Tombesi_carnaval-2.jpeg\",\"contentUrl\":\"https:\/\/portalmf.com.br\/wp-content\/uploads\/2025\/03\/Raquel-Tombesi_carnaval-2.jpeg\",\"width\":1560,\"height\":1040},{\"@type\":\"BreadcrumbList\",\"@id\":\"https:\/\/portalmf.com.br\/index.php\/2025\/03\/18\/bloco-cheiro-abre-vendas-para-carnaval-2026\/#breadcrumb\",\"itemListElement\":[{\"@type\":\"ListItem\",\"position\":1,\"name\":\"In\u00edcio\",\"item\":\"https:\/\/portalmf.com.br\/\"},{\"@type\":\"ListItem\",\"position\":2,\"name\":\"Bloco Cheiro abre vendas para Carnaval 2026\"}]},{\"@type\":\"WebSite\",\"@id\":\"https:\/\/portalmf.com.br\/#website\",\"url\":\"https:\/\/portalmf.com.br\/\",\"name\":\"Portal MF\",\"description\":\"Voc\u00ea conectado com a informa\u00e7\u00e3o\",\"potentialAction\":[{\"@type\":\"SearchAction\",\"target\":{\"@type\":\"EntryPoint\",\"urlTemplate\":\"https:\/\/portalmf.com.br\/?s={search_term_string}\"},\"query-input\":\"required name=search_term_string\"}],\"inLanguage\":\"pt-BR\"},{\"@type\":\"Person\",\"@id\":\"https:\/\/portalmf.com.br\/#\/schema\/person\/9ec101baf56233e53520c26de5d6f6f0\",\"name\":\"Reda\u00e7\u00e3o Portal MF\",\"image\":{\"@type\":\"ImageObject\",\"inLanguage\":\"pt-BR\",\"@id\":\"https:\/\/portalmf.com.br\/#\/schema\/person\/image\/\",\"url\":\"https:\/\/secure.gravatar.com\/avatar\/41b9aaeb2100835f7c64362330f74c7f?s=96&d=mm&r=g\",\"contentUrl\":\"https:\/\/secure.gravatar.com\/avatar\/41b9aaeb2100835f7c64362330f74c7f?s=96&d=mm&r=g\",\"caption\":\"Reda\u00e7\u00e3o Portal MF\"},\"description\":\"Sejam bem-vindos o portal de informa\u00e7\u00f5es de entretenimento de Feira de Santana, desde 2006 realiza coberturas dos principais eventos com entrevistas exclusivas com as principais personalidades mundiais. Fique conectado tamb\u00e9m nas redes sociais.\",\"sameAs\":[\"http:\/\/www.portalmf.com.br\/\",\"https:\/\/www.facebook.com\/portalmfoficial\",\"https:\/\/www.instagram.com\/portalmf\/\",\"https:\/\/x.com\/https:\/\/x.com\/portalmfoficial\",\"https:\/\/www.youtube.com\/@portalmfoficial\"],\"url\":\"https:\/\/portalmf.com.br\/index.php\/author\/junior\/\"}]}<\/script>\n<!-- \/ Yoast SEO plugin. -->","yoast_head_json":{"title":"Bloco Cheiro abre vendas para Carnaval 2026 - Portal MF","robots":{"index":"index","follow":"follow","max-snippet":"max-snippet:-1","max-image-preview":"max-image-preview:large","max-video-preview":"max-video-preview:-1"},"canonical":"https:\/\/portalmf.com.br\/index.php\/2025\/03\/18\/bloco-cheiro-abre-vendas-para-carnaval-2026\/","og_locale":"pt_BR","og_type":"article","og_title":"Bloco Cheiro abre vendas para Carnaval 2026 - Portal MF","og_description":"O Carnaval marcou um momento muito especial para a banda Cheiro de Amor. Este foi o primeiro ano de Raquel Tombesi \u00e0 frente do grupo, e a receptividade do p\u00fablico foi excepcional. A grande festa tamb\u00e9m marcou o retorno do bloco Cheiro \u00e0s ruas. E agora, o grupo acaba de confirmar que em 2026 tem [&hellip;]","og_url":"https:\/\/portalmf.com.br\/index.php\/2025\/03\/18\/bloco-cheiro-abre-vendas-para-carnaval-2026\/","og_site_name":"Portal MF","article_author":"https:\/\/www.facebook.com\/portalmfoficial","article_published_time":"2025-03-18T21:29:49+00:00","og_image":[{"width":1560,"height":1040,"url":"https:\/\/portalmf.com.br\/wp-content\/uploads\/2025\/03\/Raquel-Tombesi_carnaval-2.jpeg","type":"image\/jpeg"}],"author":"Reda\u00e7\u00e3o Portal MF","twitter_card":"summary_large_image","twitter_creator":"@https:\/\/x.com\/portalmfoficial","twitter_misc":{"Escrito por":"Reda\u00e7\u00e3o Portal MF","Est. tempo de leitura":"2 minutos"},"schema":{"@context":"https:\/\/schema.org","@graph":[{"@type":"WebPage","@id":"https:\/\/portalmf.com.br\/index.php\/2025\/03\/18\/bloco-cheiro-abre-vendas-para-carnaval-2026\/","url":"https:\/\/portalmf.com.br\/index.php\/2025\/03\/18\/bloco-cheiro-abre-vendas-para-carnaval-2026\/","name":"Bloco Cheiro abre vendas para Carnaval 2026 - Portal MF","isPartOf":{"@id":"https:\/\/portalmf.com.br\/#website"},"primaryImageOfPage":{"@id":"https:\/\/portalmf.com.br\/index.php\/2025\/03\/18\/bloco-cheiro-abre-vendas-para-carnaval-2026\/#primaryimage"},"image":{"@id":"https:\/\/portalmf.com.br\/index.php\/2025\/03\/18\/bloco-cheiro-abre-vendas-para-carnaval-2026\/#primaryimage"},"thumbnailUrl":"https:\/\/portalmf.com.br\/wp-content\/uploads\/2025\/03\/Raquel-Tombesi_carnaval-2.jpeg","datePublished":"2025-03-18T21:29:49+00:00","dateModified":"2025-03-18T21:29:49+00:00","author":{"@id":"https:\/\/portalmf.com.br\/#\/schema\/person\/9ec101baf56233e53520c26de5d6f6f0"},"breadcrumb":{"@id":"https:\/\/portalmf.com.br\/index.php\/2025\/03\/18\/bloco-cheiro-abre-vendas-para-carnaval-2026\/#breadcrumb"},"inLanguage":"pt-BR","potentialAction":[{"@type":"ReadAction","target":["https:\/\/portalmf.com.br\/index.php\/2025\/03\/18\/bloco-cheiro-abre-vendas-para-carnaval-2026\/"]}]},{"@type":"ImageObject","inLanguage":"pt-BR","@id":"https:\/\/portalmf.com.br\/index.php\/2025\/03\/18\/bloco-cheiro-abre-vendas-para-carnaval-2026\/#primaryimage","url":"https:\/\/portalmf.com.br\/wp-content\/uploads\/2025\/03\/Raquel-Tombesi_carnaval-2.jpeg","contentUrl":"https:\/\/portalmf.com.br\/wp-content\/uploads\/2025\/03\/Raquel-Tombesi_carnaval-2.jpeg","width":1560,"height":1040},{"@type":"BreadcrumbList","@id":"https:\/\/portalmf.com.br\/index.php\/2025\/03\/18\/bloco-cheiro-abre-vendas-para-carnaval-2026\/#breadcrumb","itemListElement":[{"@type":"ListItem","position":1,"name":"In\u00edcio","item":"https:\/\/portalmf.com.br\/"},{"@type":"ListItem","position":2,"name":"Bloco Cheiro abre vendas para Carnaval 2026"}]},{"@type":"WebSite","@id":"https:\/\/portalmf.com.br\/#website","url":"https:\/\/portalmf.com.br\/","name":"Portal MF","description":"Voc\u00ea conectado com a informa\u00e7\u00e3o","potentialAction":[{"@type":"SearchAction","target":{"@type":"EntryPoint","urlTemplate":"https:\/\/portalmf.com.br\/?s={search_term_string}"},"query-input":"required name=search_term_string"}],"inLanguage":"pt-BR"},{"@type":"Person","@id":"https:\/\/portalmf.com.br\/#\/schema\/person\/9ec101baf56233e53520c26de5d6f6f0","name":"Reda\u00e7\u00e3o Portal MF","image":{"@type":"ImageObject","inLanguage":"pt-BR","@id":"https:\/\/portalmf.com.br\/#\/schema\/person\/image\/","url":"https:\/\/secure.gravatar.com\/avatar\/41b9aaeb2100835f7c64362330f74c7f?s=96&d=mm&r=g","contentUrl":"https:\/\/secure.gravatar.com\/avatar\/41b9aaeb2100835f7c64362330f74c7f?s=96&d=mm&r=g","caption":"Reda\u00e7\u00e3o Portal MF"},"description":"Sejam bem-vindos o portal de informa\u00e7\u00f5es de entretenimento de Feira de Santana, desde 2006 realiza coberturas dos principais eventos com entrevistas exclusivas com as principais personalidades mundiais. Fique conectado tamb\u00e9m nas redes sociais.","sameAs":["http:\/\/www.portalmf.com.br\/","https:\/\/www.facebook.com\/portalmfoficial","https:\/\/www.instagram.com\/portalmf\/","https:\/\/x.com\/https:\/\/x.com\/portalmfoficial","https:\/\/www.youtube.com\/@portalmfoficial"],"url":"https:\/\/portalmf.com.br\/index.php\/author\/junior\/"}]}},"_links":{"self":[{"href":"https:\/\/portalmf.com.br\/index.php\/wp-json\/wp\/v2\/posts\/34850"}],"collection":[{"href":"https:\/\/portalmf.com.br\/index.php\/wp-json\/wp\/v2\/posts"}],"about":[{"href":"https:\/\/portalmf.com.br\/index.php\/wp-json\/wp\/v2\/types\/post"}],"author":[{"embeddable":true,"href":"https:\/\/portalmf.com.br\/index.php\/wp-json\/wp\/v2\/users\/3"}],"replies":[{"embeddable":true,"href":"https:\/\/portalmf.com.br\/index.php\/wp-json\/wp\/v2\/comments?post=34850"}],"version-history":[{"count":1,"href":"https:\/\/portalmf.com.br\/index.php\/wp-json\/wp\/v2\/posts\/34850\/revisions"}],"predecessor-version":[{"id":34852,"href":"https:\/\/portalmf.com.br\/index.php\/wp-json\/wp\/v2\/posts\/34850\/revisions\/34852"}],"wp:featuredmedia":[{"embeddable":true,"href":"https:\/\/portalmf.com.br\/index.php\/wp-json\/wp\/v2\/media\/34851"}],"wp:attachment":[{"href":"https:\/\/portalmf.com.br\/index.php\/wp-json\/wp\/v2\/media?parent=34850"}],"wp:term":[{"taxonomy":"category","embeddable":true,"href":"https:\/\/portalmf.com.br\/index.php\/wp-json\/wp\/v2\/categories?post=34850"},{"taxonomy":"post_tag","embeddable":true,"href":"https:\/\/portalmf.com.br\/index.php\/wp-json\/wp\/v2\/tags?post=34850"}],"curies":[{"name":"wp","href":"https:\/\/api.w.org\/{rel}","templated":true}]}}