{"id":34836,"date":"2025-03-17T17:17:58","date_gmt":"2025-03-17T20:17:58","guid":{"rendered":"https:\/\/portalmf.com.br\/?p=34836"},"modified":"2025-03-17T17:17:59","modified_gmt":"2025-03-17T20:17:59","slug":"papazoni-comemora-sucesso-de-ventilador-e-ja-se-prepara-para-2026","status":"publish","type":"post","link":"https:\/\/portalmf.com.br\/index.php\/2025\/03\/17\/papazoni-comemora-sucesso-de-ventilador-e-ja-se-prepara-para-2026\/","title":{"rendered":"Papazoni comemora sucesso de \u201cVentilador\u201d e j\u00e1 se prepara para 2026"},"content":{"rendered":"\n<p>A banda Papazoni teve um ver\u00e3o inesquec\u00edvel em 2025, com o hit \u201cVentilador\u201d, parceria com a banda \u00c9 o Tchan. A m\u00fasica se tornou um verdadeiro fen\u00f4meno, acumulando mais de 4 milh\u00f5es de streams no Spotify, garantindo \u00e0 banda, mais de 1 milh\u00e3o de ouvintes mensais na plataforma. No YouTube, o sucesso tamb\u00e9m foi estrondoso: \u201cVentilador\u201d j\u00e1 ultrapassou 1 milh\u00e3o de views, e o canal oficial da banda soma mais de 17 milh\u00f5es de visualiza\u00e7\u00f5es. O crescimento do streaming se verificou tamb\u00e9m nos indicativos de Carnaval. A m\u00fasica esteve presente em todas as sele\u00e7\u00f5es de \u201cmelhores do Carnaval\u201d e fechou a festa entre as finalistas no Trof\u00e9u Bahia Folia. <\/p>\n\n\n\n<h2 class=\"wp-block-heading\"><strong>Noticia Relacionada<\/strong><\/h2>\n\n\n\n<p><a href=\"https:\/\/portalmf.com.br\/index.php\/2025\/02\/28\/felipe-gama-vocalista-da-papazoni-compartilha-suas-expectativas-para-o-carnaval-com-hit-disputando-a-melhor-musica-da-festa\/\"><strong>Felipe Gama, vocalista da Papazoni, compartilha suas expectativas para o Carnaval com hit disputando a melhor \u201cM\u00fasica\u201d da festa<\/strong><\/a><\/p>\n\n\n\n<p><em>\u201cS\u00f3 agradecer ao p\u00fablico, que abra\u00e7ou a can\u00e7\u00e3o, a todos que participaram desse trabalho, aos meus mestres do \u00c9 o Tchan, que tamb\u00e9m fortaleceram o hit. Agora, \u00e9 seguir nosso planejamento de carreira e j\u00e1 come\u00e7ar a pensar no pr\u00f3ximo ver\u00e3o tamb\u00e9m\u201d,<\/em> conta Felipe Gama, vocalista do Papazoni. <\/p>\n\n\n\n<p><em>\u201cVem muita m\u00fasica boa por a\u00ed, estamos preparando um repert\u00f3rio maravilhoso, novos lan\u00e7amentos e o p\u00fablico n\u00e3o perde por esperar!\u201d,<\/em> completa.<\/p>\n","protected":false},"excerpt":{"rendered":"<p>A banda Papazoni teve um ver\u00e3o inesquec\u00edvel em 2025, com o hit \u201cVentilador\u201d, parceria com a banda \u00c9 o Tchan. A m\u00fasica se tornou um verdadeiro fen\u00f4meno, acumulando mais de 4 milh\u00f5es de streams no Spotify, garantindo \u00e0 banda, mais de 1 milh\u00e3o de ouvintes mensais na plataforma. No YouTube, o sucesso tamb\u00e9m foi estrondoso: [&hellip;]<\/p>\n","protected":false},"author":3,"featured_media":34837,"comment_status":"open","ping_status":"open","sticky":false,"template":"","format":"standard","meta":{"_monsterinsights_skip_tracking":false,"_monsterinsights_sitenote_active":false,"_monsterinsights_sitenote_note":"","_monsterinsights_sitenote_category":0,"footnotes":""},"categories":[44,47,36],"tags":[],"yoast_head":"<!-- This site is optimized with the Yoast SEO plugin v22.9 - https:\/\/yoast.com\/wordpress\/plugins\/seo\/ -->\n<title>Papazoni comemora sucesso de \u201cVentilador\u201d e j\u00e1 se prepara para 2026 - Portal MF<\/title>\n<meta name=\"robots\" content=\"index, follow, max-snippet:-1, max-image-preview:large, max-video-preview:-1\" \/>\n<link rel=\"canonical\" href=\"https:\/\/portalmf.com.br\/index.php\/2025\/03\/17\/papazoni-comemora-sucesso-de-ventilador-e-ja-se-prepara-para-2026\/\" \/>\n<meta property=\"og:locale\" content=\"pt_BR\" \/>\n<meta property=\"og:type\" content=\"article\" \/>\n<meta property=\"og:title\" content=\"Papazoni comemora sucesso de \u201cVentilador\u201d e j\u00e1 se prepara para 2026 - Portal MF\" \/>\n<meta property=\"og:description\" content=\"A banda Papazoni teve um ver\u00e3o inesquec\u00edvel em 2025, com o hit \u201cVentilador\u201d, parceria com a banda \u00c9 o Tchan. A m\u00fasica se tornou um verdadeiro fen\u00f4meno, acumulando mais de 4 milh\u00f5es de streams no Spotify, garantindo \u00e0 banda, mais de 1 milh\u00e3o de ouvintes mensais na plataforma. No YouTube, o sucesso tamb\u00e9m foi estrondoso: [&hellip;]\" \/>\n<meta property=\"og:url\" content=\"https:\/\/portalmf.com.br\/index.php\/2025\/03\/17\/papazoni-comemora-sucesso-de-ventilador-e-ja-se-prepara-para-2026\/\" \/>\n<meta property=\"og:site_name\" content=\"Portal MF\" \/>\n<meta property=\"article:author\" content=\"https:\/\/www.facebook.com\/portalmfoficial\" \/>\n<meta property=\"article:published_time\" content=\"2025-03-17T20:17:58+00:00\" \/>\n<meta property=\"article:modified_time\" content=\"2025-03-17T20:17:59+00:00\" \/>\n<meta property=\"og:image\" content=\"https:\/\/portalmf.com.br\/wp-content\/uploads\/2025\/03\/Felipe-Gama-trio_H.jpg\" \/>\n\t<meta property=\"og:image:width\" content=\"1374\" \/>\n\t<meta property=\"og:image:height\" content=\"844\" \/>\n\t<meta property=\"og:image:type\" content=\"image\/jpeg\" \/>\n<meta name=\"author\" content=\"Reda\u00e7\u00e3o Portal MF\" \/>\n<meta name=\"twitter:card\" content=\"summary_large_image\" \/>\n<meta name=\"twitter:creator\" content=\"@https:\/\/x.com\/portalmfoficial\" \/>\n<meta name=\"twitter:label1\" content=\"Escrito por\" \/>\n\t<meta name=\"twitter:data1\" content=\"Reda\u00e7\u00e3o Portal MF\" \/>\n\t<meta name=\"twitter:label2\" content=\"Est. tempo de leitura\" \/>\n\t<meta name=\"twitter:data2\" content=\"2 minutos\" \/>\n<script type=\"application\/ld+json\" class=\"yoast-schema-graph\">{\"@context\":\"https:\/\/schema.org\",\"@graph\":[{\"@type\":\"WebPage\",\"@id\":\"https:\/\/portalmf.com.br\/index.php\/2025\/03\/17\/papazoni-comemora-sucesso-de-ventilador-e-ja-se-prepara-para-2026\/\",\"url\":\"https:\/\/portalmf.com.br\/index.php\/2025\/03\/17\/papazoni-comemora-sucesso-de-ventilador-e-ja-se-prepara-para-2026\/\",\"name\":\"Papazoni comemora sucesso de \u201cVentilador\u201d e j\u00e1 se prepara para 2026 - Portal MF\",\"isPartOf\":{\"@id\":\"https:\/\/portalmf.com.br\/#website\"},\"primaryImageOfPage\":{\"@id\":\"https:\/\/portalmf.com.br\/index.php\/2025\/03\/17\/papazoni-comemora-sucesso-de-ventilador-e-ja-se-prepara-para-2026\/#primaryimage\"},\"image\":{\"@id\":\"https:\/\/portalmf.com.br\/index.php\/2025\/03\/17\/papazoni-comemora-sucesso-de-ventilador-e-ja-se-prepara-para-2026\/#primaryimage\"},\"thumbnailUrl\":\"https:\/\/portalmf.com.br\/wp-content\/uploads\/2025\/03\/Felipe-Gama-trio_H.jpg\",\"datePublished\":\"2025-03-17T20:17:58+00:00\",\"dateModified\":\"2025-03-17T20:17:59+00:00\",\"author\":{\"@id\":\"https:\/\/portalmf.com.br\/#\/schema\/person\/9ec101baf56233e53520c26de5d6f6f0\"},\"breadcrumb\":{\"@id\":\"https:\/\/portalmf.com.br\/index.php\/2025\/03\/17\/papazoni-comemora-sucesso-de-ventilador-e-ja-se-prepara-para-2026\/#breadcrumb\"},\"inLanguage\":\"pt-BR\",\"potentialAction\":[{\"@type\":\"ReadAction\",\"target\":[\"https:\/\/portalmf.com.br\/index.php\/2025\/03\/17\/papazoni-comemora-sucesso-de-ventilador-e-ja-se-prepara-para-2026\/\"]}]},{\"@type\":\"ImageObject\",\"inLanguage\":\"pt-BR\",\"@id\":\"https:\/\/portalmf.com.br\/index.php\/2025\/03\/17\/papazoni-comemora-sucesso-de-ventilador-e-ja-se-prepara-para-2026\/#primaryimage\",\"url\":\"https:\/\/portalmf.com.br\/wp-content\/uploads\/2025\/03\/Felipe-Gama-trio_H.jpg\",\"contentUrl\":\"https:\/\/portalmf.com.br\/wp-content\/uploads\/2025\/03\/Felipe-Gama-trio_H.jpg\",\"width\":1374,\"height\":844},{\"@type\":\"BreadcrumbList\",\"@id\":\"https:\/\/portalmf.com.br\/index.php\/2025\/03\/17\/papazoni-comemora-sucesso-de-ventilador-e-ja-se-prepara-para-2026\/#breadcrumb\",\"itemListElement\":[{\"@type\":\"ListItem\",\"position\":1,\"name\":\"In\u00edcio\",\"item\":\"https:\/\/portalmf.com.br\/\"},{\"@type\":\"ListItem\",\"position\":2,\"name\":\"Papazoni comemora sucesso de \u201cVentilador\u201d e j\u00e1 se prepara para 2026\"}]},{\"@type\":\"WebSite\",\"@id\":\"https:\/\/portalmf.com.br\/#website\",\"url\":\"https:\/\/portalmf.com.br\/\",\"name\":\"Portal MF\",\"description\":\"Voc\u00ea conectado com a informa\u00e7\u00e3o\",\"potentialAction\":[{\"@type\":\"SearchAction\",\"target\":{\"@type\":\"EntryPoint\",\"urlTemplate\":\"https:\/\/portalmf.com.br\/?s={search_term_string}\"},\"query-input\":\"required name=search_term_string\"}],\"inLanguage\":\"pt-BR\"},{\"@type\":\"Person\",\"@id\":\"https:\/\/portalmf.com.br\/#\/schema\/person\/9ec101baf56233e53520c26de5d6f6f0\",\"name\":\"Reda\u00e7\u00e3o Portal MF\",\"image\":{\"@type\":\"ImageObject\",\"inLanguage\":\"pt-BR\",\"@id\":\"https:\/\/portalmf.com.br\/#\/schema\/person\/image\/\",\"url\":\"https:\/\/secure.gravatar.com\/avatar\/41b9aaeb2100835f7c64362330f74c7f?s=96&d=mm&r=g\",\"contentUrl\":\"https:\/\/secure.gravatar.com\/avatar\/41b9aaeb2100835f7c64362330f74c7f?s=96&d=mm&r=g\",\"caption\":\"Reda\u00e7\u00e3o Portal MF\"},\"description\":\"Sejam bem-vindos o portal de informa\u00e7\u00f5es de entretenimento de Feira de Santana, desde 2006 realiza coberturas dos principais eventos com entrevistas exclusivas com as principais personalidades mundiais. Fique conectado tamb\u00e9m nas redes sociais.\",\"sameAs\":[\"http:\/\/www.portalmf.com.br\/\",\"https:\/\/www.facebook.com\/portalmfoficial\",\"https:\/\/www.instagram.com\/portalmf\/\",\"https:\/\/x.com\/https:\/\/x.com\/portalmfoficial\",\"https:\/\/www.youtube.com\/@portalmfoficial\"],\"url\":\"https:\/\/portalmf.com.br\/index.php\/author\/junior\/\"}]}<\/script>\n<!-- \/ Yoast SEO plugin. -->","yoast_head_json":{"title":"Papazoni comemora sucesso de \u201cVentilador\u201d e j\u00e1 se prepara para 2026 - Portal MF","robots":{"index":"index","follow":"follow","max-snippet":"max-snippet:-1","max-image-preview":"max-image-preview:large","max-video-preview":"max-video-preview:-1"},"canonical":"https:\/\/portalmf.com.br\/index.php\/2025\/03\/17\/papazoni-comemora-sucesso-de-ventilador-e-ja-se-prepara-para-2026\/","og_locale":"pt_BR","og_type":"article","og_title":"Papazoni comemora sucesso de \u201cVentilador\u201d e j\u00e1 se prepara para 2026 - Portal MF","og_description":"A banda Papazoni teve um ver\u00e3o inesquec\u00edvel em 2025, com o hit \u201cVentilador\u201d, parceria com a banda \u00c9 o Tchan. A m\u00fasica se tornou um verdadeiro fen\u00f4meno, acumulando mais de 4 milh\u00f5es de streams no Spotify, garantindo \u00e0 banda, mais de 1 milh\u00e3o de ouvintes mensais na plataforma. No YouTube, o sucesso tamb\u00e9m foi estrondoso: [&hellip;]","og_url":"https:\/\/portalmf.com.br\/index.php\/2025\/03\/17\/papazoni-comemora-sucesso-de-ventilador-e-ja-se-prepara-para-2026\/","og_site_name":"Portal MF","article_author":"https:\/\/www.facebook.com\/portalmfoficial","article_published_time":"2025-03-17T20:17:58+00:00","article_modified_time":"2025-03-17T20:17:59+00:00","og_image":[{"width":1374,"height":844,"url":"https:\/\/portalmf.com.br\/wp-content\/uploads\/2025\/03\/Felipe-Gama-trio_H.jpg","type":"image\/jpeg"}],"author":"Reda\u00e7\u00e3o Portal MF","twitter_card":"summary_large_image","twitter_creator":"@https:\/\/x.com\/portalmfoficial","twitter_misc":{"Escrito por":"Reda\u00e7\u00e3o Portal MF","Est. tempo de leitura":"2 minutos"},"schema":{"@context":"https:\/\/schema.org","@graph":[{"@type":"WebPage","@id":"https:\/\/portalmf.com.br\/index.php\/2025\/03\/17\/papazoni-comemora-sucesso-de-ventilador-e-ja-se-prepara-para-2026\/","url":"https:\/\/portalmf.com.br\/index.php\/2025\/03\/17\/papazoni-comemora-sucesso-de-ventilador-e-ja-se-prepara-para-2026\/","name":"Papazoni comemora sucesso de \u201cVentilador\u201d e j\u00e1 se prepara para 2026 - Portal MF","isPartOf":{"@id":"https:\/\/portalmf.com.br\/#website"},"primaryImageOfPage":{"@id":"https:\/\/portalmf.com.br\/index.php\/2025\/03\/17\/papazoni-comemora-sucesso-de-ventilador-e-ja-se-prepara-para-2026\/#primaryimage"},"image":{"@id":"https:\/\/portalmf.com.br\/index.php\/2025\/03\/17\/papazoni-comemora-sucesso-de-ventilador-e-ja-se-prepara-para-2026\/#primaryimage"},"thumbnailUrl":"https:\/\/portalmf.com.br\/wp-content\/uploads\/2025\/03\/Felipe-Gama-trio_H.jpg","datePublished":"2025-03-17T20:17:58+00:00","dateModified":"2025-03-17T20:17:59+00:00","author":{"@id":"https:\/\/portalmf.com.br\/#\/schema\/person\/9ec101baf56233e53520c26de5d6f6f0"},"breadcrumb":{"@id":"https:\/\/portalmf.com.br\/index.php\/2025\/03\/17\/papazoni-comemora-sucesso-de-ventilador-e-ja-se-prepara-para-2026\/#breadcrumb"},"inLanguage":"pt-BR","potentialAction":[{"@type":"ReadAction","target":["https:\/\/portalmf.com.br\/index.php\/2025\/03\/17\/papazoni-comemora-sucesso-de-ventilador-e-ja-se-prepara-para-2026\/"]}]},{"@type":"ImageObject","inLanguage":"pt-BR","@id":"https:\/\/portalmf.com.br\/index.php\/2025\/03\/17\/papazoni-comemora-sucesso-de-ventilador-e-ja-se-prepara-para-2026\/#primaryimage","url":"https:\/\/portalmf.com.br\/wp-content\/uploads\/2025\/03\/Felipe-Gama-trio_H.jpg","contentUrl":"https:\/\/portalmf.com.br\/wp-content\/uploads\/2025\/03\/Felipe-Gama-trio_H.jpg","width":1374,"height":844},{"@type":"BreadcrumbList","@id":"https:\/\/portalmf.com.br\/index.php\/2025\/03\/17\/papazoni-comemora-sucesso-de-ventilador-e-ja-se-prepara-para-2026\/#breadcrumb","itemListElement":[{"@type":"ListItem","position":1,"name":"In\u00edcio","item":"https:\/\/portalmf.com.br\/"},{"@type":"ListItem","position":2,"name":"Papazoni comemora sucesso de \u201cVentilador\u201d e j\u00e1 se prepara para 2026"}]},{"@type":"WebSite","@id":"https:\/\/portalmf.com.br\/#website","url":"https:\/\/portalmf.com.br\/","name":"Portal MF","description":"Voc\u00ea conectado com a informa\u00e7\u00e3o","potentialAction":[{"@type":"SearchAction","target":{"@type":"EntryPoint","urlTemplate":"https:\/\/portalmf.com.br\/?s={search_term_string}"},"query-input":"required name=search_term_string"}],"inLanguage":"pt-BR"},{"@type":"Person","@id":"https:\/\/portalmf.com.br\/#\/schema\/person\/9ec101baf56233e53520c26de5d6f6f0","name":"Reda\u00e7\u00e3o Portal MF","image":{"@type":"ImageObject","inLanguage":"pt-BR","@id":"https:\/\/portalmf.com.br\/#\/schema\/person\/image\/","url":"https:\/\/secure.gravatar.com\/avatar\/41b9aaeb2100835f7c64362330f74c7f?s=96&d=mm&r=g","contentUrl":"https:\/\/secure.gravatar.com\/avatar\/41b9aaeb2100835f7c64362330f74c7f?s=96&d=mm&r=g","caption":"Reda\u00e7\u00e3o Portal MF"},"description":"Sejam bem-vindos o portal de informa\u00e7\u00f5es de entretenimento de Feira de Santana, desde 2006 realiza coberturas dos principais eventos com entrevistas exclusivas com as principais personalidades mundiais. Fique conectado tamb\u00e9m nas redes sociais.","sameAs":["http:\/\/www.portalmf.com.br\/","https:\/\/www.facebook.com\/portalmfoficial","https:\/\/www.instagram.com\/portalmf\/","https:\/\/x.com\/https:\/\/x.com\/portalmfoficial","https:\/\/www.youtube.com\/@portalmfoficial"],"url":"https:\/\/portalmf.com.br\/index.php\/author\/junior\/"}]}},"_links":{"self":[{"href":"https:\/\/portalmf.com.br\/index.php\/wp-json\/wp\/v2\/posts\/34836"}],"collection":[{"href":"https:\/\/portalmf.com.br\/index.php\/wp-json\/wp\/v2\/posts"}],"about":[{"href":"https:\/\/portalmf.com.br\/index.php\/wp-json\/wp\/v2\/types\/post"}],"author":[{"embeddable":true,"href":"https:\/\/portalmf.com.br\/index.php\/wp-json\/wp\/v2\/users\/3"}],"replies":[{"embeddable":true,"href":"https:\/\/portalmf.com.br\/index.php\/wp-json\/wp\/v2\/comments?post=34836"}],"version-history":[{"count":1,"href":"https:\/\/portalmf.com.br\/index.php\/wp-json\/wp\/v2\/posts\/34836\/revisions"}],"predecessor-version":[{"id":34838,"href":"https:\/\/portalmf.com.br\/index.php\/wp-json\/wp\/v2\/posts\/34836\/revisions\/34838"}],"wp:featuredmedia":[{"embeddable":true,"href":"https:\/\/portalmf.com.br\/index.php\/wp-json\/wp\/v2\/media\/34837"}],"wp:attachment":[{"href":"https:\/\/portalmf.com.br\/index.php\/wp-json\/wp\/v2\/media?parent=34836"}],"wp:term":[{"taxonomy":"category","embeddable":true,"href":"https:\/\/portalmf.com.br\/index.php\/wp-json\/wp\/v2\/categories?post=34836"},{"taxonomy":"post_tag","embeddable":true,"href":"https:\/\/portalmf.com.br\/index.php\/wp-json\/wp\/v2\/tags?post=34836"}],"curies":[{"name":"wp","href":"https:\/\/api.w.org\/{rel}","templated":true}]}}