{"id":3479,"date":"2022-08-23T13:48:19","date_gmt":"2022-08-23T16:48:19","guid":{"rendered":"http:\/\/portalmf.com.br\/?p=3479"},"modified":"2022-08-23T13:48:20","modified_gmt":"2022-08-23T16:48:20","slug":"empresarios-bolsonaristas-sao-alvo-de-buscas-da-policia-federal","status":"publish","type":"post","link":"https:\/\/portalmf.com.br\/index.php\/2022\/08\/23\/empresarios-bolsonaristas-sao-alvo-de-buscas-da-policia-federal\/","title":{"rendered":"Empres\u00e1rios bolsonaristas s\u00e3o alvo de buscas da Pol\u00edcia Federal"},"content":{"rendered":"\n<p>Ap\u00f3s o portal &#8216;Metr\u00f3poles&#8217; revelar o compartilhamento de mensagens golpistas sendo enviadas por empres\u00e1rios em um aplicativo de conversas, o ministro&nbsp;Alexandre de Moraes, do Supremo Tribunal Federal (STF), determinou que a&nbsp;Pol\u00edcia Federal&nbsp;cumpra mandados de busca e apreens\u00e3o em endere\u00e7os desses empres\u00e1rios.<\/p>\n\n\n\n<p>S\u00e3o alvos da opera\u00e7\u00e3o desta ter\u00e7a-feira (23):<\/p>\n\n\n\n<ul><li>Afr\u00e2nio Barreira Filho;<\/li><li>Ivan Wrobel;<\/li><li>Jos\u00e9 Isaac Peres;<\/li><li>Jos\u00e9 Koury;<\/li><li>Luciano Hang;<\/li><li>Luiz Andr\u00e9 Tissot;<\/li><li>Marco Aur\u00e9lio Raymundo;<\/li><li>Meyer Joseph Nigri.<\/li><\/ul>\n\n\n\n<p>Os mandados s\u00e3o cumpridos em cinco estados diferentes: S\u00e3o Paulo, Rio de Janeiro, Rio Grande do Sul, Santa Catarina e Cear\u00e1.<\/p>\n\n\n\n<p>Os oito empres\u00e1rios s\u00e3o apoiadores declarados do atual presidente&nbsp;Jair Bolsonaro&nbsp;(PL), que tamb\u00e9m \u00e9 candidato \u00e0 reelei\u00e7\u00e3o. No conte\u00fado das mensagens, eles defendiam um golpe de Estado&nbsp;caso o ex-presidente&nbsp;Lula&nbsp;(PT), tamb\u00e9m candidato \u00e0 Presid\u00eancia, ven\u00e7a as elei\u00e7\u00f5es de outubro.<\/p>\n\n\n\n<p><strong>EMPRES\u00c1RIOS NEGAM INTEN\u00c7\u00c3O DE GOLPE<\/strong><\/p>\n\n\n\n<p>Em nota, o empres\u00e1rio Luciano Hang informou que segue tranquilo e diz que seu ativismo pol\u00edtico \u00e9 a favor da democracia e da liberdade de express\u00e3o.<\/p>\n\n\n\n<p><em>&#8220;Sigo tranquilo, pois estou ao lado da verdade e com a consci\u00eancia limpa. Desde que me tornei ativista pol\u00edtico prego a democracia e a liberdade de pensamento e express\u00e3o, para que tenhamos um pa\u00eds mais justo e livre para todos os brasileiros. Eu fa\u00e7o parte de um grupo de 250 empres\u00e1rios, de diversas correntes pol\u00edticas, e cada um tem o seu ponto de vista. Que eu saiba, no Brasil, ainda n\u00e3o existe crime de pensamento e opini\u00e3o. Em minhas mensagens em um grupo fechado de WhatsApp est\u00e1 claro que eu NUNCA, em momento algum falei sobre Golpe ou sobre STF. Eu fui v\u00edtima da irresponsabilidade de um jornalismo raso, leviano e militante, que infelizmente est\u00e1 em parte das reda\u00e7\u00f5es pelo Brasil.&#8221;<\/em><\/p>\n\n\n\n<p>J\u00e1 a&nbsp;assessoria da Tecnisa informou, por meio de nota, que a companhia &#8220;n\u00e3o fala em nome de Meyer Nigri&#8221; e que ele &#8220;n\u00e3o \u00e9 porta-voz da empresa&#8221;.<\/p>\n\n\n\n<p>&#8220;A Tecnisa \u00e9 uma empresa apartid\u00e1ria, que defende os valores democr\u00e1ticos e cujos posicionamentos institucionais se restringem \u00e0 sua atua\u00e7\u00e3o empresarial.&#8221;<\/p>\n\n\n\n<p>Afr\u00e2nio Barreira, do grupo Coco Bambu, se pronunciou, tamb\u00e9m por meio de uma nota, dizendo que nunca se manifestou a favor de qualquer conduta que n\u00e3o seja institucional e democr\u00e1tica.&nbsp;<\/p>\n\n\n\n<p><em>&#8220;A democracia \u00e9 a chave para constru\u00e7\u00e3o de um Brasil melhor. Valorizo, e muito, a oportunidade de conseguir votar e escolher os representantes de nosso povo brasileiro, e todo cidad\u00e3o deveria ter a consci\u00eancia da import\u00e2ncia deste momento. Valorizo e sempre defenderei um processo eleitoral honesto e justo<\/em>&#8220;, afirmou o empres\u00e1rio.<\/p>\n\n\n\n<p>Com informa\u00e7\u00f5es do IG<\/p>\n","protected":false},"excerpt":{"rendered":"<p>Ap\u00f3s o portal &#8216;Metr\u00f3poles&#8217; revelar o compartilhamento de mensagens golpistas sendo enviadas por empres\u00e1rios em um aplicativo de conversas, o ministro&nbsp;Alexandre de Moraes, do Supremo Tribunal Federal (STF), determinou que a&nbsp;Pol\u00edcia Federal&nbsp;cumpra mandados de busca e apreens\u00e3o em endere\u00e7os desses empres\u00e1rios. S\u00e3o alvos da opera\u00e7\u00e3o desta ter\u00e7a-feira (23): Afr\u00e2nio Barreira Filho; Ivan Wrobel; Jos\u00e9 Isaac [&hellip;]<\/p>\n","protected":false},"author":2,"featured_media":3480,"comment_status":"open","ping_status":"open","sticky":false,"template":"","format":"standard","meta":{"_monsterinsights_skip_tracking":false,"_monsterinsights_sitenote_active":false,"_monsterinsights_sitenote_note":"","_monsterinsights_sitenote_category":0,"footnotes":""},"categories":[34],"tags":[],"yoast_head":"<!-- This site is optimized with the Yoast SEO plugin v22.9 - https:\/\/yoast.com\/wordpress\/plugins\/seo\/ -->\n<title>Empres\u00e1rios bolsonaristas s\u00e3o alvo de buscas da Pol\u00edcia Federal - Portal MF<\/title>\n<meta name=\"robots\" content=\"index, follow, max-snippet:-1, max-image-preview:large, max-video-preview:-1\" \/>\n<link rel=\"canonical\" href=\"https:\/\/portalmf.com.br\/index.php\/2022\/08\/23\/empresarios-bolsonaristas-sao-alvo-de-buscas-da-policia-federal\/\" \/>\n<meta property=\"og:locale\" content=\"pt_BR\" \/>\n<meta property=\"og:type\" content=\"article\" \/>\n<meta property=\"og:title\" content=\"Empres\u00e1rios bolsonaristas s\u00e3o alvo de buscas da Pol\u00edcia Federal - Portal MF\" \/>\n<meta property=\"og:description\" content=\"Ap\u00f3s o portal &#8216;Metr\u00f3poles&#8217; revelar o compartilhamento de mensagens golpistas sendo enviadas por empres\u00e1rios em um aplicativo de conversas, o ministro&nbsp;Alexandre de Moraes, do Supremo Tribunal Federal (STF), determinou que a&nbsp;Pol\u00edcia Federal&nbsp;cumpra mandados de busca e apreens\u00e3o em endere\u00e7os desses empres\u00e1rios. S\u00e3o alvos da opera\u00e7\u00e3o desta ter\u00e7a-feira (23): Afr\u00e2nio Barreira Filho; Ivan Wrobel; Jos\u00e9 Isaac [&hellip;]\" \/>\n<meta property=\"og:url\" content=\"https:\/\/portalmf.com.br\/index.php\/2022\/08\/23\/empresarios-bolsonaristas-sao-alvo-de-buscas-da-policia-federal\/\" \/>\n<meta property=\"og:site_name\" content=\"Portal MF\" \/>\n<meta property=\"article:author\" content=\"reginaldojrfsa\" \/>\n<meta property=\"article:published_time\" content=\"2022-08-23T16:48:19+00:00\" \/>\n<meta property=\"article:modified_time\" content=\"2022-08-23T16:48:20+00:00\" \/>\n<meta property=\"og:image\" content=\"https:\/\/portalmf.com.br\/wp-content\/uploads\/2022\/08\/thumbnail-for-3154561-scaled-1.jpg\" \/>\n\t<meta property=\"og:image:width\" content=\"1024\" \/>\n\t<meta property=\"og:image:height\" content=\"768\" \/>\n\t<meta property=\"og:image:type\" content=\"image\/jpeg\" \/>\n<meta name=\"author\" content=\"Reginaldo J\u00fanior\" \/>\n<meta name=\"twitter:card\" content=\"summary_large_image\" \/>\n<meta name=\"twitter:creator\" content=\"@reginaldojrmf\" \/>\n<meta name=\"twitter:label1\" content=\"Escrito por\" \/>\n\t<meta name=\"twitter:data1\" content=\"Reginaldo J\u00fanior\" \/>\n\t<meta name=\"twitter:label2\" content=\"Est. tempo de leitura\" \/>\n\t<meta name=\"twitter:data2\" content=\"3 minutos\" \/>\n<script type=\"application\/ld+json\" class=\"yoast-schema-graph\">{\"@context\":\"https:\/\/schema.org\",\"@graph\":[{\"@type\":\"WebPage\",\"@id\":\"https:\/\/portalmf.com.br\/index.php\/2022\/08\/23\/empresarios-bolsonaristas-sao-alvo-de-buscas-da-policia-federal\/\",\"url\":\"https:\/\/portalmf.com.br\/index.php\/2022\/08\/23\/empresarios-bolsonaristas-sao-alvo-de-buscas-da-policia-federal\/\",\"name\":\"Empres\u00e1rios bolsonaristas s\u00e3o alvo de buscas da Pol\u00edcia Federal - Portal MF\",\"isPartOf\":{\"@id\":\"https:\/\/portalmf.com.br\/#website\"},\"primaryImageOfPage\":{\"@id\":\"https:\/\/portalmf.com.br\/index.php\/2022\/08\/23\/empresarios-bolsonaristas-sao-alvo-de-buscas-da-policia-federal\/#primaryimage\"},\"image\":{\"@id\":\"https:\/\/portalmf.com.br\/index.php\/2022\/08\/23\/empresarios-bolsonaristas-sao-alvo-de-buscas-da-policia-federal\/#primaryimage\"},\"thumbnailUrl\":\"https:\/\/portalmf.com.br\/wp-content\/uploads\/2022\/08\/thumbnail-for-3154561-scaled-1.jpg\",\"datePublished\":\"2022-08-23T16:48:19+00:00\",\"dateModified\":\"2022-08-23T16:48:20+00:00\",\"author\":{\"@id\":\"https:\/\/portalmf.com.br\/#\/schema\/person\/11c82086fe8abc05a19147e964587285\"},\"breadcrumb\":{\"@id\":\"https:\/\/portalmf.com.br\/index.php\/2022\/08\/23\/empresarios-bolsonaristas-sao-alvo-de-buscas-da-policia-federal\/#breadcrumb\"},\"inLanguage\":\"pt-BR\",\"potentialAction\":[{\"@type\":\"ReadAction\",\"target\":[\"https:\/\/portalmf.com.br\/index.php\/2022\/08\/23\/empresarios-bolsonaristas-sao-alvo-de-buscas-da-policia-federal\/\"]}]},{\"@type\":\"ImageObject\",\"inLanguage\":\"pt-BR\",\"@id\":\"https:\/\/portalmf.com.br\/index.php\/2022\/08\/23\/empresarios-bolsonaristas-sao-alvo-de-buscas-da-policia-federal\/#primaryimage\",\"url\":\"https:\/\/portalmf.com.br\/wp-content\/uploads\/2022\/08\/thumbnail-for-3154561-scaled-1.jpg\",\"contentUrl\":\"https:\/\/portalmf.com.br\/wp-content\/uploads\/2022\/08\/thumbnail-for-3154561-scaled-1.jpg\",\"width\":1024,\"height\":768},{\"@type\":\"BreadcrumbList\",\"@id\":\"https:\/\/portalmf.com.br\/index.php\/2022\/08\/23\/empresarios-bolsonaristas-sao-alvo-de-buscas-da-policia-federal\/#breadcrumb\",\"itemListElement\":[{\"@type\":\"ListItem\",\"position\":1,\"name\":\"In\u00edcio\",\"item\":\"https:\/\/portalmf.com.br\/\"},{\"@type\":\"ListItem\",\"position\":2,\"name\":\"Empres\u00e1rios bolsonaristas s\u00e3o alvo de buscas da Pol\u00edcia Federal\"}]},{\"@type\":\"WebSite\",\"@id\":\"https:\/\/portalmf.com.br\/#website\",\"url\":\"https:\/\/portalmf.com.br\/\",\"name\":\"Portal MF\",\"description\":\"Voc\u00ea conectado com a informa\u00e7\u00e3o\",\"potentialAction\":[{\"@type\":\"SearchAction\",\"target\":{\"@type\":\"EntryPoint\",\"urlTemplate\":\"https:\/\/portalmf.com.br\/?s={search_term_string}\"},\"query-input\":\"required name=search_term_string\"}],\"inLanguage\":\"pt-BR\"},{\"@type\":\"Person\",\"@id\":\"https:\/\/portalmf.com.br\/#\/schema\/person\/11c82086fe8abc05a19147e964587285\",\"name\":\"Reginaldo J\u00fanior\",\"image\":{\"@type\":\"ImageObject\",\"inLanguage\":\"pt-BR\",\"@id\":\"https:\/\/portalmf.com.br\/#\/schema\/person\/image\/\",\"url\":\"https:\/\/secure.gravatar.com\/avatar\/32a3c797cd0ac47cc53b8644c62776f9?s=96&d=mm&r=g\",\"contentUrl\":\"https:\/\/secure.gravatar.com\/avatar\/32a3c797cd0ac47cc53b8644c62776f9?s=96&d=mm&r=g\",\"caption\":\"Reginaldo J\u00fanior\"},\"description\":\"Jornalista e idealizador Portal MF\",\"sameAs\":[\"https:\/\/portalmf.com.br\/index.php\/author\/reginaldojr\/\",\"reginaldojrfsa\",\"reginaldojuniormf\",\"https:\/\/x.com\/reginaldojrmf\"],\"url\":\"https:\/\/portalmf.com.br\/index.php\/author\/reginaldojr\/\"}]}<\/script>\n<!-- \/ Yoast SEO plugin. -->","yoast_head_json":{"title":"Empres\u00e1rios bolsonaristas s\u00e3o alvo de buscas da Pol\u00edcia Federal - Portal MF","robots":{"index":"index","follow":"follow","max-snippet":"max-snippet:-1","max-image-preview":"max-image-preview:large","max-video-preview":"max-video-preview:-1"},"canonical":"https:\/\/portalmf.com.br\/index.php\/2022\/08\/23\/empresarios-bolsonaristas-sao-alvo-de-buscas-da-policia-federal\/","og_locale":"pt_BR","og_type":"article","og_title":"Empres\u00e1rios bolsonaristas s\u00e3o alvo de buscas da Pol\u00edcia Federal - Portal MF","og_description":"Ap\u00f3s o portal &#8216;Metr\u00f3poles&#8217; revelar o compartilhamento de mensagens golpistas sendo enviadas por empres\u00e1rios em um aplicativo de conversas, o ministro&nbsp;Alexandre de Moraes, do Supremo Tribunal Federal (STF), determinou que a&nbsp;Pol\u00edcia Federal&nbsp;cumpra mandados de busca e apreens\u00e3o em endere\u00e7os desses empres\u00e1rios. S\u00e3o alvos da opera\u00e7\u00e3o desta ter\u00e7a-feira (23): Afr\u00e2nio Barreira Filho; Ivan Wrobel; Jos\u00e9 Isaac [&hellip;]","og_url":"https:\/\/portalmf.com.br\/index.php\/2022\/08\/23\/empresarios-bolsonaristas-sao-alvo-de-buscas-da-policia-federal\/","og_site_name":"Portal MF","article_author":"reginaldojrfsa","article_published_time":"2022-08-23T16:48:19+00:00","article_modified_time":"2022-08-23T16:48:20+00:00","og_image":[{"width":1024,"height":768,"url":"https:\/\/portalmf.com.br\/wp-content\/uploads\/2022\/08\/thumbnail-for-3154561-scaled-1.jpg","type":"image\/jpeg"}],"author":"Reginaldo J\u00fanior","twitter_card":"summary_large_image","twitter_creator":"@reginaldojrmf","twitter_misc":{"Escrito por":"Reginaldo J\u00fanior","Est. tempo de leitura":"3 minutos"},"schema":{"@context":"https:\/\/schema.org","@graph":[{"@type":"WebPage","@id":"https:\/\/portalmf.com.br\/index.php\/2022\/08\/23\/empresarios-bolsonaristas-sao-alvo-de-buscas-da-policia-federal\/","url":"https:\/\/portalmf.com.br\/index.php\/2022\/08\/23\/empresarios-bolsonaristas-sao-alvo-de-buscas-da-policia-federal\/","name":"Empres\u00e1rios bolsonaristas s\u00e3o alvo de buscas da Pol\u00edcia Federal - Portal MF","isPartOf":{"@id":"https:\/\/portalmf.com.br\/#website"},"primaryImageOfPage":{"@id":"https:\/\/portalmf.com.br\/index.php\/2022\/08\/23\/empresarios-bolsonaristas-sao-alvo-de-buscas-da-policia-federal\/#primaryimage"},"image":{"@id":"https:\/\/portalmf.com.br\/index.php\/2022\/08\/23\/empresarios-bolsonaristas-sao-alvo-de-buscas-da-policia-federal\/#primaryimage"},"thumbnailUrl":"https:\/\/portalmf.com.br\/wp-content\/uploads\/2022\/08\/thumbnail-for-3154561-scaled-1.jpg","datePublished":"2022-08-23T16:48:19+00:00","dateModified":"2022-08-23T16:48:20+00:00","author":{"@id":"https:\/\/portalmf.com.br\/#\/schema\/person\/11c82086fe8abc05a19147e964587285"},"breadcrumb":{"@id":"https:\/\/portalmf.com.br\/index.php\/2022\/08\/23\/empresarios-bolsonaristas-sao-alvo-de-buscas-da-policia-federal\/#breadcrumb"},"inLanguage":"pt-BR","potentialAction":[{"@type":"ReadAction","target":["https:\/\/portalmf.com.br\/index.php\/2022\/08\/23\/empresarios-bolsonaristas-sao-alvo-de-buscas-da-policia-federal\/"]}]},{"@type":"ImageObject","inLanguage":"pt-BR","@id":"https:\/\/portalmf.com.br\/index.php\/2022\/08\/23\/empresarios-bolsonaristas-sao-alvo-de-buscas-da-policia-federal\/#primaryimage","url":"https:\/\/portalmf.com.br\/wp-content\/uploads\/2022\/08\/thumbnail-for-3154561-scaled-1.jpg","contentUrl":"https:\/\/portalmf.com.br\/wp-content\/uploads\/2022\/08\/thumbnail-for-3154561-scaled-1.jpg","width":1024,"height":768},{"@type":"BreadcrumbList","@id":"https:\/\/portalmf.com.br\/index.php\/2022\/08\/23\/empresarios-bolsonaristas-sao-alvo-de-buscas-da-policia-federal\/#breadcrumb","itemListElement":[{"@type":"ListItem","position":1,"name":"In\u00edcio","item":"https:\/\/portalmf.com.br\/"},{"@type":"ListItem","position":2,"name":"Empres\u00e1rios bolsonaristas s\u00e3o alvo de buscas da Pol\u00edcia Federal"}]},{"@type":"WebSite","@id":"https:\/\/portalmf.com.br\/#website","url":"https:\/\/portalmf.com.br\/","name":"Portal MF","description":"Voc\u00ea conectado com a informa\u00e7\u00e3o","potentialAction":[{"@type":"SearchAction","target":{"@type":"EntryPoint","urlTemplate":"https:\/\/portalmf.com.br\/?s={search_term_string}"},"query-input":"required name=search_term_string"}],"inLanguage":"pt-BR"},{"@type":"Person","@id":"https:\/\/portalmf.com.br\/#\/schema\/person\/11c82086fe8abc05a19147e964587285","name":"Reginaldo J\u00fanior","image":{"@type":"ImageObject","inLanguage":"pt-BR","@id":"https:\/\/portalmf.com.br\/#\/schema\/person\/image\/","url":"https:\/\/secure.gravatar.com\/avatar\/32a3c797cd0ac47cc53b8644c62776f9?s=96&d=mm&r=g","contentUrl":"https:\/\/secure.gravatar.com\/avatar\/32a3c797cd0ac47cc53b8644c62776f9?s=96&d=mm&r=g","caption":"Reginaldo J\u00fanior"},"description":"Jornalista e idealizador Portal MF","sameAs":["https:\/\/portalmf.com.br\/index.php\/author\/reginaldojr\/","reginaldojrfsa","reginaldojuniormf","https:\/\/x.com\/reginaldojrmf"],"url":"https:\/\/portalmf.com.br\/index.php\/author\/reginaldojr\/"}]}},"_links":{"self":[{"href":"https:\/\/portalmf.com.br\/index.php\/wp-json\/wp\/v2\/posts\/3479"}],"collection":[{"href":"https:\/\/portalmf.com.br\/index.php\/wp-json\/wp\/v2\/posts"}],"about":[{"href":"https:\/\/portalmf.com.br\/index.php\/wp-json\/wp\/v2\/types\/post"}],"author":[{"embeddable":true,"href":"https:\/\/portalmf.com.br\/index.php\/wp-json\/wp\/v2\/users\/2"}],"replies":[{"embeddable":true,"href":"https:\/\/portalmf.com.br\/index.php\/wp-json\/wp\/v2\/comments?post=3479"}],"version-history":[{"count":1,"href":"https:\/\/portalmf.com.br\/index.php\/wp-json\/wp\/v2\/posts\/3479\/revisions"}],"predecessor-version":[{"id":3481,"href":"https:\/\/portalmf.com.br\/index.php\/wp-json\/wp\/v2\/posts\/3479\/revisions\/3481"}],"wp:featuredmedia":[{"embeddable":true,"href":"https:\/\/portalmf.com.br\/index.php\/wp-json\/wp\/v2\/media\/3480"}],"wp:attachment":[{"href":"https:\/\/portalmf.com.br\/index.php\/wp-json\/wp\/v2\/media?parent=3479"}],"wp:term":[{"taxonomy":"category","embeddable":true,"href":"https:\/\/portalmf.com.br\/index.php\/wp-json\/wp\/v2\/categories?post=3479"},{"taxonomy":"post_tag","embeddable":true,"href":"https:\/\/portalmf.com.br\/index.php\/wp-json\/wp\/v2\/tags?post=3479"}],"curies":[{"name":"wp","href":"https:\/\/api.w.org\/{rel}","templated":true}]}}