{"id":34787,"date":"2025-03-14T17:25:28","date_gmt":"2025-03-14T20:25:28","guid":{"rendered":"https:\/\/portalmf.com.br\/?p=34787"},"modified":"2025-03-14T17:25:29","modified_gmt":"2025-03-14T20:25:29","slug":"cachoeiradoc-prorroga-inscricoes-ate-17-de-marco","status":"publish","type":"post","link":"https:\/\/portalmf.com.br\/index.php\/2025\/03\/14\/cachoeiradoc-prorroga-inscricoes-ate-17-de-marco\/","title":{"rendered":"CachoeiraDoc prorroga inscri\u00e7\u00f5es at\u00e9 17 de mar\u00e7o"},"content":{"rendered":"\n<p>Profissionais, estudantes e amantes do cinema brasileiro t\u00eam at\u00e9 a pr\u00f3xima segunda-feira, 17 de mar\u00e7o, para inscreverem as suas produ\u00e7\u00f5es documentais no CachoeiraDoc, um dos maiores festivais do g\u00eanero no pa\u00eds. Em sua 10\u00aa edi\u00e7\u00e3o, o evento que ser\u00e1 sediado na cidade de Cachoeira entre os dias 10 e 15 de junho, tamb\u00e9m abrigar\u00e1 sess\u00f5es itinerantes e gratuitas em outras cidades do Rec\u00f4ncavo Baiano e em Salvador. As obras audiovisuais est\u00e3o sendo recebidas atrav\u00e9s do site www.xcachoeiradoc.com<\/p>\n\n\n\n<p>O Festival visa descentralizar o acesso ao cinema e promover a\u00e7\u00f5es formativas abertas para realizadores audiovisuais, estudantes e toda a comunidade. Com o prazo de inscri\u00e7\u00f5es estendido, a expectativa \u00e9 manter a qualidade e a diversidade dos projetos participantes, como afirma Jess\u00e9 Patr\u00edcio, um dos curadores do evento.<\/p>\n\n\n\n<p>\u201cChama aten\u00e7\u00e3o a quantidade de filmes que est\u00e3o \u00e0 margem dos tradicionais centros de produ\u00e7\u00e3o do audiovisual no pa\u00eds. Isso, de certa forma, reflete a pol\u00edtica de acesso aos editais de fomento via Paulo Gustavo e Aldir Blanc. A inventividade se mostra presente nos filmes inscritos at\u00e9 o momento, o que s\u00f3 constata com o grau de qualidade que os document\u00e1rios imprimem no cinema contempor\u00e2neo brasileiro\u201d.<\/p>\n\n\n\n<p>O CachoeiraDoc contar\u00e1 com duas mostras competitivas: de curtas e m\u00e9dias (filmes de at\u00e9 59 min) e de longas-metragens (filmes a partir de 60 min). Al\u00e9m das competitivas, as inscri\u00e7\u00f5es tamb\u00e9m selecionar\u00e3o filmes para as diversas exibi\u00e7\u00f5es formativas e itinerantes. Em todas as categorias, podem se inscrever trabalhos finalizados a partir de 2024 em territ\u00f3rio brasileiro ou em coprodu\u00e7\u00e3o entre Brasil e outro(s) pa\u00eds(es). Os materiais podem ser filmados em qualquer formato e hospedados em sites de compartilhamento de v\u00eddeos. As demais especificidades podem ser conferidas no regulamento dispon\u00edvel no site.<\/p>\n\n\n\n<p>A sele\u00e7\u00e3o dos filmes ser\u00e1 feita por uma equipe de seis curadores, entre estudantes da Universidade Federal do Rec\u00f4ncavo da Bahia (UFRB), egressos e professores do curso de Cinema e Audiovisual da institui\u00e7\u00e3o. S\u00e3o eles: Evelyn Sacramento, Jess\u00e9 Patr\u00edcio, Juan Rodrigues, Ing\u00e1 Patriota, Matheus Ara\u00fajo e wellison silva.<\/p>\n\n\n\n<p>Os filmes escolhidos para as mostras competitivas ser\u00e3o avaliados por um j\u00fari formado por pesquisadores, realizadores, cr\u00edticos de arte e cinema e estudantes do curso de Cinema e Audiovisual da UFRB. As produ\u00e7\u00f5es concorrer\u00e3o a premia\u00e7\u00f5es de R$6 mil, para o melhor longa-metragem, e R$4 mil para o melhor m\u00e9dia ou curta-metragem, al\u00e9m de trof\u00e9us.<\/p>\n\n\n\n<p>Sobre o CachoeiraDoc<\/p>\n\n\n\n<p>Ap\u00f3s um hiato de cinco anos, o CachoeiraDoc volta aos espa\u00e7os culturais, trazendo a democratiza\u00e7\u00e3o do acesso ao cinema, abrangendo m\u00faltiplas abordagens da linguagem documental. De acordo com uma das diretoras art\u00edsticas do Festival, K\u00eania Freitas, o CachoeiraDoc retorna em 2025 com a tem\u00e1tica Terra e Territ\u00f3rio, pautando uma n\u00e3o separabilidade entre o cinema brasileiro e as suas formas concretas de realiza\u00e7\u00e3o e circula\u00e7\u00e3o.<\/p>\n\n\n\n<p>\u201cEm nossas conversas de planejamento e imagina\u00e7\u00e3o do festival, a terra se imp\u00f4s como concretude, simbolismo e espiritualidade. Nossas lutas s\u00e3o pelo direito \u00e0 terra: demarca\u00e7\u00e3o de territ\u00f3rios ind\u00edgenas e quilombolas, luta por moradia, reforma agr\u00e1ria, lutas anticoloniais das mais diversas. A terra tamb\u00e9m \u00e9 o que nos nutre e possibilita imaginar, com os filmes e para al\u00e9m deles\u201d, explica.<\/p>\n\n\n\n<p>Al\u00e9m de exibi\u00e7\u00f5es de filmes, apresenta\u00e7\u00f5es musicais e performances, a X edi\u00e7\u00e3o do CachoeiraDoc vai contar tamb\u00e9m com a\u00e7\u00f5es formativas no campo do document\u00e1rio \u2013 organizados pela nova frente do festival, a EscolaDoc \u2013 Ciclo Formativo em Document\u00e1rio. J\u00e1 a partir de mar\u00e7o, ser\u00e3o realizadas oficinas, cursos de forma\u00e7\u00e3o, confer\u00eancias, a\u00e7\u00f5es de performance e sess\u00f5es de document\u00e1rios, voltadas especialmente para o p\u00fablico jovem da cidade de Cachoeira e entorno.<\/p>\n\n\n\n<p>Realiza\u00e7\u00e3o<\/p>\n\n\n\n<p>Minist\u00e9rio da Cultura apresenta: X CachoeiraDoc. Uma realiza\u00e7\u00e3o da Ayab\u00e1 Produtora Criativa e Audiovisual, com patroc\u00ednio master do Instituto Cultural Vale, atrav\u00e9s da Lei Federal de Incentivo \u00e0 Cultura. O projeto foi contemplado nos Editais da Paulo Gustavo Bahia e tem apoio financeiro do Governo do Estado da Bahia atrav\u00e9s da Secretaria de Cultura via Lei Paulo Gustavo, direcionada pelo Minist\u00e9rio da Cultura, Governo Federal. Paulo Gustavo Bahia (PGBA) foi criada para a efetiva\u00e7\u00e3o das a\u00e7\u00f5es emergenciais de apoio ao setor cultural, visando cumprir a Lei Complementar no 195, de 8 de julho de 2022.<\/p>\n\n\n\n<p>Servi\u00e7o<\/p>\n\n\n\n<p>O qu\u00ea: CachoeiraDoc \u2013 X Festival de Document\u00e1rio de Cachoeira<br>Quando: 10 a 15 de junho de 2025<br>Onde: Cachoeira, Bahia<br>Inscri\u00e7\u00f5es: at\u00e9 17 de mar\u00e7o (segunda-feira) atrav\u00e9s do site<br>Link:https:\/\/xcachoeiradoc.com\/inscricoes\/<\/p>\n","protected":false},"excerpt":{"rendered":"<p>Profissionais, estudantes e amantes do cinema brasileiro t\u00eam at\u00e9 a pr\u00f3xima segunda-feira, 17 de mar\u00e7o, para inscreverem as suas produ\u00e7\u00f5es documentais no CachoeiraDoc, um dos maiores festivais do g\u00eanero no pa\u00eds. Em sua 10\u00aa edi\u00e7\u00e3o, o evento que ser\u00e1 sediado na cidade de Cachoeira entre os dias 10 e 15 de junho, tamb\u00e9m abrigar\u00e1 sess\u00f5es [&hellip;]<\/p>\n","protected":false},"author":3,"featured_media":34293,"comment_status":"open","ping_status":"open","sticky":false,"template":"","format":"standard","meta":{"_monsterinsights_skip_tracking":false,"_monsterinsights_sitenote_active":false,"_monsterinsights_sitenote_note":"","_monsterinsights_sitenote_category":0,"footnotes":""},"categories":[40],"tags":[],"yoast_head":"<!-- This site is optimized with the Yoast SEO plugin v22.9 - https:\/\/yoast.com\/wordpress\/plugins\/seo\/ -->\n<title>CachoeiraDoc prorroga inscri\u00e7\u00f5es at\u00e9 17 de mar\u00e7o - Portal MF<\/title>\n<meta name=\"robots\" content=\"index, follow, max-snippet:-1, max-image-preview:large, max-video-preview:-1\" \/>\n<link rel=\"canonical\" href=\"https:\/\/portalmf.com.br\/index.php\/2025\/03\/14\/cachoeiradoc-prorroga-inscricoes-ate-17-de-marco\/\" \/>\n<meta property=\"og:locale\" content=\"pt_BR\" \/>\n<meta property=\"og:type\" content=\"article\" \/>\n<meta property=\"og:title\" content=\"CachoeiraDoc prorroga inscri\u00e7\u00f5es at\u00e9 17 de mar\u00e7o - Portal MF\" \/>\n<meta property=\"og:description\" content=\"Profissionais, estudantes e amantes do cinema brasileiro t\u00eam at\u00e9 a pr\u00f3xima segunda-feira, 17 de mar\u00e7o, para inscreverem as suas produ\u00e7\u00f5es documentais no CachoeiraDoc, um dos maiores festivais do g\u00eanero no pa\u00eds. Em sua 10\u00aa edi\u00e7\u00e3o, o evento que ser\u00e1 sediado na cidade de Cachoeira entre os dias 10 e 15 de junho, tamb\u00e9m abrigar\u00e1 sess\u00f5es [&hellip;]\" \/>\n<meta property=\"og:url\" content=\"https:\/\/portalmf.com.br\/index.php\/2025\/03\/14\/cachoeiradoc-prorroga-inscricoes-ate-17-de-marco\/\" \/>\n<meta property=\"og:site_name\" content=\"Portal MF\" \/>\n<meta property=\"article:author\" content=\"https:\/\/www.facebook.com\/portalmfoficial\" \/>\n<meta property=\"article:published_time\" content=\"2025-03-14T20:25:28+00:00\" \/>\n<meta property=\"article:modified_time\" content=\"2025-03-14T20:25:29+00:00\" \/>\n<meta property=\"og:image\" content=\"https:\/\/portalmf.com.br\/wp-content\/uploads\/2025\/02\/10a-edicao-do-CachoeiraDoc-abre-inscricoes-nesta-quarta-feira-19.jpeg\" \/>\n\t<meta property=\"og:image:width\" content=\"1600\" \/>\n\t<meta property=\"og:image:height\" content=\"1068\" \/>\n\t<meta property=\"og:image:type\" content=\"image\/jpeg\" \/>\n<meta name=\"author\" content=\"Reda\u00e7\u00e3o Portal MF\" \/>\n<meta name=\"twitter:card\" content=\"summary_large_image\" \/>\n<meta name=\"twitter:creator\" content=\"@https:\/\/x.com\/portalmfoficial\" \/>\n<meta name=\"twitter:label1\" content=\"Escrito por\" \/>\n\t<meta name=\"twitter:data1\" content=\"Reda\u00e7\u00e3o Portal MF\" \/>\n\t<meta name=\"twitter:label2\" content=\"Est. tempo de leitura\" \/>\n\t<meta name=\"twitter:data2\" content=\"5 minutos\" \/>\n<script type=\"application\/ld+json\" class=\"yoast-schema-graph\">{\"@context\":\"https:\/\/schema.org\",\"@graph\":[{\"@type\":\"WebPage\",\"@id\":\"https:\/\/portalmf.com.br\/index.php\/2025\/03\/14\/cachoeiradoc-prorroga-inscricoes-ate-17-de-marco\/\",\"url\":\"https:\/\/portalmf.com.br\/index.php\/2025\/03\/14\/cachoeiradoc-prorroga-inscricoes-ate-17-de-marco\/\",\"name\":\"CachoeiraDoc prorroga inscri\u00e7\u00f5es at\u00e9 17 de mar\u00e7o - Portal MF\",\"isPartOf\":{\"@id\":\"https:\/\/portalmf.com.br\/#website\"},\"primaryImageOfPage\":{\"@id\":\"https:\/\/portalmf.com.br\/index.php\/2025\/03\/14\/cachoeiradoc-prorroga-inscricoes-ate-17-de-marco\/#primaryimage\"},\"image\":{\"@id\":\"https:\/\/portalmf.com.br\/index.php\/2025\/03\/14\/cachoeiradoc-prorroga-inscricoes-ate-17-de-marco\/#primaryimage\"},\"thumbnailUrl\":\"https:\/\/portalmf.com.br\/wp-content\/uploads\/2025\/02\/10a-edicao-do-CachoeiraDoc-abre-inscricoes-nesta-quarta-feira-19.jpeg\",\"datePublished\":\"2025-03-14T20:25:28+00:00\",\"dateModified\":\"2025-03-14T20:25:29+00:00\",\"author\":{\"@id\":\"https:\/\/portalmf.com.br\/#\/schema\/person\/9ec101baf56233e53520c26de5d6f6f0\"},\"breadcrumb\":{\"@id\":\"https:\/\/portalmf.com.br\/index.php\/2025\/03\/14\/cachoeiradoc-prorroga-inscricoes-ate-17-de-marco\/#breadcrumb\"},\"inLanguage\":\"pt-BR\",\"potentialAction\":[{\"@type\":\"ReadAction\",\"target\":[\"https:\/\/portalmf.com.br\/index.php\/2025\/03\/14\/cachoeiradoc-prorroga-inscricoes-ate-17-de-marco\/\"]}]},{\"@type\":\"ImageObject\",\"inLanguage\":\"pt-BR\",\"@id\":\"https:\/\/portalmf.com.br\/index.php\/2025\/03\/14\/cachoeiradoc-prorroga-inscricoes-ate-17-de-marco\/#primaryimage\",\"url\":\"https:\/\/portalmf.com.br\/wp-content\/uploads\/2025\/02\/10a-edicao-do-CachoeiraDoc-abre-inscricoes-nesta-quarta-feira-19.jpeg\",\"contentUrl\":\"https:\/\/portalmf.com.br\/wp-content\/uploads\/2025\/02\/10a-edicao-do-CachoeiraDoc-abre-inscricoes-nesta-quarta-feira-19.jpeg\",\"width\":1600,\"height\":1068},{\"@type\":\"BreadcrumbList\",\"@id\":\"https:\/\/portalmf.com.br\/index.php\/2025\/03\/14\/cachoeiradoc-prorroga-inscricoes-ate-17-de-marco\/#breadcrumb\",\"itemListElement\":[{\"@type\":\"ListItem\",\"position\":1,\"name\":\"In\u00edcio\",\"item\":\"https:\/\/portalmf.com.br\/\"},{\"@type\":\"ListItem\",\"position\":2,\"name\":\"CachoeiraDoc prorroga inscri\u00e7\u00f5es at\u00e9 17 de mar\u00e7o\"}]},{\"@type\":\"WebSite\",\"@id\":\"https:\/\/portalmf.com.br\/#website\",\"url\":\"https:\/\/portalmf.com.br\/\",\"name\":\"Portal MF\",\"description\":\"Voc\u00ea conectado com a informa\u00e7\u00e3o\",\"potentialAction\":[{\"@type\":\"SearchAction\",\"target\":{\"@type\":\"EntryPoint\",\"urlTemplate\":\"https:\/\/portalmf.com.br\/?s={search_term_string}\"},\"query-input\":\"required name=search_term_string\"}],\"inLanguage\":\"pt-BR\"},{\"@type\":\"Person\",\"@id\":\"https:\/\/portalmf.com.br\/#\/schema\/person\/9ec101baf56233e53520c26de5d6f6f0\",\"name\":\"Reda\u00e7\u00e3o Portal MF\",\"image\":{\"@type\":\"ImageObject\",\"inLanguage\":\"pt-BR\",\"@id\":\"https:\/\/portalmf.com.br\/#\/schema\/person\/image\/\",\"url\":\"https:\/\/secure.gravatar.com\/avatar\/41b9aaeb2100835f7c64362330f74c7f?s=96&d=mm&r=g\",\"contentUrl\":\"https:\/\/secure.gravatar.com\/avatar\/41b9aaeb2100835f7c64362330f74c7f?s=96&d=mm&r=g\",\"caption\":\"Reda\u00e7\u00e3o Portal MF\"},\"description\":\"Sejam bem-vindos o portal de informa\u00e7\u00f5es de entretenimento de Feira de Santana, desde 2006 realiza coberturas dos principais eventos com entrevistas exclusivas com as principais personalidades mundiais. Fique conectado tamb\u00e9m nas redes sociais.\",\"sameAs\":[\"http:\/\/www.portalmf.com.br\/\",\"https:\/\/www.facebook.com\/portalmfoficial\",\"https:\/\/www.instagram.com\/portalmf\/\",\"https:\/\/x.com\/https:\/\/x.com\/portalmfoficial\",\"https:\/\/www.youtube.com\/@portalmfoficial\"],\"url\":\"https:\/\/portalmf.com.br\/index.php\/author\/junior\/\"}]}<\/script>\n<!-- \/ Yoast SEO plugin. -->","yoast_head_json":{"title":"CachoeiraDoc prorroga inscri\u00e7\u00f5es at\u00e9 17 de mar\u00e7o - Portal MF","robots":{"index":"index","follow":"follow","max-snippet":"max-snippet:-1","max-image-preview":"max-image-preview:large","max-video-preview":"max-video-preview:-1"},"canonical":"https:\/\/portalmf.com.br\/index.php\/2025\/03\/14\/cachoeiradoc-prorroga-inscricoes-ate-17-de-marco\/","og_locale":"pt_BR","og_type":"article","og_title":"CachoeiraDoc prorroga inscri\u00e7\u00f5es at\u00e9 17 de mar\u00e7o - Portal MF","og_description":"Profissionais, estudantes e amantes do cinema brasileiro t\u00eam at\u00e9 a pr\u00f3xima segunda-feira, 17 de mar\u00e7o, para inscreverem as suas produ\u00e7\u00f5es documentais no CachoeiraDoc, um dos maiores festivais do g\u00eanero no pa\u00eds. Em sua 10\u00aa edi\u00e7\u00e3o, o evento que ser\u00e1 sediado na cidade de Cachoeira entre os dias 10 e 15 de junho, tamb\u00e9m abrigar\u00e1 sess\u00f5es [&hellip;]","og_url":"https:\/\/portalmf.com.br\/index.php\/2025\/03\/14\/cachoeiradoc-prorroga-inscricoes-ate-17-de-marco\/","og_site_name":"Portal MF","article_author":"https:\/\/www.facebook.com\/portalmfoficial","article_published_time":"2025-03-14T20:25:28+00:00","article_modified_time":"2025-03-14T20:25:29+00:00","og_image":[{"width":1600,"height":1068,"url":"https:\/\/portalmf.com.br\/wp-content\/uploads\/2025\/02\/10a-edicao-do-CachoeiraDoc-abre-inscricoes-nesta-quarta-feira-19.jpeg","type":"image\/jpeg"}],"author":"Reda\u00e7\u00e3o Portal MF","twitter_card":"summary_large_image","twitter_creator":"@https:\/\/x.com\/portalmfoficial","twitter_misc":{"Escrito por":"Reda\u00e7\u00e3o Portal MF","Est. tempo de leitura":"5 minutos"},"schema":{"@context":"https:\/\/schema.org","@graph":[{"@type":"WebPage","@id":"https:\/\/portalmf.com.br\/index.php\/2025\/03\/14\/cachoeiradoc-prorroga-inscricoes-ate-17-de-marco\/","url":"https:\/\/portalmf.com.br\/index.php\/2025\/03\/14\/cachoeiradoc-prorroga-inscricoes-ate-17-de-marco\/","name":"CachoeiraDoc prorroga inscri\u00e7\u00f5es at\u00e9 17 de mar\u00e7o - Portal MF","isPartOf":{"@id":"https:\/\/portalmf.com.br\/#website"},"primaryImageOfPage":{"@id":"https:\/\/portalmf.com.br\/index.php\/2025\/03\/14\/cachoeiradoc-prorroga-inscricoes-ate-17-de-marco\/#primaryimage"},"image":{"@id":"https:\/\/portalmf.com.br\/index.php\/2025\/03\/14\/cachoeiradoc-prorroga-inscricoes-ate-17-de-marco\/#primaryimage"},"thumbnailUrl":"https:\/\/portalmf.com.br\/wp-content\/uploads\/2025\/02\/10a-edicao-do-CachoeiraDoc-abre-inscricoes-nesta-quarta-feira-19.jpeg","datePublished":"2025-03-14T20:25:28+00:00","dateModified":"2025-03-14T20:25:29+00:00","author":{"@id":"https:\/\/portalmf.com.br\/#\/schema\/person\/9ec101baf56233e53520c26de5d6f6f0"},"breadcrumb":{"@id":"https:\/\/portalmf.com.br\/index.php\/2025\/03\/14\/cachoeiradoc-prorroga-inscricoes-ate-17-de-marco\/#breadcrumb"},"inLanguage":"pt-BR","potentialAction":[{"@type":"ReadAction","target":["https:\/\/portalmf.com.br\/index.php\/2025\/03\/14\/cachoeiradoc-prorroga-inscricoes-ate-17-de-marco\/"]}]},{"@type":"ImageObject","inLanguage":"pt-BR","@id":"https:\/\/portalmf.com.br\/index.php\/2025\/03\/14\/cachoeiradoc-prorroga-inscricoes-ate-17-de-marco\/#primaryimage","url":"https:\/\/portalmf.com.br\/wp-content\/uploads\/2025\/02\/10a-edicao-do-CachoeiraDoc-abre-inscricoes-nesta-quarta-feira-19.jpeg","contentUrl":"https:\/\/portalmf.com.br\/wp-content\/uploads\/2025\/02\/10a-edicao-do-CachoeiraDoc-abre-inscricoes-nesta-quarta-feira-19.jpeg","width":1600,"height":1068},{"@type":"BreadcrumbList","@id":"https:\/\/portalmf.com.br\/index.php\/2025\/03\/14\/cachoeiradoc-prorroga-inscricoes-ate-17-de-marco\/#breadcrumb","itemListElement":[{"@type":"ListItem","position":1,"name":"In\u00edcio","item":"https:\/\/portalmf.com.br\/"},{"@type":"ListItem","position":2,"name":"CachoeiraDoc prorroga inscri\u00e7\u00f5es at\u00e9 17 de mar\u00e7o"}]},{"@type":"WebSite","@id":"https:\/\/portalmf.com.br\/#website","url":"https:\/\/portalmf.com.br\/","name":"Portal MF","description":"Voc\u00ea conectado com a informa\u00e7\u00e3o","potentialAction":[{"@type":"SearchAction","target":{"@type":"EntryPoint","urlTemplate":"https:\/\/portalmf.com.br\/?s={search_term_string}"},"query-input":"required name=search_term_string"}],"inLanguage":"pt-BR"},{"@type":"Person","@id":"https:\/\/portalmf.com.br\/#\/schema\/person\/9ec101baf56233e53520c26de5d6f6f0","name":"Reda\u00e7\u00e3o Portal MF","image":{"@type":"ImageObject","inLanguage":"pt-BR","@id":"https:\/\/portalmf.com.br\/#\/schema\/person\/image\/","url":"https:\/\/secure.gravatar.com\/avatar\/41b9aaeb2100835f7c64362330f74c7f?s=96&d=mm&r=g","contentUrl":"https:\/\/secure.gravatar.com\/avatar\/41b9aaeb2100835f7c64362330f74c7f?s=96&d=mm&r=g","caption":"Reda\u00e7\u00e3o Portal MF"},"description":"Sejam bem-vindos o portal de informa\u00e7\u00f5es de entretenimento de Feira de Santana, desde 2006 realiza coberturas dos principais eventos com entrevistas exclusivas com as principais personalidades mundiais. Fique conectado tamb\u00e9m nas redes sociais.","sameAs":["http:\/\/www.portalmf.com.br\/","https:\/\/www.facebook.com\/portalmfoficial","https:\/\/www.instagram.com\/portalmf\/","https:\/\/x.com\/https:\/\/x.com\/portalmfoficial","https:\/\/www.youtube.com\/@portalmfoficial"],"url":"https:\/\/portalmf.com.br\/index.php\/author\/junior\/"}]}},"_links":{"self":[{"href":"https:\/\/portalmf.com.br\/index.php\/wp-json\/wp\/v2\/posts\/34787"}],"collection":[{"href":"https:\/\/portalmf.com.br\/index.php\/wp-json\/wp\/v2\/posts"}],"about":[{"href":"https:\/\/portalmf.com.br\/index.php\/wp-json\/wp\/v2\/types\/post"}],"author":[{"embeddable":true,"href":"https:\/\/portalmf.com.br\/index.php\/wp-json\/wp\/v2\/users\/3"}],"replies":[{"embeddable":true,"href":"https:\/\/portalmf.com.br\/index.php\/wp-json\/wp\/v2\/comments?post=34787"}],"version-history":[{"count":1,"href":"https:\/\/portalmf.com.br\/index.php\/wp-json\/wp\/v2\/posts\/34787\/revisions"}],"predecessor-version":[{"id":34788,"href":"https:\/\/portalmf.com.br\/index.php\/wp-json\/wp\/v2\/posts\/34787\/revisions\/34788"}],"wp:featuredmedia":[{"embeddable":true,"href":"https:\/\/portalmf.com.br\/index.php\/wp-json\/wp\/v2\/media\/34293"}],"wp:attachment":[{"href":"https:\/\/portalmf.com.br\/index.php\/wp-json\/wp\/v2\/media?parent=34787"}],"wp:term":[{"taxonomy":"category","embeddable":true,"href":"https:\/\/portalmf.com.br\/index.php\/wp-json\/wp\/v2\/categories?post=34787"},{"taxonomy":"post_tag","embeddable":true,"href":"https:\/\/portalmf.com.br\/index.php\/wp-json\/wp\/v2\/tags?post=34787"}],"curies":[{"name":"wp","href":"https:\/\/api.w.org\/{rel}","templated":true}]}}