{"id":34779,"date":"2025-03-14T15:35:38","date_gmt":"2025-03-14T18:35:38","guid":{"rendered":"https:\/\/portalmf.com.br\/?p=34779"},"modified":"2025-03-14T17:07:13","modified_gmt":"2025-03-14T20:07:13","slug":"bell-marques-fara-abertura-da-micareta-de-feira-2025-confira-as-atracoes-confirmadas","status":"publish","type":"post","link":"https:\/\/portalmf.com.br\/index.php\/2025\/03\/14\/bell-marques-fara-abertura-da-micareta-de-feira-2025-confira-as-atracoes-confirmadas\/","title":{"rendered":"Bell Marques far\u00e1 abertura da Micareta de Feira 2025, confira as atra\u00e7\u00f5es confirmadas"},"content":{"rendered":"\n<p>Na manh\u00e3 deste sexta-feira, o prefeito Jos\u00e9 Ronaldo, acompanhado do secret\u00e1rio de Cultura Esporte e lazer Ant\u00f4nio Lobo, divulgaram as primeiras atra\u00e7\u00f5es confirmadas para a Micareta de Feira 2025, que acontece entre os dias 1 a 4 de maio, no circuito Maneca Ferreira<\/p>\n\n\n\n<p><em>&#8220;Em nenhum momento eu disse que a Micareta n\u00e3o seria realizada assumimos os compromissos com o povo de Feira de Santana e vamos cumprir, a Micareta \u00e9 uma tradi\u00e7\u00e3o da cidade e 15 dias ap\u00f3s as elei\u00e7\u00f5es de 2024, marcamos a data da festa, mostrando o nosso compromisso com o evento e n\u00e3o deixamos d\u00favidas nenhuma que a festa aconteceria. Para mim a Micareta \u00e9 a segunda maior festa popular de rua deste pa\u00eds, s\u00f3 perdendo para Salvador\u201d,<\/em> disse Jos\u00e9 Ronaldo<\/p>\n\n\n\n<figure class=\"wp-block-image size-large\"><img fetchpriority=\"high\" decoding=\"async\" width=\"1024\" height=\"768\" src=\"https:\/\/portalmf.com.br\/wp-content\/uploads\/2025\/03\/coletiva_micareta_2025_1-1024x768.jpg\" alt=\"\" class=\"wp-image-34782\" srcset=\"https:\/\/portalmf.com.br\/wp-content\/uploads\/2025\/03\/coletiva_micareta_2025_1-1024x768.jpg 1024w, https:\/\/portalmf.com.br\/wp-content\/uploads\/2025\/03\/coletiva_micareta_2025_1-300x225.jpg 300w, https:\/\/portalmf.com.br\/wp-content\/uploads\/2025\/03\/coletiva_micareta_2025_1-768x576.jpg 768w, https:\/\/portalmf.com.br\/wp-content\/uploads\/2025\/03\/coletiva_micareta_2025_1-1536x1152.jpg 1536w, https:\/\/portalmf.com.br\/wp-content\/uploads\/2025\/03\/coletiva_micareta_2025_1-696x522.jpg 696w, https:\/\/portalmf.com.br\/wp-content\/uploads\/2025\/03\/coletiva_micareta_2025_1-1068x801.jpg 1068w, https:\/\/portalmf.com.br\/wp-content\/uploads\/2025\/03\/coletiva_micareta_2025_1.jpg 1600w\" sizes=\"(max-width: 1024px) 100vw, 1024px\" \/><figcaption class=\"wp-element-caption\"><strong>Foto: Reginaldo Junior \/ Portal MF<\/strong><\/figcaption><\/figure>\n\n\n\n<p>O prefeito em discurso, confirmou a realiza\u00e7\u00e3o do evento, que em 2025 chega a sua 81\u00ba edi\u00e7\u00e3o e ter\u00e1 como tema<strong><em> Arte, ax\u00e9 e alegria<\/em><\/strong>, tendo como homenageado o artista pl\u00e1stico Juraci Doria.<\/p>\n\n\n\n<figure class=\"wp-block-image size-large\"><img decoding=\"async\" width=\"1024\" height=\"768\" src=\"https:\/\/portalmf.com.br\/wp-content\/uploads\/2025\/03\/coletiva_micareta_2025-1024x768.jpg\" alt=\"\" class=\"wp-image-34784\" srcset=\"https:\/\/portalmf.com.br\/wp-content\/uploads\/2025\/03\/coletiva_micareta_2025-1024x768.jpg 1024w, https:\/\/portalmf.com.br\/wp-content\/uploads\/2025\/03\/coletiva_micareta_2025-300x225.jpg 300w, https:\/\/portalmf.com.br\/wp-content\/uploads\/2025\/03\/coletiva_micareta_2025-768x576.jpg 768w, https:\/\/portalmf.com.br\/wp-content\/uploads\/2025\/03\/coletiva_micareta_2025-1536x1152.jpg 1536w, https:\/\/portalmf.com.br\/wp-content\/uploads\/2025\/03\/coletiva_micareta_2025-696x522.jpg 696w, https:\/\/portalmf.com.br\/wp-content\/uploads\/2025\/03\/coletiva_micareta_2025-1068x801.jpg 1068w, https:\/\/portalmf.com.br\/wp-content\/uploads\/2025\/03\/coletiva_micareta_2025.jpg 1600w\" sizes=\"(max-width: 1024px) 100vw, 1024px\" \/><figcaption class=\"wp-element-caption\">Foto: Reginaldo Junior \/ Portal MF<\/figcaption><\/figure>\n\n\n\n<p>Abertura do evento ficar\u00e1 com conta de Bell Marques, na quinta-feira (01) a partir das 15 horas. Al\u00e9m das atra\u00e7\u00f5es locais tamb\u00e9m foram confirmadas atra\u00e7\u00f5es locais, em breve ser\u00e1 divulgada a grade completa de artistas que ir\u00e3o compor a Micareta<\/p>\n\n\n\n<p>Confira as atra\u00e7\u00f5es confirmadas para Micareta de Feira 2025<\/p>\n\n\n\n<p>Bell Marques<\/p>\n\n\n\n<p>Mari Fernandez<\/p>\n\n\n\n<p>Durval Lellys<\/p>\n\n\n\n<p>Toque Dez<\/p>\n\n\n\n<p>Luiz Caldas<\/p>\n\n\n\n<p>Timbalada<\/p>\n\n\n\n<p>\u00c9 o Tchan<\/p>\n\n\n\n<p>L\u00e9o Santana<\/p>\n\n\n\n<p>Xanddy Harmonia<\/p>\n\n\n\n<p>Psirico<\/p>\n\n\n\n<p>Armadinho<\/p>\n\n\n\n<p>Tony Salles<\/p>\n\n\n\n<p>Asas Livres e Silfarley<\/p>\n\n\n\n<p>Tayrone<\/p>\n\n\n\n<p>Escandurras<\/p>\n\n\n\n<p>Olodum<\/p>\n\n\n\n<p>Netto Brito<\/p>\n\n\n\n<p>L\u00e1 F\u00faria<\/p>\n\n\n\n<p>Oh Pol\u00eamico<\/p>\n\n\n\n<p>O Kannalha<\/p>\n\n\n\n<p>L\u00e1 F\u00faria<\/p>\n\n\n\n<p>Filhos de Jorge<\/p>\n\n\n\n<p>Djalma Ferreira<\/p>\n\n\n\n<p>Paulo Binda<\/p>\n\n\n\n<p>Marcia Porto<\/p>\n\n\n\n<p>Dionorina<\/p>\n\n\n\n<p>Mary Z\u00e9lia<\/p>\n","protected":false},"excerpt":{"rendered":"<p>Na manh\u00e3 deste sexta-feira, o prefeito Jos\u00e9 Ronaldo, acompanhado do secret\u00e1rio de Cultura Esporte e lazer Ant\u00f4nio Lobo, divulgaram as primeiras atra\u00e7\u00f5es confirmadas para a Micareta de Feira 2025, que acontece entre os dias 1 a 4 de maio, no circuito Maneca Ferreira &#8220;Em nenhum momento eu disse que a Micareta n\u00e3o seria realizada assumimos [&hellip;]<\/p>\n","protected":false},"author":2,"featured_media":23810,"comment_status":"open","ping_status":"open","sticky":false,"template":"","format":"standard","meta":{"_monsterinsights_skip_tracking":false,"_monsterinsights_sitenote_active":false,"_monsterinsights_sitenote_note":"","_monsterinsights_sitenote_category":0,"footnotes":""},"categories":[48,39],"tags":[],"yoast_head":"<!-- This site is optimized with the Yoast SEO plugin v22.9 - https:\/\/yoast.com\/wordpress\/plugins\/seo\/ -->\n<title>Bell Marques far\u00e1 abertura da Micareta de Feira 2025, confira as atra\u00e7\u00f5es confirmadas - Portal MF<\/title>\n<meta name=\"robots\" content=\"index, follow, max-snippet:-1, max-image-preview:large, max-video-preview:-1\" \/>\n<link rel=\"canonical\" href=\"https:\/\/portalmf.com.br\/index.php\/2025\/03\/14\/bell-marques-fara-abertura-da-micareta-de-feira-2025-confira-as-atracoes-confirmadas\/\" \/>\n<meta property=\"og:locale\" content=\"pt_BR\" \/>\n<meta property=\"og:type\" content=\"article\" \/>\n<meta property=\"og:title\" content=\"Bell Marques far\u00e1 abertura da Micareta de Feira 2025, confira as atra\u00e7\u00f5es confirmadas - Portal MF\" \/>\n<meta property=\"og:description\" content=\"Na manh\u00e3 deste sexta-feira, o prefeito Jos\u00e9 Ronaldo, acompanhado do secret\u00e1rio de Cultura Esporte e lazer Ant\u00f4nio Lobo, divulgaram as primeiras atra\u00e7\u00f5es confirmadas para a Micareta de Feira 2025, que acontece entre os dias 1 a 4 de maio, no circuito Maneca Ferreira &#8220;Em nenhum momento eu disse que a Micareta n\u00e3o seria realizada assumimos [&hellip;]\" \/>\n<meta property=\"og:url\" content=\"https:\/\/portalmf.com.br\/index.php\/2025\/03\/14\/bell-marques-fara-abertura-da-micareta-de-feira-2025-confira-as-atracoes-confirmadas\/\" \/>\n<meta property=\"og:site_name\" content=\"Portal MF\" \/>\n<meta property=\"article:author\" content=\"reginaldojrfsa\" \/>\n<meta property=\"article:published_time\" content=\"2025-03-14T18:35:38+00:00\" \/>\n<meta property=\"article:modified_time\" content=\"2025-03-14T20:07:13+00:00\" \/>\n<meta property=\"og:image\" content=\"https:\/\/portalmf.com.br\/wp-content\/uploads\/2024\/02\/Bell-Marques-encerra-Carnaval-da-Bahia-2024-no-tradicional-3.jpg\" \/>\n\t<meta property=\"og:image:width\" content=\"1280\" \/>\n\t<meta property=\"og:image:height\" content=\"853\" \/>\n\t<meta property=\"og:image:type\" content=\"image\/jpeg\" \/>\n<meta name=\"author\" content=\"Reginaldo J\u00fanior\" \/>\n<meta name=\"twitter:card\" content=\"summary_large_image\" \/>\n<meta name=\"twitter:creator\" content=\"@reginaldojrmf\" \/>\n<meta name=\"twitter:label1\" content=\"Escrito por\" \/>\n\t<meta name=\"twitter:data1\" content=\"Reginaldo J\u00fanior\" \/>\n\t<meta name=\"twitter:label2\" content=\"Est. tempo de leitura\" \/>\n\t<meta name=\"twitter:data2\" content=\"3 minutos\" \/>\n<script type=\"application\/ld+json\" class=\"yoast-schema-graph\">{\"@context\":\"https:\/\/schema.org\",\"@graph\":[{\"@type\":\"WebPage\",\"@id\":\"https:\/\/portalmf.com.br\/index.php\/2025\/03\/14\/bell-marques-fara-abertura-da-micareta-de-feira-2025-confira-as-atracoes-confirmadas\/\",\"url\":\"https:\/\/portalmf.com.br\/index.php\/2025\/03\/14\/bell-marques-fara-abertura-da-micareta-de-feira-2025-confira-as-atracoes-confirmadas\/\",\"name\":\"Bell Marques far\u00e1 abertura da Micareta de Feira 2025, confira as atra\u00e7\u00f5es confirmadas - Portal MF\",\"isPartOf\":{\"@id\":\"https:\/\/portalmf.com.br\/#website\"},\"primaryImageOfPage\":{\"@id\":\"https:\/\/portalmf.com.br\/index.php\/2025\/03\/14\/bell-marques-fara-abertura-da-micareta-de-feira-2025-confira-as-atracoes-confirmadas\/#primaryimage\"},\"image\":{\"@id\":\"https:\/\/portalmf.com.br\/index.php\/2025\/03\/14\/bell-marques-fara-abertura-da-micareta-de-feira-2025-confira-as-atracoes-confirmadas\/#primaryimage\"},\"thumbnailUrl\":\"https:\/\/portalmf.com.br\/wp-content\/uploads\/2024\/02\/Bell-Marques-encerra-Carnaval-da-Bahia-2024-no-tradicional-3.jpg\",\"datePublished\":\"2025-03-14T18:35:38+00:00\",\"dateModified\":\"2025-03-14T20:07:13+00:00\",\"author\":{\"@id\":\"https:\/\/portalmf.com.br\/#\/schema\/person\/11c82086fe8abc05a19147e964587285\"},\"breadcrumb\":{\"@id\":\"https:\/\/portalmf.com.br\/index.php\/2025\/03\/14\/bell-marques-fara-abertura-da-micareta-de-feira-2025-confira-as-atracoes-confirmadas\/#breadcrumb\"},\"inLanguage\":\"pt-BR\",\"potentialAction\":[{\"@type\":\"ReadAction\",\"target\":[\"https:\/\/portalmf.com.br\/index.php\/2025\/03\/14\/bell-marques-fara-abertura-da-micareta-de-feira-2025-confira-as-atracoes-confirmadas\/\"]}]},{\"@type\":\"ImageObject\",\"inLanguage\":\"pt-BR\",\"@id\":\"https:\/\/portalmf.com.br\/index.php\/2025\/03\/14\/bell-marques-fara-abertura-da-micareta-de-feira-2025-confira-as-atracoes-confirmadas\/#primaryimage\",\"url\":\"https:\/\/portalmf.com.br\/wp-content\/uploads\/2024\/02\/Bell-Marques-encerra-Carnaval-da-Bahia-2024-no-tradicional-3.jpg\",\"contentUrl\":\"https:\/\/portalmf.com.br\/wp-content\/uploads\/2024\/02\/Bell-Marques-encerra-Carnaval-da-Bahia-2024-no-tradicional-3.jpg\",\"width\":1280,\"height\":853},{\"@type\":\"BreadcrumbList\",\"@id\":\"https:\/\/portalmf.com.br\/index.php\/2025\/03\/14\/bell-marques-fara-abertura-da-micareta-de-feira-2025-confira-as-atracoes-confirmadas\/#breadcrumb\",\"itemListElement\":[{\"@type\":\"ListItem\",\"position\":1,\"name\":\"In\u00edcio\",\"item\":\"https:\/\/portalmf.com.br\/\"},{\"@type\":\"ListItem\",\"position\":2,\"name\":\"Bell Marques far\u00e1 abertura da Micareta de Feira 2025, confira as atra\u00e7\u00f5es confirmadas\"}]},{\"@type\":\"WebSite\",\"@id\":\"https:\/\/portalmf.com.br\/#website\",\"url\":\"https:\/\/portalmf.com.br\/\",\"name\":\"Portal MF\",\"description\":\"Voc\u00ea conectado com a informa\u00e7\u00e3o\",\"potentialAction\":[{\"@type\":\"SearchAction\",\"target\":{\"@type\":\"EntryPoint\",\"urlTemplate\":\"https:\/\/portalmf.com.br\/?s={search_term_string}\"},\"query-input\":\"required name=search_term_string\"}],\"inLanguage\":\"pt-BR\"},{\"@type\":\"Person\",\"@id\":\"https:\/\/portalmf.com.br\/#\/schema\/person\/11c82086fe8abc05a19147e964587285\",\"name\":\"Reginaldo J\u00fanior\",\"image\":{\"@type\":\"ImageObject\",\"inLanguage\":\"pt-BR\",\"@id\":\"https:\/\/portalmf.com.br\/#\/schema\/person\/image\/\",\"url\":\"https:\/\/secure.gravatar.com\/avatar\/32a3c797cd0ac47cc53b8644c62776f9?s=96&d=mm&r=g\",\"contentUrl\":\"https:\/\/secure.gravatar.com\/avatar\/32a3c797cd0ac47cc53b8644c62776f9?s=96&d=mm&r=g\",\"caption\":\"Reginaldo J\u00fanior\"},\"description\":\"Jornalista e idealizador Portal MF\",\"sameAs\":[\"https:\/\/portalmf.com.br\/index.php\/author\/reginaldojr\/\",\"reginaldojrfsa\",\"reginaldojuniormf\",\"https:\/\/x.com\/reginaldojrmf\"],\"url\":\"https:\/\/portalmf.com.br\/index.php\/author\/reginaldojr\/\"}]}<\/script>\n<!-- \/ Yoast SEO plugin. -->","yoast_head_json":{"title":"Bell Marques far\u00e1 abertura da Micareta de Feira 2025, confira as atra\u00e7\u00f5es confirmadas - Portal MF","robots":{"index":"index","follow":"follow","max-snippet":"max-snippet:-1","max-image-preview":"max-image-preview:large","max-video-preview":"max-video-preview:-1"},"canonical":"https:\/\/portalmf.com.br\/index.php\/2025\/03\/14\/bell-marques-fara-abertura-da-micareta-de-feira-2025-confira-as-atracoes-confirmadas\/","og_locale":"pt_BR","og_type":"article","og_title":"Bell Marques far\u00e1 abertura da Micareta de Feira 2025, confira as atra\u00e7\u00f5es confirmadas - Portal MF","og_description":"Na manh\u00e3 deste sexta-feira, o prefeito Jos\u00e9 Ronaldo, acompanhado do secret\u00e1rio de Cultura Esporte e lazer Ant\u00f4nio Lobo, divulgaram as primeiras atra\u00e7\u00f5es confirmadas para a Micareta de Feira 2025, que acontece entre os dias 1 a 4 de maio, no circuito Maneca Ferreira &#8220;Em nenhum momento eu disse que a Micareta n\u00e3o seria realizada assumimos [&hellip;]","og_url":"https:\/\/portalmf.com.br\/index.php\/2025\/03\/14\/bell-marques-fara-abertura-da-micareta-de-feira-2025-confira-as-atracoes-confirmadas\/","og_site_name":"Portal MF","article_author":"reginaldojrfsa","article_published_time":"2025-03-14T18:35:38+00:00","article_modified_time":"2025-03-14T20:07:13+00:00","og_image":[{"width":1280,"height":853,"url":"https:\/\/portalmf.com.br\/wp-content\/uploads\/2024\/02\/Bell-Marques-encerra-Carnaval-da-Bahia-2024-no-tradicional-3.jpg","type":"image\/jpeg"}],"author":"Reginaldo J\u00fanior","twitter_card":"summary_large_image","twitter_creator":"@reginaldojrmf","twitter_misc":{"Escrito por":"Reginaldo J\u00fanior","Est. tempo de leitura":"3 minutos"},"schema":{"@context":"https:\/\/schema.org","@graph":[{"@type":"WebPage","@id":"https:\/\/portalmf.com.br\/index.php\/2025\/03\/14\/bell-marques-fara-abertura-da-micareta-de-feira-2025-confira-as-atracoes-confirmadas\/","url":"https:\/\/portalmf.com.br\/index.php\/2025\/03\/14\/bell-marques-fara-abertura-da-micareta-de-feira-2025-confira-as-atracoes-confirmadas\/","name":"Bell Marques far\u00e1 abertura da Micareta de Feira 2025, confira as atra\u00e7\u00f5es confirmadas - Portal MF","isPartOf":{"@id":"https:\/\/portalmf.com.br\/#website"},"primaryImageOfPage":{"@id":"https:\/\/portalmf.com.br\/index.php\/2025\/03\/14\/bell-marques-fara-abertura-da-micareta-de-feira-2025-confira-as-atracoes-confirmadas\/#primaryimage"},"image":{"@id":"https:\/\/portalmf.com.br\/index.php\/2025\/03\/14\/bell-marques-fara-abertura-da-micareta-de-feira-2025-confira-as-atracoes-confirmadas\/#primaryimage"},"thumbnailUrl":"https:\/\/portalmf.com.br\/wp-content\/uploads\/2024\/02\/Bell-Marques-encerra-Carnaval-da-Bahia-2024-no-tradicional-3.jpg","datePublished":"2025-03-14T18:35:38+00:00","dateModified":"2025-03-14T20:07:13+00:00","author":{"@id":"https:\/\/portalmf.com.br\/#\/schema\/person\/11c82086fe8abc05a19147e964587285"},"breadcrumb":{"@id":"https:\/\/portalmf.com.br\/index.php\/2025\/03\/14\/bell-marques-fara-abertura-da-micareta-de-feira-2025-confira-as-atracoes-confirmadas\/#breadcrumb"},"inLanguage":"pt-BR","potentialAction":[{"@type":"ReadAction","target":["https:\/\/portalmf.com.br\/index.php\/2025\/03\/14\/bell-marques-fara-abertura-da-micareta-de-feira-2025-confira-as-atracoes-confirmadas\/"]}]},{"@type":"ImageObject","inLanguage":"pt-BR","@id":"https:\/\/portalmf.com.br\/index.php\/2025\/03\/14\/bell-marques-fara-abertura-da-micareta-de-feira-2025-confira-as-atracoes-confirmadas\/#primaryimage","url":"https:\/\/portalmf.com.br\/wp-content\/uploads\/2024\/02\/Bell-Marques-encerra-Carnaval-da-Bahia-2024-no-tradicional-3.jpg","contentUrl":"https:\/\/portalmf.com.br\/wp-content\/uploads\/2024\/02\/Bell-Marques-encerra-Carnaval-da-Bahia-2024-no-tradicional-3.jpg","width":1280,"height":853},{"@type":"BreadcrumbList","@id":"https:\/\/portalmf.com.br\/index.php\/2025\/03\/14\/bell-marques-fara-abertura-da-micareta-de-feira-2025-confira-as-atracoes-confirmadas\/#breadcrumb","itemListElement":[{"@type":"ListItem","position":1,"name":"In\u00edcio","item":"https:\/\/portalmf.com.br\/"},{"@type":"ListItem","position":2,"name":"Bell Marques far\u00e1 abertura da Micareta de Feira 2025, confira as atra\u00e7\u00f5es confirmadas"}]},{"@type":"WebSite","@id":"https:\/\/portalmf.com.br\/#website","url":"https:\/\/portalmf.com.br\/","name":"Portal MF","description":"Voc\u00ea conectado com a informa\u00e7\u00e3o","potentialAction":[{"@type":"SearchAction","target":{"@type":"EntryPoint","urlTemplate":"https:\/\/portalmf.com.br\/?s={search_term_string}"},"query-input":"required name=search_term_string"}],"inLanguage":"pt-BR"},{"@type":"Person","@id":"https:\/\/portalmf.com.br\/#\/schema\/person\/11c82086fe8abc05a19147e964587285","name":"Reginaldo J\u00fanior","image":{"@type":"ImageObject","inLanguage":"pt-BR","@id":"https:\/\/portalmf.com.br\/#\/schema\/person\/image\/","url":"https:\/\/secure.gravatar.com\/avatar\/32a3c797cd0ac47cc53b8644c62776f9?s=96&d=mm&r=g","contentUrl":"https:\/\/secure.gravatar.com\/avatar\/32a3c797cd0ac47cc53b8644c62776f9?s=96&d=mm&r=g","caption":"Reginaldo J\u00fanior"},"description":"Jornalista e idealizador Portal MF","sameAs":["https:\/\/portalmf.com.br\/index.php\/author\/reginaldojr\/","reginaldojrfsa","reginaldojuniormf","https:\/\/x.com\/reginaldojrmf"],"url":"https:\/\/portalmf.com.br\/index.php\/author\/reginaldojr\/"}]}},"_links":{"self":[{"href":"https:\/\/portalmf.com.br\/index.php\/wp-json\/wp\/v2\/posts\/34779"}],"collection":[{"href":"https:\/\/portalmf.com.br\/index.php\/wp-json\/wp\/v2\/posts"}],"about":[{"href":"https:\/\/portalmf.com.br\/index.php\/wp-json\/wp\/v2\/types\/post"}],"author":[{"embeddable":true,"href":"https:\/\/portalmf.com.br\/index.php\/wp-json\/wp\/v2\/users\/2"}],"replies":[{"embeddable":true,"href":"https:\/\/portalmf.com.br\/index.php\/wp-json\/wp\/v2\/comments?post=34779"}],"version-history":[{"count":4,"href":"https:\/\/portalmf.com.br\/index.php\/wp-json\/wp\/v2\/posts\/34779\/revisions"}],"predecessor-version":[{"id":34786,"href":"https:\/\/portalmf.com.br\/index.php\/wp-json\/wp\/v2\/posts\/34779\/revisions\/34786"}],"wp:featuredmedia":[{"embeddable":true,"href":"https:\/\/portalmf.com.br\/index.php\/wp-json\/wp\/v2\/media\/23810"}],"wp:attachment":[{"href":"https:\/\/portalmf.com.br\/index.php\/wp-json\/wp\/v2\/media?parent=34779"}],"wp:term":[{"taxonomy":"category","embeddable":true,"href":"https:\/\/portalmf.com.br\/index.php\/wp-json\/wp\/v2\/categories?post=34779"},{"taxonomy":"post_tag","embeddable":true,"href":"https:\/\/portalmf.com.br\/index.php\/wp-json\/wp\/v2\/tags?post=34779"}],"curies":[{"name":"wp","href":"https:\/\/api.w.org\/{rel}","templated":true}]}}