{"id":34716,"date":"2025-03-12T16:31:00","date_gmt":"2025-03-12T19:31:00","guid":{"rendered":"https:\/\/portalmf.com.br\/?p=34716"},"modified":"2025-03-12T18:17:25","modified_gmt":"2025-03-12T21:17:25","slug":"timbalada-confirma-dois-dias-de-desfile-no-carnaval-de-2026","status":"publish","type":"post","link":"https:\/\/portalmf.com.br\/index.php\/2025\/03\/12\/timbalada-confirma-dois-dias-de-desfile-no-carnaval-de-2026\/","title":{"rendered":"Timbalada confirma dois dias de desfile no Carnaval de 2026"},"content":{"rendered":"\n<p>Para quem j\u00e1 est\u00e1 com saudade\u00a0do Carnaval 2025, aqui vai uma boa not\u00edcia: a banda Timbalada j\u00e1 confirmou dois dias de desfile na folia do ano que vem. O grupo puxa o bloco Timbalada nos dias 13 e 14 de fevereiro de 2026, no Circuito Barra-Ondina.<\/p>\n\n\n\n<p>A novidade foi confirmada\u00a0na conta do Instagram da banda, que ainda confirmou que o mestre\u00a0Carlinhos Brown marcar\u00e1\u00a0presen\u00e7a mais uma vez no desfile.<\/p>\n\n\n\n<h2 class=\"wp-block-heading\">Abad\u00e1s para Timbalada no Carnaval 2026 j\u00e1 est\u00e3o dispon\u00edveis<\/h2>\n\n\n\n<p>Os abad\u00e1s para o bloco Timbalada j\u00e1 est\u00e3o dispon\u00edveis na<a href=\"https:\/\/www.queroabada.com.br\/atracao\/banda-timbalada?srsltid=AfmBOoqRmDyS16rQXDkN66QPkf1QcRGp9motfeAW4_RYr15Q8Cz_r3Uh\" target=\"_blank\" rel=\"noreferrer noopener\">\u00a0plataforma Quero Abad\u00e1<\/a>, e custam entre R$450 e R$800, dependendo da categoria. Neste primeiro momento est\u00e3o dispon\u00edveis os abad\u00e1s individuais para um dos dias, ou os dois.<\/p>\n\n\n\n<p>\u00c9 tamb\u00e9m importante lembrar que o grupo Timbalada tem\u00a0grava\u00e7\u00e3o de DVD j\u00e1 agendada\u00a0para o dia 19 de mar\u00e7o, em Salvador. A grava\u00e7\u00e3o ser\u00e1 no Candy All Guetho Square, espa\u00e7o que pertence ao criador do grupo, Carlinhos Brown.<\/p>\n\n\n\n<p>Com informa\u00e7\u00f5es do Ibahia<\/p>\n","protected":false},"excerpt":{"rendered":"<p>Para quem j\u00e1 est\u00e1 com saudade\u00a0do Carnaval 2025, aqui vai uma boa not\u00edcia: a banda Timbalada j\u00e1 confirmou dois dias de desfile na folia do ano que vem. O grupo puxa o bloco Timbalada nos dias 13 e 14 de fevereiro de 2026, no Circuito Barra-Ondina. A novidade foi confirmada\u00a0na conta do Instagram da banda, [&hellip;]<\/p>\n","protected":false},"author":3,"featured_media":23359,"comment_status":"open","ping_status":"open","sticky":false,"template":"","format":"standard","meta":{"_monsterinsights_skip_tracking":false,"_monsterinsights_sitenote_active":false,"_monsterinsights_sitenote_note":"","_monsterinsights_sitenote_category":0,"footnotes":""},"categories":[44,48],"tags":[],"yoast_head":"<!-- This site is optimized with the Yoast SEO plugin v22.9 - https:\/\/yoast.com\/wordpress\/plugins\/seo\/ -->\n<title>Timbalada confirma dois dias de desfile no Carnaval de 2026 - Portal MF<\/title>\n<meta name=\"robots\" content=\"index, follow, max-snippet:-1, max-image-preview:large, max-video-preview:-1\" \/>\n<link rel=\"canonical\" href=\"https:\/\/portalmf.com.br\/index.php\/2025\/03\/12\/timbalada-confirma-dois-dias-de-desfile-no-carnaval-de-2026\/\" \/>\n<meta property=\"og:locale\" content=\"pt_BR\" \/>\n<meta property=\"og:type\" content=\"article\" \/>\n<meta property=\"og:title\" content=\"Timbalada confirma dois dias de desfile no Carnaval de 2026 - Portal MF\" \/>\n<meta property=\"og:description\" content=\"Para quem j\u00e1 est\u00e1 com saudade\u00a0do Carnaval 2025, aqui vai uma boa not\u00edcia: a banda Timbalada j\u00e1 confirmou dois dias de desfile na folia do ano que vem. O grupo puxa o bloco Timbalada nos dias 13 e 14 de fevereiro de 2026, no Circuito Barra-Ondina. A novidade foi confirmada\u00a0na conta do Instagram da banda, [&hellip;]\" \/>\n<meta property=\"og:url\" content=\"https:\/\/portalmf.com.br\/index.php\/2025\/03\/12\/timbalada-confirma-dois-dias-de-desfile-no-carnaval-de-2026\/\" \/>\n<meta property=\"og:site_name\" content=\"Portal MF\" \/>\n<meta property=\"article:author\" content=\"https:\/\/www.facebook.com\/portalmfoficial\" \/>\n<meta property=\"article:published_time\" content=\"2025-03-12T19:31:00+00:00\" \/>\n<meta property=\"article:modified_time\" content=\"2025-03-12T21:17:25+00:00\" \/>\n<meta property=\"og:image\" content=\"https:\/\/portalmf.com.br\/wp-content\/uploads\/2024\/02\/Timbalada-2024.jpg\" \/>\n\t<meta property=\"og:image:width\" content=\"800\" \/>\n\t<meta property=\"og:image:height\" content=\"600\" \/>\n\t<meta property=\"og:image:type\" content=\"image\/jpeg\" \/>\n<meta name=\"author\" content=\"Reda\u00e7\u00e3o Portal MF\" \/>\n<meta name=\"twitter:card\" content=\"summary_large_image\" \/>\n<meta name=\"twitter:creator\" content=\"@https:\/\/x.com\/portalmfoficial\" \/>\n<meta name=\"twitter:label1\" content=\"Escrito por\" \/>\n\t<meta name=\"twitter:data1\" content=\"Reda\u00e7\u00e3o Portal MF\" \/>\n\t<meta name=\"twitter:label2\" content=\"Est. tempo de leitura\" \/>\n\t<meta name=\"twitter:data2\" content=\"2 minutos\" \/>\n<script type=\"application\/ld+json\" class=\"yoast-schema-graph\">{\"@context\":\"https:\/\/schema.org\",\"@graph\":[{\"@type\":\"WebPage\",\"@id\":\"https:\/\/portalmf.com.br\/index.php\/2025\/03\/12\/timbalada-confirma-dois-dias-de-desfile-no-carnaval-de-2026\/\",\"url\":\"https:\/\/portalmf.com.br\/index.php\/2025\/03\/12\/timbalada-confirma-dois-dias-de-desfile-no-carnaval-de-2026\/\",\"name\":\"Timbalada confirma dois dias de desfile no Carnaval de 2026 - Portal MF\",\"isPartOf\":{\"@id\":\"https:\/\/portalmf.com.br\/#website\"},\"primaryImageOfPage\":{\"@id\":\"https:\/\/portalmf.com.br\/index.php\/2025\/03\/12\/timbalada-confirma-dois-dias-de-desfile-no-carnaval-de-2026\/#primaryimage\"},\"image\":{\"@id\":\"https:\/\/portalmf.com.br\/index.php\/2025\/03\/12\/timbalada-confirma-dois-dias-de-desfile-no-carnaval-de-2026\/#primaryimage\"},\"thumbnailUrl\":\"https:\/\/portalmf.com.br\/wp-content\/uploads\/2024\/02\/Timbalada-2024.jpg\",\"datePublished\":\"2025-03-12T19:31:00+00:00\",\"dateModified\":\"2025-03-12T21:17:25+00:00\",\"author\":{\"@id\":\"https:\/\/portalmf.com.br\/#\/schema\/person\/9ec101baf56233e53520c26de5d6f6f0\"},\"breadcrumb\":{\"@id\":\"https:\/\/portalmf.com.br\/index.php\/2025\/03\/12\/timbalada-confirma-dois-dias-de-desfile-no-carnaval-de-2026\/#breadcrumb\"},\"inLanguage\":\"pt-BR\",\"potentialAction\":[{\"@type\":\"ReadAction\",\"target\":[\"https:\/\/portalmf.com.br\/index.php\/2025\/03\/12\/timbalada-confirma-dois-dias-de-desfile-no-carnaval-de-2026\/\"]}]},{\"@type\":\"ImageObject\",\"inLanguage\":\"pt-BR\",\"@id\":\"https:\/\/portalmf.com.br\/index.php\/2025\/03\/12\/timbalada-confirma-dois-dias-de-desfile-no-carnaval-de-2026\/#primaryimage\",\"url\":\"https:\/\/portalmf.com.br\/wp-content\/uploads\/2024\/02\/Timbalada-2024.jpg\",\"contentUrl\":\"https:\/\/portalmf.com.br\/wp-content\/uploads\/2024\/02\/Timbalada-2024.jpg\",\"width\":800,\"height\":600},{\"@type\":\"BreadcrumbList\",\"@id\":\"https:\/\/portalmf.com.br\/index.php\/2025\/03\/12\/timbalada-confirma-dois-dias-de-desfile-no-carnaval-de-2026\/#breadcrumb\",\"itemListElement\":[{\"@type\":\"ListItem\",\"position\":1,\"name\":\"In\u00edcio\",\"item\":\"https:\/\/portalmf.com.br\/\"},{\"@type\":\"ListItem\",\"position\":2,\"name\":\"Timbalada confirma dois dias de desfile no Carnaval de 2026\"}]},{\"@type\":\"WebSite\",\"@id\":\"https:\/\/portalmf.com.br\/#website\",\"url\":\"https:\/\/portalmf.com.br\/\",\"name\":\"Portal MF\",\"description\":\"Voc\u00ea conectado com a informa\u00e7\u00e3o\",\"potentialAction\":[{\"@type\":\"SearchAction\",\"target\":{\"@type\":\"EntryPoint\",\"urlTemplate\":\"https:\/\/portalmf.com.br\/?s={search_term_string}\"},\"query-input\":\"required name=search_term_string\"}],\"inLanguage\":\"pt-BR\"},{\"@type\":\"Person\",\"@id\":\"https:\/\/portalmf.com.br\/#\/schema\/person\/9ec101baf56233e53520c26de5d6f6f0\",\"name\":\"Reda\u00e7\u00e3o Portal MF\",\"image\":{\"@type\":\"ImageObject\",\"inLanguage\":\"pt-BR\",\"@id\":\"https:\/\/portalmf.com.br\/#\/schema\/person\/image\/\",\"url\":\"https:\/\/secure.gravatar.com\/avatar\/41b9aaeb2100835f7c64362330f74c7f?s=96&d=mm&r=g\",\"contentUrl\":\"https:\/\/secure.gravatar.com\/avatar\/41b9aaeb2100835f7c64362330f74c7f?s=96&d=mm&r=g\",\"caption\":\"Reda\u00e7\u00e3o Portal MF\"},\"description\":\"Sejam bem-vindos o portal de informa\u00e7\u00f5es de entretenimento de Feira de Santana, desde 2006 realiza coberturas dos principais eventos com entrevistas exclusivas com as principais personalidades mundiais. Fique conectado tamb\u00e9m nas redes sociais.\",\"sameAs\":[\"http:\/\/www.portalmf.com.br\/\",\"https:\/\/www.facebook.com\/portalmfoficial\",\"https:\/\/www.instagram.com\/portalmf\/\",\"https:\/\/x.com\/https:\/\/x.com\/portalmfoficial\",\"https:\/\/www.youtube.com\/@portalmfoficial\"],\"url\":\"https:\/\/portalmf.com.br\/index.php\/author\/junior\/\"}]}<\/script>\n<!-- \/ Yoast SEO plugin. -->","yoast_head_json":{"title":"Timbalada confirma dois dias de desfile no Carnaval de 2026 - Portal MF","robots":{"index":"index","follow":"follow","max-snippet":"max-snippet:-1","max-image-preview":"max-image-preview:large","max-video-preview":"max-video-preview:-1"},"canonical":"https:\/\/portalmf.com.br\/index.php\/2025\/03\/12\/timbalada-confirma-dois-dias-de-desfile-no-carnaval-de-2026\/","og_locale":"pt_BR","og_type":"article","og_title":"Timbalada confirma dois dias de desfile no Carnaval de 2026 - Portal MF","og_description":"Para quem j\u00e1 est\u00e1 com saudade\u00a0do Carnaval 2025, aqui vai uma boa not\u00edcia: a banda Timbalada j\u00e1 confirmou dois dias de desfile na folia do ano que vem. O grupo puxa o bloco Timbalada nos dias 13 e 14 de fevereiro de 2026, no Circuito Barra-Ondina. A novidade foi confirmada\u00a0na conta do Instagram da banda, [&hellip;]","og_url":"https:\/\/portalmf.com.br\/index.php\/2025\/03\/12\/timbalada-confirma-dois-dias-de-desfile-no-carnaval-de-2026\/","og_site_name":"Portal MF","article_author":"https:\/\/www.facebook.com\/portalmfoficial","article_published_time":"2025-03-12T19:31:00+00:00","article_modified_time":"2025-03-12T21:17:25+00:00","og_image":[{"width":800,"height":600,"url":"https:\/\/portalmf.com.br\/wp-content\/uploads\/2024\/02\/Timbalada-2024.jpg","type":"image\/jpeg"}],"author":"Reda\u00e7\u00e3o Portal MF","twitter_card":"summary_large_image","twitter_creator":"@https:\/\/x.com\/portalmfoficial","twitter_misc":{"Escrito por":"Reda\u00e7\u00e3o Portal MF","Est. tempo de leitura":"2 minutos"},"schema":{"@context":"https:\/\/schema.org","@graph":[{"@type":"WebPage","@id":"https:\/\/portalmf.com.br\/index.php\/2025\/03\/12\/timbalada-confirma-dois-dias-de-desfile-no-carnaval-de-2026\/","url":"https:\/\/portalmf.com.br\/index.php\/2025\/03\/12\/timbalada-confirma-dois-dias-de-desfile-no-carnaval-de-2026\/","name":"Timbalada confirma dois dias de desfile no Carnaval de 2026 - Portal MF","isPartOf":{"@id":"https:\/\/portalmf.com.br\/#website"},"primaryImageOfPage":{"@id":"https:\/\/portalmf.com.br\/index.php\/2025\/03\/12\/timbalada-confirma-dois-dias-de-desfile-no-carnaval-de-2026\/#primaryimage"},"image":{"@id":"https:\/\/portalmf.com.br\/index.php\/2025\/03\/12\/timbalada-confirma-dois-dias-de-desfile-no-carnaval-de-2026\/#primaryimage"},"thumbnailUrl":"https:\/\/portalmf.com.br\/wp-content\/uploads\/2024\/02\/Timbalada-2024.jpg","datePublished":"2025-03-12T19:31:00+00:00","dateModified":"2025-03-12T21:17:25+00:00","author":{"@id":"https:\/\/portalmf.com.br\/#\/schema\/person\/9ec101baf56233e53520c26de5d6f6f0"},"breadcrumb":{"@id":"https:\/\/portalmf.com.br\/index.php\/2025\/03\/12\/timbalada-confirma-dois-dias-de-desfile-no-carnaval-de-2026\/#breadcrumb"},"inLanguage":"pt-BR","potentialAction":[{"@type":"ReadAction","target":["https:\/\/portalmf.com.br\/index.php\/2025\/03\/12\/timbalada-confirma-dois-dias-de-desfile-no-carnaval-de-2026\/"]}]},{"@type":"ImageObject","inLanguage":"pt-BR","@id":"https:\/\/portalmf.com.br\/index.php\/2025\/03\/12\/timbalada-confirma-dois-dias-de-desfile-no-carnaval-de-2026\/#primaryimage","url":"https:\/\/portalmf.com.br\/wp-content\/uploads\/2024\/02\/Timbalada-2024.jpg","contentUrl":"https:\/\/portalmf.com.br\/wp-content\/uploads\/2024\/02\/Timbalada-2024.jpg","width":800,"height":600},{"@type":"BreadcrumbList","@id":"https:\/\/portalmf.com.br\/index.php\/2025\/03\/12\/timbalada-confirma-dois-dias-de-desfile-no-carnaval-de-2026\/#breadcrumb","itemListElement":[{"@type":"ListItem","position":1,"name":"In\u00edcio","item":"https:\/\/portalmf.com.br\/"},{"@type":"ListItem","position":2,"name":"Timbalada confirma dois dias de desfile no Carnaval de 2026"}]},{"@type":"WebSite","@id":"https:\/\/portalmf.com.br\/#website","url":"https:\/\/portalmf.com.br\/","name":"Portal MF","description":"Voc\u00ea conectado com a informa\u00e7\u00e3o","potentialAction":[{"@type":"SearchAction","target":{"@type":"EntryPoint","urlTemplate":"https:\/\/portalmf.com.br\/?s={search_term_string}"},"query-input":"required name=search_term_string"}],"inLanguage":"pt-BR"},{"@type":"Person","@id":"https:\/\/portalmf.com.br\/#\/schema\/person\/9ec101baf56233e53520c26de5d6f6f0","name":"Reda\u00e7\u00e3o Portal MF","image":{"@type":"ImageObject","inLanguage":"pt-BR","@id":"https:\/\/portalmf.com.br\/#\/schema\/person\/image\/","url":"https:\/\/secure.gravatar.com\/avatar\/41b9aaeb2100835f7c64362330f74c7f?s=96&d=mm&r=g","contentUrl":"https:\/\/secure.gravatar.com\/avatar\/41b9aaeb2100835f7c64362330f74c7f?s=96&d=mm&r=g","caption":"Reda\u00e7\u00e3o Portal MF"},"description":"Sejam bem-vindos o portal de informa\u00e7\u00f5es de entretenimento de Feira de Santana, desde 2006 realiza coberturas dos principais eventos com entrevistas exclusivas com as principais personalidades mundiais. Fique conectado tamb\u00e9m nas redes sociais.","sameAs":["http:\/\/www.portalmf.com.br\/","https:\/\/www.facebook.com\/portalmfoficial","https:\/\/www.instagram.com\/portalmf\/","https:\/\/x.com\/https:\/\/x.com\/portalmfoficial","https:\/\/www.youtube.com\/@portalmfoficial"],"url":"https:\/\/portalmf.com.br\/index.php\/author\/junior\/"}]}},"_links":{"self":[{"href":"https:\/\/portalmf.com.br\/index.php\/wp-json\/wp\/v2\/posts\/34716"}],"collection":[{"href":"https:\/\/portalmf.com.br\/index.php\/wp-json\/wp\/v2\/posts"}],"about":[{"href":"https:\/\/portalmf.com.br\/index.php\/wp-json\/wp\/v2\/types\/post"}],"author":[{"embeddable":true,"href":"https:\/\/portalmf.com.br\/index.php\/wp-json\/wp\/v2\/users\/3"}],"replies":[{"embeddable":true,"href":"https:\/\/portalmf.com.br\/index.php\/wp-json\/wp\/v2\/comments?post=34716"}],"version-history":[{"count":1,"href":"https:\/\/portalmf.com.br\/index.php\/wp-json\/wp\/v2\/posts\/34716\/revisions"}],"predecessor-version":[{"id":34717,"href":"https:\/\/portalmf.com.br\/index.php\/wp-json\/wp\/v2\/posts\/34716\/revisions\/34717"}],"wp:featuredmedia":[{"embeddable":true,"href":"https:\/\/portalmf.com.br\/index.php\/wp-json\/wp\/v2\/media\/23359"}],"wp:attachment":[{"href":"https:\/\/portalmf.com.br\/index.php\/wp-json\/wp\/v2\/media?parent=34716"}],"wp:term":[{"taxonomy":"category","embeddable":true,"href":"https:\/\/portalmf.com.br\/index.php\/wp-json\/wp\/v2\/categories?post=34716"},{"taxonomy":"post_tag","embeddable":true,"href":"https:\/\/portalmf.com.br\/index.php\/wp-json\/wp\/v2\/tags?post=34716"}],"curies":[{"name":"wp","href":"https:\/\/api.w.org\/{rel}","templated":true}]}}