{"id":3468,"date":"2022-08-22T16:40:33","date_gmt":"2022-08-22T19:40:33","guid":{"rendered":"http:\/\/portalmf.com.br\/?p=3468"},"modified":"2022-08-22T16:40:35","modified_gmt":"2022-08-22T19:40:35","slug":"ludmilla-deixa-show-em-sao-paulo-apos-problemas-tecnicos","status":"publish","type":"post","link":"https:\/\/portalmf.com.br\/index.php\/2022\/08\/22\/ludmilla-deixa-show-em-sao-paulo-apos-problemas-tecnicos\/","title":{"rendered":"Ludmilla deixa show em S\u00e3o Paulo ap\u00f3s problemas t\u00e9cnicos"},"content":{"rendered":"\n<p>A cantora&nbsp;<strong>Ludmilla<\/strong>&nbsp;se viu obrigada a encerrar seu show em&nbsp;<strong>S\u00e3o Paulo<\/strong>&nbsp;no festival&nbsp;<strong>Farraial<\/strong>&nbsp;, ap\u00f3s enfrentar&nbsp;<strong>problemas t\u00e9cnicos<\/strong>&nbsp;durante sua apresenta\u00e7\u00e3o, que ocorreu na tarde deste s\u00e1bado (20).<\/p>\n\n\n\n<p>Parte inferior do formul\u00e1rio<\/p>\n\n\n\n<p><em>\u201cInfelizmente, n\u00e3o foi culpa minha, n\u00e3o consegui. Mas a gente se encontra nesse Brasil afora e espero ver voc\u00eas em um show meu, de verdade, t\u00e1 bom? Com toda a estrutura que eu mere\u00e7o e que eu fa\u00e7o, um show f*da\u201d<\/em>, disse&nbsp;<strong>Ludmilla<\/strong>&nbsp;ao p\u00fablico presente.<\/p>\n\n\n\n<p>Alguns internautas, que estiveram presentes no evento, relataram que&nbsp;tiveram dificuldades em ouvir a cantora&nbsp;em v\u00e1rios momentos.<\/p>\n\n\n\n<p>O\u00a0Farraial\u00a0ainda contou com\u00a0Pedro Sampaio, Z\u00e9 Neto &amp; Cristiano, Xand Avi\u00e3o, Jorge &amp; Mateus\u00a0e\u00a0Gustavo Mioto\u00a0.<\/p>\n\n\n\n<figure class=\"wp-block-embed is-type-rich is-provider-twitter wp-block-embed-twitter\"><div class=\"wp-block-embed__wrapper\">\n<blockquote class=\"twitter-tweet\" data-width=\"550\" data-dnt=\"true\"><p lang=\"pt\" dir=\"ltr\">Ludmilla enfrentou problemas t\u00e9cnicos no festival Farraial, em S\u00e3o Paulo, e se retirou do palco. <br><br>\u201cEspero ver voc\u00eas num show meu de verdade com toda a estrutura que eu mere\u00e7o e que eu fa\u00e7o\u201d. <br><br>Algumas pessoas relataram falhas no som durante a apresenta\u00e7\u00e3o da artista. <a href=\"https:\/\/t.co\/u0GpbQP78Q\">pic.twitter.com\/u0GpbQP78Q<\/a><\/p>&mdash; Tracklist (@tracklist) <a href=\"https:\/\/twitter.com\/tracklist\/status\/1561118682817994752?ref_src=twsrc%5Etfw\">August 20, 2022<\/a><\/blockquote><script async src=\"https:\/\/platform.twitter.com\/widgets.js\" charset=\"utf-8\"><\/script>\n<\/div><\/figure>\n\n\n\n<p>Com informa\u00e7\u00f5es do IG<\/p>\n","protected":false},"excerpt":{"rendered":"<p>A cantora&nbsp;Ludmilla&nbsp;se viu obrigada a encerrar seu show em&nbsp;S\u00e3o Paulo&nbsp;no festival&nbsp;Farraial&nbsp;, ap\u00f3s enfrentar&nbsp;problemas t\u00e9cnicos&nbsp;durante sua apresenta\u00e7\u00e3o, que ocorreu na tarde deste s\u00e1bado (20). Parte inferior do formul\u00e1rio \u201cInfelizmente, n\u00e3o foi culpa minha, n\u00e3o consegui. Mas a gente se encontra nesse Brasil afora e espero ver voc\u00eas em um show meu, de verdade, t\u00e1 bom? Com [&hellip;]<\/p>\n","protected":false},"author":2,"featured_media":3469,"comment_status":"open","ping_status":"open","sticky":false,"template":"","format":"standard","meta":{"_monsterinsights_skip_tracking":false,"_monsterinsights_sitenote_active":false,"_monsterinsights_sitenote_note":"","_monsterinsights_sitenote_category":0,"footnotes":""},"categories":[47,36],"tags":[],"yoast_head":"<!-- This site is optimized with the Yoast SEO plugin v22.9 - https:\/\/yoast.com\/wordpress\/plugins\/seo\/ -->\n<title>Ludmilla deixa show em S\u00e3o Paulo ap\u00f3s problemas t\u00e9cnicos - Portal MF<\/title>\n<meta name=\"robots\" content=\"index, follow, max-snippet:-1, max-image-preview:large, max-video-preview:-1\" \/>\n<link rel=\"canonical\" href=\"https:\/\/portalmf.com.br\/index.php\/2022\/08\/22\/ludmilla-deixa-show-em-sao-paulo-apos-problemas-tecnicos\/\" \/>\n<meta property=\"og:locale\" content=\"pt_BR\" \/>\n<meta property=\"og:type\" content=\"article\" \/>\n<meta property=\"og:title\" content=\"Ludmilla deixa show em S\u00e3o Paulo ap\u00f3s problemas t\u00e9cnicos - Portal MF\" \/>\n<meta property=\"og:description\" content=\"A cantora&nbsp;Ludmilla&nbsp;se viu obrigada a encerrar seu show em&nbsp;S\u00e3o Paulo&nbsp;no festival&nbsp;Farraial&nbsp;, ap\u00f3s enfrentar&nbsp;problemas t\u00e9cnicos&nbsp;durante sua apresenta\u00e7\u00e3o, que ocorreu na tarde deste s\u00e1bado (20). Parte inferior do formul\u00e1rio \u201cInfelizmente, n\u00e3o foi culpa minha, n\u00e3o consegui. Mas a gente se encontra nesse Brasil afora e espero ver voc\u00eas em um show meu, de verdade, t\u00e1 bom? Com [&hellip;]\" \/>\n<meta property=\"og:url\" content=\"https:\/\/portalmf.com.br\/index.php\/2022\/08\/22\/ludmilla-deixa-show-em-sao-paulo-apos-problemas-tecnicos\/\" \/>\n<meta property=\"og:site_name\" content=\"Portal MF\" \/>\n<meta property=\"article:author\" content=\"reginaldojrfsa\" \/>\n<meta property=\"article:published_time\" content=\"2022-08-22T19:40:33+00:00\" \/>\n<meta property=\"article:modified_time\" content=\"2022-08-22T19:40:35+00:00\" \/>\n<meta property=\"og:image\" content=\"https:\/\/portalmf.com.br\/wp-content\/uploads\/2022\/08\/a4w58iqmg103z80qxwjojt7wl.jpg\" \/>\n\t<meta property=\"og:image:width\" content=\"652\" \/>\n\t<meta property=\"og:image:height\" content=\"408\" \/>\n\t<meta property=\"og:image:type\" content=\"image\/jpeg\" \/>\n<meta name=\"author\" content=\"Reginaldo J\u00fanior\" \/>\n<meta name=\"twitter:card\" content=\"summary_large_image\" \/>\n<meta name=\"twitter:creator\" content=\"@reginaldojrmf\" \/>\n<meta name=\"twitter:label1\" content=\"Escrito por\" \/>\n\t<meta name=\"twitter:data1\" content=\"Reginaldo J\u00fanior\" \/>\n\t<meta name=\"twitter:label2\" content=\"Est. tempo de leitura\" \/>\n\t<meta name=\"twitter:data2\" content=\"1 minuto\" \/>\n<script type=\"application\/ld+json\" class=\"yoast-schema-graph\">{\"@context\":\"https:\/\/schema.org\",\"@graph\":[{\"@type\":\"WebPage\",\"@id\":\"https:\/\/portalmf.com.br\/index.php\/2022\/08\/22\/ludmilla-deixa-show-em-sao-paulo-apos-problemas-tecnicos\/\",\"url\":\"https:\/\/portalmf.com.br\/index.php\/2022\/08\/22\/ludmilla-deixa-show-em-sao-paulo-apos-problemas-tecnicos\/\",\"name\":\"Ludmilla deixa show em S\u00e3o Paulo ap\u00f3s problemas t\u00e9cnicos - Portal MF\",\"isPartOf\":{\"@id\":\"https:\/\/portalmf.com.br\/#website\"},\"primaryImageOfPage\":{\"@id\":\"https:\/\/portalmf.com.br\/index.php\/2022\/08\/22\/ludmilla-deixa-show-em-sao-paulo-apos-problemas-tecnicos\/#primaryimage\"},\"image\":{\"@id\":\"https:\/\/portalmf.com.br\/index.php\/2022\/08\/22\/ludmilla-deixa-show-em-sao-paulo-apos-problemas-tecnicos\/#primaryimage\"},\"thumbnailUrl\":\"https:\/\/portalmf.com.br\/wp-content\/uploads\/2022\/08\/a4w58iqmg103z80qxwjojt7wl.jpg\",\"datePublished\":\"2022-08-22T19:40:33+00:00\",\"dateModified\":\"2022-08-22T19:40:35+00:00\",\"author\":{\"@id\":\"https:\/\/portalmf.com.br\/#\/schema\/person\/11c82086fe8abc05a19147e964587285\"},\"breadcrumb\":{\"@id\":\"https:\/\/portalmf.com.br\/index.php\/2022\/08\/22\/ludmilla-deixa-show-em-sao-paulo-apos-problemas-tecnicos\/#breadcrumb\"},\"inLanguage\":\"pt-BR\",\"potentialAction\":[{\"@type\":\"ReadAction\",\"target\":[\"https:\/\/portalmf.com.br\/index.php\/2022\/08\/22\/ludmilla-deixa-show-em-sao-paulo-apos-problemas-tecnicos\/\"]}]},{\"@type\":\"ImageObject\",\"inLanguage\":\"pt-BR\",\"@id\":\"https:\/\/portalmf.com.br\/index.php\/2022\/08\/22\/ludmilla-deixa-show-em-sao-paulo-apos-problemas-tecnicos\/#primaryimage\",\"url\":\"https:\/\/portalmf.com.br\/wp-content\/uploads\/2022\/08\/a4w58iqmg103z80qxwjojt7wl.jpg\",\"contentUrl\":\"https:\/\/portalmf.com.br\/wp-content\/uploads\/2022\/08\/a4w58iqmg103z80qxwjojt7wl.jpg\",\"width\":652,\"height\":408},{\"@type\":\"BreadcrumbList\",\"@id\":\"https:\/\/portalmf.com.br\/index.php\/2022\/08\/22\/ludmilla-deixa-show-em-sao-paulo-apos-problemas-tecnicos\/#breadcrumb\",\"itemListElement\":[{\"@type\":\"ListItem\",\"position\":1,\"name\":\"In\u00edcio\",\"item\":\"https:\/\/portalmf.com.br\/\"},{\"@type\":\"ListItem\",\"position\":2,\"name\":\"Ludmilla deixa show em S\u00e3o Paulo ap\u00f3s problemas t\u00e9cnicos\"}]},{\"@type\":\"WebSite\",\"@id\":\"https:\/\/portalmf.com.br\/#website\",\"url\":\"https:\/\/portalmf.com.br\/\",\"name\":\"Portal MF\",\"description\":\"Voc\u00ea conectado com a informa\u00e7\u00e3o\",\"potentialAction\":[{\"@type\":\"SearchAction\",\"target\":{\"@type\":\"EntryPoint\",\"urlTemplate\":\"https:\/\/portalmf.com.br\/?s={search_term_string}\"},\"query-input\":\"required name=search_term_string\"}],\"inLanguage\":\"pt-BR\"},{\"@type\":\"Person\",\"@id\":\"https:\/\/portalmf.com.br\/#\/schema\/person\/11c82086fe8abc05a19147e964587285\",\"name\":\"Reginaldo J\u00fanior\",\"image\":{\"@type\":\"ImageObject\",\"inLanguage\":\"pt-BR\",\"@id\":\"https:\/\/portalmf.com.br\/#\/schema\/person\/image\/\",\"url\":\"https:\/\/secure.gravatar.com\/avatar\/32a3c797cd0ac47cc53b8644c62776f9?s=96&d=mm&r=g\",\"contentUrl\":\"https:\/\/secure.gravatar.com\/avatar\/32a3c797cd0ac47cc53b8644c62776f9?s=96&d=mm&r=g\",\"caption\":\"Reginaldo J\u00fanior\"},\"description\":\"Jornalista e idealizador Portal MF\",\"sameAs\":[\"https:\/\/portalmf.com.br\/index.php\/author\/reginaldojr\/\",\"reginaldojrfsa\",\"reginaldojuniormf\",\"https:\/\/x.com\/reginaldojrmf\"],\"url\":\"https:\/\/portalmf.com.br\/index.php\/author\/reginaldojr\/\"}]}<\/script>\n<!-- \/ Yoast SEO plugin. -->","yoast_head_json":{"title":"Ludmilla deixa show em S\u00e3o Paulo ap\u00f3s problemas t\u00e9cnicos - Portal MF","robots":{"index":"index","follow":"follow","max-snippet":"max-snippet:-1","max-image-preview":"max-image-preview:large","max-video-preview":"max-video-preview:-1"},"canonical":"https:\/\/portalmf.com.br\/index.php\/2022\/08\/22\/ludmilla-deixa-show-em-sao-paulo-apos-problemas-tecnicos\/","og_locale":"pt_BR","og_type":"article","og_title":"Ludmilla deixa show em S\u00e3o Paulo ap\u00f3s problemas t\u00e9cnicos - Portal MF","og_description":"A cantora&nbsp;Ludmilla&nbsp;se viu obrigada a encerrar seu show em&nbsp;S\u00e3o Paulo&nbsp;no festival&nbsp;Farraial&nbsp;, ap\u00f3s enfrentar&nbsp;problemas t\u00e9cnicos&nbsp;durante sua apresenta\u00e7\u00e3o, que ocorreu na tarde deste s\u00e1bado (20). Parte inferior do formul\u00e1rio \u201cInfelizmente, n\u00e3o foi culpa minha, n\u00e3o consegui. Mas a gente se encontra nesse Brasil afora e espero ver voc\u00eas em um show meu, de verdade, t\u00e1 bom? Com [&hellip;]","og_url":"https:\/\/portalmf.com.br\/index.php\/2022\/08\/22\/ludmilla-deixa-show-em-sao-paulo-apos-problemas-tecnicos\/","og_site_name":"Portal MF","article_author":"reginaldojrfsa","article_published_time":"2022-08-22T19:40:33+00:00","article_modified_time":"2022-08-22T19:40:35+00:00","og_image":[{"width":652,"height":408,"url":"https:\/\/portalmf.com.br\/wp-content\/uploads\/2022\/08\/a4w58iqmg103z80qxwjojt7wl.jpg","type":"image\/jpeg"}],"author":"Reginaldo J\u00fanior","twitter_card":"summary_large_image","twitter_creator":"@reginaldojrmf","twitter_misc":{"Escrito por":"Reginaldo J\u00fanior","Est. tempo de leitura":"1 minuto"},"schema":{"@context":"https:\/\/schema.org","@graph":[{"@type":"WebPage","@id":"https:\/\/portalmf.com.br\/index.php\/2022\/08\/22\/ludmilla-deixa-show-em-sao-paulo-apos-problemas-tecnicos\/","url":"https:\/\/portalmf.com.br\/index.php\/2022\/08\/22\/ludmilla-deixa-show-em-sao-paulo-apos-problemas-tecnicos\/","name":"Ludmilla deixa show em S\u00e3o Paulo ap\u00f3s problemas t\u00e9cnicos - Portal MF","isPartOf":{"@id":"https:\/\/portalmf.com.br\/#website"},"primaryImageOfPage":{"@id":"https:\/\/portalmf.com.br\/index.php\/2022\/08\/22\/ludmilla-deixa-show-em-sao-paulo-apos-problemas-tecnicos\/#primaryimage"},"image":{"@id":"https:\/\/portalmf.com.br\/index.php\/2022\/08\/22\/ludmilla-deixa-show-em-sao-paulo-apos-problemas-tecnicos\/#primaryimage"},"thumbnailUrl":"https:\/\/portalmf.com.br\/wp-content\/uploads\/2022\/08\/a4w58iqmg103z80qxwjojt7wl.jpg","datePublished":"2022-08-22T19:40:33+00:00","dateModified":"2022-08-22T19:40:35+00:00","author":{"@id":"https:\/\/portalmf.com.br\/#\/schema\/person\/11c82086fe8abc05a19147e964587285"},"breadcrumb":{"@id":"https:\/\/portalmf.com.br\/index.php\/2022\/08\/22\/ludmilla-deixa-show-em-sao-paulo-apos-problemas-tecnicos\/#breadcrumb"},"inLanguage":"pt-BR","potentialAction":[{"@type":"ReadAction","target":["https:\/\/portalmf.com.br\/index.php\/2022\/08\/22\/ludmilla-deixa-show-em-sao-paulo-apos-problemas-tecnicos\/"]}]},{"@type":"ImageObject","inLanguage":"pt-BR","@id":"https:\/\/portalmf.com.br\/index.php\/2022\/08\/22\/ludmilla-deixa-show-em-sao-paulo-apos-problemas-tecnicos\/#primaryimage","url":"https:\/\/portalmf.com.br\/wp-content\/uploads\/2022\/08\/a4w58iqmg103z80qxwjojt7wl.jpg","contentUrl":"https:\/\/portalmf.com.br\/wp-content\/uploads\/2022\/08\/a4w58iqmg103z80qxwjojt7wl.jpg","width":652,"height":408},{"@type":"BreadcrumbList","@id":"https:\/\/portalmf.com.br\/index.php\/2022\/08\/22\/ludmilla-deixa-show-em-sao-paulo-apos-problemas-tecnicos\/#breadcrumb","itemListElement":[{"@type":"ListItem","position":1,"name":"In\u00edcio","item":"https:\/\/portalmf.com.br\/"},{"@type":"ListItem","position":2,"name":"Ludmilla deixa show em S\u00e3o Paulo ap\u00f3s problemas t\u00e9cnicos"}]},{"@type":"WebSite","@id":"https:\/\/portalmf.com.br\/#website","url":"https:\/\/portalmf.com.br\/","name":"Portal MF","description":"Voc\u00ea conectado com a informa\u00e7\u00e3o","potentialAction":[{"@type":"SearchAction","target":{"@type":"EntryPoint","urlTemplate":"https:\/\/portalmf.com.br\/?s={search_term_string}"},"query-input":"required name=search_term_string"}],"inLanguage":"pt-BR"},{"@type":"Person","@id":"https:\/\/portalmf.com.br\/#\/schema\/person\/11c82086fe8abc05a19147e964587285","name":"Reginaldo J\u00fanior","image":{"@type":"ImageObject","inLanguage":"pt-BR","@id":"https:\/\/portalmf.com.br\/#\/schema\/person\/image\/","url":"https:\/\/secure.gravatar.com\/avatar\/32a3c797cd0ac47cc53b8644c62776f9?s=96&d=mm&r=g","contentUrl":"https:\/\/secure.gravatar.com\/avatar\/32a3c797cd0ac47cc53b8644c62776f9?s=96&d=mm&r=g","caption":"Reginaldo J\u00fanior"},"description":"Jornalista e idealizador Portal MF","sameAs":["https:\/\/portalmf.com.br\/index.php\/author\/reginaldojr\/","reginaldojrfsa","reginaldojuniormf","https:\/\/x.com\/reginaldojrmf"],"url":"https:\/\/portalmf.com.br\/index.php\/author\/reginaldojr\/"}]}},"_links":{"self":[{"href":"https:\/\/portalmf.com.br\/index.php\/wp-json\/wp\/v2\/posts\/3468"}],"collection":[{"href":"https:\/\/portalmf.com.br\/index.php\/wp-json\/wp\/v2\/posts"}],"about":[{"href":"https:\/\/portalmf.com.br\/index.php\/wp-json\/wp\/v2\/types\/post"}],"author":[{"embeddable":true,"href":"https:\/\/portalmf.com.br\/index.php\/wp-json\/wp\/v2\/users\/2"}],"replies":[{"embeddable":true,"href":"https:\/\/portalmf.com.br\/index.php\/wp-json\/wp\/v2\/comments?post=3468"}],"version-history":[{"count":1,"href":"https:\/\/portalmf.com.br\/index.php\/wp-json\/wp\/v2\/posts\/3468\/revisions"}],"predecessor-version":[{"id":3470,"href":"https:\/\/portalmf.com.br\/index.php\/wp-json\/wp\/v2\/posts\/3468\/revisions\/3470"}],"wp:featuredmedia":[{"embeddable":true,"href":"https:\/\/portalmf.com.br\/index.php\/wp-json\/wp\/v2\/media\/3469"}],"wp:attachment":[{"href":"https:\/\/portalmf.com.br\/index.php\/wp-json\/wp\/v2\/media?parent=3468"}],"wp:term":[{"taxonomy":"category","embeddable":true,"href":"https:\/\/portalmf.com.br\/index.php\/wp-json\/wp\/v2\/categories?post=3468"},{"taxonomy":"post_tag","embeddable":true,"href":"https:\/\/portalmf.com.br\/index.php\/wp-json\/wp\/v2\/tags?post=3468"}],"curies":[{"name":"wp","href":"https:\/\/api.w.org\/{rel}","templated":true}]}}