{"id":34664,"date":"2025-03-05T19:00:22","date_gmt":"2025-03-05T22:00:22","guid":{"rendered":"https:\/\/portalmf.com.br\/?p=34664"},"modified":"2025-03-07T19:02:06","modified_gmt":"2025-03-07T22:02:06","slug":"xand-aviao-leva-o-forro-para-o-camarote-n1","status":"publish","type":"post","link":"https:\/\/portalmf.com.br\/index.php\/2025\/03\/05\/xand-aviao-leva-o-forro-para-o-camarote-n1\/","title":{"rendered":"Xand Avi\u00e3o leva o forr\u00f3 para o Camarote N1"},"content":{"rendered":"\n<p>Encerrando sua intensa agenda de carnaval com chave de ouro, Xand Avi\u00e3o aterrissou na Marqu\u00eas de Sapuca\u00ed para uma apresenta\u00e7\u00e3o eletrizante no Camarote N1, um dos espa\u00e7os mais exclusivos do carnaval carioca.&nbsp;<\/p>\n\n\n\n<p>Com um show vibrante, o cantor levou o forr\u00f3 para o ber\u00e7o do samba, mostrando toda a sua versatilidade e conquistando o p\u00fablico presente. Al\u00e9m dos grandes hits do forr\u00f3, Xand surpreendeu com uma produ\u00e7\u00e3o especial, que incluiu momentos exclusivos preparados para o carnaval. Nomes como Malu Borges, Lore Improte, Silvia Braz e Tati Oliva curtiram o show do comandante do palco.&nbsp;<\/p>\n\n\n\n<p>&#8220;\u00c9 uma honra estar aqui, no meio desse espet\u00e1culo que \u00e9 o carnaval do Rio. Hoje a gente trouxe um pedacinho do Nordeste para a Sapuca\u00ed, e a recep\u00e7\u00e3o foi incr\u00edvel!&#8221;, celebrou o artista.<\/p>\n\n\n\n<p>A apresenta\u00e7\u00e3o no Camarote N1 marcou o encerramento do&nbsp;<em>Comandante da Folia<\/em>, projeto que passou por v\u00e1rias cidades do Brasil e consolidou Xand Avi\u00e3o como um dos grandes nomes do carnaval 2025.<\/p>\n","protected":false},"excerpt":{"rendered":"<p>Encerrando sua intensa agenda de carnaval com chave de ouro, Xand Avi\u00e3o aterrissou na Marqu\u00eas de Sapuca\u00ed para uma apresenta\u00e7\u00e3o eletrizante no Camarote N1, um dos espa\u00e7os mais exclusivos do carnaval carioca.&nbsp; Com um show vibrante, o cantor levou o forr\u00f3 para o ber\u00e7o do samba, mostrando toda a sua versatilidade e conquistando o p\u00fablico [&hellip;]<\/p>\n","protected":false},"author":3,"featured_media":34665,"comment_status":"open","ping_status":"open","sticky":false,"template":"","format":"standard","meta":{"_monsterinsights_skip_tracking":false,"_monsterinsights_sitenote_active":false,"_monsterinsights_sitenote_note":"","_monsterinsights_sitenote_category":0,"footnotes":""},"categories":[44],"tags":[],"yoast_head":"<!-- This site is optimized with the Yoast SEO plugin v22.9 - https:\/\/yoast.com\/wordpress\/plugins\/seo\/ -->\n<title>Xand Avi\u00e3o leva o forr\u00f3 para o Camarote N1 - Portal MF<\/title>\n<meta name=\"robots\" content=\"index, follow, max-snippet:-1, max-image-preview:large, max-video-preview:-1\" \/>\n<link rel=\"canonical\" href=\"https:\/\/portalmf.com.br\/index.php\/2025\/03\/05\/xand-aviao-leva-o-forro-para-o-camarote-n1\/\" \/>\n<meta property=\"og:locale\" content=\"pt_BR\" \/>\n<meta property=\"og:type\" content=\"article\" \/>\n<meta property=\"og:title\" content=\"Xand Avi\u00e3o leva o forr\u00f3 para o Camarote N1 - Portal MF\" \/>\n<meta property=\"og:description\" content=\"Encerrando sua intensa agenda de carnaval com chave de ouro, Xand Avi\u00e3o aterrissou na Marqu\u00eas de Sapuca\u00ed para uma apresenta\u00e7\u00e3o eletrizante no Camarote N1, um dos espa\u00e7os mais exclusivos do carnaval carioca.&nbsp; Com um show vibrante, o cantor levou o forr\u00f3 para o ber\u00e7o do samba, mostrando toda a sua versatilidade e conquistando o p\u00fablico [&hellip;]\" \/>\n<meta property=\"og:url\" content=\"https:\/\/portalmf.com.br\/index.php\/2025\/03\/05\/xand-aviao-leva-o-forro-para-o-camarote-n1\/\" \/>\n<meta property=\"og:site_name\" content=\"Portal MF\" \/>\n<meta property=\"article:author\" content=\"https:\/\/www.facebook.com\/portalmfoficial\" \/>\n<meta property=\"article:published_time\" content=\"2025-03-05T22:00:22+00:00\" \/>\n<meta property=\"article:modified_time\" content=\"2025-03-07T22:02:06+00:00\" \/>\n<meta property=\"og:image\" content=\"https:\/\/portalmf.com.br\/wp-content\/uploads\/2025\/03\/unnamed-e1741384912810.jpg\" \/>\n\t<meta property=\"og:image:width\" content=\"1365\" \/>\n\t<meta property=\"og:image:height\" content=\"928\" \/>\n\t<meta property=\"og:image:type\" content=\"image\/jpeg\" \/>\n<meta name=\"author\" content=\"Reda\u00e7\u00e3o Portal MF\" \/>\n<meta name=\"twitter:card\" content=\"summary_large_image\" \/>\n<meta name=\"twitter:creator\" content=\"@https:\/\/x.com\/portalmfoficial\" \/>\n<meta name=\"twitter:label1\" content=\"Escrito por\" \/>\n\t<meta name=\"twitter:data1\" content=\"Reda\u00e7\u00e3o Portal MF\" \/>\n\t<meta name=\"twitter:label2\" content=\"Est. tempo de leitura\" \/>\n\t<meta name=\"twitter:data2\" content=\"2 minutos\" \/>\n<script type=\"application\/ld+json\" class=\"yoast-schema-graph\">{\"@context\":\"https:\/\/schema.org\",\"@graph\":[{\"@type\":\"WebPage\",\"@id\":\"https:\/\/portalmf.com.br\/index.php\/2025\/03\/05\/xand-aviao-leva-o-forro-para-o-camarote-n1\/\",\"url\":\"https:\/\/portalmf.com.br\/index.php\/2025\/03\/05\/xand-aviao-leva-o-forro-para-o-camarote-n1\/\",\"name\":\"Xand Avi\u00e3o leva o forr\u00f3 para o Camarote N1 - Portal MF\",\"isPartOf\":{\"@id\":\"https:\/\/portalmf.com.br\/#website\"},\"primaryImageOfPage\":{\"@id\":\"https:\/\/portalmf.com.br\/index.php\/2025\/03\/05\/xand-aviao-leva-o-forro-para-o-camarote-n1\/#primaryimage\"},\"image\":{\"@id\":\"https:\/\/portalmf.com.br\/index.php\/2025\/03\/05\/xand-aviao-leva-o-forro-para-o-camarote-n1\/#primaryimage\"},\"thumbnailUrl\":\"https:\/\/portalmf.com.br\/wp-content\/uploads\/2025\/03\/unnamed-e1741384912810.jpg\",\"datePublished\":\"2025-03-05T22:00:22+00:00\",\"dateModified\":\"2025-03-07T22:02:06+00:00\",\"author\":{\"@id\":\"https:\/\/portalmf.com.br\/#\/schema\/person\/9ec101baf56233e53520c26de5d6f6f0\"},\"breadcrumb\":{\"@id\":\"https:\/\/portalmf.com.br\/index.php\/2025\/03\/05\/xand-aviao-leva-o-forro-para-o-camarote-n1\/#breadcrumb\"},\"inLanguage\":\"pt-BR\",\"potentialAction\":[{\"@type\":\"ReadAction\",\"target\":[\"https:\/\/portalmf.com.br\/index.php\/2025\/03\/05\/xand-aviao-leva-o-forro-para-o-camarote-n1\/\"]}]},{\"@type\":\"ImageObject\",\"inLanguage\":\"pt-BR\",\"@id\":\"https:\/\/portalmf.com.br\/index.php\/2025\/03\/05\/xand-aviao-leva-o-forro-para-o-camarote-n1\/#primaryimage\",\"url\":\"https:\/\/portalmf.com.br\/wp-content\/uploads\/2025\/03\/unnamed-e1741384912810.jpg\",\"contentUrl\":\"https:\/\/portalmf.com.br\/wp-content\/uploads\/2025\/03\/unnamed-e1741384912810.jpg\",\"width\":1365,\"height\":928},{\"@type\":\"BreadcrumbList\",\"@id\":\"https:\/\/portalmf.com.br\/index.php\/2025\/03\/05\/xand-aviao-leva-o-forro-para-o-camarote-n1\/#breadcrumb\",\"itemListElement\":[{\"@type\":\"ListItem\",\"position\":1,\"name\":\"In\u00edcio\",\"item\":\"https:\/\/portalmf.com.br\/\"},{\"@type\":\"ListItem\",\"position\":2,\"name\":\"Xand Avi\u00e3o leva o forr\u00f3 para o Camarote N1\"}]},{\"@type\":\"WebSite\",\"@id\":\"https:\/\/portalmf.com.br\/#website\",\"url\":\"https:\/\/portalmf.com.br\/\",\"name\":\"Portal MF\",\"description\":\"Voc\u00ea conectado com a informa\u00e7\u00e3o\",\"potentialAction\":[{\"@type\":\"SearchAction\",\"target\":{\"@type\":\"EntryPoint\",\"urlTemplate\":\"https:\/\/portalmf.com.br\/?s={search_term_string}\"},\"query-input\":\"required name=search_term_string\"}],\"inLanguage\":\"pt-BR\"},{\"@type\":\"Person\",\"@id\":\"https:\/\/portalmf.com.br\/#\/schema\/person\/9ec101baf56233e53520c26de5d6f6f0\",\"name\":\"Reda\u00e7\u00e3o Portal MF\",\"image\":{\"@type\":\"ImageObject\",\"inLanguage\":\"pt-BR\",\"@id\":\"https:\/\/portalmf.com.br\/#\/schema\/person\/image\/\",\"url\":\"https:\/\/secure.gravatar.com\/avatar\/41b9aaeb2100835f7c64362330f74c7f?s=96&d=mm&r=g\",\"contentUrl\":\"https:\/\/secure.gravatar.com\/avatar\/41b9aaeb2100835f7c64362330f74c7f?s=96&d=mm&r=g\",\"caption\":\"Reda\u00e7\u00e3o Portal MF\"},\"description\":\"Sejam bem-vindos o portal de informa\u00e7\u00f5es de entretenimento de Feira de Santana, desde 2006 realiza coberturas dos principais eventos com entrevistas exclusivas com as principais personalidades mundiais. Fique conectado tamb\u00e9m nas redes sociais.\",\"sameAs\":[\"http:\/\/www.portalmf.com.br\/\",\"https:\/\/www.facebook.com\/portalmfoficial\",\"https:\/\/www.instagram.com\/portalmf\/\",\"https:\/\/x.com\/https:\/\/x.com\/portalmfoficial\",\"https:\/\/www.youtube.com\/@portalmfoficial\"],\"url\":\"https:\/\/portalmf.com.br\/index.php\/author\/junior\/\"}]}<\/script>\n<!-- \/ Yoast SEO plugin. -->","yoast_head_json":{"title":"Xand Avi\u00e3o leva o forr\u00f3 para o Camarote N1 - Portal MF","robots":{"index":"index","follow":"follow","max-snippet":"max-snippet:-1","max-image-preview":"max-image-preview:large","max-video-preview":"max-video-preview:-1"},"canonical":"https:\/\/portalmf.com.br\/index.php\/2025\/03\/05\/xand-aviao-leva-o-forro-para-o-camarote-n1\/","og_locale":"pt_BR","og_type":"article","og_title":"Xand Avi\u00e3o leva o forr\u00f3 para o Camarote N1 - Portal MF","og_description":"Encerrando sua intensa agenda de carnaval com chave de ouro, Xand Avi\u00e3o aterrissou na Marqu\u00eas de Sapuca\u00ed para uma apresenta\u00e7\u00e3o eletrizante no Camarote N1, um dos espa\u00e7os mais exclusivos do carnaval carioca.&nbsp; Com um show vibrante, o cantor levou o forr\u00f3 para o ber\u00e7o do samba, mostrando toda a sua versatilidade e conquistando o p\u00fablico [&hellip;]","og_url":"https:\/\/portalmf.com.br\/index.php\/2025\/03\/05\/xand-aviao-leva-o-forro-para-o-camarote-n1\/","og_site_name":"Portal MF","article_author":"https:\/\/www.facebook.com\/portalmfoficial","article_published_time":"2025-03-05T22:00:22+00:00","article_modified_time":"2025-03-07T22:02:06+00:00","og_image":[{"width":1365,"height":928,"url":"https:\/\/portalmf.com.br\/wp-content\/uploads\/2025\/03\/unnamed-e1741384912810.jpg","type":"image\/jpeg"}],"author":"Reda\u00e7\u00e3o Portal MF","twitter_card":"summary_large_image","twitter_creator":"@https:\/\/x.com\/portalmfoficial","twitter_misc":{"Escrito por":"Reda\u00e7\u00e3o Portal MF","Est. tempo de leitura":"2 minutos"},"schema":{"@context":"https:\/\/schema.org","@graph":[{"@type":"WebPage","@id":"https:\/\/portalmf.com.br\/index.php\/2025\/03\/05\/xand-aviao-leva-o-forro-para-o-camarote-n1\/","url":"https:\/\/portalmf.com.br\/index.php\/2025\/03\/05\/xand-aviao-leva-o-forro-para-o-camarote-n1\/","name":"Xand Avi\u00e3o leva o forr\u00f3 para o Camarote N1 - Portal MF","isPartOf":{"@id":"https:\/\/portalmf.com.br\/#website"},"primaryImageOfPage":{"@id":"https:\/\/portalmf.com.br\/index.php\/2025\/03\/05\/xand-aviao-leva-o-forro-para-o-camarote-n1\/#primaryimage"},"image":{"@id":"https:\/\/portalmf.com.br\/index.php\/2025\/03\/05\/xand-aviao-leva-o-forro-para-o-camarote-n1\/#primaryimage"},"thumbnailUrl":"https:\/\/portalmf.com.br\/wp-content\/uploads\/2025\/03\/unnamed-e1741384912810.jpg","datePublished":"2025-03-05T22:00:22+00:00","dateModified":"2025-03-07T22:02:06+00:00","author":{"@id":"https:\/\/portalmf.com.br\/#\/schema\/person\/9ec101baf56233e53520c26de5d6f6f0"},"breadcrumb":{"@id":"https:\/\/portalmf.com.br\/index.php\/2025\/03\/05\/xand-aviao-leva-o-forro-para-o-camarote-n1\/#breadcrumb"},"inLanguage":"pt-BR","potentialAction":[{"@type":"ReadAction","target":["https:\/\/portalmf.com.br\/index.php\/2025\/03\/05\/xand-aviao-leva-o-forro-para-o-camarote-n1\/"]}]},{"@type":"ImageObject","inLanguage":"pt-BR","@id":"https:\/\/portalmf.com.br\/index.php\/2025\/03\/05\/xand-aviao-leva-o-forro-para-o-camarote-n1\/#primaryimage","url":"https:\/\/portalmf.com.br\/wp-content\/uploads\/2025\/03\/unnamed-e1741384912810.jpg","contentUrl":"https:\/\/portalmf.com.br\/wp-content\/uploads\/2025\/03\/unnamed-e1741384912810.jpg","width":1365,"height":928},{"@type":"BreadcrumbList","@id":"https:\/\/portalmf.com.br\/index.php\/2025\/03\/05\/xand-aviao-leva-o-forro-para-o-camarote-n1\/#breadcrumb","itemListElement":[{"@type":"ListItem","position":1,"name":"In\u00edcio","item":"https:\/\/portalmf.com.br\/"},{"@type":"ListItem","position":2,"name":"Xand Avi\u00e3o leva o forr\u00f3 para o Camarote N1"}]},{"@type":"WebSite","@id":"https:\/\/portalmf.com.br\/#website","url":"https:\/\/portalmf.com.br\/","name":"Portal MF","description":"Voc\u00ea conectado com a informa\u00e7\u00e3o","potentialAction":[{"@type":"SearchAction","target":{"@type":"EntryPoint","urlTemplate":"https:\/\/portalmf.com.br\/?s={search_term_string}"},"query-input":"required name=search_term_string"}],"inLanguage":"pt-BR"},{"@type":"Person","@id":"https:\/\/portalmf.com.br\/#\/schema\/person\/9ec101baf56233e53520c26de5d6f6f0","name":"Reda\u00e7\u00e3o Portal MF","image":{"@type":"ImageObject","inLanguage":"pt-BR","@id":"https:\/\/portalmf.com.br\/#\/schema\/person\/image\/","url":"https:\/\/secure.gravatar.com\/avatar\/41b9aaeb2100835f7c64362330f74c7f?s=96&d=mm&r=g","contentUrl":"https:\/\/secure.gravatar.com\/avatar\/41b9aaeb2100835f7c64362330f74c7f?s=96&d=mm&r=g","caption":"Reda\u00e7\u00e3o Portal MF"},"description":"Sejam bem-vindos o portal de informa\u00e7\u00f5es de entretenimento de Feira de Santana, desde 2006 realiza coberturas dos principais eventos com entrevistas exclusivas com as principais personalidades mundiais. Fique conectado tamb\u00e9m nas redes sociais.","sameAs":["http:\/\/www.portalmf.com.br\/","https:\/\/www.facebook.com\/portalmfoficial","https:\/\/www.instagram.com\/portalmf\/","https:\/\/x.com\/https:\/\/x.com\/portalmfoficial","https:\/\/www.youtube.com\/@portalmfoficial"],"url":"https:\/\/portalmf.com.br\/index.php\/author\/junior\/"}]}},"_links":{"self":[{"href":"https:\/\/portalmf.com.br\/index.php\/wp-json\/wp\/v2\/posts\/34664"}],"collection":[{"href":"https:\/\/portalmf.com.br\/index.php\/wp-json\/wp\/v2\/posts"}],"about":[{"href":"https:\/\/portalmf.com.br\/index.php\/wp-json\/wp\/v2\/types\/post"}],"author":[{"embeddable":true,"href":"https:\/\/portalmf.com.br\/index.php\/wp-json\/wp\/v2\/users\/3"}],"replies":[{"embeddable":true,"href":"https:\/\/portalmf.com.br\/index.php\/wp-json\/wp\/v2\/comments?post=34664"}],"version-history":[{"count":1,"href":"https:\/\/portalmf.com.br\/index.php\/wp-json\/wp\/v2\/posts\/34664\/revisions"}],"predecessor-version":[{"id":34666,"href":"https:\/\/portalmf.com.br\/index.php\/wp-json\/wp\/v2\/posts\/34664\/revisions\/34666"}],"wp:featuredmedia":[{"embeddable":true,"href":"https:\/\/portalmf.com.br\/index.php\/wp-json\/wp\/v2\/media\/34665"}],"wp:attachment":[{"href":"https:\/\/portalmf.com.br\/index.php\/wp-json\/wp\/v2\/media?parent=34664"}],"wp:term":[{"taxonomy":"category","embeddable":true,"href":"https:\/\/portalmf.com.br\/index.php\/wp-json\/wp\/v2\/categories?post=34664"},{"taxonomy":"post_tag","embeddable":true,"href":"https:\/\/portalmf.com.br\/index.php\/wp-json\/wp\/v2\/tags?post=34664"}],"curies":[{"name":"wp","href":"https:\/\/api.w.org\/{rel}","templated":true}]}}