{"id":34658,"date":"2025-03-05T18:38:38","date_gmt":"2025-03-05T21:38:38","guid":{"rendered":"https:\/\/portalmf.com.br\/?p=34658"},"modified":"2025-03-07T18:46:34","modified_gmt":"2025-03-07T21:46:34","slug":"preta-gil-no-ultimo-dia-do-carnaval-de-salvador","status":"publish","type":"post","link":"https:\/\/portalmf.com.br\/index.php\/2025\/03\/05\/preta-gil-no-ultimo-dia-do-carnaval-de-salvador\/","title":{"rendered":"Preta Gil no \u00faltimo dia do carnaval de Salvador"},"content":{"rendered":"\n<p>No \u00faltimo, mas n\u00e3o menos animado dia de carnaval no Expresso 2222, a cantora Preta Gil reapareceu na varanda do espa\u00e7o iFood para receber o carinho dos f\u00e3s e vibrar com a passagem dos trios. Uma dose de sa\u00fade, como ela mesma definiu sobre sua participa\u00e7\u00e3o na folia deste ano, em meio a um longo tratamento de sa\u00fade.<\/p>\n\n\n\n<p>Mais de 6 mil foli\u00f5es passaram pelo camarote da fam\u00edlia Gil em cinco dias de carnaval. Uma estrat\u00e9gia especial de sustentabilidade foi adotada para dar conta da coleta de res\u00edduos com o apoio da Solar Coca-Cola, uma das empresas patrocinadoras, junto com a cooperativa Uni\u00e3o Nazar\u00e9, que fez a triagem de tudo o que foi recolhido. A parceria j\u00e1 vem de dois carnavais. Em 2023 e 2024 foram recicladas mais de 3,5 toneladas de res\u00edduos gerados na festa.<\/p>\n\n\n\n<p><strong><br>ENCONTROS NA FOLIA<\/strong><\/p>\n\n\n\n<p>Como de costume, o camarote do Edif\u00edcio Oceania \u00e9 um ponto de encontro de artistas e celebridades. Na ter\u00e7a-feira passaram pelo Expresso o atores Marco Pigossi e Marcus Majella, as cantoras Majur e Clara Buarque, o cantor e compositor Paulinho Moska, a influencer Tia M\u00e1, o cineasta italiano Marco Calvani e os apresentadores Gominho e Rita Batista.<\/p>\n\n\n\n<p>O palco do Expresso 2222 tamb\u00e9m promoveu parcerias musicais memor\u00e1veis, al\u00e9m da roda de arrocha e das picapes da DJ Libre Ana, com remixes de hits brasileiros. Ao longo dos cinco dias, a banda residente Sambaiana, comandada por Ju Moraes, recebeu convidados cheios de swing, como a revela\u00e7\u00e3o Os Garotin, a cantora paulistana Raquel Virginia, os cantores Pedro Pond\u00e9 e JotaP\u00ea e, para fechar a folia, a participa\u00e7\u00e3o especial da baian\u00edssima Larissa Luz.<\/p>\n","protected":false},"excerpt":{"rendered":"<p>No \u00faltimo, mas n\u00e3o menos animado dia de carnaval no Expresso 2222, a cantora Preta Gil reapareceu na varanda do espa\u00e7o iFood para receber o carinho dos f\u00e3s e vibrar com a passagem dos trios. Uma dose de sa\u00fade, como ela mesma definiu sobre sua participa\u00e7\u00e3o na folia deste ano, em meio a um longo [&hellip;]<\/p>\n","protected":false},"author":3,"featured_media":34659,"comment_status":"open","ping_status":"open","sticky":false,"template":"","format":"standard","meta":{"_monsterinsights_skip_tracking":false,"_monsterinsights_sitenote_active":false,"_monsterinsights_sitenote_note":"","_monsterinsights_sitenote_category":0,"footnotes":""},"categories":[44],"tags":[],"yoast_head":"<!-- This site is optimized with the Yoast SEO plugin v22.9 - https:\/\/yoast.com\/wordpress\/plugins\/seo\/ -->\n<title>Preta Gil no \u00faltimo dia do carnaval de Salvador - Portal MF<\/title>\n<meta name=\"robots\" content=\"index, follow, max-snippet:-1, max-image-preview:large, max-video-preview:-1\" \/>\n<link rel=\"canonical\" href=\"https:\/\/portalmf.com.br\/index.php\/2025\/03\/05\/preta-gil-no-ultimo-dia-do-carnaval-de-salvador\/\" \/>\n<meta property=\"og:locale\" content=\"pt_BR\" \/>\n<meta property=\"og:type\" content=\"article\" \/>\n<meta property=\"og:title\" content=\"Preta Gil no \u00faltimo dia do carnaval de Salvador - Portal MF\" \/>\n<meta property=\"og:description\" content=\"No \u00faltimo, mas n\u00e3o menos animado dia de carnaval no Expresso 2222, a cantora Preta Gil reapareceu na varanda do espa\u00e7o iFood para receber o carinho dos f\u00e3s e vibrar com a passagem dos trios. Uma dose de sa\u00fade, como ela mesma definiu sobre sua participa\u00e7\u00e3o na folia deste ano, em meio a um longo [&hellip;]\" \/>\n<meta property=\"og:url\" content=\"https:\/\/portalmf.com.br\/index.php\/2025\/03\/05\/preta-gil-no-ultimo-dia-do-carnaval-de-salvador\/\" \/>\n<meta property=\"og:site_name\" content=\"Portal MF\" \/>\n<meta property=\"article:author\" content=\"https:\/\/www.facebook.com\/portalmfoficial\" \/>\n<meta property=\"article:published_time\" content=\"2025-03-05T21:38:38+00:00\" \/>\n<meta property=\"article:modified_time\" content=\"2025-03-07T21:46:34+00:00\" \/>\n<meta property=\"og:image\" content=\"https:\/\/portalmf.com.br\/wp-content\/uploads\/2025\/03\/Preta-Gil-e-a-influencer-Tia-Ma-scaled-e1741383934770.jpg\" \/>\n\t<meta property=\"og:image:width\" content=\"1442\" \/>\n\t<meta property=\"og:image:height\" content=\"1275\" \/>\n\t<meta property=\"og:image:type\" content=\"image\/jpeg\" \/>\n<meta name=\"author\" content=\"Reda\u00e7\u00e3o Portal MF\" \/>\n<meta name=\"twitter:card\" content=\"summary_large_image\" \/>\n<meta name=\"twitter:creator\" content=\"@https:\/\/x.com\/portalmfoficial\" \/>\n<meta name=\"twitter:label1\" content=\"Escrito por\" \/>\n\t<meta name=\"twitter:data1\" content=\"Reda\u00e7\u00e3o Portal MF\" \/>\n\t<meta name=\"twitter:label2\" content=\"Est. tempo de leitura\" \/>\n\t<meta name=\"twitter:data2\" content=\"2 minutos\" \/>\n<script type=\"application\/ld+json\" class=\"yoast-schema-graph\">{\"@context\":\"https:\/\/schema.org\",\"@graph\":[{\"@type\":\"WebPage\",\"@id\":\"https:\/\/portalmf.com.br\/index.php\/2025\/03\/05\/preta-gil-no-ultimo-dia-do-carnaval-de-salvador\/\",\"url\":\"https:\/\/portalmf.com.br\/index.php\/2025\/03\/05\/preta-gil-no-ultimo-dia-do-carnaval-de-salvador\/\",\"name\":\"Preta Gil no \u00faltimo dia do carnaval de Salvador - Portal MF\",\"isPartOf\":{\"@id\":\"https:\/\/portalmf.com.br\/#website\"},\"primaryImageOfPage\":{\"@id\":\"https:\/\/portalmf.com.br\/index.php\/2025\/03\/05\/preta-gil-no-ultimo-dia-do-carnaval-de-salvador\/#primaryimage\"},\"image\":{\"@id\":\"https:\/\/portalmf.com.br\/index.php\/2025\/03\/05\/preta-gil-no-ultimo-dia-do-carnaval-de-salvador\/#primaryimage\"},\"thumbnailUrl\":\"https:\/\/portalmf.com.br\/wp-content\/uploads\/2025\/03\/Preta-Gil-e-a-influencer-Tia-Ma-scaled-e1741383934770.jpg\",\"datePublished\":\"2025-03-05T21:38:38+00:00\",\"dateModified\":\"2025-03-07T21:46:34+00:00\",\"author\":{\"@id\":\"https:\/\/portalmf.com.br\/#\/schema\/person\/9ec101baf56233e53520c26de5d6f6f0\"},\"breadcrumb\":{\"@id\":\"https:\/\/portalmf.com.br\/index.php\/2025\/03\/05\/preta-gil-no-ultimo-dia-do-carnaval-de-salvador\/#breadcrumb\"},\"inLanguage\":\"pt-BR\",\"potentialAction\":[{\"@type\":\"ReadAction\",\"target\":[\"https:\/\/portalmf.com.br\/index.php\/2025\/03\/05\/preta-gil-no-ultimo-dia-do-carnaval-de-salvador\/\"]}]},{\"@type\":\"ImageObject\",\"inLanguage\":\"pt-BR\",\"@id\":\"https:\/\/portalmf.com.br\/index.php\/2025\/03\/05\/preta-gil-no-ultimo-dia-do-carnaval-de-salvador\/#primaryimage\",\"url\":\"https:\/\/portalmf.com.br\/wp-content\/uploads\/2025\/03\/Preta-Gil-e-a-influencer-Tia-Ma-scaled-e1741383934770.jpg\",\"contentUrl\":\"https:\/\/portalmf.com.br\/wp-content\/uploads\/2025\/03\/Preta-Gil-e-a-influencer-Tia-Ma-scaled-e1741383934770.jpg\",\"width\":1442,\"height\":1275},{\"@type\":\"BreadcrumbList\",\"@id\":\"https:\/\/portalmf.com.br\/index.php\/2025\/03\/05\/preta-gil-no-ultimo-dia-do-carnaval-de-salvador\/#breadcrumb\",\"itemListElement\":[{\"@type\":\"ListItem\",\"position\":1,\"name\":\"In\u00edcio\",\"item\":\"https:\/\/portalmf.com.br\/\"},{\"@type\":\"ListItem\",\"position\":2,\"name\":\"Preta Gil no \u00faltimo dia do carnaval de Salvador\"}]},{\"@type\":\"WebSite\",\"@id\":\"https:\/\/portalmf.com.br\/#website\",\"url\":\"https:\/\/portalmf.com.br\/\",\"name\":\"Portal MF\",\"description\":\"Voc\u00ea conectado com a informa\u00e7\u00e3o\",\"potentialAction\":[{\"@type\":\"SearchAction\",\"target\":{\"@type\":\"EntryPoint\",\"urlTemplate\":\"https:\/\/portalmf.com.br\/?s={search_term_string}\"},\"query-input\":\"required name=search_term_string\"}],\"inLanguage\":\"pt-BR\"},{\"@type\":\"Person\",\"@id\":\"https:\/\/portalmf.com.br\/#\/schema\/person\/9ec101baf56233e53520c26de5d6f6f0\",\"name\":\"Reda\u00e7\u00e3o Portal MF\",\"image\":{\"@type\":\"ImageObject\",\"inLanguage\":\"pt-BR\",\"@id\":\"https:\/\/portalmf.com.br\/#\/schema\/person\/image\/\",\"url\":\"https:\/\/secure.gravatar.com\/avatar\/41b9aaeb2100835f7c64362330f74c7f?s=96&d=mm&r=g\",\"contentUrl\":\"https:\/\/secure.gravatar.com\/avatar\/41b9aaeb2100835f7c64362330f74c7f?s=96&d=mm&r=g\",\"caption\":\"Reda\u00e7\u00e3o Portal MF\"},\"description\":\"Sejam bem-vindos o portal de informa\u00e7\u00f5es de entretenimento de Feira de Santana, desde 2006 realiza coberturas dos principais eventos com entrevistas exclusivas com as principais personalidades mundiais. Fique conectado tamb\u00e9m nas redes sociais.\",\"sameAs\":[\"http:\/\/www.portalmf.com.br\/\",\"https:\/\/www.facebook.com\/portalmfoficial\",\"https:\/\/www.instagram.com\/portalmf\/\",\"https:\/\/x.com\/https:\/\/x.com\/portalmfoficial\",\"https:\/\/www.youtube.com\/@portalmfoficial\"],\"url\":\"https:\/\/portalmf.com.br\/index.php\/author\/junior\/\"}]}<\/script>\n<!-- \/ Yoast SEO plugin. -->","yoast_head_json":{"title":"Preta Gil no \u00faltimo dia do carnaval de Salvador - Portal MF","robots":{"index":"index","follow":"follow","max-snippet":"max-snippet:-1","max-image-preview":"max-image-preview:large","max-video-preview":"max-video-preview:-1"},"canonical":"https:\/\/portalmf.com.br\/index.php\/2025\/03\/05\/preta-gil-no-ultimo-dia-do-carnaval-de-salvador\/","og_locale":"pt_BR","og_type":"article","og_title":"Preta Gil no \u00faltimo dia do carnaval de Salvador - Portal MF","og_description":"No \u00faltimo, mas n\u00e3o menos animado dia de carnaval no Expresso 2222, a cantora Preta Gil reapareceu na varanda do espa\u00e7o iFood para receber o carinho dos f\u00e3s e vibrar com a passagem dos trios. Uma dose de sa\u00fade, como ela mesma definiu sobre sua participa\u00e7\u00e3o na folia deste ano, em meio a um longo [&hellip;]","og_url":"https:\/\/portalmf.com.br\/index.php\/2025\/03\/05\/preta-gil-no-ultimo-dia-do-carnaval-de-salvador\/","og_site_name":"Portal MF","article_author":"https:\/\/www.facebook.com\/portalmfoficial","article_published_time":"2025-03-05T21:38:38+00:00","article_modified_time":"2025-03-07T21:46:34+00:00","og_image":[{"width":1442,"height":1275,"url":"https:\/\/portalmf.com.br\/wp-content\/uploads\/2025\/03\/Preta-Gil-e-a-influencer-Tia-Ma-scaled-e1741383934770.jpg","type":"image\/jpeg"}],"author":"Reda\u00e7\u00e3o Portal MF","twitter_card":"summary_large_image","twitter_creator":"@https:\/\/x.com\/portalmfoficial","twitter_misc":{"Escrito por":"Reda\u00e7\u00e3o Portal MF","Est. tempo de leitura":"2 minutos"},"schema":{"@context":"https:\/\/schema.org","@graph":[{"@type":"WebPage","@id":"https:\/\/portalmf.com.br\/index.php\/2025\/03\/05\/preta-gil-no-ultimo-dia-do-carnaval-de-salvador\/","url":"https:\/\/portalmf.com.br\/index.php\/2025\/03\/05\/preta-gil-no-ultimo-dia-do-carnaval-de-salvador\/","name":"Preta Gil no \u00faltimo dia do carnaval de Salvador - Portal MF","isPartOf":{"@id":"https:\/\/portalmf.com.br\/#website"},"primaryImageOfPage":{"@id":"https:\/\/portalmf.com.br\/index.php\/2025\/03\/05\/preta-gil-no-ultimo-dia-do-carnaval-de-salvador\/#primaryimage"},"image":{"@id":"https:\/\/portalmf.com.br\/index.php\/2025\/03\/05\/preta-gil-no-ultimo-dia-do-carnaval-de-salvador\/#primaryimage"},"thumbnailUrl":"https:\/\/portalmf.com.br\/wp-content\/uploads\/2025\/03\/Preta-Gil-e-a-influencer-Tia-Ma-scaled-e1741383934770.jpg","datePublished":"2025-03-05T21:38:38+00:00","dateModified":"2025-03-07T21:46:34+00:00","author":{"@id":"https:\/\/portalmf.com.br\/#\/schema\/person\/9ec101baf56233e53520c26de5d6f6f0"},"breadcrumb":{"@id":"https:\/\/portalmf.com.br\/index.php\/2025\/03\/05\/preta-gil-no-ultimo-dia-do-carnaval-de-salvador\/#breadcrumb"},"inLanguage":"pt-BR","potentialAction":[{"@type":"ReadAction","target":["https:\/\/portalmf.com.br\/index.php\/2025\/03\/05\/preta-gil-no-ultimo-dia-do-carnaval-de-salvador\/"]}]},{"@type":"ImageObject","inLanguage":"pt-BR","@id":"https:\/\/portalmf.com.br\/index.php\/2025\/03\/05\/preta-gil-no-ultimo-dia-do-carnaval-de-salvador\/#primaryimage","url":"https:\/\/portalmf.com.br\/wp-content\/uploads\/2025\/03\/Preta-Gil-e-a-influencer-Tia-Ma-scaled-e1741383934770.jpg","contentUrl":"https:\/\/portalmf.com.br\/wp-content\/uploads\/2025\/03\/Preta-Gil-e-a-influencer-Tia-Ma-scaled-e1741383934770.jpg","width":1442,"height":1275},{"@type":"BreadcrumbList","@id":"https:\/\/portalmf.com.br\/index.php\/2025\/03\/05\/preta-gil-no-ultimo-dia-do-carnaval-de-salvador\/#breadcrumb","itemListElement":[{"@type":"ListItem","position":1,"name":"In\u00edcio","item":"https:\/\/portalmf.com.br\/"},{"@type":"ListItem","position":2,"name":"Preta Gil no \u00faltimo dia do carnaval de Salvador"}]},{"@type":"WebSite","@id":"https:\/\/portalmf.com.br\/#website","url":"https:\/\/portalmf.com.br\/","name":"Portal MF","description":"Voc\u00ea conectado com a informa\u00e7\u00e3o","potentialAction":[{"@type":"SearchAction","target":{"@type":"EntryPoint","urlTemplate":"https:\/\/portalmf.com.br\/?s={search_term_string}"},"query-input":"required name=search_term_string"}],"inLanguage":"pt-BR"},{"@type":"Person","@id":"https:\/\/portalmf.com.br\/#\/schema\/person\/9ec101baf56233e53520c26de5d6f6f0","name":"Reda\u00e7\u00e3o Portal MF","image":{"@type":"ImageObject","inLanguage":"pt-BR","@id":"https:\/\/portalmf.com.br\/#\/schema\/person\/image\/","url":"https:\/\/secure.gravatar.com\/avatar\/41b9aaeb2100835f7c64362330f74c7f?s=96&d=mm&r=g","contentUrl":"https:\/\/secure.gravatar.com\/avatar\/41b9aaeb2100835f7c64362330f74c7f?s=96&d=mm&r=g","caption":"Reda\u00e7\u00e3o Portal MF"},"description":"Sejam bem-vindos o portal de informa\u00e7\u00f5es de entretenimento de Feira de Santana, desde 2006 realiza coberturas dos principais eventos com entrevistas exclusivas com as principais personalidades mundiais. Fique conectado tamb\u00e9m nas redes sociais.","sameAs":["http:\/\/www.portalmf.com.br\/","https:\/\/www.facebook.com\/portalmfoficial","https:\/\/www.instagram.com\/portalmf\/","https:\/\/x.com\/https:\/\/x.com\/portalmfoficial","https:\/\/www.youtube.com\/@portalmfoficial"],"url":"https:\/\/portalmf.com.br\/index.php\/author\/junior\/"}]}},"_links":{"self":[{"href":"https:\/\/portalmf.com.br\/index.php\/wp-json\/wp\/v2\/posts\/34658"}],"collection":[{"href":"https:\/\/portalmf.com.br\/index.php\/wp-json\/wp\/v2\/posts"}],"about":[{"href":"https:\/\/portalmf.com.br\/index.php\/wp-json\/wp\/v2\/types\/post"}],"author":[{"embeddable":true,"href":"https:\/\/portalmf.com.br\/index.php\/wp-json\/wp\/v2\/users\/3"}],"replies":[{"embeddable":true,"href":"https:\/\/portalmf.com.br\/index.php\/wp-json\/wp\/v2\/comments?post=34658"}],"version-history":[{"count":1,"href":"https:\/\/portalmf.com.br\/index.php\/wp-json\/wp\/v2\/posts\/34658\/revisions"}],"predecessor-version":[{"id":34660,"href":"https:\/\/portalmf.com.br\/index.php\/wp-json\/wp\/v2\/posts\/34658\/revisions\/34660"}],"wp:featuredmedia":[{"embeddable":true,"href":"https:\/\/portalmf.com.br\/index.php\/wp-json\/wp\/v2\/media\/34659"}],"wp:attachment":[{"href":"https:\/\/portalmf.com.br\/index.php\/wp-json\/wp\/v2\/media?parent=34658"}],"wp:term":[{"taxonomy":"category","embeddable":true,"href":"https:\/\/portalmf.com.br\/index.php\/wp-json\/wp\/v2\/categories?post=34658"},{"taxonomy":"post_tag","embeddable":true,"href":"https:\/\/portalmf.com.br\/index.php\/wp-json\/wp\/v2\/tags?post=34658"}],"curies":[{"name":"wp","href":"https:\/\/api.w.org\/{rel}","templated":true}]}}