{"id":34646,"date":"2025-03-07T18:10:17","date_gmt":"2025-03-07T21:10:17","guid":{"rendered":"https:\/\/portalmf.com.br\/?p=34646"},"modified":"2025-03-07T18:10:18","modified_gmt":"2025-03-07T21:10:18","slug":"jammil-coloca-bloco-praieiro-em-sao-paulo-no-pos-carnaval","status":"publish","type":"post","link":"https:\/\/portalmf.com.br\/index.php\/2025\/03\/07\/jammil-coloca-bloco-praieiro-em-sao-paulo-no-pos-carnaval\/","title":{"rendered":"Jammil coloca Bloco Praieiro em S\u00e3o Paulo no p\u00f3s carnaval\u00a0"},"content":{"rendered":"\n<p>Ap\u00f3s uma maratona nos dias oficiais de Carnaval com apresenta\u00e7\u00f5es na Bahia, Minas Gerais e Santa Catarina, totalizando nove shows em seis dias, o Jammil leva a energia da festa em Salvador para S\u00e3o Paulo neste s\u00e1bado (08). Na capital, a banda desfila \u00e0 frente do Bloco Praieiro, na Avenida Henrique Schaumann, a partir do meio-dia.<\/p>\n\n\n\n<p>O desfile marca a hist\u00f3ria de dez anos do bloco, desde a sua funda\u00e7\u00e3o em Salvador, al\u00e9m de comemorar os 40 anos do Ax\u00e9. No repert\u00f3rio, os cl\u00e1ssicos atemporais da banda, como \u201cMilla\u201d, \u201c\u00c9 Ver\u00e3o\u201d, \u201cMinha Estrela\u201d, \u201cPra Te Ter Aqui\u201d, \u201c\u00ca Saudade\u201d e \u201cPraieiro\u201d se misturam aos hits da festa em vers\u00f5es com a cara do Jammil. Essas can\u00e7\u00f5es est\u00e3o presentes no audiovisual \u201cEternamente Carnaval\u201d, gravado na Ponta de Humait\u00e1, em Salvador, reduto tradicional do show \u201cVamos Ver o P\u00f4r do Sol\u201d, que o grupo realiza, de gra\u00e7a, desde 2016.<\/p>\n\n\n\n<p>Al\u00e9m delas, o Jammil segue atualizando seu repert\u00f3rio. \u201cDe Novo\u201d, foi gravada ao vivo no projeto em um feat com o autor da m\u00fasica, representante da nova gera\u00e7\u00e3o da m\u00fasica baiana, Jhaca, acumulando 1 milh\u00e3o de visualiza\u00e7\u00f5es no Youtube. \u201cNo Seu Corre\u201d (Manno G\u00f3es), aposta da banda para a esta\u00e7\u00e3o, tamb\u00e9m conecta o Jammil aos novos artistas da Bahia, gravada no \u201cEternamente Carnaval\u201d com Filhos de Jorge.<\/p>\n\n\n\n<p>Com mais de 25 anos de hist\u00f3ria, o Jammil continua se reinventando e apostando em novidades que posicionam a banda como uma das mais ativas do atual cen\u00e1rio musical, movimentando a cena com diversos lan\u00e7amentos e uma extensa agenda de shows em micaretas e festivais no Brasil e fora do pa\u00eds.<\/p>\n","protected":false},"excerpt":{"rendered":"<p>Ap\u00f3s uma maratona nos dias oficiais de Carnaval com apresenta\u00e7\u00f5es na Bahia, Minas Gerais e Santa Catarina, totalizando nove shows em seis dias, o Jammil leva a energia da festa em Salvador para S\u00e3o Paulo neste s\u00e1bado (08). Na capital, a banda desfila \u00e0 frente do Bloco Praieiro, na Avenida Henrique Schaumann, a partir do [&hellip;]<\/p>\n","protected":false},"author":3,"featured_media":34647,"comment_status":"open","ping_status":"open","sticky":false,"template":"","format":"standard","meta":{"_monsterinsights_skip_tracking":false,"_monsterinsights_sitenote_active":false,"_monsterinsights_sitenote_note":"","_monsterinsights_sitenote_category":0,"footnotes":""},"categories":[44],"tags":[],"yoast_head":"<!-- This site is optimized with the Yoast SEO plugin v22.9 - https:\/\/yoast.com\/wordpress\/plugins\/seo\/ -->\n<title>Jammil coloca Bloco Praieiro em S\u00e3o Paulo no p\u00f3s carnaval\u00a0 - Portal MF<\/title>\n<meta name=\"robots\" content=\"index, follow, max-snippet:-1, max-image-preview:large, max-video-preview:-1\" \/>\n<link rel=\"canonical\" href=\"https:\/\/portalmf.com.br\/index.php\/2025\/03\/07\/jammil-coloca-bloco-praieiro-em-sao-paulo-no-pos-carnaval\/\" \/>\n<meta property=\"og:locale\" content=\"pt_BR\" \/>\n<meta property=\"og:type\" content=\"article\" \/>\n<meta property=\"og:title\" content=\"Jammil coloca Bloco Praieiro em S\u00e3o Paulo no p\u00f3s carnaval\u00a0 - Portal MF\" \/>\n<meta property=\"og:description\" content=\"Ap\u00f3s uma maratona nos dias oficiais de Carnaval com apresenta\u00e7\u00f5es na Bahia, Minas Gerais e Santa Catarina, totalizando nove shows em seis dias, o Jammil leva a energia da festa em Salvador para S\u00e3o Paulo neste s\u00e1bado (08). Na capital, a banda desfila \u00e0 frente do Bloco Praieiro, na Avenida Henrique Schaumann, a partir do [&hellip;]\" \/>\n<meta property=\"og:url\" content=\"https:\/\/portalmf.com.br\/index.php\/2025\/03\/07\/jammil-coloca-bloco-praieiro-em-sao-paulo-no-pos-carnaval\/\" \/>\n<meta property=\"og:site_name\" content=\"Portal MF\" \/>\n<meta property=\"article:author\" content=\"https:\/\/www.facebook.com\/portalmfoficial\" \/>\n<meta property=\"article:published_time\" content=\"2025-03-07T21:10:17+00:00\" \/>\n<meta property=\"article:modified_time\" content=\"2025-03-07T21:10:18+00:00\" \/>\n<meta property=\"og:image\" content=\"https:\/\/portalmf.com.br\/wp-content\/uploads\/2025\/03\/Rafa-Barreto-Banda-Jammil-Credito-Jackson-M_-scaled.jpg\" \/>\n\t<meta property=\"og:image:width\" content=\"2560\" \/>\n\t<meta property=\"og:image:height\" content=\"1707\" \/>\n\t<meta property=\"og:image:type\" content=\"image\/jpeg\" \/>\n<meta name=\"author\" content=\"Reda\u00e7\u00e3o Portal MF\" \/>\n<meta name=\"twitter:card\" content=\"summary_large_image\" \/>\n<meta name=\"twitter:creator\" content=\"@https:\/\/x.com\/portalmfoficial\" \/>\n<meta name=\"twitter:label1\" content=\"Escrito por\" \/>\n\t<meta name=\"twitter:data1\" content=\"Reda\u00e7\u00e3o Portal MF\" \/>\n\t<meta name=\"twitter:label2\" content=\"Est. tempo de leitura\" \/>\n\t<meta name=\"twitter:data2\" content=\"2 minutos\" \/>\n<script type=\"application\/ld+json\" class=\"yoast-schema-graph\">{\"@context\":\"https:\/\/schema.org\",\"@graph\":[{\"@type\":\"WebPage\",\"@id\":\"https:\/\/portalmf.com.br\/index.php\/2025\/03\/07\/jammil-coloca-bloco-praieiro-em-sao-paulo-no-pos-carnaval\/\",\"url\":\"https:\/\/portalmf.com.br\/index.php\/2025\/03\/07\/jammil-coloca-bloco-praieiro-em-sao-paulo-no-pos-carnaval\/\",\"name\":\"Jammil coloca Bloco Praieiro em S\u00e3o Paulo no p\u00f3s carnaval\u00a0 - Portal MF\",\"isPartOf\":{\"@id\":\"https:\/\/portalmf.com.br\/#website\"},\"primaryImageOfPage\":{\"@id\":\"https:\/\/portalmf.com.br\/index.php\/2025\/03\/07\/jammil-coloca-bloco-praieiro-em-sao-paulo-no-pos-carnaval\/#primaryimage\"},\"image\":{\"@id\":\"https:\/\/portalmf.com.br\/index.php\/2025\/03\/07\/jammil-coloca-bloco-praieiro-em-sao-paulo-no-pos-carnaval\/#primaryimage\"},\"thumbnailUrl\":\"https:\/\/portalmf.com.br\/wp-content\/uploads\/2025\/03\/Rafa-Barreto-Banda-Jammil-Credito-Jackson-M_-scaled.jpg\",\"datePublished\":\"2025-03-07T21:10:17+00:00\",\"dateModified\":\"2025-03-07T21:10:18+00:00\",\"author\":{\"@id\":\"https:\/\/portalmf.com.br\/#\/schema\/person\/9ec101baf56233e53520c26de5d6f6f0\"},\"breadcrumb\":{\"@id\":\"https:\/\/portalmf.com.br\/index.php\/2025\/03\/07\/jammil-coloca-bloco-praieiro-em-sao-paulo-no-pos-carnaval\/#breadcrumb\"},\"inLanguage\":\"pt-BR\",\"potentialAction\":[{\"@type\":\"ReadAction\",\"target\":[\"https:\/\/portalmf.com.br\/index.php\/2025\/03\/07\/jammil-coloca-bloco-praieiro-em-sao-paulo-no-pos-carnaval\/\"]}]},{\"@type\":\"ImageObject\",\"inLanguage\":\"pt-BR\",\"@id\":\"https:\/\/portalmf.com.br\/index.php\/2025\/03\/07\/jammil-coloca-bloco-praieiro-em-sao-paulo-no-pos-carnaval\/#primaryimage\",\"url\":\"https:\/\/portalmf.com.br\/wp-content\/uploads\/2025\/03\/Rafa-Barreto-Banda-Jammil-Credito-Jackson-M_-scaled.jpg\",\"contentUrl\":\"https:\/\/portalmf.com.br\/wp-content\/uploads\/2025\/03\/Rafa-Barreto-Banda-Jammil-Credito-Jackson-M_-scaled.jpg\",\"width\":2560,\"height\":1707},{\"@type\":\"BreadcrumbList\",\"@id\":\"https:\/\/portalmf.com.br\/index.php\/2025\/03\/07\/jammil-coloca-bloco-praieiro-em-sao-paulo-no-pos-carnaval\/#breadcrumb\",\"itemListElement\":[{\"@type\":\"ListItem\",\"position\":1,\"name\":\"In\u00edcio\",\"item\":\"https:\/\/portalmf.com.br\/\"},{\"@type\":\"ListItem\",\"position\":2,\"name\":\"Jammil coloca Bloco Praieiro em S\u00e3o Paulo no p\u00f3s carnaval\u00a0\"}]},{\"@type\":\"WebSite\",\"@id\":\"https:\/\/portalmf.com.br\/#website\",\"url\":\"https:\/\/portalmf.com.br\/\",\"name\":\"Portal MF\",\"description\":\"Voc\u00ea conectado com a informa\u00e7\u00e3o\",\"potentialAction\":[{\"@type\":\"SearchAction\",\"target\":{\"@type\":\"EntryPoint\",\"urlTemplate\":\"https:\/\/portalmf.com.br\/?s={search_term_string}\"},\"query-input\":\"required name=search_term_string\"}],\"inLanguage\":\"pt-BR\"},{\"@type\":\"Person\",\"@id\":\"https:\/\/portalmf.com.br\/#\/schema\/person\/9ec101baf56233e53520c26de5d6f6f0\",\"name\":\"Reda\u00e7\u00e3o Portal MF\",\"image\":{\"@type\":\"ImageObject\",\"inLanguage\":\"pt-BR\",\"@id\":\"https:\/\/portalmf.com.br\/#\/schema\/person\/image\/\",\"url\":\"https:\/\/secure.gravatar.com\/avatar\/41b9aaeb2100835f7c64362330f74c7f?s=96&d=mm&r=g\",\"contentUrl\":\"https:\/\/secure.gravatar.com\/avatar\/41b9aaeb2100835f7c64362330f74c7f?s=96&d=mm&r=g\",\"caption\":\"Reda\u00e7\u00e3o Portal MF\"},\"description\":\"Sejam bem-vindos o portal de informa\u00e7\u00f5es de entretenimento de Feira de Santana, desde 2006 realiza coberturas dos principais eventos com entrevistas exclusivas com as principais personalidades mundiais. Fique conectado tamb\u00e9m nas redes sociais.\",\"sameAs\":[\"http:\/\/www.portalmf.com.br\/\",\"https:\/\/www.facebook.com\/portalmfoficial\",\"https:\/\/www.instagram.com\/portalmf\/\",\"https:\/\/x.com\/https:\/\/x.com\/portalmfoficial\",\"https:\/\/www.youtube.com\/@portalmfoficial\"],\"url\":\"https:\/\/portalmf.com.br\/index.php\/author\/junior\/\"}]}<\/script>\n<!-- \/ Yoast SEO plugin. -->","yoast_head_json":{"title":"Jammil coloca Bloco Praieiro em S\u00e3o Paulo no p\u00f3s carnaval\u00a0 - Portal MF","robots":{"index":"index","follow":"follow","max-snippet":"max-snippet:-1","max-image-preview":"max-image-preview:large","max-video-preview":"max-video-preview:-1"},"canonical":"https:\/\/portalmf.com.br\/index.php\/2025\/03\/07\/jammil-coloca-bloco-praieiro-em-sao-paulo-no-pos-carnaval\/","og_locale":"pt_BR","og_type":"article","og_title":"Jammil coloca Bloco Praieiro em S\u00e3o Paulo no p\u00f3s carnaval\u00a0 - Portal MF","og_description":"Ap\u00f3s uma maratona nos dias oficiais de Carnaval com apresenta\u00e7\u00f5es na Bahia, Minas Gerais e Santa Catarina, totalizando nove shows em seis dias, o Jammil leva a energia da festa em Salvador para S\u00e3o Paulo neste s\u00e1bado (08). Na capital, a banda desfila \u00e0 frente do Bloco Praieiro, na Avenida Henrique Schaumann, a partir do [&hellip;]","og_url":"https:\/\/portalmf.com.br\/index.php\/2025\/03\/07\/jammil-coloca-bloco-praieiro-em-sao-paulo-no-pos-carnaval\/","og_site_name":"Portal MF","article_author":"https:\/\/www.facebook.com\/portalmfoficial","article_published_time":"2025-03-07T21:10:17+00:00","article_modified_time":"2025-03-07T21:10:18+00:00","og_image":[{"width":2560,"height":1707,"url":"https:\/\/portalmf.com.br\/wp-content\/uploads\/2025\/03\/Rafa-Barreto-Banda-Jammil-Credito-Jackson-M_-scaled.jpg","type":"image\/jpeg"}],"author":"Reda\u00e7\u00e3o Portal MF","twitter_card":"summary_large_image","twitter_creator":"@https:\/\/x.com\/portalmfoficial","twitter_misc":{"Escrito por":"Reda\u00e7\u00e3o Portal MF","Est. tempo de leitura":"2 minutos"},"schema":{"@context":"https:\/\/schema.org","@graph":[{"@type":"WebPage","@id":"https:\/\/portalmf.com.br\/index.php\/2025\/03\/07\/jammil-coloca-bloco-praieiro-em-sao-paulo-no-pos-carnaval\/","url":"https:\/\/portalmf.com.br\/index.php\/2025\/03\/07\/jammil-coloca-bloco-praieiro-em-sao-paulo-no-pos-carnaval\/","name":"Jammil coloca Bloco Praieiro em S\u00e3o Paulo no p\u00f3s carnaval\u00a0 - Portal MF","isPartOf":{"@id":"https:\/\/portalmf.com.br\/#website"},"primaryImageOfPage":{"@id":"https:\/\/portalmf.com.br\/index.php\/2025\/03\/07\/jammil-coloca-bloco-praieiro-em-sao-paulo-no-pos-carnaval\/#primaryimage"},"image":{"@id":"https:\/\/portalmf.com.br\/index.php\/2025\/03\/07\/jammil-coloca-bloco-praieiro-em-sao-paulo-no-pos-carnaval\/#primaryimage"},"thumbnailUrl":"https:\/\/portalmf.com.br\/wp-content\/uploads\/2025\/03\/Rafa-Barreto-Banda-Jammil-Credito-Jackson-M_-scaled.jpg","datePublished":"2025-03-07T21:10:17+00:00","dateModified":"2025-03-07T21:10:18+00:00","author":{"@id":"https:\/\/portalmf.com.br\/#\/schema\/person\/9ec101baf56233e53520c26de5d6f6f0"},"breadcrumb":{"@id":"https:\/\/portalmf.com.br\/index.php\/2025\/03\/07\/jammil-coloca-bloco-praieiro-em-sao-paulo-no-pos-carnaval\/#breadcrumb"},"inLanguage":"pt-BR","potentialAction":[{"@type":"ReadAction","target":["https:\/\/portalmf.com.br\/index.php\/2025\/03\/07\/jammil-coloca-bloco-praieiro-em-sao-paulo-no-pos-carnaval\/"]}]},{"@type":"ImageObject","inLanguage":"pt-BR","@id":"https:\/\/portalmf.com.br\/index.php\/2025\/03\/07\/jammil-coloca-bloco-praieiro-em-sao-paulo-no-pos-carnaval\/#primaryimage","url":"https:\/\/portalmf.com.br\/wp-content\/uploads\/2025\/03\/Rafa-Barreto-Banda-Jammil-Credito-Jackson-M_-scaled.jpg","contentUrl":"https:\/\/portalmf.com.br\/wp-content\/uploads\/2025\/03\/Rafa-Barreto-Banda-Jammil-Credito-Jackson-M_-scaled.jpg","width":2560,"height":1707},{"@type":"BreadcrumbList","@id":"https:\/\/portalmf.com.br\/index.php\/2025\/03\/07\/jammil-coloca-bloco-praieiro-em-sao-paulo-no-pos-carnaval\/#breadcrumb","itemListElement":[{"@type":"ListItem","position":1,"name":"In\u00edcio","item":"https:\/\/portalmf.com.br\/"},{"@type":"ListItem","position":2,"name":"Jammil coloca Bloco Praieiro em S\u00e3o Paulo no p\u00f3s carnaval\u00a0"}]},{"@type":"WebSite","@id":"https:\/\/portalmf.com.br\/#website","url":"https:\/\/portalmf.com.br\/","name":"Portal MF","description":"Voc\u00ea conectado com a informa\u00e7\u00e3o","potentialAction":[{"@type":"SearchAction","target":{"@type":"EntryPoint","urlTemplate":"https:\/\/portalmf.com.br\/?s={search_term_string}"},"query-input":"required name=search_term_string"}],"inLanguage":"pt-BR"},{"@type":"Person","@id":"https:\/\/portalmf.com.br\/#\/schema\/person\/9ec101baf56233e53520c26de5d6f6f0","name":"Reda\u00e7\u00e3o Portal MF","image":{"@type":"ImageObject","inLanguage":"pt-BR","@id":"https:\/\/portalmf.com.br\/#\/schema\/person\/image\/","url":"https:\/\/secure.gravatar.com\/avatar\/41b9aaeb2100835f7c64362330f74c7f?s=96&d=mm&r=g","contentUrl":"https:\/\/secure.gravatar.com\/avatar\/41b9aaeb2100835f7c64362330f74c7f?s=96&d=mm&r=g","caption":"Reda\u00e7\u00e3o Portal MF"},"description":"Sejam bem-vindos o portal de informa\u00e7\u00f5es de entretenimento de Feira de Santana, desde 2006 realiza coberturas dos principais eventos com entrevistas exclusivas com as principais personalidades mundiais. Fique conectado tamb\u00e9m nas redes sociais.","sameAs":["http:\/\/www.portalmf.com.br\/","https:\/\/www.facebook.com\/portalmfoficial","https:\/\/www.instagram.com\/portalmf\/","https:\/\/x.com\/https:\/\/x.com\/portalmfoficial","https:\/\/www.youtube.com\/@portalmfoficial"],"url":"https:\/\/portalmf.com.br\/index.php\/author\/junior\/"}]}},"_links":{"self":[{"href":"https:\/\/portalmf.com.br\/index.php\/wp-json\/wp\/v2\/posts\/34646"}],"collection":[{"href":"https:\/\/portalmf.com.br\/index.php\/wp-json\/wp\/v2\/posts"}],"about":[{"href":"https:\/\/portalmf.com.br\/index.php\/wp-json\/wp\/v2\/types\/post"}],"author":[{"embeddable":true,"href":"https:\/\/portalmf.com.br\/index.php\/wp-json\/wp\/v2\/users\/3"}],"replies":[{"embeddable":true,"href":"https:\/\/portalmf.com.br\/index.php\/wp-json\/wp\/v2\/comments?post=34646"}],"version-history":[{"count":1,"href":"https:\/\/portalmf.com.br\/index.php\/wp-json\/wp\/v2\/posts\/34646\/revisions"}],"predecessor-version":[{"id":34648,"href":"https:\/\/portalmf.com.br\/index.php\/wp-json\/wp\/v2\/posts\/34646\/revisions\/34648"}],"wp:featuredmedia":[{"embeddable":true,"href":"https:\/\/portalmf.com.br\/index.php\/wp-json\/wp\/v2\/media\/34647"}],"wp:attachment":[{"href":"https:\/\/portalmf.com.br\/index.php\/wp-json\/wp\/v2\/media?parent=34646"}],"wp:term":[{"taxonomy":"category","embeddable":true,"href":"https:\/\/portalmf.com.br\/index.php\/wp-json\/wp\/v2\/categories?post=34646"},{"taxonomy":"post_tag","embeddable":true,"href":"https:\/\/portalmf.com.br\/index.php\/wp-json\/wp\/v2\/tags?post=34646"}],"curies":[{"name":"wp","href":"https:\/\/api.w.org\/{rel}","templated":true}]}}