{"id":34643,"date":"2025-03-07T17:01:00","date_gmt":"2025-03-07T20:01:00","guid":{"rendered":"https:\/\/portalmf.com.br\/?p=34643"},"modified":"2025-03-07T18:05:57","modified_gmt":"2025-03-07T21:05:57","slug":"esquadrao-da-moda-estreia-nova-temporada-no-dia-internacional-das-mulheres-com-historia-emocionante","status":"publish","type":"post","link":"https:\/\/portalmf.com.br\/index.php\/2025\/03\/07\/esquadrao-da-moda-estreia-nova-temporada-no-dia-internacional-das-mulheres-com-historia-emocionante\/","title":{"rendered":"\u201cEsquadr\u00e3o da Moda\u201d estreia nova temporada no Dia Internacional das Mulheres com hist\u00f3ria emocionante"},"content":{"rendered":"\n<p>Neste&nbsp;s\u00e1bado, 8 de mar\u00e7o,&nbsp;\u00e0s 20h45 (de Bras\u00edlia), estreia a temporada de 2025 do&nbsp;\u201cEsquadr\u00e3o da Moda\u201d. O reality de moda mais longevo da televis\u00e3o aberta brasileira traz muitas surpresas. O estilista e comunicador&nbsp;Dudu Bertholini&nbsp;\u00e9 novidade na atra\u00e7\u00e3o, que apresenta ao lado de&nbsp;Renata Kuerten. A atra\u00e7\u00e3o, que \u00e9 sucesso desde 2009, tamb\u00e9m ganha nova dire\u00e7\u00e3o de&nbsp;Marcelo Kestenbaum.&nbsp;O&nbsp;hair stylist&nbsp;Rodrigo Cintra&nbsp;e a maquiadora&nbsp;Fabi Gomes&nbsp;continuam no programa.<\/p>\n\n\n\n<p>Al\u00e9m da estreia de Dudu, o cen\u00e1rio tamb\u00e9m ganha uma repaginada: um espa\u00e7o sofisticado e moderno no est\u00fadio, que remete ao \u00faltimo andar de um apartamento de luxo, com janelas amplas e uma vista panor\u00e2mica impressionante.<\/p>\n\n\n\n<p>No epis\u00f3dio de estreia, o p\u00fablico conhece a hist\u00f3ria de Ang\u00e9lica, uma supervisora comercial que foi inscrita no \u201cEsquadr\u00e3o da Moda\u201d pelos funcion\u00e1rios da sua pr\u00f3pria equipe. Definida pelos colegas de trabalho com um guarda-roupa \u201cinapropriado\u201d, Ang\u00e9lica \u00e9 uma profissional competente, mas que escolhe roupas que n\u00e3o condizem com o ambiente de trabalho e que dep\u00f5em contra a sua figura de chefe.<\/p>\n\n\n\n<p>Em parceria com os funcion\u00e1rios de Ang\u00e9lica, Dudu e Renata armam uma reuni\u00e3o de trabalho fict\u00edcia, onde a participante recebe presentes, como flores e bombons, de um admirador secreto. Ang\u00e9lica n\u00e3o consegue segurar a emo\u00e7\u00e3o e tamb\u00e9m a surpresa, principalmente quando encontrou o cart\u00e3o do \u201cEsquadr\u00e3o da Moda\u201d no \u00faltimo presente. Com isso, os apresentadores invadem de vez a reuni\u00e3o e recrutam a Ang\u00e9lica para o programa.<\/p>\n\n\n\n<p>Dudu e Renata recebem Ang\u00e9lica no novo cen\u00e1rio do \u201cEsquadr\u00e3o da Moda\u201d, onde ela percebe que suas roupas n\u00e3o combinam com seu corpo e n\u00e3o passam credibilidade profissional. Rec\u00e9m-separada e tendo perdido peso rapidamente, Ang\u00e9lica se perdeu ao renovar seu guarda-roupa, escolhendo looks apertados. Ela admite ter v\u00e1rias blusinhas iguais, que s\u00e3o mal vistas no seu trabalho. Ap\u00f3s uma consultoria, Ang\u00e9lica compreende as mudan\u00e7as necess\u00e1rias para melhorar seu estilo.<\/p>\n\n\n\n<p>A participante continua com a emo\u00e7\u00e3o \u00e0 flor da pele, principalmente quando fica cara a cara com o cabeleireiro Rodrigo Cintra. Ela afirma que est\u00e1 se enxergando mais, e reage \u00e0 proposta do cabeleireiro por um corte mais pr\u00e1tico e que transmita uma imagem mais forte. Al\u00e9m disso, a maquiadora Fabi Gomes guia Ang\u00e9lica por uma rotina de autocuidado e valoriza\u00e7\u00e3o da sua pr\u00f3pria beleza.<\/p>\n","protected":false},"excerpt":{"rendered":"<p>Neste&nbsp;s\u00e1bado, 8 de mar\u00e7o,&nbsp;\u00e0s 20h45 (de Bras\u00edlia), estreia a temporada de 2025 do&nbsp;\u201cEsquadr\u00e3o da Moda\u201d. O reality de moda mais longevo da televis\u00e3o aberta brasileira traz muitas surpresas. O estilista e comunicador&nbsp;Dudu Bertholini&nbsp;\u00e9 novidade na atra\u00e7\u00e3o, que apresenta ao lado de&nbsp;Renata Kuerten. A atra\u00e7\u00e3o, que \u00e9 sucesso desde 2009, tamb\u00e9m ganha nova dire\u00e7\u00e3o de&nbsp;Marcelo Kestenbaum.&nbsp;O&nbsp;hair [&hellip;]<\/p>\n","protected":false},"author":3,"featured_media":34644,"comment_status":"open","ping_status":"open","sticky":false,"template":"","format":"standard","meta":{"_monsterinsights_skip_tracking":false,"_monsterinsights_sitenote_active":false,"_monsterinsights_sitenote_note":"","_monsterinsights_sitenote_category":0,"footnotes":""},"categories":[48,43],"tags":[],"yoast_head":"<!-- This site is optimized with the Yoast SEO plugin v22.9 - https:\/\/yoast.com\/wordpress\/plugins\/seo\/ -->\n<title>\u201cEsquadr\u00e3o da Moda\u201d estreia nova temporada no Dia Internacional das Mulheres com hist\u00f3ria emocionante - Portal MF<\/title>\n<meta name=\"robots\" content=\"index, follow, max-snippet:-1, max-image-preview:large, max-video-preview:-1\" \/>\n<link rel=\"canonical\" href=\"https:\/\/portalmf.com.br\/index.php\/2025\/03\/07\/esquadrao-da-moda-estreia-nova-temporada-no-dia-internacional-das-mulheres-com-historia-emocionante\/\" \/>\n<meta property=\"og:locale\" content=\"pt_BR\" \/>\n<meta property=\"og:type\" content=\"article\" \/>\n<meta property=\"og:title\" content=\"\u201cEsquadr\u00e3o da Moda\u201d estreia nova temporada no Dia Internacional das Mulheres com hist\u00f3ria emocionante - Portal MF\" \/>\n<meta property=\"og:description\" content=\"Neste&nbsp;s\u00e1bado, 8 de mar\u00e7o,&nbsp;\u00e0s 20h45 (de Bras\u00edlia), estreia a temporada de 2025 do&nbsp;\u201cEsquadr\u00e3o da Moda\u201d. O reality de moda mais longevo da televis\u00e3o aberta brasileira traz muitas surpresas. O estilista e comunicador&nbsp;Dudu Bertholini&nbsp;\u00e9 novidade na atra\u00e7\u00e3o, que apresenta ao lado de&nbsp;Renata Kuerten. A atra\u00e7\u00e3o, que \u00e9 sucesso desde 2009, tamb\u00e9m ganha nova dire\u00e7\u00e3o de&nbsp;Marcelo Kestenbaum.&nbsp;O&nbsp;hair [&hellip;]\" \/>\n<meta property=\"og:url\" content=\"https:\/\/portalmf.com.br\/index.php\/2025\/03\/07\/esquadrao-da-moda-estreia-nova-temporada-no-dia-internacional-das-mulheres-com-historia-emocionante\/\" \/>\n<meta property=\"og:site_name\" content=\"Portal MF\" \/>\n<meta property=\"article:author\" content=\"https:\/\/www.facebook.com\/portalmfoficial\" \/>\n<meta property=\"article:published_time\" content=\"2025-03-07T20:01:00+00:00\" \/>\n<meta property=\"article:modified_time\" content=\"2025-03-07T21:05:57+00:00\" \/>\n<meta property=\"og:image\" content=\"https:\/\/portalmf.com.br\/wp-content\/uploads\/2025\/03\/270225_Esquadrao-da-Moda_Foto-Rogerio-Pallatta_SBT-221.jpg\" \/>\n\t<meta property=\"og:image:width\" content=\"800\" \/>\n\t<meta property=\"og:image:height\" content=\"533\" \/>\n\t<meta property=\"og:image:type\" content=\"image\/jpeg\" \/>\n<meta name=\"author\" content=\"Reda\u00e7\u00e3o Portal MF\" \/>\n<meta name=\"twitter:card\" content=\"summary_large_image\" \/>\n<meta name=\"twitter:creator\" content=\"@https:\/\/x.com\/portalmfoficial\" \/>\n<meta name=\"twitter:label1\" content=\"Escrito por\" \/>\n\t<meta name=\"twitter:data1\" content=\"Reda\u00e7\u00e3o Portal MF\" \/>\n\t<meta name=\"twitter:label2\" content=\"Est. tempo de leitura\" \/>\n\t<meta name=\"twitter:data2\" content=\"3 minutos\" \/>\n<script type=\"application\/ld+json\" class=\"yoast-schema-graph\">{\"@context\":\"https:\/\/schema.org\",\"@graph\":[{\"@type\":\"WebPage\",\"@id\":\"https:\/\/portalmf.com.br\/index.php\/2025\/03\/07\/esquadrao-da-moda-estreia-nova-temporada-no-dia-internacional-das-mulheres-com-historia-emocionante\/\",\"url\":\"https:\/\/portalmf.com.br\/index.php\/2025\/03\/07\/esquadrao-da-moda-estreia-nova-temporada-no-dia-internacional-das-mulheres-com-historia-emocionante\/\",\"name\":\"\u201cEsquadr\u00e3o da Moda\u201d estreia nova temporada no Dia Internacional das Mulheres com hist\u00f3ria emocionante - Portal MF\",\"isPartOf\":{\"@id\":\"https:\/\/portalmf.com.br\/#website\"},\"primaryImageOfPage\":{\"@id\":\"https:\/\/portalmf.com.br\/index.php\/2025\/03\/07\/esquadrao-da-moda-estreia-nova-temporada-no-dia-internacional-das-mulheres-com-historia-emocionante\/#primaryimage\"},\"image\":{\"@id\":\"https:\/\/portalmf.com.br\/index.php\/2025\/03\/07\/esquadrao-da-moda-estreia-nova-temporada-no-dia-internacional-das-mulheres-com-historia-emocionante\/#primaryimage\"},\"thumbnailUrl\":\"https:\/\/portalmf.com.br\/wp-content\/uploads\/2025\/03\/270225_Esquadrao-da-Moda_Foto-Rogerio-Pallatta_SBT-221.jpg\",\"datePublished\":\"2025-03-07T20:01:00+00:00\",\"dateModified\":\"2025-03-07T21:05:57+00:00\",\"author\":{\"@id\":\"https:\/\/portalmf.com.br\/#\/schema\/person\/9ec101baf56233e53520c26de5d6f6f0\"},\"breadcrumb\":{\"@id\":\"https:\/\/portalmf.com.br\/index.php\/2025\/03\/07\/esquadrao-da-moda-estreia-nova-temporada-no-dia-internacional-das-mulheres-com-historia-emocionante\/#breadcrumb\"},\"inLanguage\":\"pt-BR\",\"potentialAction\":[{\"@type\":\"ReadAction\",\"target\":[\"https:\/\/portalmf.com.br\/index.php\/2025\/03\/07\/esquadrao-da-moda-estreia-nova-temporada-no-dia-internacional-das-mulheres-com-historia-emocionante\/\"]}]},{\"@type\":\"ImageObject\",\"inLanguage\":\"pt-BR\",\"@id\":\"https:\/\/portalmf.com.br\/index.php\/2025\/03\/07\/esquadrao-da-moda-estreia-nova-temporada-no-dia-internacional-das-mulheres-com-historia-emocionante\/#primaryimage\",\"url\":\"https:\/\/portalmf.com.br\/wp-content\/uploads\/2025\/03\/270225_Esquadrao-da-Moda_Foto-Rogerio-Pallatta_SBT-221.jpg\",\"contentUrl\":\"https:\/\/portalmf.com.br\/wp-content\/uploads\/2025\/03\/270225_Esquadrao-da-Moda_Foto-Rogerio-Pallatta_SBT-221.jpg\",\"width\":800,\"height\":533},{\"@type\":\"BreadcrumbList\",\"@id\":\"https:\/\/portalmf.com.br\/index.php\/2025\/03\/07\/esquadrao-da-moda-estreia-nova-temporada-no-dia-internacional-das-mulheres-com-historia-emocionante\/#breadcrumb\",\"itemListElement\":[{\"@type\":\"ListItem\",\"position\":1,\"name\":\"In\u00edcio\",\"item\":\"https:\/\/portalmf.com.br\/\"},{\"@type\":\"ListItem\",\"position\":2,\"name\":\"\u201cEsquadr\u00e3o da Moda\u201d estreia nova temporada no Dia Internacional das Mulheres com hist\u00f3ria emocionante\"}]},{\"@type\":\"WebSite\",\"@id\":\"https:\/\/portalmf.com.br\/#website\",\"url\":\"https:\/\/portalmf.com.br\/\",\"name\":\"Portal MF\",\"description\":\"Voc\u00ea conectado com a informa\u00e7\u00e3o\",\"potentialAction\":[{\"@type\":\"SearchAction\",\"target\":{\"@type\":\"EntryPoint\",\"urlTemplate\":\"https:\/\/portalmf.com.br\/?s={search_term_string}\"},\"query-input\":\"required name=search_term_string\"}],\"inLanguage\":\"pt-BR\"},{\"@type\":\"Person\",\"@id\":\"https:\/\/portalmf.com.br\/#\/schema\/person\/9ec101baf56233e53520c26de5d6f6f0\",\"name\":\"Reda\u00e7\u00e3o Portal MF\",\"image\":{\"@type\":\"ImageObject\",\"inLanguage\":\"pt-BR\",\"@id\":\"https:\/\/portalmf.com.br\/#\/schema\/person\/image\/\",\"url\":\"https:\/\/secure.gravatar.com\/avatar\/41b9aaeb2100835f7c64362330f74c7f?s=96&d=mm&r=g\",\"contentUrl\":\"https:\/\/secure.gravatar.com\/avatar\/41b9aaeb2100835f7c64362330f74c7f?s=96&d=mm&r=g\",\"caption\":\"Reda\u00e7\u00e3o Portal MF\"},\"description\":\"Sejam bem-vindos o portal de informa\u00e7\u00f5es de entretenimento de Feira de Santana, desde 2006 realiza coberturas dos principais eventos com entrevistas exclusivas com as principais personalidades mundiais. Fique conectado tamb\u00e9m nas redes sociais.\",\"sameAs\":[\"http:\/\/www.portalmf.com.br\/\",\"https:\/\/www.facebook.com\/portalmfoficial\",\"https:\/\/www.instagram.com\/portalmf\/\",\"https:\/\/x.com\/https:\/\/x.com\/portalmfoficial\",\"https:\/\/www.youtube.com\/@portalmfoficial\"],\"url\":\"https:\/\/portalmf.com.br\/index.php\/author\/junior\/\"}]}<\/script>\n<!-- \/ Yoast SEO plugin. -->","yoast_head_json":{"title":"\u201cEsquadr\u00e3o da Moda\u201d estreia nova temporada no Dia Internacional das Mulheres com hist\u00f3ria emocionante - Portal MF","robots":{"index":"index","follow":"follow","max-snippet":"max-snippet:-1","max-image-preview":"max-image-preview:large","max-video-preview":"max-video-preview:-1"},"canonical":"https:\/\/portalmf.com.br\/index.php\/2025\/03\/07\/esquadrao-da-moda-estreia-nova-temporada-no-dia-internacional-das-mulheres-com-historia-emocionante\/","og_locale":"pt_BR","og_type":"article","og_title":"\u201cEsquadr\u00e3o da Moda\u201d estreia nova temporada no Dia Internacional das Mulheres com hist\u00f3ria emocionante - Portal MF","og_description":"Neste&nbsp;s\u00e1bado, 8 de mar\u00e7o,&nbsp;\u00e0s 20h45 (de Bras\u00edlia), estreia a temporada de 2025 do&nbsp;\u201cEsquadr\u00e3o da Moda\u201d. O reality de moda mais longevo da televis\u00e3o aberta brasileira traz muitas surpresas. O estilista e comunicador&nbsp;Dudu Bertholini&nbsp;\u00e9 novidade na atra\u00e7\u00e3o, que apresenta ao lado de&nbsp;Renata Kuerten. A atra\u00e7\u00e3o, que \u00e9 sucesso desde 2009, tamb\u00e9m ganha nova dire\u00e7\u00e3o de&nbsp;Marcelo Kestenbaum.&nbsp;O&nbsp;hair [&hellip;]","og_url":"https:\/\/portalmf.com.br\/index.php\/2025\/03\/07\/esquadrao-da-moda-estreia-nova-temporada-no-dia-internacional-das-mulheres-com-historia-emocionante\/","og_site_name":"Portal MF","article_author":"https:\/\/www.facebook.com\/portalmfoficial","article_published_time":"2025-03-07T20:01:00+00:00","article_modified_time":"2025-03-07T21:05:57+00:00","og_image":[{"width":800,"height":533,"url":"https:\/\/portalmf.com.br\/wp-content\/uploads\/2025\/03\/270225_Esquadrao-da-Moda_Foto-Rogerio-Pallatta_SBT-221.jpg","type":"image\/jpeg"}],"author":"Reda\u00e7\u00e3o Portal MF","twitter_card":"summary_large_image","twitter_creator":"@https:\/\/x.com\/portalmfoficial","twitter_misc":{"Escrito por":"Reda\u00e7\u00e3o Portal MF","Est. tempo de leitura":"3 minutos"},"schema":{"@context":"https:\/\/schema.org","@graph":[{"@type":"WebPage","@id":"https:\/\/portalmf.com.br\/index.php\/2025\/03\/07\/esquadrao-da-moda-estreia-nova-temporada-no-dia-internacional-das-mulheres-com-historia-emocionante\/","url":"https:\/\/portalmf.com.br\/index.php\/2025\/03\/07\/esquadrao-da-moda-estreia-nova-temporada-no-dia-internacional-das-mulheres-com-historia-emocionante\/","name":"\u201cEsquadr\u00e3o da Moda\u201d estreia nova temporada no Dia Internacional das Mulheres com hist\u00f3ria emocionante - Portal MF","isPartOf":{"@id":"https:\/\/portalmf.com.br\/#website"},"primaryImageOfPage":{"@id":"https:\/\/portalmf.com.br\/index.php\/2025\/03\/07\/esquadrao-da-moda-estreia-nova-temporada-no-dia-internacional-das-mulheres-com-historia-emocionante\/#primaryimage"},"image":{"@id":"https:\/\/portalmf.com.br\/index.php\/2025\/03\/07\/esquadrao-da-moda-estreia-nova-temporada-no-dia-internacional-das-mulheres-com-historia-emocionante\/#primaryimage"},"thumbnailUrl":"https:\/\/portalmf.com.br\/wp-content\/uploads\/2025\/03\/270225_Esquadrao-da-Moda_Foto-Rogerio-Pallatta_SBT-221.jpg","datePublished":"2025-03-07T20:01:00+00:00","dateModified":"2025-03-07T21:05:57+00:00","author":{"@id":"https:\/\/portalmf.com.br\/#\/schema\/person\/9ec101baf56233e53520c26de5d6f6f0"},"breadcrumb":{"@id":"https:\/\/portalmf.com.br\/index.php\/2025\/03\/07\/esquadrao-da-moda-estreia-nova-temporada-no-dia-internacional-das-mulheres-com-historia-emocionante\/#breadcrumb"},"inLanguage":"pt-BR","potentialAction":[{"@type":"ReadAction","target":["https:\/\/portalmf.com.br\/index.php\/2025\/03\/07\/esquadrao-da-moda-estreia-nova-temporada-no-dia-internacional-das-mulheres-com-historia-emocionante\/"]}]},{"@type":"ImageObject","inLanguage":"pt-BR","@id":"https:\/\/portalmf.com.br\/index.php\/2025\/03\/07\/esquadrao-da-moda-estreia-nova-temporada-no-dia-internacional-das-mulheres-com-historia-emocionante\/#primaryimage","url":"https:\/\/portalmf.com.br\/wp-content\/uploads\/2025\/03\/270225_Esquadrao-da-Moda_Foto-Rogerio-Pallatta_SBT-221.jpg","contentUrl":"https:\/\/portalmf.com.br\/wp-content\/uploads\/2025\/03\/270225_Esquadrao-da-Moda_Foto-Rogerio-Pallatta_SBT-221.jpg","width":800,"height":533},{"@type":"BreadcrumbList","@id":"https:\/\/portalmf.com.br\/index.php\/2025\/03\/07\/esquadrao-da-moda-estreia-nova-temporada-no-dia-internacional-das-mulheres-com-historia-emocionante\/#breadcrumb","itemListElement":[{"@type":"ListItem","position":1,"name":"In\u00edcio","item":"https:\/\/portalmf.com.br\/"},{"@type":"ListItem","position":2,"name":"\u201cEsquadr\u00e3o da Moda\u201d estreia nova temporada no Dia Internacional das Mulheres com hist\u00f3ria emocionante"}]},{"@type":"WebSite","@id":"https:\/\/portalmf.com.br\/#website","url":"https:\/\/portalmf.com.br\/","name":"Portal MF","description":"Voc\u00ea conectado com a informa\u00e7\u00e3o","potentialAction":[{"@type":"SearchAction","target":{"@type":"EntryPoint","urlTemplate":"https:\/\/portalmf.com.br\/?s={search_term_string}"},"query-input":"required name=search_term_string"}],"inLanguage":"pt-BR"},{"@type":"Person","@id":"https:\/\/portalmf.com.br\/#\/schema\/person\/9ec101baf56233e53520c26de5d6f6f0","name":"Reda\u00e7\u00e3o Portal MF","image":{"@type":"ImageObject","inLanguage":"pt-BR","@id":"https:\/\/portalmf.com.br\/#\/schema\/person\/image\/","url":"https:\/\/secure.gravatar.com\/avatar\/41b9aaeb2100835f7c64362330f74c7f?s=96&d=mm&r=g","contentUrl":"https:\/\/secure.gravatar.com\/avatar\/41b9aaeb2100835f7c64362330f74c7f?s=96&d=mm&r=g","caption":"Reda\u00e7\u00e3o Portal MF"},"description":"Sejam bem-vindos o portal de informa\u00e7\u00f5es de entretenimento de Feira de Santana, desde 2006 realiza coberturas dos principais eventos com entrevistas exclusivas com as principais personalidades mundiais. Fique conectado tamb\u00e9m nas redes sociais.","sameAs":["http:\/\/www.portalmf.com.br\/","https:\/\/www.facebook.com\/portalmfoficial","https:\/\/www.instagram.com\/portalmf\/","https:\/\/x.com\/https:\/\/x.com\/portalmfoficial","https:\/\/www.youtube.com\/@portalmfoficial"],"url":"https:\/\/portalmf.com.br\/index.php\/author\/junior\/"}]}},"_links":{"self":[{"href":"https:\/\/portalmf.com.br\/index.php\/wp-json\/wp\/v2\/posts\/34643"}],"collection":[{"href":"https:\/\/portalmf.com.br\/index.php\/wp-json\/wp\/v2\/posts"}],"about":[{"href":"https:\/\/portalmf.com.br\/index.php\/wp-json\/wp\/v2\/types\/post"}],"author":[{"embeddable":true,"href":"https:\/\/portalmf.com.br\/index.php\/wp-json\/wp\/v2\/users\/3"}],"replies":[{"embeddable":true,"href":"https:\/\/portalmf.com.br\/index.php\/wp-json\/wp\/v2\/comments?post=34643"}],"version-history":[{"count":1,"href":"https:\/\/portalmf.com.br\/index.php\/wp-json\/wp\/v2\/posts\/34643\/revisions"}],"predecessor-version":[{"id":34645,"href":"https:\/\/portalmf.com.br\/index.php\/wp-json\/wp\/v2\/posts\/34643\/revisions\/34645"}],"wp:featuredmedia":[{"embeddable":true,"href":"https:\/\/portalmf.com.br\/index.php\/wp-json\/wp\/v2\/media\/34644"}],"wp:attachment":[{"href":"https:\/\/portalmf.com.br\/index.php\/wp-json\/wp\/v2\/media?parent=34643"}],"wp:term":[{"taxonomy":"category","embeddable":true,"href":"https:\/\/portalmf.com.br\/index.php\/wp-json\/wp\/v2\/categories?post=34643"},{"taxonomy":"post_tag","embeddable":true,"href":"https:\/\/portalmf.com.br\/index.php\/wp-json\/wp\/v2\/tags?post=34643"}],"curies":[{"name":"wp","href":"https:\/\/api.w.org\/{rel}","templated":true}]}}