{"id":34621,"date":"2025-03-07T13:10:45","date_gmt":"2025-03-07T16:10:45","guid":{"rendered":"https:\/\/portalmf.com.br\/?p=34621"},"modified":"2025-03-07T13:10:46","modified_gmt":"2025-03-07T16:10:46","slug":"governo-zera-tarifa-de-importacao-de-9-alimentos-para-reduzir-precos","status":"publish","type":"post","link":"https:\/\/portalmf.com.br\/index.php\/2025\/03\/07\/governo-zera-tarifa-de-importacao-de-9-alimentos-para-reduzir-precos\/","title":{"rendered":"Governo zera tarifa de importa\u00e7\u00e3o de 9 alimentos para reduzir pre\u00e7os"},"content":{"rendered":"\n<p>Como alternativa para segurar a infla\u00e7\u00e3o dos alimentos, o governo decidiu zerar o Imposto de Importa\u00e7\u00e3o de nove tipos de comida, conforme anunciou nesta noite o vice-presidente Geraldo Alckmin.<img decoding=\"async\" src=\"https:\/\/agenciabrasil.ebc.com.br\/ebc.png?id=1633547&amp;o=node\"><img decoding=\"async\" src=\"https:\/\/agenciabrasil.ebc.com.br\/ebc.gif?id=1633547&amp;o=node\"><\/p>\n\n\n\n<p>As medidas foram divulgadas ap\u00f3s uma s\u00e9rie de reuni\u00f5es ao longo desta quinta-feira (6).<\/p>\n\n\n\n<p><strong>&gt;&gt; Os alimentos que ter\u00e3o os tributos zerados s\u00e3o:<\/strong><\/p>\n\n\n\n<ul>\n<li>Azeite: (hoje 9%)<\/li>\n\n\n\n<li>Milho: (hoje 7,2%)<\/li>\n\n\n\n<li>\u00d3leo de girassol: (hoje at\u00e9 9%)<\/li>\n\n\n\n<li>Sardinha: (hoje 32%)<\/li>\n\n\n\n<li>Biscoitos: (hoje 16,2%)<\/li>\n\n\n\n<li>Massas aliment\u00edcias (macarr\u00e3o): (hoje 14,4%)<\/li>\n\n\n\n<li>Caf\u00e9: (hoje 9%)<\/li>\n\n\n\n<li>Carnes: (hoje at\u00e9 10,8%)<\/li>\n\n\n\n<li>A\u00e7\u00facar: (hoje at\u00e9 14%)<\/li>\n<\/ul>\n\n\n\n<p>A cota de importa\u00e7\u00e3o do&nbsp;<strong>\u00f3leo de palma, atualmente em 65 mil toneladas, subiu para 150 mil toneladas<\/strong>.<\/p>\n\n\n\n<p>Segundo Alckmin, a&nbsp;<strong>redu\u00e7\u00e3o de tarifas entrar\u00e1 em vigor nos pr\u00f3ximos dias<\/strong>&nbsp;ap\u00f3s serem aprovadas pela C\u00e2mara de Com\u00e9rcio Exterior (Camex).<\/p>\n\n\n\n<p>\u201cO governo est\u00e1 abrindo m\u00e3o de imposto em favor da redu\u00e7\u00e3o de pre\u00e7o\u201d, declarou o vice-presidente.<\/p>\n\n\n\n<p>As medidas foram anunciadas<strong>&nbsp;ap\u00f3s uma reuni\u00e3o do presidente Luiz In\u00e1cio Lula da Silva e de Alckmin com ministros e empres\u00e1rios, no Pal\u00e1cio do Planalto<\/strong>.<\/p>\n\n\n\n<p>Para o vice-presidente, a medida<strong>&nbsp;n\u00e3o prejudicar\u00e1 os produtores nacionais, apesar da concorr\u00eancia com o alimento importado<\/strong>.<\/p>\n\n\n\n<p>\u201cN\u00f3s entendemos que n\u00e3o [vai prejudicar o produtor brasileiro]. Voc\u00ea tem per\u00edodos de pre\u00e7os mais altos, mais baixos. N\u00f3s estamos em um per\u00edodo em que reduzir o imposto ajuda a reduzir pre\u00e7os. Voc\u00ea est\u00e1 complementando. N\u00e3o vai prejudicar o produtor, mas beneficiar os consumidores\u201d, declarou.<\/p>\n\n\n\n<h2 class=\"wp-block-heading\">Outras medidas<\/h2>\n\n\n\n<p>Al\u00e9m da redu\u00e7\u00e3o das tarifas, Alckmin anunciou o&nbsp;<strong>fortalecimento dos estoques reguladores da Companhia Nacional de Abastecimento (Conab)<\/strong>. O vice-presidente n\u00e3o entrou em detalhes.<\/p>\n\n\n\n<p>No m\u00eas passado, a companhia havia pedido R$ 737 milh\u00f5es para reconstituir os estoques de alimentos desmantelados nos \u00faltimos anos.<\/p>\n\n\n\n<p>Alckmin tamb\u00e9m anunciou a&nbsp;<strong>prioridade para os alimentos da cesta b\u00e1sica no pr\u00f3ximo Plano Safra<\/strong>.<\/p>\n\n\n\n<p>Segundo o vice-presidente, os&nbsp;<strong>financiamentos subsidiados dever\u00e3o se concentrar na produ\u00e7\u00e3o de itens que comp\u00f5em a cesta b\u00e1sica<\/strong>, aumentando o est\u00edmulo a produtores rurais que produzam para o mercado interno.<\/p>\n\n\n\n<p>A \u00faltima medida anunciada por Alckmin foi a acelera\u00e7\u00e3o do Sistema Brasileiro de Inspe\u00e7\u00e3o de Produtos de Origem Animal (SISBI-POA). Esse sistema descentraliza as inspe\u00e7\u00f5es sanit\u00e1rias, permitindo que estados e munic\u00edpios fa\u00e7am o trabalho.<\/p>\n\n\n\n<p>Segundo o vice-presidente, o governo pretende&nbsp;<strong>aumentar o n\u00famero de registro no sistema de 1.550 para 3 mil<\/strong>.<\/p>\n\n\n\n<p>De acordo com Alckmin, a medida permitir\u00e1 que produtos como leite, mel, ovos e carnes sejam liberados mais rapidamente para venda em todo o pa\u00eds.<\/p>\n","protected":false},"excerpt":{"rendered":"<p>Como alternativa para segurar a infla\u00e7\u00e3o dos alimentos, o governo decidiu zerar o Imposto de Importa\u00e7\u00e3o de nove tipos de comida, conforme anunciou nesta noite o vice-presidente Geraldo Alckmin. As medidas foram divulgadas ap\u00f3s uma s\u00e9rie de reuni\u00f5es ao longo desta quinta-feira (6). &gt;&gt; Os alimentos que ter\u00e3o os tributos zerados s\u00e3o: A cota de [&hellip;]<\/p>\n","protected":false},"author":3,"featured_media":34622,"comment_status":"open","ping_status":"open","sticky":false,"template":"","format":"standard","meta":{"_monsterinsights_skip_tracking":false,"_monsterinsights_sitenote_active":false,"_monsterinsights_sitenote_note":"","_monsterinsights_sitenote_category":0,"footnotes":""},"categories":[34],"tags":[],"yoast_head":"<!-- This site is optimized with the Yoast SEO plugin v22.9 - https:\/\/yoast.com\/wordpress\/plugins\/seo\/ -->\n<title>Governo zera tarifa de importa\u00e7\u00e3o de 9 alimentos para reduzir pre\u00e7os - Portal MF<\/title>\n<meta name=\"robots\" content=\"index, follow, max-snippet:-1, max-image-preview:large, max-video-preview:-1\" \/>\n<link rel=\"canonical\" href=\"https:\/\/portalmf.com.br\/index.php\/2025\/03\/07\/governo-zera-tarifa-de-importacao-de-9-alimentos-para-reduzir-precos\/\" \/>\n<meta property=\"og:locale\" content=\"pt_BR\" \/>\n<meta property=\"og:type\" content=\"article\" \/>\n<meta property=\"og:title\" content=\"Governo zera tarifa de importa\u00e7\u00e3o de 9 alimentos para reduzir pre\u00e7os - Portal MF\" \/>\n<meta property=\"og:description\" content=\"Como alternativa para segurar a infla\u00e7\u00e3o dos alimentos, o governo decidiu zerar o Imposto de Importa\u00e7\u00e3o de nove tipos de comida, conforme anunciou nesta noite o vice-presidente Geraldo Alckmin. As medidas foram divulgadas ap\u00f3s uma s\u00e9rie de reuni\u00f5es ao longo desta quinta-feira (6). &gt;&gt; Os alimentos que ter\u00e3o os tributos zerados s\u00e3o: A cota de [&hellip;]\" \/>\n<meta property=\"og:url\" content=\"https:\/\/portalmf.com.br\/index.php\/2025\/03\/07\/governo-zera-tarifa-de-importacao-de-9-alimentos-para-reduzir-precos\/\" \/>\n<meta property=\"og:site_name\" content=\"Portal MF\" \/>\n<meta property=\"article:author\" content=\"https:\/\/www.facebook.com\/portalmfoficial\" \/>\n<meta property=\"article:published_time\" content=\"2025-03-07T16:10:45+00:00\" \/>\n<meta property=\"article:modified_time\" content=\"2025-03-07T16:10:46+00:00\" \/>\n<meta property=\"og:image\" content=\"https:\/\/portalmf.com.br\/wp-content\/uploads\/2025\/03\/governo_zera.jpg\" \/>\n\t<meta property=\"og:image:width\" content=\"1170\" \/>\n\t<meta property=\"og:image:height\" content=\"700\" \/>\n\t<meta property=\"og:image:type\" content=\"image\/jpeg\" \/>\n<meta name=\"author\" content=\"Reda\u00e7\u00e3o Portal MF\" \/>\n<meta name=\"twitter:card\" content=\"summary_large_image\" \/>\n<meta name=\"twitter:creator\" content=\"@https:\/\/x.com\/portalmfoficial\" \/>\n<meta name=\"twitter:label1\" content=\"Escrito por\" \/>\n\t<meta name=\"twitter:data1\" content=\"Reda\u00e7\u00e3o Portal MF\" \/>\n\t<meta name=\"twitter:label2\" content=\"Est. tempo de leitura\" \/>\n\t<meta name=\"twitter:data2\" content=\"3 minutos\" \/>\n<script type=\"application\/ld+json\" class=\"yoast-schema-graph\">{\"@context\":\"https:\/\/schema.org\",\"@graph\":[{\"@type\":\"WebPage\",\"@id\":\"https:\/\/portalmf.com.br\/index.php\/2025\/03\/07\/governo-zera-tarifa-de-importacao-de-9-alimentos-para-reduzir-precos\/\",\"url\":\"https:\/\/portalmf.com.br\/index.php\/2025\/03\/07\/governo-zera-tarifa-de-importacao-de-9-alimentos-para-reduzir-precos\/\",\"name\":\"Governo zera tarifa de importa\u00e7\u00e3o de 9 alimentos para reduzir pre\u00e7os - Portal MF\",\"isPartOf\":{\"@id\":\"https:\/\/portalmf.com.br\/#website\"},\"primaryImageOfPage\":{\"@id\":\"https:\/\/portalmf.com.br\/index.php\/2025\/03\/07\/governo-zera-tarifa-de-importacao-de-9-alimentos-para-reduzir-precos\/#primaryimage\"},\"image\":{\"@id\":\"https:\/\/portalmf.com.br\/index.php\/2025\/03\/07\/governo-zera-tarifa-de-importacao-de-9-alimentos-para-reduzir-precos\/#primaryimage\"},\"thumbnailUrl\":\"https:\/\/portalmf.com.br\/wp-content\/uploads\/2025\/03\/governo_zera.jpg\",\"datePublished\":\"2025-03-07T16:10:45+00:00\",\"dateModified\":\"2025-03-07T16:10:46+00:00\",\"author\":{\"@id\":\"https:\/\/portalmf.com.br\/#\/schema\/person\/9ec101baf56233e53520c26de5d6f6f0\"},\"breadcrumb\":{\"@id\":\"https:\/\/portalmf.com.br\/index.php\/2025\/03\/07\/governo-zera-tarifa-de-importacao-de-9-alimentos-para-reduzir-precos\/#breadcrumb\"},\"inLanguage\":\"pt-BR\",\"potentialAction\":[{\"@type\":\"ReadAction\",\"target\":[\"https:\/\/portalmf.com.br\/index.php\/2025\/03\/07\/governo-zera-tarifa-de-importacao-de-9-alimentos-para-reduzir-precos\/\"]}]},{\"@type\":\"ImageObject\",\"inLanguage\":\"pt-BR\",\"@id\":\"https:\/\/portalmf.com.br\/index.php\/2025\/03\/07\/governo-zera-tarifa-de-importacao-de-9-alimentos-para-reduzir-precos\/#primaryimage\",\"url\":\"https:\/\/portalmf.com.br\/wp-content\/uploads\/2025\/03\/governo_zera.jpg\",\"contentUrl\":\"https:\/\/portalmf.com.br\/wp-content\/uploads\/2025\/03\/governo_zera.jpg\",\"width\":1170,\"height\":700},{\"@type\":\"BreadcrumbList\",\"@id\":\"https:\/\/portalmf.com.br\/index.php\/2025\/03\/07\/governo-zera-tarifa-de-importacao-de-9-alimentos-para-reduzir-precos\/#breadcrumb\",\"itemListElement\":[{\"@type\":\"ListItem\",\"position\":1,\"name\":\"In\u00edcio\",\"item\":\"https:\/\/portalmf.com.br\/\"},{\"@type\":\"ListItem\",\"position\":2,\"name\":\"Governo zera tarifa de importa\u00e7\u00e3o de 9 alimentos para reduzir pre\u00e7os\"}]},{\"@type\":\"WebSite\",\"@id\":\"https:\/\/portalmf.com.br\/#website\",\"url\":\"https:\/\/portalmf.com.br\/\",\"name\":\"Portal MF\",\"description\":\"Voc\u00ea conectado com a informa\u00e7\u00e3o\",\"potentialAction\":[{\"@type\":\"SearchAction\",\"target\":{\"@type\":\"EntryPoint\",\"urlTemplate\":\"https:\/\/portalmf.com.br\/?s={search_term_string}\"},\"query-input\":\"required name=search_term_string\"}],\"inLanguage\":\"pt-BR\"},{\"@type\":\"Person\",\"@id\":\"https:\/\/portalmf.com.br\/#\/schema\/person\/9ec101baf56233e53520c26de5d6f6f0\",\"name\":\"Reda\u00e7\u00e3o Portal MF\",\"image\":{\"@type\":\"ImageObject\",\"inLanguage\":\"pt-BR\",\"@id\":\"https:\/\/portalmf.com.br\/#\/schema\/person\/image\/\",\"url\":\"https:\/\/secure.gravatar.com\/avatar\/41b9aaeb2100835f7c64362330f74c7f?s=96&d=mm&r=g\",\"contentUrl\":\"https:\/\/secure.gravatar.com\/avatar\/41b9aaeb2100835f7c64362330f74c7f?s=96&d=mm&r=g\",\"caption\":\"Reda\u00e7\u00e3o Portal MF\"},\"description\":\"Sejam bem-vindos o portal de informa\u00e7\u00f5es de entretenimento de Feira de Santana, desde 2006 realiza coberturas dos principais eventos com entrevistas exclusivas com as principais personalidades mundiais. Fique conectado tamb\u00e9m nas redes sociais.\",\"sameAs\":[\"http:\/\/www.portalmf.com.br\/\",\"https:\/\/www.facebook.com\/portalmfoficial\",\"https:\/\/www.instagram.com\/portalmf\/\",\"https:\/\/x.com\/https:\/\/x.com\/portalmfoficial\",\"https:\/\/www.youtube.com\/@portalmfoficial\"],\"url\":\"https:\/\/portalmf.com.br\/index.php\/author\/junior\/\"}]}<\/script>\n<!-- \/ Yoast SEO plugin. -->","yoast_head_json":{"title":"Governo zera tarifa de importa\u00e7\u00e3o de 9 alimentos para reduzir pre\u00e7os - Portal MF","robots":{"index":"index","follow":"follow","max-snippet":"max-snippet:-1","max-image-preview":"max-image-preview:large","max-video-preview":"max-video-preview:-1"},"canonical":"https:\/\/portalmf.com.br\/index.php\/2025\/03\/07\/governo-zera-tarifa-de-importacao-de-9-alimentos-para-reduzir-precos\/","og_locale":"pt_BR","og_type":"article","og_title":"Governo zera tarifa de importa\u00e7\u00e3o de 9 alimentos para reduzir pre\u00e7os - Portal MF","og_description":"Como alternativa para segurar a infla\u00e7\u00e3o dos alimentos, o governo decidiu zerar o Imposto de Importa\u00e7\u00e3o de nove tipos de comida, conforme anunciou nesta noite o vice-presidente Geraldo Alckmin. As medidas foram divulgadas ap\u00f3s uma s\u00e9rie de reuni\u00f5es ao longo desta quinta-feira (6). &gt;&gt; Os alimentos que ter\u00e3o os tributos zerados s\u00e3o: A cota de [&hellip;]","og_url":"https:\/\/portalmf.com.br\/index.php\/2025\/03\/07\/governo-zera-tarifa-de-importacao-de-9-alimentos-para-reduzir-precos\/","og_site_name":"Portal MF","article_author":"https:\/\/www.facebook.com\/portalmfoficial","article_published_time":"2025-03-07T16:10:45+00:00","article_modified_time":"2025-03-07T16:10:46+00:00","og_image":[{"width":1170,"height":700,"url":"https:\/\/portalmf.com.br\/wp-content\/uploads\/2025\/03\/governo_zera.jpg","type":"image\/jpeg"}],"author":"Reda\u00e7\u00e3o Portal MF","twitter_card":"summary_large_image","twitter_creator":"@https:\/\/x.com\/portalmfoficial","twitter_misc":{"Escrito por":"Reda\u00e7\u00e3o Portal MF","Est. tempo de leitura":"3 minutos"},"schema":{"@context":"https:\/\/schema.org","@graph":[{"@type":"WebPage","@id":"https:\/\/portalmf.com.br\/index.php\/2025\/03\/07\/governo-zera-tarifa-de-importacao-de-9-alimentos-para-reduzir-precos\/","url":"https:\/\/portalmf.com.br\/index.php\/2025\/03\/07\/governo-zera-tarifa-de-importacao-de-9-alimentos-para-reduzir-precos\/","name":"Governo zera tarifa de importa\u00e7\u00e3o de 9 alimentos para reduzir pre\u00e7os - Portal MF","isPartOf":{"@id":"https:\/\/portalmf.com.br\/#website"},"primaryImageOfPage":{"@id":"https:\/\/portalmf.com.br\/index.php\/2025\/03\/07\/governo-zera-tarifa-de-importacao-de-9-alimentos-para-reduzir-precos\/#primaryimage"},"image":{"@id":"https:\/\/portalmf.com.br\/index.php\/2025\/03\/07\/governo-zera-tarifa-de-importacao-de-9-alimentos-para-reduzir-precos\/#primaryimage"},"thumbnailUrl":"https:\/\/portalmf.com.br\/wp-content\/uploads\/2025\/03\/governo_zera.jpg","datePublished":"2025-03-07T16:10:45+00:00","dateModified":"2025-03-07T16:10:46+00:00","author":{"@id":"https:\/\/portalmf.com.br\/#\/schema\/person\/9ec101baf56233e53520c26de5d6f6f0"},"breadcrumb":{"@id":"https:\/\/portalmf.com.br\/index.php\/2025\/03\/07\/governo-zera-tarifa-de-importacao-de-9-alimentos-para-reduzir-precos\/#breadcrumb"},"inLanguage":"pt-BR","potentialAction":[{"@type":"ReadAction","target":["https:\/\/portalmf.com.br\/index.php\/2025\/03\/07\/governo-zera-tarifa-de-importacao-de-9-alimentos-para-reduzir-precos\/"]}]},{"@type":"ImageObject","inLanguage":"pt-BR","@id":"https:\/\/portalmf.com.br\/index.php\/2025\/03\/07\/governo-zera-tarifa-de-importacao-de-9-alimentos-para-reduzir-precos\/#primaryimage","url":"https:\/\/portalmf.com.br\/wp-content\/uploads\/2025\/03\/governo_zera.jpg","contentUrl":"https:\/\/portalmf.com.br\/wp-content\/uploads\/2025\/03\/governo_zera.jpg","width":1170,"height":700},{"@type":"BreadcrumbList","@id":"https:\/\/portalmf.com.br\/index.php\/2025\/03\/07\/governo-zera-tarifa-de-importacao-de-9-alimentos-para-reduzir-precos\/#breadcrumb","itemListElement":[{"@type":"ListItem","position":1,"name":"In\u00edcio","item":"https:\/\/portalmf.com.br\/"},{"@type":"ListItem","position":2,"name":"Governo zera tarifa de importa\u00e7\u00e3o de 9 alimentos para reduzir pre\u00e7os"}]},{"@type":"WebSite","@id":"https:\/\/portalmf.com.br\/#website","url":"https:\/\/portalmf.com.br\/","name":"Portal MF","description":"Voc\u00ea conectado com a informa\u00e7\u00e3o","potentialAction":[{"@type":"SearchAction","target":{"@type":"EntryPoint","urlTemplate":"https:\/\/portalmf.com.br\/?s={search_term_string}"},"query-input":"required name=search_term_string"}],"inLanguage":"pt-BR"},{"@type":"Person","@id":"https:\/\/portalmf.com.br\/#\/schema\/person\/9ec101baf56233e53520c26de5d6f6f0","name":"Reda\u00e7\u00e3o Portal MF","image":{"@type":"ImageObject","inLanguage":"pt-BR","@id":"https:\/\/portalmf.com.br\/#\/schema\/person\/image\/","url":"https:\/\/secure.gravatar.com\/avatar\/41b9aaeb2100835f7c64362330f74c7f?s=96&d=mm&r=g","contentUrl":"https:\/\/secure.gravatar.com\/avatar\/41b9aaeb2100835f7c64362330f74c7f?s=96&d=mm&r=g","caption":"Reda\u00e7\u00e3o Portal MF"},"description":"Sejam bem-vindos o portal de informa\u00e7\u00f5es de entretenimento de Feira de Santana, desde 2006 realiza coberturas dos principais eventos com entrevistas exclusivas com as principais personalidades mundiais. Fique conectado tamb\u00e9m nas redes sociais.","sameAs":["http:\/\/www.portalmf.com.br\/","https:\/\/www.facebook.com\/portalmfoficial","https:\/\/www.instagram.com\/portalmf\/","https:\/\/x.com\/https:\/\/x.com\/portalmfoficial","https:\/\/www.youtube.com\/@portalmfoficial"],"url":"https:\/\/portalmf.com.br\/index.php\/author\/junior\/"}]}},"_links":{"self":[{"href":"https:\/\/portalmf.com.br\/index.php\/wp-json\/wp\/v2\/posts\/34621"}],"collection":[{"href":"https:\/\/portalmf.com.br\/index.php\/wp-json\/wp\/v2\/posts"}],"about":[{"href":"https:\/\/portalmf.com.br\/index.php\/wp-json\/wp\/v2\/types\/post"}],"author":[{"embeddable":true,"href":"https:\/\/portalmf.com.br\/index.php\/wp-json\/wp\/v2\/users\/3"}],"replies":[{"embeddable":true,"href":"https:\/\/portalmf.com.br\/index.php\/wp-json\/wp\/v2\/comments?post=34621"}],"version-history":[{"count":1,"href":"https:\/\/portalmf.com.br\/index.php\/wp-json\/wp\/v2\/posts\/34621\/revisions"}],"predecessor-version":[{"id":34623,"href":"https:\/\/portalmf.com.br\/index.php\/wp-json\/wp\/v2\/posts\/34621\/revisions\/34623"}],"wp:featuredmedia":[{"embeddable":true,"href":"https:\/\/portalmf.com.br\/index.php\/wp-json\/wp\/v2\/media\/34622"}],"wp:attachment":[{"href":"https:\/\/portalmf.com.br\/index.php\/wp-json\/wp\/v2\/media?parent=34621"}],"wp:term":[{"taxonomy":"category","embeddable":true,"href":"https:\/\/portalmf.com.br\/index.php\/wp-json\/wp\/v2\/categories?post=34621"},{"taxonomy":"post_tag","embeddable":true,"href":"https:\/\/portalmf.com.br\/index.php\/wp-json\/wp\/v2\/tags?post=34621"}],"curies":[{"name":"wp","href":"https:\/\/api.w.org\/{rel}","templated":true}]}}