{"id":34617,"date":"2025-03-07T13:01:19","date_gmt":"2025-03-07T16:01:19","guid":{"rendered":"https:\/\/portalmf.com.br\/?p=34617"},"modified":"2025-03-07T13:01:20","modified_gmt":"2025-03-07T16:01:20","slug":"guinness-world-records-oficializa-salvador-como-maior-carnaval-de-trio-eletrico-do-mundo","status":"publish","type":"post","link":"https:\/\/portalmf.com.br\/index.php\/2025\/03\/07\/guinness-world-records-oficializa-salvador-como-maior-carnaval-de-trio-eletrico-do-mundo\/","title":{"rendered":"Guinness World Records oficializa Salvador como Maior Carnaval de Trio El\u00e9trico do Mundo"},"content":{"rendered":"\n<p>Acabou a discuss\u00e3o: Salvador foi reconhecida na ter\u00e7a-feira (4) pelo Guinness World Records como a cidade com o Maior Carnaval de Trio El\u00e9trico do Mundo. O certificado foi entregue ao prefeito Bruno Reis durante a pipoca de Ivete Sangalo no Campo Grande, arrastando uma multid\u00e3o, e contou com a presen\u00e7a de uma jurada da maior autoridade de recordes do planeta.<\/p>\n\n\n\n<p>O reconhecimento veio em meio \u00e0 Super Ter\u00e7a, \u00faltimo dia do Carnaval, quando grandes atra\u00e7\u00f5es como Ivete Sangalo, Saulo, L\u00e9o Santana, Olodum e Daniela Mercury desfilam em trios pipoca pelo Circuito Osmar (Centro). O Guinness World Records veio a Salvador a convite da 99, uma das patrocinadoras da folia da capital baiana deste ano, para oficializar a tentativa de recorde enviada \u00e0 entidade pela Empresa Salvador Turismo (Saltur).<\/p>\n\n\n\n<p>Bruno Reis afirmou que o recorde divulga a for\u00e7a da capital baiana. \u201cAjuda a projetar a cidade de Salvador, eu n\u00e3o tenho d\u00favidas que as manchetes dir\u00e3o \u2018Salvador vai para o Guinness Book\u2019, e quando se est\u00e1 no Guinness isso desperta o interesse das pessoas em pesquisar, vir e conhecer a cidade. \u00c9 mais um t\u00edtulo importante para a nossa gest\u00e3o. Eu tenho muito orgulho de ter defendido e mantido nesses quatro anos como prefeito todos os t\u00edtulos que Salvador tinha. E, al\u00e9m disso, ganhamos novos t\u00edtulos\u201d, afirmou o prefeito.<\/p>\n\n\n\n<p><em>\u201cSomos o primeiro munic\u00edpio em previd\u00eancia do Brasil, somos a capital mais sustent\u00e1vel entre todas do pa\u00eds\u2026 Ganhamos t\u00edtulos internacionais da ONU, a \u00fanica cidade da Am\u00e9rica a ser reconhecida como uma cidade sustent\u00e1vel. Conseguimos pela primeira vez a nota m\u00e1xima da Secretaria do Tesouro Nacional, que atesta a efici\u00eancia administrativa da nossa gest\u00e3o, primeira em governan\u00e7a. Ent\u00e3o, foram t\u00edtulos novos que n\u00f3s conquistamos. E agora o Guinness \u00e9 mais um t\u00edtulo importante para a nossa cidade\u201d,<\/em> citou o prefeito de Salvador.<\/p>\n\n\n\n<figure class=\"wp-block-image size-large\"><img fetchpriority=\"high\" decoding=\"async\" width=\"1024\" height=\"772\" src=\"https:\/\/portalmf.com.br\/wp-content\/uploads\/2025\/03\/Guinness-World-Records-oficializa-Salvador-como-Maior-Carnaval-de-Trio-Eletrico-do-Mundo_-1024x772.jpg\" alt=\"\" class=\"wp-image-34618\" srcset=\"https:\/\/portalmf.com.br\/wp-content\/uploads\/2025\/03\/Guinness-World-Records-oficializa-Salvador-como-Maior-Carnaval-de-Trio-Eletrico-do-Mundo_-1024x772.jpg 1024w, https:\/\/portalmf.com.br\/wp-content\/uploads\/2025\/03\/Guinness-World-Records-oficializa-Salvador-como-Maior-Carnaval-de-Trio-Eletrico-do-Mundo_-300x226.jpg 300w, https:\/\/portalmf.com.br\/wp-content\/uploads\/2025\/03\/Guinness-World-Records-oficializa-Salvador-como-Maior-Carnaval-de-Trio-Eletrico-do-Mundo_-768x579.jpg 768w, https:\/\/portalmf.com.br\/wp-content\/uploads\/2025\/03\/Guinness-World-Records-oficializa-Salvador-como-Maior-Carnaval-de-Trio-Eletrico-do-Mundo_-696x525.jpg 696w, https:\/\/portalmf.com.br\/wp-content\/uploads\/2025\/03\/Guinness-World-Records-oficializa-Salvador-como-Maior-Carnaval-de-Trio-Eletrico-do-Mundo_-1068x806.jpg 1068w, https:\/\/portalmf.com.br\/wp-content\/uploads\/2025\/03\/Guinness-World-Records-oficializa-Salvador-como-Maior-Carnaval-de-Trio-Eletrico-do-Mundo_.jpg 1274w\" sizes=\"(max-width: 1024px) 100vw, 1024px\" \/><\/figure>\n\n\n\n<p>O desfile de Ivete parou em frente \u00e0 Passarela Nelson Maleiro para que a ju\u00edza Camila Borenstain, que integra o quadro de avaliadores do Guinness World Records, entregasse o certificado. O reconhecimento de Maior Carnaval de Trio El\u00e9trico do Mundo vem num ano especial, em que se comemora os 75 anos da inven\u00e7\u00e3o do trio el\u00e9trico e os 40 anos do Ax\u00e9 Music, movimento cultural que divulgou a folia soteropolitana para todo o planeta.<\/p>\n\n\n\n<p>A cantora parabenizou Salvador: \u201cNossa cidade foi eleita a maior e melhor festa de trio el\u00e9trico do mundo. Obrigado por terem me dado a oportunidade de anunciar isso. Viva o Carnaval de Salvador! Agradecendo a Dod\u00f4 &amp; Osmar, Armandinho, Luiz Caldas, Sarajane, Olodum, Neguinho do Samba, Il\u00ea Aiy\u00ea, todos os blocos Afro, toda essa comunidade carnavalesca da Bahia. A toda a imprensa e a esse povo baiano que faz dessa festa a mais sensacional do mundo\u201d, disse.<\/p>\n\n\n\n<p>Segundo a ju\u00edza da entidade, o recorde oficializa que Salvador tem a maior quantidade de atos musicais em trio el\u00e9trico no Carnaval no mundo. Ao longo da festa deste ano, a Saltur enviou a candidatura ao Guinness World Records com provas documentais que foram avaliadas para que o certificado fosse emitido.<\/p>\n","protected":false},"excerpt":{"rendered":"<p>Acabou a discuss\u00e3o: Salvador foi reconhecida na ter\u00e7a-feira (4) pelo Guinness World Records como a cidade com o Maior Carnaval de Trio El\u00e9trico do Mundo. O certificado foi entregue ao prefeito Bruno Reis durante a pipoca de Ivete Sangalo no Campo Grande, arrastando uma multid\u00e3o, e contou com a presen\u00e7a de uma jurada da maior [&hellip;]<\/p>\n","protected":false},"author":3,"featured_media":34619,"comment_status":"open","ping_status":"open","sticky":false,"template":"","format":"standard","meta":{"_monsterinsights_skip_tracking":false,"_monsterinsights_sitenote_active":false,"_monsterinsights_sitenote_note":"","_monsterinsights_sitenote_category":0,"footnotes":""},"categories":[44],"tags":[],"yoast_head":"<!-- This site is optimized with the Yoast SEO plugin v22.9 - https:\/\/yoast.com\/wordpress\/plugins\/seo\/ -->\n<title>Guinness World Records oficializa Salvador como Maior Carnaval de Trio El\u00e9trico do Mundo - Portal MF<\/title>\n<meta name=\"robots\" content=\"index, follow, max-snippet:-1, max-image-preview:large, max-video-preview:-1\" \/>\n<link rel=\"canonical\" href=\"https:\/\/portalmf.com.br\/index.php\/2025\/03\/07\/guinness-world-records-oficializa-salvador-como-maior-carnaval-de-trio-eletrico-do-mundo\/\" \/>\n<meta property=\"og:locale\" content=\"pt_BR\" \/>\n<meta property=\"og:type\" content=\"article\" \/>\n<meta property=\"og:title\" content=\"Guinness World Records oficializa Salvador como Maior Carnaval de Trio El\u00e9trico do Mundo - Portal MF\" \/>\n<meta property=\"og:description\" content=\"Acabou a discuss\u00e3o: Salvador foi reconhecida na ter\u00e7a-feira (4) pelo Guinness World Records como a cidade com o Maior Carnaval de Trio El\u00e9trico do Mundo. O certificado foi entregue ao prefeito Bruno Reis durante a pipoca de Ivete Sangalo no Campo Grande, arrastando uma multid\u00e3o, e contou com a presen\u00e7a de uma jurada da maior [&hellip;]\" \/>\n<meta property=\"og:url\" content=\"https:\/\/portalmf.com.br\/index.php\/2025\/03\/07\/guinness-world-records-oficializa-salvador-como-maior-carnaval-de-trio-eletrico-do-mundo\/\" \/>\n<meta property=\"og:site_name\" content=\"Portal MF\" \/>\n<meta property=\"article:author\" content=\"https:\/\/www.facebook.com\/portalmfoficial\" \/>\n<meta property=\"article:published_time\" content=\"2025-03-07T16:01:19+00:00\" \/>\n<meta property=\"article:modified_time\" content=\"2025-03-07T16:01:20+00:00\" \/>\n<meta property=\"og:image\" content=\"https:\/\/portalmf.com.br\/wp-content\/uploads\/2025\/03\/Guinness-World-Records-oficializa-Salvador-como-Maior-Carnaval-de-Trio-Eletrico-do-Mundo_2.jpg\" \/>\n\t<meta property=\"og:image:width\" content=\"1600\" \/>\n\t<meta property=\"og:image:height\" content=\"1066\" \/>\n\t<meta property=\"og:image:type\" content=\"image\/jpeg\" \/>\n<meta name=\"author\" content=\"Reda\u00e7\u00e3o Portal MF\" \/>\n<meta name=\"twitter:card\" content=\"summary_large_image\" \/>\n<meta name=\"twitter:creator\" content=\"@https:\/\/x.com\/portalmfoficial\" \/>\n<meta name=\"twitter:label1\" content=\"Escrito por\" \/>\n\t<meta name=\"twitter:data1\" content=\"Reda\u00e7\u00e3o Portal MF\" \/>\n\t<meta name=\"twitter:label2\" content=\"Est. tempo de leitura\" \/>\n\t<meta name=\"twitter:data2\" content=\"4 minutos\" \/>\n<script type=\"application\/ld+json\" class=\"yoast-schema-graph\">{\"@context\":\"https:\/\/schema.org\",\"@graph\":[{\"@type\":\"WebPage\",\"@id\":\"https:\/\/portalmf.com.br\/index.php\/2025\/03\/07\/guinness-world-records-oficializa-salvador-como-maior-carnaval-de-trio-eletrico-do-mundo\/\",\"url\":\"https:\/\/portalmf.com.br\/index.php\/2025\/03\/07\/guinness-world-records-oficializa-salvador-como-maior-carnaval-de-trio-eletrico-do-mundo\/\",\"name\":\"Guinness World Records oficializa Salvador como Maior Carnaval de Trio El\u00e9trico do Mundo - Portal MF\",\"isPartOf\":{\"@id\":\"https:\/\/portalmf.com.br\/#website\"},\"primaryImageOfPage\":{\"@id\":\"https:\/\/portalmf.com.br\/index.php\/2025\/03\/07\/guinness-world-records-oficializa-salvador-como-maior-carnaval-de-trio-eletrico-do-mundo\/#primaryimage\"},\"image\":{\"@id\":\"https:\/\/portalmf.com.br\/index.php\/2025\/03\/07\/guinness-world-records-oficializa-salvador-como-maior-carnaval-de-trio-eletrico-do-mundo\/#primaryimage\"},\"thumbnailUrl\":\"https:\/\/portalmf.com.br\/wp-content\/uploads\/2025\/03\/Guinness-World-Records-oficializa-Salvador-como-Maior-Carnaval-de-Trio-Eletrico-do-Mundo_2.jpg\",\"datePublished\":\"2025-03-07T16:01:19+00:00\",\"dateModified\":\"2025-03-07T16:01:20+00:00\",\"author\":{\"@id\":\"https:\/\/portalmf.com.br\/#\/schema\/person\/9ec101baf56233e53520c26de5d6f6f0\"},\"breadcrumb\":{\"@id\":\"https:\/\/portalmf.com.br\/index.php\/2025\/03\/07\/guinness-world-records-oficializa-salvador-como-maior-carnaval-de-trio-eletrico-do-mundo\/#breadcrumb\"},\"inLanguage\":\"pt-BR\",\"potentialAction\":[{\"@type\":\"ReadAction\",\"target\":[\"https:\/\/portalmf.com.br\/index.php\/2025\/03\/07\/guinness-world-records-oficializa-salvador-como-maior-carnaval-de-trio-eletrico-do-mundo\/\"]}]},{\"@type\":\"ImageObject\",\"inLanguage\":\"pt-BR\",\"@id\":\"https:\/\/portalmf.com.br\/index.php\/2025\/03\/07\/guinness-world-records-oficializa-salvador-como-maior-carnaval-de-trio-eletrico-do-mundo\/#primaryimage\",\"url\":\"https:\/\/portalmf.com.br\/wp-content\/uploads\/2025\/03\/Guinness-World-Records-oficializa-Salvador-como-Maior-Carnaval-de-Trio-Eletrico-do-Mundo_2.jpg\",\"contentUrl\":\"https:\/\/portalmf.com.br\/wp-content\/uploads\/2025\/03\/Guinness-World-Records-oficializa-Salvador-como-Maior-Carnaval-de-Trio-Eletrico-do-Mundo_2.jpg\",\"width\":1600,\"height\":1066},{\"@type\":\"BreadcrumbList\",\"@id\":\"https:\/\/portalmf.com.br\/index.php\/2025\/03\/07\/guinness-world-records-oficializa-salvador-como-maior-carnaval-de-trio-eletrico-do-mundo\/#breadcrumb\",\"itemListElement\":[{\"@type\":\"ListItem\",\"position\":1,\"name\":\"In\u00edcio\",\"item\":\"https:\/\/portalmf.com.br\/\"},{\"@type\":\"ListItem\",\"position\":2,\"name\":\"Guinness World Records oficializa Salvador como Maior Carnaval de Trio El\u00e9trico do Mundo\"}]},{\"@type\":\"WebSite\",\"@id\":\"https:\/\/portalmf.com.br\/#website\",\"url\":\"https:\/\/portalmf.com.br\/\",\"name\":\"Portal MF\",\"description\":\"Voc\u00ea conectado com a informa\u00e7\u00e3o\",\"potentialAction\":[{\"@type\":\"SearchAction\",\"target\":{\"@type\":\"EntryPoint\",\"urlTemplate\":\"https:\/\/portalmf.com.br\/?s={search_term_string}\"},\"query-input\":\"required name=search_term_string\"}],\"inLanguage\":\"pt-BR\"},{\"@type\":\"Person\",\"@id\":\"https:\/\/portalmf.com.br\/#\/schema\/person\/9ec101baf56233e53520c26de5d6f6f0\",\"name\":\"Reda\u00e7\u00e3o Portal MF\",\"image\":{\"@type\":\"ImageObject\",\"inLanguage\":\"pt-BR\",\"@id\":\"https:\/\/portalmf.com.br\/#\/schema\/person\/image\/\",\"url\":\"https:\/\/secure.gravatar.com\/avatar\/41b9aaeb2100835f7c64362330f74c7f?s=96&d=mm&r=g\",\"contentUrl\":\"https:\/\/secure.gravatar.com\/avatar\/41b9aaeb2100835f7c64362330f74c7f?s=96&d=mm&r=g\",\"caption\":\"Reda\u00e7\u00e3o Portal MF\"},\"description\":\"Sejam bem-vindos o portal de informa\u00e7\u00f5es de entretenimento de Feira de Santana, desde 2006 realiza coberturas dos principais eventos com entrevistas exclusivas com as principais personalidades mundiais. Fique conectado tamb\u00e9m nas redes sociais.\",\"sameAs\":[\"http:\/\/www.portalmf.com.br\/\",\"https:\/\/www.facebook.com\/portalmfoficial\",\"https:\/\/www.instagram.com\/portalmf\/\",\"https:\/\/x.com\/https:\/\/x.com\/portalmfoficial\",\"https:\/\/www.youtube.com\/@portalmfoficial\"],\"url\":\"https:\/\/portalmf.com.br\/index.php\/author\/junior\/\"}]}<\/script>\n<!-- \/ Yoast SEO plugin. -->","yoast_head_json":{"title":"Guinness World Records oficializa Salvador como Maior Carnaval de Trio El\u00e9trico do Mundo - Portal MF","robots":{"index":"index","follow":"follow","max-snippet":"max-snippet:-1","max-image-preview":"max-image-preview:large","max-video-preview":"max-video-preview:-1"},"canonical":"https:\/\/portalmf.com.br\/index.php\/2025\/03\/07\/guinness-world-records-oficializa-salvador-como-maior-carnaval-de-trio-eletrico-do-mundo\/","og_locale":"pt_BR","og_type":"article","og_title":"Guinness World Records oficializa Salvador como Maior Carnaval de Trio El\u00e9trico do Mundo - Portal MF","og_description":"Acabou a discuss\u00e3o: Salvador foi reconhecida na ter\u00e7a-feira (4) pelo Guinness World Records como a cidade com o Maior Carnaval de Trio El\u00e9trico do Mundo. O certificado foi entregue ao prefeito Bruno Reis durante a pipoca de Ivete Sangalo no Campo Grande, arrastando uma multid\u00e3o, e contou com a presen\u00e7a de uma jurada da maior [&hellip;]","og_url":"https:\/\/portalmf.com.br\/index.php\/2025\/03\/07\/guinness-world-records-oficializa-salvador-como-maior-carnaval-de-trio-eletrico-do-mundo\/","og_site_name":"Portal MF","article_author":"https:\/\/www.facebook.com\/portalmfoficial","article_published_time":"2025-03-07T16:01:19+00:00","article_modified_time":"2025-03-07T16:01:20+00:00","og_image":[{"width":1600,"height":1066,"url":"https:\/\/portalmf.com.br\/wp-content\/uploads\/2025\/03\/Guinness-World-Records-oficializa-Salvador-como-Maior-Carnaval-de-Trio-Eletrico-do-Mundo_2.jpg","type":"image\/jpeg"}],"author":"Reda\u00e7\u00e3o Portal MF","twitter_card":"summary_large_image","twitter_creator":"@https:\/\/x.com\/portalmfoficial","twitter_misc":{"Escrito por":"Reda\u00e7\u00e3o Portal MF","Est. tempo de leitura":"4 minutos"},"schema":{"@context":"https:\/\/schema.org","@graph":[{"@type":"WebPage","@id":"https:\/\/portalmf.com.br\/index.php\/2025\/03\/07\/guinness-world-records-oficializa-salvador-como-maior-carnaval-de-trio-eletrico-do-mundo\/","url":"https:\/\/portalmf.com.br\/index.php\/2025\/03\/07\/guinness-world-records-oficializa-salvador-como-maior-carnaval-de-trio-eletrico-do-mundo\/","name":"Guinness World Records oficializa Salvador como Maior Carnaval de Trio El\u00e9trico do Mundo - Portal MF","isPartOf":{"@id":"https:\/\/portalmf.com.br\/#website"},"primaryImageOfPage":{"@id":"https:\/\/portalmf.com.br\/index.php\/2025\/03\/07\/guinness-world-records-oficializa-salvador-como-maior-carnaval-de-trio-eletrico-do-mundo\/#primaryimage"},"image":{"@id":"https:\/\/portalmf.com.br\/index.php\/2025\/03\/07\/guinness-world-records-oficializa-salvador-como-maior-carnaval-de-trio-eletrico-do-mundo\/#primaryimage"},"thumbnailUrl":"https:\/\/portalmf.com.br\/wp-content\/uploads\/2025\/03\/Guinness-World-Records-oficializa-Salvador-como-Maior-Carnaval-de-Trio-Eletrico-do-Mundo_2.jpg","datePublished":"2025-03-07T16:01:19+00:00","dateModified":"2025-03-07T16:01:20+00:00","author":{"@id":"https:\/\/portalmf.com.br\/#\/schema\/person\/9ec101baf56233e53520c26de5d6f6f0"},"breadcrumb":{"@id":"https:\/\/portalmf.com.br\/index.php\/2025\/03\/07\/guinness-world-records-oficializa-salvador-como-maior-carnaval-de-trio-eletrico-do-mundo\/#breadcrumb"},"inLanguage":"pt-BR","potentialAction":[{"@type":"ReadAction","target":["https:\/\/portalmf.com.br\/index.php\/2025\/03\/07\/guinness-world-records-oficializa-salvador-como-maior-carnaval-de-trio-eletrico-do-mundo\/"]}]},{"@type":"ImageObject","inLanguage":"pt-BR","@id":"https:\/\/portalmf.com.br\/index.php\/2025\/03\/07\/guinness-world-records-oficializa-salvador-como-maior-carnaval-de-trio-eletrico-do-mundo\/#primaryimage","url":"https:\/\/portalmf.com.br\/wp-content\/uploads\/2025\/03\/Guinness-World-Records-oficializa-Salvador-como-Maior-Carnaval-de-Trio-Eletrico-do-Mundo_2.jpg","contentUrl":"https:\/\/portalmf.com.br\/wp-content\/uploads\/2025\/03\/Guinness-World-Records-oficializa-Salvador-como-Maior-Carnaval-de-Trio-Eletrico-do-Mundo_2.jpg","width":1600,"height":1066},{"@type":"BreadcrumbList","@id":"https:\/\/portalmf.com.br\/index.php\/2025\/03\/07\/guinness-world-records-oficializa-salvador-como-maior-carnaval-de-trio-eletrico-do-mundo\/#breadcrumb","itemListElement":[{"@type":"ListItem","position":1,"name":"In\u00edcio","item":"https:\/\/portalmf.com.br\/"},{"@type":"ListItem","position":2,"name":"Guinness World Records oficializa Salvador como Maior Carnaval de Trio El\u00e9trico do Mundo"}]},{"@type":"WebSite","@id":"https:\/\/portalmf.com.br\/#website","url":"https:\/\/portalmf.com.br\/","name":"Portal MF","description":"Voc\u00ea conectado com a informa\u00e7\u00e3o","potentialAction":[{"@type":"SearchAction","target":{"@type":"EntryPoint","urlTemplate":"https:\/\/portalmf.com.br\/?s={search_term_string}"},"query-input":"required name=search_term_string"}],"inLanguage":"pt-BR"},{"@type":"Person","@id":"https:\/\/portalmf.com.br\/#\/schema\/person\/9ec101baf56233e53520c26de5d6f6f0","name":"Reda\u00e7\u00e3o Portal MF","image":{"@type":"ImageObject","inLanguage":"pt-BR","@id":"https:\/\/portalmf.com.br\/#\/schema\/person\/image\/","url":"https:\/\/secure.gravatar.com\/avatar\/41b9aaeb2100835f7c64362330f74c7f?s=96&d=mm&r=g","contentUrl":"https:\/\/secure.gravatar.com\/avatar\/41b9aaeb2100835f7c64362330f74c7f?s=96&d=mm&r=g","caption":"Reda\u00e7\u00e3o Portal MF"},"description":"Sejam bem-vindos o portal de informa\u00e7\u00f5es de entretenimento de Feira de Santana, desde 2006 realiza coberturas dos principais eventos com entrevistas exclusivas com as principais personalidades mundiais. Fique conectado tamb\u00e9m nas redes sociais.","sameAs":["http:\/\/www.portalmf.com.br\/","https:\/\/www.facebook.com\/portalmfoficial","https:\/\/www.instagram.com\/portalmf\/","https:\/\/x.com\/https:\/\/x.com\/portalmfoficial","https:\/\/www.youtube.com\/@portalmfoficial"],"url":"https:\/\/portalmf.com.br\/index.php\/author\/junior\/"}]}},"_links":{"self":[{"href":"https:\/\/portalmf.com.br\/index.php\/wp-json\/wp\/v2\/posts\/34617"}],"collection":[{"href":"https:\/\/portalmf.com.br\/index.php\/wp-json\/wp\/v2\/posts"}],"about":[{"href":"https:\/\/portalmf.com.br\/index.php\/wp-json\/wp\/v2\/types\/post"}],"author":[{"embeddable":true,"href":"https:\/\/portalmf.com.br\/index.php\/wp-json\/wp\/v2\/users\/3"}],"replies":[{"embeddable":true,"href":"https:\/\/portalmf.com.br\/index.php\/wp-json\/wp\/v2\/comments?post=34617"}],"version-history":[{"count":1,"href":"https:\/\/portalmf.com.br\/index.php\/wp-json\/wp\/v2\/posts\/34617\/revisions"}],"predecessor-version":[{"id":34620,"href":"https:\/\/portalmf.com.br\/index.php\/wp-json\/wp\/v2\/posts\/34617\/revisions\/34620"}],"wp:featuredmedia":[{"embeddable":true,"href":"https:\/\/portalmf.com.br\/index.php\/wp-json\/wp\/v2\/media\/34619"}],"wp:attachment":[{"href":"https:\/\/portalmf.com.br\/index.php\/wp-json\/wp\/v2\/media?parent=34617"}],"wp:term":[{"taxonomy":"category","embeddable":true,"href":"https:\/\/portalmf.com.br\/index.php\/wp-json\/wp\/v2\/categories?post=34617"},{"taxonomy":"post_tag","embeddable":true,"href":"https:\/\/portalmf.com.br\/index.php\/wp-json\/wp\/v2\/tags?post=34617"}],"curies":[{"name":"wp","href":"https:\/\/api.w.org\/{rel}","templated":true}]}}