{"id":34615,"date":"2025-03-07T12:54:18","date_gmt":"2025-03-07T15:54:18","guid":{"rendered":"https:\/\/portalmf.com.br\/?p=34615"},"modified":"2025-03-07T12:54:20","modified_gmt":"2025-03-07T15:54:20","slug":"bruno-reis-anuncia-inversao-nos-dias-de-furdunco-e-fuzue-destaca-movimentacao-turistica-e-aponta-resgate-total-da-festa-no-centro","status":"publish","type":"post","link":"https:\/\/portalmf.com.br\/index.php\/2025\/03\/07\/bruno-reis-anuncia-inversao-nos-dias-de-furdunco-e-fuzue-destaca-movimentacao-turistica-e-aponta-resgate-total-da-festa-no-centro\/","title":{"rendered":"Bruno Reis anuncia invers\u00e3o nos dias de Furdun\u00e7o e Fuzu\u00ea, destaca movimenta\u00e7\u00e3o tur\u00edstica e aponta resgate total da festa no Centro"},"content":{"rendered":"\n<p>O prefeito de Salvador, Bruno Reis, anunciou nesta quarta-feira (5) a invers\u00e3o de dias entre o Fuzu\u00ea e o Furdun\u00e7o em 2026, celebrou a presen\u00e7a de mais de 1,2 milh\u00e3o de turistas na cidade durante o Carnaval e destacou o resgate da festa do Centro promovido pela gest\u00e3o municipal nos \u00faltimos anos.<\/p>\n\n\n\n<p>Em coletiva de balan\u00e7o final da festa, o chefe do Executivo soteropolitano, informou que uma das novidades para o pr\u00f3ximo ano j\u00e1 \u00e9 relativa \u00e0s festas de pr\u00e9-Carnaval da cidade. At\u00e9 ent\u00e3o, o Fuzu\u00ea acontecia no s\u00e1bado anterior \u00e0 folia e o Furdun\u00e7o, tradicionalmente com maior p\u00fablico, ocorria no domingo.<\/p>\n\n\n\n<p><em>\u201cA gente vai inverter. O Furdun\u00e7o ser\u00e1 no s\u00e1bado e o Fuzu\u00ea, no domingo. Muita gente pediu isso, por estar de folga no domingo, ent\u00e3o pode curtir o s\u00e1bado at\u00e9 mais tarde. Diferente do que ocorre no domingo, porque na segunda tem que trabalhar. Essa decis\u00e3o j\u00e1 est\u00e1 tomada\u201d<\/em>, disse o prefeito.<\/p>\n\n\n\n<p>O Carnaval de Salvador contou com 1.124 atra\u00e7\u00f5es e 2.630 horas de m\u00fasica. Nos circuitos, foram 603 atra\u00e7\u00f5es e 1.500 horas de m\u00fasica. Nos bairros e espa\u00e7os alternativos, foram 521 atra\u00e7\u00f5es e 1.130 horas de m\u00fasica.<\/p>\n\n\n\n<p>Neste ano, Salvador foi reconhecida pelo Guinness World Records como a cidade com o Maior Carnaval de Trio El\u00e9trico do Mundo. O certificado foi entregue ao prefeito Bruno Reis durante a pipoca de Ivete Sangalo no Campo Grande, nesta ter\u00e7a-feira (4). Segundo a ju\u00edza da entidade, o recorde oficializa que Salvador tem a maior quantidade de atos musicais em trio el\u00e9trico no Carnaval no mundo.<\/p>\n\n\n\n<p>Economia &#8211; O gestor municipal revelou que mais de 1,2 milh\u00e3o de turistas passaram pela capital baiana neste per\u00edodo e ressaltou a import\u00e2ncia desse grande fluxo para ajudar a movimenta\u00e7\u00e3o da economia local em R$ 1,8 bilh\u00e3o.<\/p>\n\n\n\n<p><em>\u201cAjudam a lotar os nossos hot\u00e9is, bares e restaurantes, a consumir os produtos do Carnaval. Isso gera tributos, que permitem \u00e0 Prefeitura ter essa capacidade atual de investimento. Todas as nossas a\u00e7\u00f5es no Carnaval, desde a emiss\u00e3o zero de carbono at\u00e9 o acolhimento dos filhos dos ambulantes e todos os outros servi\u00e7os, t\u00eam um custo significativo. \u00c9 justamente a economia que ajuda a custear\u201d<\/em>, pontuou.<\/p>\n\n\n\n<p>Segundo o prefeito, s\u00e3o gerados cerca de 250 mil empregos durante o Carnaval. <em>\u201cTodo mundo trabalhou, ganhou seu dinheirinho. Tem muita gente que ganha seu dinheiro agora e vai viver o ano todo com isso\u201d,<\/em> lembrou.<\/p>\n\n\n\n<p>A vice-prefeita e secret\u00e1ria municipal de Cultura e Turismo (Secult), Ana Paula Matos, celebrou o sucesso do Carnaval de 2025. \u201c\u00c9 o Carnaval mais democr\u00e1tico, o Carnaval do acolhimento, do respeito a todas as pessoas, da felicidade, do Guinness, do melhor Carnaval do mundo. \u00c9 Salvador mostrando para o mundo como \u00e9 que se faz festa, com acolhimento, com cuidado com os trabalhadores, com os ambulantes, com os recicladores, com as crian\u00e7as, com todas as pessoas\u201d, afirmou.<\/p>\n\n\n\n<p><em>\u201cE tamb\u00e9m a cidade que sabe acolher turistas, para gerar emprego, para gerar renda, ent\u00e3o \u00e9 o carnaval de fato da consolida\u00e7\u00e3o do Centro, ningu\u00e9m mais vai discutir esse circuito, mas sobretudo acho que \u00e9 o Carnaval mais democr\u00e1tico dos \u00faltimos anos e melhor organizado\u201d,<\/em> acrescentou.<\/p>\n\n\n\n<p>Carnaval do Centro \u2013 A revitaliza\u00e7\u00e3o da festa no Centro da cidade, aprofundada um pouco mais a cada ano pela gest\u00e3o municipal, tamb\u00e9m foi comentada por Bruno. Este ano, o Campo Grande contou com quase 100 atra\u00e7\u00f5es a mais do que a Barra-Ondina. No primeiro, foram 214 atra\u00e7\u00f5es e 584 horas de m\u00fasica. No segundo, foram 119 atra\u00e7\u00f5es e 501 horas de m\u00fasica.<\/p>\n\n\n\n<p>\u201cSem sombra de d\u00favidas, essa \u00e9 a principal marca da nossa gest\u00e3o no Carnaval: o resgate, o retorno com for\u00e7a do Carnaval do Centro. E isso impacta na organiza\u00e7\u00e3o do Carnaval em toda a cidade, porque equilibra a distribui\u00e7\u00e3o dos foli\u00f5es nos outros circuitos e possibilita a realiza\u00e7\u00e3o de todos os servi\u00e7os de uma forma melhor\u201d, avaliou.<\/p>\n\n\n\n<p>O prefeito lembrou que se apresentaram no circuito Osmar durante todo o per\u00edodo atra\u00e7\u00f5es de peso, em uma programa\u00e7\u00e3o refor\u00e7ada j\u00e1 desde s\u00e1bado. <\/p>\n\n\n\n<p><em>&#8220;Tradicionalmente, esse circuito ganhava uma for\u00e7a maior a partir do domingo. E com isso n\u00f3s conseguimos, de uma vez por todas, sepultar aquela pergunta que ouv\u00edamos muito, sobre qual era o destino do Carnaval do Centro. Essa pergunta acabou\u201d,<\/em> apontou.<\/p>\n\n\n\n<p><strong>N\u00fameros \u2013 <\/strong>Na apresenta\u00e7\u00e3o do balan\u00e7o, o prefeito destacou os servi\u00e7os de ilumina\u00e7\u00e3o e tecnologia, al\u00e9m dos 13 camarotes certificados com o selo de camarote sustent\u00e1vel. Ressaltou ainda que foram cerca de 2,6 mil catadores aut\u00f4nomos e 400 de cooperativas e mais de 10 mil refei\u00e7\u00f5es servidas para estes trabalhadores.<\/p>\n\n\n\n<p>O prefeito ainda lembrou que, neste ano, foram cerca de 4.300 ambulantes credenciados para atuar no Carnaval, sendo que a cada licen\u00e7a, em m\u00e9dia, s\u00e3o tr\u00eas trabalhadores. Ou seja, s\u00e3o cerca de 15 mil trabalhadores.<\/p>\n\n\n\n<p>Bruno Reis salientou tamb\u00e9m a redu\u00e7\u00e3o dos acidentes de tr\u00e2nsito, o aumento no n\u00famero de pessoas que utilizaram o transporte p\u00fablico, entre eles o BRT. Na Sa\u00fade, Bruno afirmou que 96% dos atendimentos foram resolvidos nos pr\u00f3prios postos nos circuitos e 2% em unidades municipais. Apenas 2% precisaram ser transferidos para outras unidades. Al\u00e9m disso, houve uma redu\u00e7\u00e3o superior a 50% nos n\u00fameros de seguran\u00e7a.<\/p>\n","protected":false},"excerpt":{"rendered":"<p>O prefeito de Salvador, Bruno Reis, anunciou nesta quarta-feira (5) a invers\u00e3o de dias entre o Fuzu\u00ea e o Furdun\u00e7o em 2026, celebrou a presen\u00e7a de mais de 1,2 milh\u00e3o de turistas na cidade durante o Carnaval e destacou o resgate da festa do Centro promovido pela gest\u00e3o municipal nos \u00faltimos anos. Em coletiva de [&hellip;]<\/p>\n","protected":false},"author":3,"featured_media":23121,"comment_status":"open","ping_status":"open","sticky":false,"template":"","format":"standard","meta":{"_monsterinsights_skip_tracking":false,"_monsterinsights_sitenote_active":false,"_monsterinsights_sitenote_note":"","_monsterinsights_sitenote_category":0,"footnotes":""},"categories":[44],"tags":[],"yoast_head":"<!-- This site is optimized with the Yoast SEO plugin v22.9 - https:\/\/yoast.com\/wordpress\/plugins\/seo\/ -->\n<title>Bruno Reis anuncia invers\u00e3o nos dias de Furdun\u00e7o e Fuzu\u00ea, destaca movimenta\u00e7\u00e3o tur\u00edstica e aponta resgate total da festa no Centro - Portal MF<\/title>\n<meta name=\"robots\" content=\"index, follow, max-snippet:-1, max-image-preview:large, max-video-preview:-1\" \/>\n<link rel=\"canonical\" href=\"https:\/\/portalmf.com.br\/index.php\/2025\/03\/07\/bruno-reis-anuncia-inversao-nos-dias-de-furdunco-e-fuzue-destaca-movimentacao-turistica-e-aponta-resgate-total-da-festa-no-centro\/\" \/>\n<meta property=\"og:locale\" content=\"pt_BR\" \/>\n<meta property=\"og:type\" content=\"article\" \/>\n<meta property=\"og:title\" content=\"Bruno Reis anuncia invers\u00e3o nos dias de Furdun\u00e7o e Fuzu\u00ea, destaca movimenta\u00e7\u00e3o tur\u00edstica e aponta resgate total da festa no Centro - Portal MF\" \/>\n<meta property=\"og:description\" content=\"O prefeito de Salvador, Bruno Reis, anunciou nesta quarta-feira (5) a invers\u00e3o de dias entre o Fuzu\u00ea e o Furdun\u00e7o em 2026, celebrou a presen\u00e7a de mais de 1,2 milh\u00e3o de turistas na cidade durante o Carnaval e destacou o resgate da festa do Centro promovido pela gest\u00e3o municipal nos \u00faltimos anos. Em coletiva de [&hellip;]\" \/>\n<meta property=\"og:url\" content=\"https:\/\/portalmf.com.br\/index.php\/2025\/03\/07\/bruno-reis-anuncia-inversao-nos-dias-de-furdunco-e-fuzue-destaca-movimentacao-turistica-e-aponta-resgate-total-da-festa-no-centro\/\" \/>\n<meta property=\"og:site_name\" content=\"Portal MF\" \/>\n<meta property=\"article:author\" content=\"https:\/\/www.facebook.com\/portalmfoficial\" \/>\n<meta property=\"article:published_time\" content=\"2025-03-07T15:54:18+00:00\" \/>\n<meta property=\"article:modified_time\" content=\"2025-03-07T15:54:20+00:00\" \/>\n<meta property=\"og:image\" content=\"https:\/\/portalmf.com.br\/wp-content\/uploads\/2024\/02\/furdunco-foto-jefferson-peixoto-secom-pms-34.jpg\" \/>\n\t<meta property=\"og:image:width\" content=\"984\" \/>\n\t<meta property=\"og:image:height\" content=\"656\" \/>\n\t<meta property=\"og:image:type\" content=\"image\/jpeg\" \/>\n<meta name=\"author\" content=\"Reda\u00e7\u00e3o Portal MF\" \/>\n<meta name=\"twitter:card\" content=\"summary_large_image\" \/>\n<meta name=\"twitter:creator\" content=\"@https:\/\/x.com\/portalmfoficial\" \/>\n<meta name=\"twitter:label1\" content=\"Escrito por\" \/>\n\t<meta name=\"twitter:data1\" content=\"Reda\u00e7\u00e3o Portal MF\" \/>\n\t<meta name=\"twitter:label2\" content=\"Est. tempo de leitura\" \/>\n\t<meta name=\"twitter:data2\" content=\"5 minutos\" \/>\n<script type=\"application\/ld+json\" class=\"yoast-schema-graph\">{\"@context\":\"https:\/\/schema.org\",\"@graph\":[{\"@type\":\"WebPage\",\"@id\":\"https:\/\/portalmf.com.br\/index.php\/2025\/03\/07\/bruno-reis-anuncia-inversao-nos-dias-de-furdunco-e-fuzue-destaca-movimentacao-turistica-e-aponta-resgate-total-da-festa-no-centro\/\",\"url\":\"https:\/\/portalmf.com.br\/index.php\/2025\/03\/07\/bruno-reis-anuncia-inversao-nos-dias-de-furdunco-e-fuzue-destaca-movimentacao-turistica-e-aponta-resgate-total-da-festa-no-centro\/\",\"name\":\"Bruno Reis anuncia invers\u00e3o nos dias de Furdun\u00e7o e Fuzu\u00ea, destaca movimenta\u00e7\u00e3o tur\u00edstica e aponta resgate total da festa no Centro - Portal MF\",\"isPartOf\":{\"@id\":\"https:\/\/portalmf.com.br\/#website\"},\"primaryImageOfPage\":{\"@id\":\"https:\/\/portalmf.com.br\/index.php\/2025\/03\/07\/bruno-reis-anuncia-inversao-nos-dias-de-furdunco-e-fuzue-destaca-movimentacao-turistica-e-aponta-resgate-total-da-festa-no-centro\/#primaryimage\"},\"image\":{\"@id\":\"https:\/\/portalmf.com.br\/index.php\/2025\/03\/07\/bruno-reis-anuncia-inversao-nos-dias-de-furdunco-e-fuzue-destaca-movimentacao-turistica-e-aponta-resgate-total-da-festa-no-centro\/#primaryimage\"},\"thumbnailUrl\":\"https:\/\/portalmf.com.br\/wp-content\/uploads\/2024\/02\/furdunco-foto-jefferson-peixoto-secom-pms-34.jpg\",\"datePublished\":\"2025-03-07T15:54:18+00:00\",\"dateModified\":\"2025-03-07T15:54:20+00:00\",\"author\":{\"@id\":\"https:\/\/portalmf.com.br\/#\/schema\/person\/9ec101baf56233e53520c26de5d6f6f0\"},\"breadcrumb\":{\"@id\":\"https:\/\/portalmf.com.br\/index.php\/2025\/03\/07\/bruno-reis-anuncia-inversao-nos-dias-de-furdunco-e-fuzue-destaca-movimentacao-turistica-e-aponta-resgate-total-da-festa-no-centro\/#breadcrumb\"},\"inLanguage\":\"pt-BR\",\"potentialAction\":[{\"@type\":\"ReadAction\",\"target\":[\"https:\/\/portalmf.com.br\/index.php\/2025\/03\/07\/bruno-reis-anuncia-inversao-nos-dias-de-furdunco-e-fuzue-destaca-movimentacao-turistica-e-aponta-resgate-total-da-festa-no-centro\/\"]}]},{\"@type\":\"ImageObject\",\"inLanguage\":\"pt-BR\",\"@id\":\"https:\/\/portalmf.com.br\/index.php\/2025\/03\/07\/bruno-reis-anuncia-inversao-nos-dias-de-furdunco-e-fuzue-destaca-movimentacao-turistica-e-aponta-resgate-total-da-festa-no-centro\/#primaryimage\",\"url\":\"https:\/\/portalmf.com.br\/wp-content\/uploads\/2024\/02\/furdunco-foto-jefferson-peixoto-secom-pms-34.jpg\",\"contentUrl\":\"https:\/\/portalmf.com.br\/wp-content\/uploads\/2024\/02\/furdunco-foto-jefferson-peixoto-secom-pms-34.jpg\",\"width\":984,\"height\":656},{\"@type\":\"BreadcrumbList\",\"@id\":\"https:\/\/portalmf.com.br\/index.php\/2025\/03\/07\/bruno-reis-anuncia-inversao-nos-dias-de-furdunco-e-fuzue-destaca-movimentacao-turistica-e-aponta-resgate-total-da-festa-no-centro\/#breadcrumb\",\"itemListElement\":[{\"@type\":\"ListItem\",\"position\":1,\"name\":\"In\u00edcio\",\"item\":\"https:\/\/portalmf.com.br\/\"},{\"@type\":\"ListItem\",\"position\":2,\"name\":\"Bruno Reis anuncia invers\u00e3o nos dias de Furdun\u00e7o e Fuzu\u00ea, destaca movimenta\u00e7\u00e3o tur\u00edstica e aponta resgate total da festa no Centro\"}]},{\"@type\":\"WebSite\",\"@id\":\"https:\/\/portalmf.com.br\/#website\",\"url\":\"https:\/\/portalmf.com.br\/\",\"name\":\"Portal MF\",\"description\":\"Voc\u00ea conectado com a informa\u00e7\u00e3o\",\"potentialAction\":[{\"@type\":\"SearchAction\",\"target\":{\"@type\":\"EntryPoint\",\"urlTemplate\":\"https:\/\/portalmf.com.br\/?s={search_term_string}\"},\"query-input\":\"required name=search_term_string\"}],\"inLanguage\":\"pt-BR\"},{\"@type\":\"Person\",\"@id\":\"https:\/\/portalmf.com.br\/#\/schema\/person\/9ec101baf56233e53520c26de5d6f6f0\",\"name\":\"Reda\u00e7\u00e3o Portal MF\",\"image\":{\"@type\":\"ImageObject\",\"inLanguage\":\"pt-BR\",\"@id\":\"https:\/\/portalmf.com.br\/#\/schema\/person\/image\/\",\"url\":\"https:\/\/secure.gravatar.com\/avatar\/41b9aaeb2100835f7c64362330f74c7f?s=96&d=mm&r=g\",\"contentUrl\":\"https:\/\/secure.gravatar.com\/avatar\/41b9aaeb2100835f7c64362330f74c7f?s=96&d=mm&r=g\",\"caption\":\"Reda\u00e7\u00e3o Portal MF\"},\"description\":\"Sejam bem-vindos o portal de informa\u00e7\u00f5es de entretenimento de Feira de Santana, desde 2006 realiza coberturas dos principais eventos com entrevistas exclusivas com as principais personalidades mundiais. Fique conectado tamb\u00e9m nas redes sociais.\",\"sameAs\":[\"http:\/\/www.portalmf.com.br\/\",\"https:\/\/www.facebook.com\/portalmfoficial\",\"https:\/\/www.instagram.com\/portalmf\/\",\"https:\/\/x.com\/https:\/\/x.com\/portalmfoficial\",\"https:\/\/www.youtube.com\/@portalmfoficial\"],\"url\":\"https:\/\/portalmf.com.br\/index.php\/author\/junior\/\"}]}<\/script>\n<!-- \/ Yoast SEO plugin. -->","yoast_head_json":{"title":"Bruno Reis anuncia invers\u00e3o nos dias de Furdun\u00e7o e Fuzu\u00ea, destaca movimenta\u00e7\u00e3o tur\u00edstica e aponta resgate total da festa no Centro - Portal MF","robots":{"index":"index","follow":"follow","max-snippet":"max-snippet:-1","max-image-preview":"max-image-preview:large","max-video-preview":"max-video-preview:-1"},"canonical":"https:\/\/portalmf.com.br\/index.php\/2025\/03\/07\/bruno-reis-anuncia-inversao-nos-dias-de-furdunco-e-fuzue-destaca-movimentacao-turistica-e-aponta-resgate-total-da-festa-no-centro\/","og_locale":"pt_BR","og_type":"article","og_title":"Bruno Reis anuncia invers\u00e3o nos dias de Furdun\u00e7o e Fuzu\u00ea, destaca movimenta\u00e7\u00e3o tur\u00edstica e aponta resgate total da festa no Centro - Portal MF","og_description":"O prefeito de Salvador, Bruno Reis, anunciou nesta quarta-feira (5) a invers\u00e3o de dias entre o Fuzu\u00ea e o Furdun\u00e7o em 2026, celebrou a presen\u00e7a de mais de 1,2 milh\u00e3o de turistas na cidade durante o Carnaval e destacou o resgate da festa do Centro promovido pela gest\u00e3o municipal nos \u00faltimos anos. Em coletiva de [&hellip;]","og_url":"https:\/\/portalmf.com.br\/index.php\/2025\/03\/07\/bruno-reis-anuncia-inversao-nos-dias-de-furdunco-e-fuzue-destaca-movimentacao-turistica-e-aponta-resgate-total-da-festa-no-centro\/","og_site_name":"Portal MF","article_author":"https:\/\/www.facebook.com\/portalmfoficial","article_published_time":"2025-03-07T15:54:18+00:00","article_modified_time":"2025-03-07T15:54:20+00:00","og_image":[{"width":984,"height":656,"url":"https:\/\/portalmf.com.br\/wp-content\/uploads\/2024\/02\/furdunco-foto-jefferson-peixoto-secom-pms-34.jpg","type":"image\/jpeg"}],"author":"Reda\u00e7\u00e3o Portal MF","twitter_card":"summary_large_image","twitter_creator":"@https:\/\/x.com\/portalmfoficial","twitter_misc":{"Escrito por":"Reda\u00e7\u00e3o Portal MF","Est. tempo de leitura":"5 minutos"},"schema":{"@context":"https:\/\/schema.org","@graph":[{"@type":"WebPage","@id":"https:\/\/portalmf.com.br\/index.php\/2025\/03\/07\/bruno-reis-anuncia-inversao-nos-dias-de-furdunco-e-fuzue-destaca-movimentacao-turistica-e-aponta-resgate-total-da-festa-no-centro\/","url":"https:\/\/portalmf.com.br\/index.php\/2025\/03\/07\/bruno-reis-anuncia-inversao-nos-dias-de-furdunco-e-fuzue-destaca-movimentacao-turistica-e-aponta-resgate-total-da-festa-no-centro\/","name":"Bruno Reis anuncia invers\u00e3o nos dias de Furdun\u00e7o e Fuzu\u00ea, destaca movimenta\u00e7\u00e3o tur\u00edstica e aponta resgate total da festa no Centro - Portal MF","isPartOf":{"@id":"https:\/\/portalmf.com.br\/#website"},"primaryImageOfPage":{"@id":"https:\/\/portalmf.com.br\/index.php\/2025\/03\/07\/bruno-reis-anuncia-inversao-nos-dias-de-furdunco-e-fuzue-destaca-movimentacao-turistica-e-aponta-resgate-total-da-festa-no-centro\/#primaryimage"},"image":{"@id":"https:\/\/portalmf.com.br\/index.php\/2025\/03\/07\/bruno-reis-anuncia-inversao-nos-dias-de-furdunco-e-fuzue-destaca-movimentacao-turistica-e-aponta-resgate-total-da-festa-no-centro\/#primaryimage"},"thumbnailUrl":"https:\/\/portalmf.com.br\/wp-content\/uploads\/2024\/02\/furdunco-foto-jefferson-peixoto-secom-pms-34.jpg","datePublished":"2025-03-07T15:54:18+00:00","dateModified":"2025-03-07T15:54:20+00:00","author":{"@id":"https:\/\/portalmf.com.br\/#\/schema\/person\/9ec101baf56233e53520c26de5d6f6f0"},"breadcrumb":{"@id":"https:\/\/portalmf.com.br\/index.php\/2025\/03\/07\/bruno-reis-anuncia-inversao-nos-dias-de-furdunco-e-fuzue-destaca-movimentacao-turistica-e-aponta-resgate-total-da-festa-no-centro\/#breadcrumb"},"inLanguage":"pt-BR","potentialAction":[{"@type":"ReadAction","target":["https:\/\/portalmf.com.br\/index.php\/2025\/03\/07\/bruno-reis-anuncia-inversao-nos-dias-de-furdunco-e-fuzue-destaca-movimentacao-turistica-e-aponta-resgate-total-da-festa-no-centro\/"]}]},{"@type":"ImageObject","inLanguage":"pt-BR","@id":"https:\/\/portalmf.com.br\/index.php\/2025\/03\/07\/bruno-reis-anuncia-inversao-nos-dias-de-furdunco-e-fuzue-destaca-movimentacao-turistica-e-aponta-resgate-total-da-festa-no-centro\/#primaryimage","url":"https:\/\/portalmf.com.br\/wp-content\/uploads\/2024\/02\/furdunco-foto-jefferson-peixoto-secom-pms-34.jpg","contentUrl":"https:\/\/portalmf.com.br\/wp-content\/uploads\/2024\/02\/furdunco-foto-jefferson-peixoto-secom-pms-34.jpg","width":984,"height":656},{"@type":"BreadcrumbList","@id":"https:\/\/portalmf.com.br\/index.php\/2025\/03\/07\/bruno-reis-anuncia-inversao-nos-dias-de-furdunco-e-fuzue-destaca-movimentacao-turistica-e-aponta-resgate-total-da-festa-no-centro\/#breadcrumb","itemListElement":[{"@type":"ListItem","position":1,"name":"In\u00edcio","item":"https:\/\/portalmf.com.br\/"},{"@type":"ListItem","position":2,"name":"Bruno Reis anuncia invers\u00e3o nos dias de Furdun\u00e7o e Fuzu\u00ea, destaca movimenta\u00e7\u00e3o tur\u00edstica e aponta resgate total da festa no Centro"}]},{"@type":"WebSite","@id":"https:\/\/portalmf.com.br\/#website","url":"https:\/\/portalmf.com.br\/","name":"Portal MF","description":"Voc\u00ea conectado com a informa\u00e7\u00e3o","potentialAction":[{"@type":"SearchAction","target":{"@type":"EntryPoint","urlTemplate":"https:\/\/portalmf.com.br\/?s={search_term_string}"},"query-input":"required name=search_term_string"}],"inLanguage":"pt-BR"},{"@type":"Person","@id":"https:\/\/portalmf.com.br\/#\/schema\/person\/9ec101baf56233e53520c26de5d6f6f0","name":"Reda\u00e7\u00e3o Portal MF","image":{"@type":"ImageObject","inLanguage":"pt-BR","@id":"https:\/\/portalmf.com.br\/#\/schema\/person\/image\/","url":"https:\/\/secure.gravatar.com\/avatar\/41b9aaeb2100835f7c64362330f74c7f?s=96&d=mm&r=g","contentUrl":"https:\/\/secure.gravatar.com\/avatar\/41b9aaeb2100835f7c64362330f74c7f?s=96&d=mm&r=g","caption":"Reda\u00e7\u00e3o Portal MF"},"description":"Sejam bem-vindos o portal de informa\u00e7\u00f5es de entretenimento de Feira de Santana, desde 2006 realiza coberturas dos principais eventos com entrevistas exclusivas com as principais personalidades mundiais. Fique conectado tamb\u00e9m nas redes sociais.","sameAs":["http:\/\/www.portalmf.com.br\/","https:\/\/www.facebook.com\/portalmfoficial","https:\/\/www.instagram.com\/portalmf\/","https:\/\/x.com\/https:\/\/x.com\/portalmfoficial","https:\/\/www.youtube.com\/@portalmfoficial"],"url":"https:\/\/portalmf.com.br\/index.php\/author\/junior\/"}]}},"_links":{"self":[{"href":"https:\/\/portalmf.com.br\/index.php\/wp-json\/wp\/v2\/posts\/34615"}],"collection":[{"href":"https:\/\/portalmf.com.br\/index.php\/wp-json\/wp\/v2\/posts"}],"about":[{"href":"https:\/\/portalmf.com.br\/index.php\/wp-json\/wp\/v2\/types\/post"}],"author":[{"embeddable":true,"href":"https:\/\/portalmf.com.br\/index.php\/wp-json\/wp\/v2\/users\/3"}],"replies":[{"embeddable":true,"href":"https:\/\/portalmf.com.br\/index.php\/wp-json\/wp\/v2\/comments?post=34615"}],"version-history":[{"count":1,"href":"https:\/\/portalmf.com.br\/index.php\/wp-json\/wp\/v2\/posts\/34615\/revisions"}],"predecessor-version":[{"id":34616,"href":"https:\/\/portalmf.com.br\/index.php\/wp-json\/wp\/v2\/posts\/34615\/revisions\/34616"}],"wp:featuredmedia":[{"embeddable":true,"href":"https:\/\/portalmf.com.br\/index.php\/wp-json\/wp\/v2\/media\/23121"}],"wp:attachment":[{"href":"https:\/\/portalmf.com.br\/index.php\/wp-json\/wp\/v2\/media?parent=34615"}],"wp:term":[{"taxonomy":"category","embeddable":true,"href":"https:\/\/portalmf.com.br\/index.php\/wp-json\/wp\/v2\/categories?post=34615"},{"taxonomy":"post_tag","embeddable":true,"href":"https:\/\/portalmf.com.br\/index.php\/wp-json\/wp\/v2\/tags?post=34615"}],"curies":[{"name":"wp","href":"https:\/\/api.w.org\/{rel}","templated":true}]}}