{"id":34611,"date":"2025-03-06T16:59:57","date_gmt":"2025-03-06T19:59:57","guid":{"rendered":"https:\/\/portalmf.com.br\/?p=34611"},"modified":"2025-03-06T17:00:05","modified_gmt":"2025-03-06T20:00:05","slug":"carnaval-da-bahia-2025-chega-ao-fim-com-mais-seguranca-turismo-recorde-e-inclusao","status":"publish","type":"post","link":"https:\/\/portalmf.com.br\/index.php\/2025\/03\/06\/carnaval-da-bahia-2025-chega-ao-fim-com-mais-seguranca-turismo-recorde-e-inclusao\/","title":{"rendered":"Carnaval da Bahia 2025 chega ao fim com mais seguran\u00e7a, turismo recorde e inclus\u00e3o"},"content":{"rendered":"\n<p>A Bahia se despede, nesta quarta-feira (5), do Carnaval 2025, encerrando uma das maiores festas populares do mundo com n\u00fameros expressivos e um saldo positivo das a\u00e7\u00f5es de seguran\u00e7a p\u00fablica. A folia registrou uma queda significativa nos \u00edndices de viol\u00eancia, com redu\u00e7\u00e3o de 32,2% nos furtos e 33,1% nos roubos, em rela\u00e7\u00e3o ao ano passado, al\u00e9m de n\u00e3o ter contabilizado homic\u00eddios nos circuitos. O sistema de reconhecimento facial ajudou na pris\u00e3o de 55 pessoas, enquanto os portais de abordagem apreenderam quase 5 mil objetos.<\/p>\n\n\n\n<p>Com refor\u00e7o na seguran\u00e7a, amplia\u00e7\u00e3o dos servi\u00e7os sociais e de sa\u00fade e recordes no turismo, a festa reuniu milh\u00f5es de baianos e visitantes em Salvador e no interior. O governador Jer\u00f4nimo Rodrigues ressaltou o saldo positivo do Carnaval da Bahia. \u201cExiste todo um planejamento [tanto no circuito], quanto ao redor do circuito, nos bairros onde a intelig\u00eancia determina que haja algum risco de mobiliza\u00e7\u00e3o criminosa, que possa afetar tanto as localidades, a cidade, quanto o circuito carnavalesco; al\u00e9m dos recursos tecnol\u00f3gicos\u201d, explicou o governador.<\/p>\n\n\n\n<figure class=\"wp-block-image\"><a href=\"https:\/\/www.comunicacao.ba.gov.br\/wp-content\/uploads\/2025\/03\/Reuniao-de-Balanco-do-Carnaval-da-Bahia-2025.-Foto-Matheus-LandimGOVBA-3.jpeg\"><img decoding=\"async\" src=\"https:\/\/www.comunicacao.ba.gov.br\/wp-content\/uploads\/2025\/03\/Reuniao-de-Balanco-do-Carnaval-da-Bahia-2025.-Foto-Matheus-LandimGOVBA-3-900x506.jpeg\" alt=\"\" class=\"wp-image-375643\"\/><\/a><figcaption class=\"wp-element-caption\">Foto: Matheus Landim\/GOVBA<\/figcaption><\/figure>\n\n\n\n<p>Para o secret\u00e1rio de Seguran\u00e7a P\u00fablica, Marcelo Werner, os n\u00fameros refletem o planejamento estrat\u00e9gico montado para a festa. \u201cA redu\u00e7\u00e3o dos furtos e roubos e a aus\u00eancia de homic\u00eddios nos circuitos s\u00e3o reflexo do trabalho integrado das pol\u00edcias Militar, Civil e T\u00e9cnica, do Corpo de Bombeiros e das nossas equipes de intelig\u00eancia. O uso do reconhecimento facial foi decisivo, permitindo a pris\u00e3o de foragidos da Justi\u00e7a. Seguimos investindo para tornar a festa ainda mais segura a cada ano\u201d, destacou Werner.<\/p>\n\n\n\n<p><strong>Seguran\u00e7a e preven\u00e7\u00e3o<\/strong><br>A Pol\u00edcia Militar da Bahia implementou diversas opera\u00e7\u00f5es de seguran\u00e7a durante o Carnaval da Bahia 2025, com 47 portais de abordagem, em Salvador e 52, em outros munic\u00edpios, resultando na reten\u00e7\u00e3o de 4.963 objetos proibidos nos circuitos, 120 ocorr\u00eancias envolvendo drogas e 10 pris\u00f5es. A Opera\u00e7\u00e3o Folia e Paz abordou 9.360 pessoas e 2.337 ve\u00edculos, com 5 pris\u00f5es em flagrante e 17 armas apreendidas. O Batalh\u00e3o de Policiamento Tur\u00edstico acompanhou 88.308 visitantes e o Batalh\u00e3o de Prote\u00e7\u00e3o \u00e0 Mulher realizou a\u00e7\u00f5es de acolhimento \u00e0s v\u00edtimas de viol\u00eancia. A Opera\u00e7\u00e3o Abad\u00e1 garantiu a seguran\u00e7a nas entregas de fantasias, sem furtos ou roubos. A Ouvidoria da PM recolheu 277 lotes de documentos perdidos e obteve 85% de aprova\u00e7\u00e3o.<\/p>\n\n\n\n<figure class=\"wp-block-image\"><a href=\"https:\/\/www.comunicacao.ba.gov.br\/wp-content\/uploads\/2025\/03\/WhatsApp-Image-2025-03-02-at-10.43.29.jpeg\"><img decoding=\"async\" src=\"https:\/\/www.comunicacao.ba.gov.br\/wp-content\/uploads\/2025\/03\/WhatsApp-Image-2025-03-02-at-10.43.29-900x600.jpeg\" alt=\"\" class=\"wp-image-375086\"\/><\/a><figcaption class=\"wp-element-caption\">Foto: Jefferson Machado\/GOVBA<\/figcaption><\/figure>\n\n\n\n<p>O Corpo de Bombeiros realizou mais de 800 atendimentos, incluindo resgates e a\u00e7\u00f5es preventivas. A Superintend\u00eancia de Preven\u00e7\u00e3o \u00e0 Viol\u00eancia distribuiu 35 mil pulseiras de identifica\u00e7\u00e3o e o programa Corra pro Abra\u00e7o realizou 6.943 abordagens, distribuindo \u00e1gua, preservativos e kits de higiene pessoal. Al\u00e9m disso, o Comando Especializado de Policiamento Rodovi\u00e1rio abordou 16.356 pessoas e 13.308 ve\u00edculos nas rodovias estaduais, com 44 acidentes atendidos, 10 v\u00edtimas fatais e a continuidade da seguran\u00e7a com um investimento de R$ 61,5 milh\u00f5es.<\/p>\n\n\n\n<p><strong>Sa\u00fade e bem-estar<\/strong><br>A Secretaria de Sa\u00fade do Estado (Sesab) registrou 96 atendimentos nas unidades estaduais, a maioria por agress\u00f5es f\u00edsicas e quedas, e realizou 14.607 testes r\u00e1pidos para infec\u00e7\u00f5es sexualmente transmiss\u00edveis, com 364 diagn\u00f3sticos positivos. Tamb\u00e9m foram distribu\u00eddos mais de 911 mil preservativos e, para garantir seguran\u00e7a alimentar, 10.321 quentinhas e 32.780 kits de lanches foram entregues aos foli\u00f5es em situa\u00e7\u00e3o de vulnerabilidade. O programa AceleraSUAS\/Proteja Bahia abordou 23.804 pessoas e distribuiu mais de 45 mil informativos.<\/p>\n\n\n\n<figure class=\"wp-block-image\"><a href=\"https:\/\/www.comunicacao.ba.gov.br\/wp-content\/uploads\/2024\/06\/Amargosa-1.jpeg\"><img decoding=\"async\" src=\"https:\/\/www.comunicacao.ba.gov.br\/wp-content\/uploads\/2024\/06\/Amargosa-1-900x675.jpeg\" alt=\"Com mais de 560 testes realizados, posto de testagem de Amargosa refor\u00e7a preven\u00e7\u00e3o\" class=\"wp-image-339375\"\/><\/a><figcaption class=\"wp-element-caption\">Foto: B\u00e1rbara Silveira\/Sesab<\/figcaption><\/figure>\n\n\n\n<p>\u201cTanto na capital, quanto no interior, tivemos tamb\u00e9m uma redu\u00e7\u00e3o de 14% das ocorr\u00eancias de sa\u00fade nos circuitos, fruto da a\u00e7\u00e3o efetiva dos portais de acesso da SSP, que retiraram do circuito mais de 5 mil objetos perfurocortantes\u201d, enfatizou a secret\u00e1ria de Sa\u00fade, Roberta Santana.<\/p>\n\n\n\n<p><strong>Direitos e inclus\u00e3o<\/strong><br>A Secretaria de Pol\u00edticas para as Mulheres (SPM) atendeu mais de 2,2 mil trabalhadoras da festa nas tendas Oxe, Me Respeite! e Cuidar de Quem Cuida, al\u00e9m de distribuir 140 mil funis urin\u00e1rios para as mulheres. A Secretaria da Justi\u00e7a e Direitos Humanos (SJDH) registrou 961 ocorr\u00eancias de vulnerabilidade, com uma redu\u00e7\u00e3o de 55,8% em rela\u00e7\u00e3o ao ano anterior, e uma queda de 90,3% nos casos de trabalho infantil. A Sepromi registrou dois casos de racismo ou intoler\u00e2ncia religiosa e realizou a\u00e7\u00f5es de conscientiza\u00e7\u00e3o nos circuitos.<\/p>\n\n\n\n<figure class=\"wp-block-image\"><a href=\"https:\/\/www.comunicacao.ba.gov.br\/wp-content\/uploads\/2025\/02\/Fotos-Filipe-SoaresGOVBA-1.jpeg\"><img decoding=\"async\" src=\"https:\/\/www.comunicacao.ba.gov.br\/wp-content\/uploads\/2025\/02\/Fotos-Filipe-SoaresGOVBA-1-900x600.jpeg\" alt=\"\" class=\"wp-image-374601\"\/><\/a><figcaption class=\"wp-element-caption\">Foto: Filipe Soares\/GOVBA<\/figcaption><\/figure>\n\n\n\n<p><strong>Transporte e mobilidade<\/strong><br>O transporte p\u00fablico foi refor\u00e7ado durante o carnaval, com o metr\u00f4 transportando mais de 1,3 milh\u00e3o de passageiros e realizando 680 viagens extras. O ferry-boat fez 264 viagens regulares e 112 extras, transportando 150 mil pessoas e 25 mil ve\u00edculos, um aumento de 21% no fluxo de carros. O metr\u00f4 registrou apenas nove ocorr\u00eancias de seguran\u00e7a, todas por desentendimentos entre clientes.<\/p>\n\n\n\n<p><strong>Turismo e economia<\/strong><br>O Carnaval 2025 atraiu 3,5 milh\u00f5es de turistas para a Bahia, gerando R$ 7 bilh\u00f5es para a economia do estado. A ocupa\u00e7\u00e3o hoteleira foi de 94% em Salvador e 91% no interior, e o n\u00famero de v\u00f4os aumentou 16%. O Servi\u00e7o de Atendimento ao Turista teve 97% de avalia\u00e7\u00e3o positiva.<\/p>\n\n\n\n<figure class=\"wp-block-image\"><a href=\"https:\/\/www.comunicacao.ba.gov.br\/wp-content\/uploads\/2024\/10\/Foto-Feijao-AlmeidaGOVBA-13.jpeg\"><img decoding=\"async\" src=\"https:\/\/www.comunicacao.ba.gov.br\/wp-content\/uploads\/2024\/10\/Foto-Feijao-AlmeidaGOVBA-13-900x600.jpeg\" alt=\"Bahia consolida lideran\u00e7a no turismo nacional com resultados recordes em 2024\" class=\"wp-image-355564\"\/><\/a><figcaption class=\"wp-element-caption\">Foto: Feij\u00e3o Almeida\/GOVBA<\/figcaption><\/figure>\n\n\n\n<p><strong>Sustentabilidade e hidrata\u00e7\u00e3o<\/strong><br>Durante o carnaval, 169,5 toneladas de materiais recicl\u00e1veis foram retiradas dos circuitos e 37 mil litros de \u00e1gua foram distribu\u00eddos nos pontos de hidrata\u00e7\u00e3o para os foli\u00f5es.<\/p>\n","protected":false},"excerpt":{"rendered":"<p>A Bahia se despede, nesta quarta-feira (5), do Carnaval 2025, encerrando uma das maiores festas populares do mundo com n\u00fameros expressivos e um saldo positivo das a\u00e7\u00f5es de seguran\u00e7a p\u00fablica. A folia registrou uma queda significativa nos \u00edndices de viol\u00eancia, com redu\u00e7\u00e3o de 32,2% nos furtos e 33,1% nos roubos, em rela\u00e7\u00e3o ao ano passado, [&hellip;]<\/p>\n","protected":false},"author":3,"featured_media":34612,"comment_status":"open","ping_status":"open","sticky":false,"template":"","format":"standard","meta":{"_monsterinsights_skip_tracking":false,"_monsterinsights_sitenote_active":false,"_monsterinsights_sitenote_note":"","_monsterinsights_sitenote_category":0,"footnotes":""},"categories":[44,34],"tags":[],"yoast_head":"<!-- This site is optimized with the Yoast SEO plugin v22.9 - https:\/\/yoast.com\/wordpress\/plugins\/seo\/ -->\n<title>Carnaval da Bahia 2025 chega ao fim com mais seguran\u00e7a, turismo recorde e inclus\u00e3o - Portal MF<\/title>\n<meta name=\"robots\" content=\"index, follow, max-snippet:-1, max-image-preview:large, max-video-preview:-1\" \/>\n<link rel=\"canonical\" href=\"https:\/\/portalmf.com.br\/index.php\/2025\/03\/06\/carnaval-da-bahia-2025-chega-ao-fim-com-mais-seguranca-turismo-recorde-e-inclusao\/\" \/>\n<meta property=\"og:locale\" content=\"pt_BR\" \/>\n<meta property=\"og:type\" content=\"article\" \/>\n<meta property=\"og:title\" content=\"Carnaval da Bahia 2025 chega ao fim com mais seguran\u00e7a, turismo recorde e inclus\u00e3o - Portal MF\" \/>\n<meta property=\"og:description\" content=\"A Bahia se despede, nesta quarta-feira (5), do Carnaval 2025, encerrando uma das maiores festas populares do mundo com n\u00fameros expressivos e um saldo positivo das a\u00e7\u00f5es de seguran\u00e7a p\u00fablica. A folia registrou uma queda significativa nos \u00edndices de viol\u00eancia, com redu\u00e7\u00e3o de 32,2% nos furtos e 33,1% nos roubos, em rela\u00e7\u00e3o ao ano passado, [&hellip;]\" \/>\n<meta property=\"og:url\" content=\"https:\/\/portalmf.com.br\/index.php\/2025\/03\/06\/carnaval-da-bahia-2025-chega-ao-fim-com-mais-seguranca-turismo-recorde-e-inclusao\/\" \/>\n<meta property=\"og:site_name\" content=\"Portal MF\" \/>\n<meta property=\"article:author\" content=\"https:\/\/www.facebook.com\/portalmfoficial\" \/>\n<meta property=\"article:published_time\" content=\"2025-03-06T19:59:57+00:00\" \/>\n<meta property=\"article:modified_time\" content=\"2025-03-06T20:00:05+00:00\" \/>\n<meta property=\"og:image\" content=\"https:\/\/portalmf.com.br\/wp-content\/uploads\/2025\/03\/govenador_carnaval.jpg\" \/>\n\t<meta property=\"og:image:width\" content=\"696\" \/>\n\t<meta property=\"og:image:height\" content=\"391\" \/>\n\t<meta property=\"og:image:type\" content=\"image\/jpeg\" \/>\n<meta name=\"author\" content=\"Reda\u00e7\u00e3o Portal MF\" \/>\n<meta name=\"twitter:card\" content=\"summary_large_image\" \/>\n<meta name=\"twitter:creator\" content=\"@https:\/\/x.com\/portalmfoficial\" \/>\n<meta name=\"twitter:label1\" content=\"Escrito por\" \/>\n\t<meta name=\"twitter:data1\" content=\"Reda\u00e7\u00e3o Portal MF\" \/>\n\t<meta name=\"twitter:label2\" content=\"Est. tempo de leitura\" \/>\n\t<meta name=\"twitter:data2\" content=\"6 minutos\" \/>\n<script type=\"application\/ld+json\" class=\"yoast-schema-graph\">{\"@context\":\"https:\/\/schema.org\",\"@graph\":[{\"@type\":\"WebPage\",\"@id\":\"https:\/\/portalmf.com.br\/index.php\/2025\/03\/06\/carnaval-da-bahia-2025-chega-ao-fim-com-mais-seguranca-turismo-recorde-e-inclusao\/\",\"url\":\"https:\/\/portalmf.com.br\/index.php\/2025\/03\/06\/carnaval-da-bahia-2025-chega-ao-fim-com-mais-seguranca-turismo-recorde-e-inclusao\/\",\"name\":\"Carnaval da Bahia 2025 chega ao fim com mais seguran\u00e7a, turismo recorde e inclus\u00e3o - Portal MF\",\"isPartOf\":{\"@id\":\"https:\/\/portalmf.com.br\/#website\"},\"primaryImageOfPage\":{\"@id\":\"https:\/\/portalmf.com.br\/index.php\/2025\/03\/06\/carnaval-da-bahia-2025-chega-ao-fim-com-mais-seguranca-turismo-recorde-e-inclusao\/#primaryimage\"},\"image\":{\"@id\":\"https:\/\/portalmf.com.br\/index.php\/2025\/03\/06\/carnaval-da-bahia-2025-chega-ao-fim-com-mais-seguranca-turismo-recorde-e-inclusao\/#primaryimage\"},\"thumbnailUrl\":\"https:\/\/portalmf.com.br\/wp-content\/uploads\/2025\/03\/govenador_carnaval.jpg\",\"datePublished\":\"2025-03-06T19:59:57+00:00\",\"dateModified\":\"2025-03-06T20:00:05+00:00\",\"author\":{\"@id\":\"https:\/\/portalmf.com.br\/#\/schema\/person\/9ec101baf56233e53520c26de5d6f6f0\"},\"breadcrumb\":{\"@id\":\"https:\/\/portalmf.com.br\/index.php\/2025\/03\/06\/carnaval-da-bahia-2025-chega-ao-fim-com-mais-seguranca-turismo-recorde-e-inclusao\/#breadcrumb\"},\"inLanguage\":\"pt-BR\",\"potentialAction\":[{\"@type\":\"ReadAction\",\"target\":[\"https:\/\/portalmf.com.br\/index.php\/2025\/03\/06\/carnaval-da-bahia-2025-chega-ao-fim-com-mais-seguranca-turismo-recorde-e-inclusao\/\"]}]},{\"@type\":\"ImageObject\",\"inLanguage\":\"pt-BR\",\"@id\":\"https:\/\/portalmf.com.br\/index.php\/2025\/03\/06\/carnaval-da-bahia-2025-chega-ao-fim-com-mais-seguranca-turismo-recorde-e-inclusao\/#primaryimage\",\"url\":\"https:\/\/portalmf.com.br\/wp-content\/uploads\/2025\/03\/govenador_carnaval.jpg\",\"contentUrl\":\"https:\/\/portalmf.com.br\/wp-content\/uploads\/2025\/03\/govenador_carnaval.jpg\",\"width\":696,\"height\":391,\"caption\":\"Foto: Matheus Landim\/GOVBA\"},{\"@type\":\"BreadcrumbList\",\"@id\":\"https:\/\/portalmf.com.br\/index.php\/2025\/03\/06\/carnaval-da-bahia-2025-chega-ao-fim-com-mais-seguranca-turismo-recorde-e-inclusao\/#breadcrumb\",\"itemListElement\":[{\"@type\":\"ListItem\",\"position\":1,\"name\":\"In\u00edcio\",\"item\":\"https:\/\/portalmf.com.br\/\"},{\"@type\":\"ListItem\",\"position\":2,\"name\":\"Carnaval da Bahia 2025 chega ao fim com mais seguran\u00e7a, turismo recorde e inclus\u00e3o\"}]},{\"@type\":\"WebSite\",\"@id\":\"https:\/\/portalmf.com.br\/#website\",\"url\":\"https:\/\/portalmf.com.br\/\",\"name\":\"Portal MF\",\"description\":\"Voc\u00ea conectado com a informa\u00e7\u00e3o\",\"potentialAction\":[{\"@type\":\"SearchAction\",\"target\":{\"@type\":\"EntryPoint\",\"urlTemplate\":\"https:\/\/portalmf.com.br\/?s={search_term_string}\"},\"query-input\":\"required name=search_term_string\"}],\"inLanguage\":\"pt-BR\"},{\"@type\":\"Person\",\"@id\":\"https:\/\/portalmf.com.br\/#\/schema\/person\/9ec101baf56233e53520c26de5d6f6f0\",\"name\":\"Reda\u00e7\u00e3o Portal MF\",\"image\":{\"@type\":\"ImageObject\",\"inLanguage\":\"pt-BR\",\"@id\":\"https:\/\/portalmf.com.br\/#\/schema\/person\/image\/\",\"url\":\"https:\/\/secure.gravatar.com\/avatar\/41b9aaeb2100835f7c64362330f74c7f?s=96&d=mm&r=g\",\"contentUrl\":\"https:\/\/secure.gravatar.com\/avatar\/41b9aaeb2100835f7c64362330f74c7f?s=96&d=mm&r=g\",\"caption\":\"Reda\u00e7\u00e3o Portal MF\"},\"description\":\"Sejam bem-vindos o portal de informa\u00e7\u00f5es de entretenimento de Feira de Santana, desde 2006 realiza coberturas dos principais eventos com entrevistas exclusivas com as principais personalidades mundiais. Fique conectado tamb\u00e9m nas redes sociais.\",\"sameAs\":[\"http:\/\/www.portalmf.com.br\/\",\"https:\/\/www.facebook.com\/portalmfoficial\",\"https:\/\/www.instagram.com\/portalmf\/\",\"https:\/\/x.com\/https:\/\/x.com\/portalmfoficial\",\"https:\/\/www.youtube.com\/@portalmfoficial\"],\"url\":\"https:\/\/portalmf.com.br\/index.php\/author\/junior\/\"}]}<\/script>\n<!-- \/ Yoast SEO plugin. -->","yoast_head_json":{"title":"Carnaval da Bahia 2025 chega ao fim com mais seguran\u00e7a, turismo recorde e inclus\u00e3o - Portal MF","robots":{"index":"index","follow":"follow","max-snippet":"max-snippet:-1","max-image-preview":"max-image-preview:large","max-video-preview":"max-video-preview:-1"},"canonical":"https:\/\/portalmf.com.br\/index.php\/2025\/03\/06\/carnaval-da-bahia-2025-chega-ao-fim-com-mais-seguranca-turismo-recorde-e-inclusao\/","og_locale":"pt_BR","og_type":"article","og_title":"Carnaval da Bahia 2025 chega ao fim com mais seguran\u00e7a, turismo recorde e inclus\u00e3o - Portal MF","og_description":"A Bahia se despede, nesta quarta-feira (5), do Carnaval 2025, encerrando uma das maiores festas populares do mundo com n\u00fameros expressivos e um saldo positivo das a\u00e7\u00f5es de seguran\u00e7a p\u00fablica. A folia registrou uma queda significativa nos \u00edndices de viol\u00eancia, com redu\u00e7\u00e3o de 32,2% nos furtos e 33,1% nos roubos, em rela\u00e7\u00e3o ao ano passado, [&hellip;]","og_url":"https:\/\/portalmf.com.br\/index.php\/2025\/03\/06\/carnaval-da-bahia-2025-chega-ao-fim-com-mais-seguranca-turismo-recorde-e-inclusao\/","og_site_name":"Portal MF","article_author":"https:\/\/www.facebook.com\/portalmfoficial","article_published_time":"2025-03-06T19:59:57+00:00","article_modified_time":"2025-03-06T20:00:05+00:00","og_image":[{"width":696,"height":391,"url":"https:\/\/portalmf.com.br\/wp-content\/uploads\/2025\/03\/govenador_carnaval.jpg","type":"image\/jpeg"}],"author":"Reda\u00e7\u00e3o Portal MF","twitter_card":"summary_large_image","twitter_creator":"@https:\/\/x.com\/portalmfoficial","twitter_misc":{"Escrito por":"Reda\u00e7\u00e3o Portal MF","Est. tempo de leitura":"6 minutos"},"schema":{"@context":"https:\/\/schema.org","@graph":[{"@type":"WebPage","@id":"https:\/\/portalmf.com.br\/index.php\/2025\/03\/06\/carnaval-da-bahia-2025-chega-ao-fim-com-mais-seguranca-turismo-recorde-e-inclusao\/","url":"https:\/\/portalmf.com.br\/index.php\/2025\/03\/06\/carnaval-da-bahia-2025-chega-ao-fim-com-mais-seguranca-turismo-recorde-e-inclusao\/","name":"Carnaval da Bahia 2025 chega ao fim com mais seguran\u00e7a, turismo recorde e inclus\u00e3o - Portal MF","isPartOf":{"@id":"https:\/\/portalmf.com.br\/#website"},"primaryImageOfPage":{"@id":"https:\/\/portalmf.com.br\/index.php\/2025\/03\/06\/carnaval-da-bahia-2025-chega-ao-fim-com-mais-seguranca-turismo-recorde-e-inclusao\/#primaryimage"},"image":{"@id":"https:\/\/portalmf.com.br\/index.php\/2025\/03\/06\/carnaval-da-bahia-2025-chega-ao-fim-com-mais-seguranca-turismo-recorde-e-inclusao\/#primaryimage"},"thumbnailUrl":"https:\/\/portalmf.com.br\/wp-content\/uploads\/2025\/03\/govenador_carnaval.jpg","datePublished":"2025-03-06T19:59:57+00:00","dateModified":"2025-03-06T20:00:05+00:00","author":{"@id":"https:\/\/portalmf.com.br\/#\/schema\/person\/9ec101baf56233e53520c26de5d6f6f0"},"breadcrumb":{"@id":"https:\/\/portalmf.com.br\/index.php\/2025\/03\/06\/carnaval-da-bahia-2025-chega-ao-fim-com-mais-seguranca-turismo-recorde-e-inclusao\/#breadcrumb"},"inLanguage":"pt-BR","potentialAction":[{"@type":"ReadAction","target":["https:\/\/portalmf.com.br\/index.php\/2025\/03\/06\/carnaval-da-bahia-2025-chega-ao-fim-com-mais-seguranca-turismo-recorde-e-inclusao\/"]}]},{"@type":"ImageObject","inLanguage":"pt-BR","@id":"https:\/\/portalmf.com.br\/index.php\/2025\/03\/06\/carnaval-da-bahia-2025-chega-ao-fim-com-mais-seguranca-turismo-recorde-e-inclusao\/#primaryimage","url":"https:\/\/portalmf.com.br\/wp-content\/uploads\/2025\/03\/govenador_carnaval.jpg","contentUrl":"https:\/\/portalmf.com.br\/wp-content\/uploads\/2025\/03\/govenador_carnaval.jpg","width":696,"height":391,"caption":"Foto: Matheus Landim\/GOVBA"},{"@type":"BreadcrumbList","@id":"https:\/\/portalmf.com.br\/index.php\/2025\/03\/06\/carnaval-da-bahia-2025-chega-ao-fim-com-mais-seguranca-turismo-recorde-e-inclusao\/#breadcrumb","itemListElement":[{"@type":"ListItem","position":1,"name":"In\u00edcio","item":"https:\/\/portalmf.com.br\/"},{"@type":"ListItem","position":2,"name":"Carnaval da Bahia 2025 chega ao fim com mais seguran\u00e7a, turismo recorde e inclus\u00e3o"}]},{"@type":"WebSite","@id":"https:\/\/portalmf.com.br\/#website","url":"https:\/\/portalmf.com.br\/","name":"Portal MF","description":"Voc\u00ea conectado com a informa\u00e7\u00e3o","potentialAction":[{"@type":"SearchAction","target":{"@type":"EntryPoint","urlTemplate":"https:\/\/portalmf.com.br\/?s={search_term_string}"},"query-input":"required name=search_term_string"}],"inLanguage":"pt-BR"},{"@type":"Person","@id":"https:\/\/portalmf.com.br\/#\/schema\/person\/9ec101baf56233e53520c26de5d6f6f0","name":"Reda\u00e7\u00e3o Portal MF","image":{"@type":"ImageObject","inLanguage":"pt-BR","@id":"https:\/\/portalmf.com.br\/#\/schema\/person\/image\/","url":"https:\/\/secure.gravatar.com\/avatar\/41b9aaeb2100835f7c64362330f74c7f?s=96&d=mm&r=g","contentUrl":"https:\/\/secure.gravatar.com\/avatar\/41b9aaeb2100835f7c64362330f74c7f?s=96&d=mm&r=g","caption":"Reda\u00e7\u00e3o Portal MF"},"description":"Sejam bem-vindos o portal de informa\u00e7\u00f5es de entretenimento de Feira de Santana, desde 2006 realiza coberturas dos principais eventos com entrevistas exclusivas com as principais personalidades mundiais. Fique conectado tamb\u00e9m nas redes sociais.","sameAs":["http:\/\/www.portalmf.com.br\/","https:\/\/www.facebook.com\/portalmfoficial","https:\/\/www.instagram.com\/portalmf\/","https:\/\/x.com\/https:\/\/x.com\/portalmfoficial","https:\/\/www.youtube.com\/@portalmfoficial"],"url":"https:\/\/portalmf.com.br\/index.php\/author\/junior\/"}]}},"_links":{"self":[{"href":"https:\/\/portalmf.com.br\/index.php\/wp-json\/wp\/v2\/posts\/34611"}],"collection":[{"href":"https:\/\/portalmf.com.br\/index.php\/wp-json\/wp\/v2\/posts"}],"about":[{"href":"https:\/\/portalmf.com.br\/index.php\/wp-json\/wp\/v2\/types\/post"}],"author":[{"embeddable":true,"href":"https:\/\/portalmf.com.br\/index.php\/wp-json\/wp\/v2\/users\/3"}],"replies":[{"embeddable":true,"href":"https:\/\/portalmf.com.br\/index.php\/wp-json\/wp\/v2\/comments?post=34611"}],"version-history":[{"count":1,"href":"https:\/\/portalmf.com.br\/index.php\/wp-json\/wp\/v2\/posts\/34611\/revisions"}],"predecessor-version":[{"id":34613,"href":"https:\/\/portalmf.com.br\/index.php\/wp-json\/wp\/v2\/posts\/34611\/revisions\/34613"}],"wp:featuredmedia":[{"embeddable":true,"href":"https:\/\/portalmf.com.br\/index.php\/wp-json\/wp\/v2\/media\/34612"}],"wp:attachment":[{"href":"https:\/\/portalmf.com.br\/index.php\/wp-json\/wp\/v2\/media?parent=34611"}],"wp:term":[{"taxonomy":"category","embeddable":true,"href":"https:\/\/portalmf.com.br\/index.php\/wp-json\/wp\/v2\/categories?post=34611"},{"taxonomy":"post_tag","embeddable":true,"href":"https:\/\/portalmf.com.br\/index.php\/wp-json\/wp\/v2\/tags?post=34611"}],"curies":[{"name":"wp","href":"https:\/\/api.w.org\/{rel}","templated":true}]}}