{"id":34595,"date":"2025-03-05T11:50:39","date_gmt":"2025-03-05T14:50:39","guid":{"rendered":"https:\/\/portalmf.com.br\/?p=34595"},"modified":"2025-03-05T11:56:49","modified_gmt":"2025-03-05T14:56:49","slug":"thiago-aquino-fala-sobre-sua-trajetoria-no-carnaval-e-confirma-presenca-na-micareta-de-feira-de-santana","status":"publish","type":"post","link":"https:\/\/portalmf.com.br\/index.php\/2025\/03\/05\/thiago-aquino-fala-sobre-sua-trajetoria-no-carnaval-e-confirma-presenca-na-micareta-de-feira-de-santana\/","title":{"rendered":"Thiago Aquino fala sobre sua trajet\u00f3ria no Carnaval e confirma presen\u00e7a na Micareta de Feira de Santana"},"content":{"rendered":"\n<p>Em entrevista exclusiva ao rep\u00f3rter Reginaldo J\u00fanior, o cantor Thiago Aquino, abriu o cora\u00e7\u00e3o e falou sobre sua participa\u00e7\u00e3o na edi\u00e7\u00e3o especial dos 40 anos do Ax\u00e9, al\u00e9m de compartilhar seus novos projetos e o carinho pela Micareta de Feira de Santana.<\/p>\n\n\n\n<p>&#8220;Uma responsabilidade muito grande&#8221;<\/p>\n\n\n\n<p>Para Thiago, a responsabilidade de estar presente em uma edi\u00e7\u00e3o especial como a do Ax\u00e9 \u00e9 imensa. Ele reconhece o peso de representar um g\u00eanero t\u00e3o marcante e a paix\u00e3o dos f\u00e3s que o acompanham: \u201cEssa edi\u00e7\u00e3o est\u00e1 puxando muito romantismo e arrocha para a avenida, mas a responsabilidade \u00e9 enorme. D\u00e1 para perceber que a galera que vai atr\u00e1s do trio \u00e9 uma galera apaixonada pelo movimento e pelo Thiago Aquino. Fico feliz demais em representar essa galera toda.&#8221;<\/p>\n\n\n\n<p>O cantor, que se apresentou em v\u00e1rios dias no Carnaval, fechando as apresenta\u00e7\u00f5es no circuito Barra-Ondina na ter\u00e7a-feira(4) de Carnaval, se emociona ao falar do carinho dos f\u00e3s. &#8220;Sempre tem muito evento, mas \u00e9 na rua, com o povo, que a energia \u00e9 outra. E \u00e9 sempre maravilhoso acompanhar&#8221;<\/p>\n\n\n\n<h2 class=\"wp-block-heading\">Micareta de Feira de Santana<\/h2>\n\n\n\n<p>Thiago tamb\u00e9m revelou que j\u00e1 est\u00e1 confirmado para sair este ano na Micareta de Feira de Santana, evento que ocupa um lugar especial em seu cora\u00e7\u00e3o. &#8220;Tenho um carinho muito grande por Feira de Santana e uma hist\u00f3ria com a Micareta. \u00c9 um evento que significa a realiza\u00e7\u00e3o de um sonho, como \u00e9 para tantos artistas feirenses&#8221;, afirmou. <\/p>\n\n\n\n<p>O cantor tamb\u00e9m falou sobre a expectativa de manter a tradi\u00e7\u00e3o do arrast\u00e3o na segunda-feira da Micareta, evento que j\u00e1 virou uma marca de suas apresenta\u00e7\u00f5es.<\/p>\n\n\n\n<h2 class=\"wp-block-heading\">Novos projetos e o &#8220;Serest\u00e3o do Aquino&#8221;<\/h2>\n\n\n\n<p>Em menos de um m\u00eas, Thiago lan\u00e7ou dois projetos novos que t\u00eam feito sucesso: o DVD gravado em S\u00e3o Paulo e o \u201cSerest\u00e3o do Aquino\u201d. Sobre este \u00faltimo, ele explica com entusiasmo: &#8220;O &#8216;Serest\u00e3o do Aquino&#8217; \u00e9 um projeto muito especial, onde a galera abra\u00e7ou com muito carinho. Trouxemos para a avenida uma novidade, relembrando os tempos quando eu fazia barzinho, cantando e tocando ao vivo com voz e viol\u00e3o ou voz e teclado. Foi isso que eu trouxe de volta: eu mesmo cantando e tocando teclado, fazendo um Serest\u00e3o para a galera.&#8221;<\/p>\n\n\n\n<p>O projeto foi gravado em lugares especiais para o cantor feirense, como as margens do Rio Jacu\u00edpe em Feira de Santana e a praia de Cabu\u00e7u, considerada a &#8220;praia feirense&#8221;. &#8220;Fico feliz e agradecido em fazer parte dessa edi\u00e7\u00e3o especial dos 40 anos de Ax\u00e9. Foi um convite maravilhoso da galera do governo do estado para estar no maior Carnaval do mundo.&#8221;<\/p>\n\n\n\n<p><\/p>\n","protected":false},"excerpt":{"rendered":"<p>Em entrevista exclusiva ao rep\u00f3rter Reginaldo J\u00fanior, o cantor Thiago Aquino, abriu o cora\u00e7\u00e3o e falou sobre sua participa\u00e7\u00e3o na edi\u00e7\u00e3o especial dos 40 anos do Ax\u00e9, al\u00e9m de compartilhar seus novos projetos e o carinho pela Micareta de Feira de Santana. &#8220;Uma responsabilidade muito grande&#8221; Para Thiago, a responsabilidade de estar presente em uma [&hellip;]<\/p>\n","protected":false},"author":5,"featured_media":34596,"comment_status":"open","ping_status":"open","sticky":false,"template":"","format":"standard","meta":{"_monsterinsights_skip_tracking":false,"_monsterinsights_sitenote_active":false,"_monsterinsights_sitenote_note":"","_monsterinsights_sitenote_category":0,"footnotes":""},"categories":[44,48],"tags":[],"yoast_head":"<!-- This site is optimized with the Yoast SEO plugin v22.9 - https:\/\/yoast.com\/wordpress\/plugins\/seo\/ -->\n<title>Thiago Aquino fala sobre sua trajet\u00f3ria no Carnaval e confirma presen\u00e7a na Micareta de Feira de Santana - Portal MF<\/title>\n<meta name=\"robots\" content=\"index, follow, max-snippet:-1, max-image-preview:large, max-video-preview:-1\" \/>\n<link rel=\"canonical\" href=\"https:\/\/portalmf.com.br\/index.php\/2025\/03\/05\/thiago-aquino-fala-sobre-sua-trajetoria-no-carnaval-e-confirma-presenca-na-micareta-de-feira-de-santana\/\" \/>\n<meta property=\"og:locale\" content=\"pt_BR\" \/>\n<meta property=\"og:type\" content=\"article\" \/>\n<meta property=\"og:title\" content=\"Thiago Aquino fala sobre sua trajet\u00f3ria no Carnaval e confirma presen\u00e7a na Micareta de Feira de Santana - Portal MF\" \/>\n<meta property=\"og:description\" content=\"Em entrevista exclusiva ao rep\u00f3rter Reginaldo J\u00fanior, o cantor Thiago Aquino, abriu o cora\u00e7\u00e3o e falou sobre sua participa\u00e7\u00e3o na edi\u00e7\u00e3o especial dos 40 anos do Ax\u00e9, al\u00e9m de compartilhar seus novos projetos e o carinho pela Micareta de Feira de Santana. &#8220;Uma responsabilidade muito grande&#8221; Para Thiago, a responsabilidade de estar presente em uma [&hellip;]\" \/>\n<meta property=\"og:url\" content=\"https:\/\/portalmf.com.br\/index.php\/2025\/03\/05\/thiago-aquino-fala-sobre-sua-trajetoria-no-carnaval-e-confirma-presenca-na-micareta-de-feira-de-santana\/\" \/>\n<meta property=\"og:site_name\" content=\"Portal MF\" \/>\n<meta property=\"article:published_time\" content=\"2025-03-05T14:50:39+00:00\" \/>\n<meta property=\"article:modified_time\" content=\"2025-03-05T14:56:49+00:00\" \/>\n<meta property=\"og:image\" content=\"https:\/\/portalmf.com.br\/wp-content\/uploads\/2025\/03\/IMG_4304-scaled.jpeg\" \/>\n\t<meta property=\"og:image:width\" content=\"2560\" \/>\n\t<meta property=\"og:image:height\" content=\"1920\" \/>\n\t<meta property=\"og:image:type\" content=\"image\/jpeg\" \/>\n<meta name=\"author\" content=\"Lila Oliveira\" \/>\n<meta name=\"twitter:card\" content=\"summary_large_image\" \/>\n<meta name=\"twitter:label1\" content=\"Escrito por\" \/>\n\t<meta name=\"twitter:data1\" content=\"Lila Oliveira\" \/>\n\t<meta name=\"twitter:label2\" content=\"Est. tempo de leitura\" \/>\n\t<meta name=\"twitter:data2\" content=\"3 minutos\" \/>\n<script type=\"application\/ld+json\" class=\"yoast-schema-graph\">{\"@context\":\"https:\/\/schema.org\",\"@graph\":[{\"@type\":\"WebPage\",\"@id\":\"https:\/\/portalmf.com.br\/index.php\/2025\/03\/05\/thiago-aquino-fala-sobre-sua-trajetoria-no-carnaval-e-confirma-presenca-na-micareta-de-feira-de-santana\/\",\"url\":\"https:\/\/portalmf.com.br\/index.php\/2025\/03\/05\/thiago-aquino-fala-sobre-sua-trajetoria-no-carnaval-e-confirma-presenca-na-micareta-de-feira-de-santana\/\",\"name\":\"Thiago Aquino fala sobre sua trajet\u00f3ria no Carnaval e confirma presen\u00e7a na Micareta de Feira de Santana - Portal MF\",\"isPartOf\":{\"@id\":\"https:\/\/portalmf.com.br\/#website\"},\"primaryImageOfPage\":{\"@id\":\"https:\/\/portalmf.com.br\/index.php\/2025\/03\/05\/thiago-aquino-fala-sobre-sua-trajetoria-no-carnaval-e-confirma-presenca-na-micareta-de-feira-de-santana\/#primaryimage\"},\"image\":{\"@id\":\"https:\/\/portalmf.com.br\/index.php\/2025\/03\/05\/thiago-aquino-fala-sobre-sua-trajetoria-no-carnaval-e-confirma-presenca-na-micareta-de-feira-de-santana\/#primaryimage\"},\"thumbnailUrl\":\"https:\/\/portalmf.com.br\/wp-content\/uploads\/2025\/03\/IMG_4304-scaled.jpeg\",\"datePublished\":\"2025-03-05T14:50:39+00:00\",\"dateModified\":\"2025-03-05T14:56:49+00:00\",\"author\":{\"@id\":\"https:\/\/portalmf.com.br\/#\/schema\/person\/19071c375ee7579b7300dd91d656ff97\"},\"breadcrumb\":{\"@id\":\"https:\/\/portalmf.com.br\/index.php\/2025\/03\/05\/thiago-aquino-fala-sobre-sua-trajetoria-no-carnaval-e-confirma-presenca-na-micareta-de-feira-de-santana\/#breadcrumb\"},\"inLanguage\":\"pt-BR\",\"potentialAction\":[{\"@type\":\"ReadAction\",\"target\":[\"https:\/\/portalmf.com.br\/index.php\/2025\/03\/05\/thiago-aquino-fala-sobre-sua-trajetoria-no-carnaval-e-confirma-presenca-na-micareta-de-feira-de-santana\/\"]}]},{\"@type\":\"ImageObject\",\"inLanguage\":\"pt-BR\",\"@id\":\"https:\/\/portalmf.com.br\/index.php\/2025\/03\/05\/thiago-aquino-fala-sobre-sua-trajetoria-no-carnaval-e-confirma-presenca-na-micareta-de-feira-de-santana\/#primaryimage\",\"url\":\"https:\/\/portalmf.com.br\/wp-content\/uploads\/2025\/03\/IMG_4304-scaled.jpeg\",\"contentUrl\":\"https:\/\/portalmf.com.br\/wp-content\/uploads\/2025\/03\/IMG_4304-scaled.jpeg\",\"width\":2560,\"height\":1920},{\"@type\":\"BreadcrumbList\",\"@id\":\"https:\/\/portalmf.com.br\/index.php\/2025\/03\/05\/thiago-aquino-fala-sobre-sua-trajetoria-no-carnaval-e-confirma-presenca-na-micareta-de-feira-de-santana\/#breadcrumb\",\"itemListElement\":[{\"@type\":\"ListItem\",\"position\":1,\"name\":\"In\u00edcio\",\"item\":\"https:\/\/portalmf.com.br\/\"},{\"@type\":\"ListItem\",\"position\":2,\"name\":\"Thiago Aquino fala sobre sua trajet\u00f3ria no Carnaval e confirma presen\u00e7a na Micareta de Feira de Santana\"}]},{\"@type\":\"WebSite\",\"@id\":\"https:\/\/portalmf.com.br\/#website\",\"url\":\"https:\/\/portalmf.com.br\/\",\"name\":\"Portal MF\",\"description\":\"Voc\u00ea conectado com a informa\u00e7\u00e3o\",\"potentialAction\":[{\"@type\":\"SearchAction\",\"target\":{\"@type\":\"EntryPoint\",\"urlTemplate\":\"https:\/\/portalmf.com.br\/?s={search_term_string}\"},\"query-input\":\"required name=search_term_string\"}],\"inLanguage\":\"pt-BR\"},{\"@type\":\"Person\",\"@id\":\"https:\/\/portalmf.com.br\/#\/schema\/person\/19071c375ee7579b7300dd91d656ff97\",\"name\":\"Lila Oliveira\",\"image\":{\"@type\":\"ImageObject\",\"inLanguage\":\"pt-BR\",\"@id\":\"https:\/\/portalmf.com.br\/#\/schema\/person\/image\/\",\"url\":\"https:\/\/secure.gravatar.com\/avatar\/344958fa973c4e824a6dde1b63c19431?s=96&d=mm&r=g\",\"contentUrl\":\"https:\/\/secure.gravatar.com\/avatar\/344958fa973c4e824a6dde1b63c19431?s=96&d=mm&r=g\",\"caption\":\"Lila Oliveira\"},\"sameAs\":[\"https:\/\/portalmf.com.br\/\"],\"url\":\"https:\/\/portalmf.com.br\/index.php\/author\/lilaoliveira\/\"}]}<\/script>\n<!-- \/ Yoast SEO plugin. -->","yoast_head_json":{"title":"Thiago Aquino fala sobre sua trajet\u00f3ria no Carnaval e confirma presen\u00e7a na Micareta de Feira de Santana - Portal MF","robots":{"index":"index","follow":"follow","max-snippet":"max-snippet:-1","max-image-preview":"max-image-preview:large","max-video-preview":"max-video-preview:-1"},"canonical":"https:\/\/portalmf.com.br\/index.php\/2025\/03\/05\/thiago-aquino-fala-sobre-sua-trajetoria-no-carnaval-e-confirma-presenca-na-micareta-de-feira-de-santana\/","og_locale":"pt_BR","og_type":"article","og_title":"Thiago Aquino fala sobre sua trajet\u00f3ria no Carnaval e confirma presen\u00e7a na Micareta de Feira de Santana - Portal MF","og_description":"Em entrevista exclusiva ao rep\u00f3rter Reginaldo J\u00fanior, o cantor Thiago Aquino, abriu o cora\u00e7\u00e3o e falou sobre sua participa\u00e7\u00e3o na edi\u00e7\u00e3o especial dos 40 anos do Ax\u00e9, al\u00e9m de compartilhar seus novos projetos e o carinho pela Micareta de Feira de Santana. &#8220;Uma responsabilidade muito grande&#8221; Para Thiago, a responsabilidade de estar presente em uma [&hellip;]","og_url":"https:\/\/portalmf.com.br\/index.php\/2025\/03\/05\/thiago-aquino-fala-sobre-sua-trajetoria-no-carnaval-e-confirma-presenca-na-micareta-de-feira-de-santana\/","og_site_name":"Portal MF","article_published_time":"2025-03-05T14:50:39+00:00","article_modified_time":"2025-03-05T14:56:49+00:00","og_image":[{"width":2560,"height":1920,"url":"https:\/\/portalmf.com.br\/wp-content\/uploads\/2025\/03\/IMG_4304-scaled.jpeg","type":"image\/jpeg"}],"author":"Lila Oliveira","twitter_card":"summary_large_image","twitter_misc":{"Escrito por":"Lila Oliveira","Est. tempo de leitura":"3 minutos"},"schema":{"@context":"https:\/\/schema.org","@graph":[{"@type":"WebPage","@id":"https:\/\/portalmf.com.br\/index.php\/2025\/03\/05\/thiago-aquino-fala-sobre-sua-trajetoria-no-carnaval-e-confirma-presenca-na-micareta-de-feira-de-santana\/","url":"https:\/\/portalmf.com.br\/index.php\/2025\/03\/05\/thiago-aquino-fala-sobre-sua-trajetoria-no-carnaval-e-confirma-presenca-na-micareta-de-feira-de-santana\/","name":"Thiago Aquino fala sobre sua trajet\u00f3ria no Carnaval e confirma presen\u00e7a na Micareta de Feira de Santana - Portal MF","isPartOf":{"@id":"https:\/\/portalmf.com.br\/#website"},"primaryImageOfPage":{"@id":"https:\/\/portalmf.com.br\/index.php\/2025\/03\/05\/thiago-aquino-fala-sobre-sua-trajetoria-no-carnaval-e-confirma-presenca-na-micareta-de-feira-de-santana\/#primaryimage"},"image":{"@id":"https:\/\/portalmf.com.br\/index.php\/2025\/03\/05\/thiago-aquino-fala-sobre-sua-trajetoria-no-carnaval-e-confirma-presenca-na-micareta-de-feira-de-santana\/#primaryimage"},"thumbnailUrl":"https:\/\/portalmf.com.br\/wp-content\/uploads\/2025\/03\/IMG_4304-scaled.jpeg","datePublished":"2025-03-05T14:50:39+00:00","dateModified":"2025-03-05T14:56:49+00:00","author":{"@id":"https:\/\/portalmf.com.br\/#\/schema\/person\/19071c375ee7579b7300dd91d656ff97"},"breadcrumb":{"@id":"https:\/\/portalmf.com.br\/index.php\/2025\/03\/05\/thiago-aquino-fala-sobre-sua-trajetoria-no-carnaval-e-confirma-presenca-na-micareta-de-feira-de-santana\/#breadcrumb"},"inLanguage":"pt-BR","potentialAction":[{"@type":"ReadAction","target":["https:\/\/portalmf.com.br\/index.php\/2025\/03\/05\/thiago-aquino-fala-sobre-sua-trajetoria-no-carnaval-e-confirma-presenca-na-micareta-de-feira-de-santana\/"]}]},{"@type":"ImageObject","inLanguage":"pt-BR","@id":"https:\/\/portalmf.com.br\/index.php\/2025\/03\/05\/thiago-aquino-fala-sobre-sua-trajetoria-no-carnaval-e-confirma-presenca-na-micareta-de-feira-de-santana\/#primaryimage","url":"https:\/\/portalmf.com.br\/wp-content\/uploads\/2025\/03\/IMG_4304-scaled.jpeg","contentUrl":"https:\/\/portalmf.com.br\/wp-content\/uploads\/2025\/03\/IMG_4304-scaled.jpeg","width":2560,"height":1920},{"@type":"BreadcrumbList","@id":"https:\/\/portalmf.com.br\/index.php\/2025\/03\/05\/thiago-aquino-fala-sobre-sua-trajetoria-no-carnaval-e-confirma-presenca-na-micareta-de-feira-de-santana\/#breadcrumb","itemListElement":[{"@type":"ListItem","position":1,"name":"In\u00edcio","item":"https:\/\/portalmf.com.br\/"},{"@type":"ListItem","position":2,"name":"Thiago Aquino fala sobre sua trajet\u00f3ria no Carnaval e confirma presen\u00e7a na Micareta de Feira de Santana"}]},{"@type":"WebSite","@id":"https:\/\/portalmf.com.br\/#website","url":"https:\/\/portalmf.com.br\/","name":"Portal MF","description":"Voc\u00ea conectado com a informa\u00e7\u00e3o","potentialAction":[{"@type":"SearchAction","target":{"@type":"EntryPoint","urlTemplate":"https:\/\/portalmf.com.br\/?s={search_term_string}"},"query-input":"required name=search_term_string"}],"inLanguage":"pt-BR"},{"@type":"Person","@id":"https:\/\/portalmf.com.br\/#\/schema\/person\/19071c375ee7579b7300dd91d656ff97","name":"Lila Oliveira","image":{"@type":"ImageObject","inLanguage":"pt-BR","@id":"https:\/\/portalmf.com.br\/#\/schema\/person\/image\/","url":"https:\/\/secure.gravatar.com\/avatar\/344958fa973c4e824a6dde1b63c19431?s=96&d=mm&r=g","contentUrl":"https:\/\/secure.gravatar.com\/avatar\/344958fa973c4e824a6dde1b63c19431?s=96&d=mm&r=g","caption":"Lila Oliveira"},"sameAs":["https:\/\/portalmf.com.br\/"],"url":"https:\/\/portalmf.com.br\/index.php\/author\/lilaoliveira\/"}]}},"_links":{"self":[{"href":"https:\/\/portalmf.com.br\/index.php\/wp-json\/wp\/v2\/posts\/34595"}],"collection":[{"href":"https:\/\/portalmf.com.br\/index.php\/wp-json\/wp\/v2\/posts"}],"about":[{"href":"https:\/\/portalmf.com.br\/index.php\/wp-json\/wp\/v2\/types\/post"}],"author":[{"embeddable":true,"href":"https:\/\/portalmf.com.br\/index.php\/wp-json\/wp\/v2\/users\/5"}],"replies":[{"embeddable":true,"href":"https:\/\/portalmf.com.br\/index.php\/wp-json\/wp\/v2\/comments?post=34595"}],"version-history":[{"count":2,"href":"https:\/\/portalmf.com.br\/index.php\/wp-json\/wp\/v2\/posts\/34595\/revisions"}],"predecessor-version":[{"id":34599,"href":"https:\/\/portalmf.com.br\/index.php\/wp-json\/wp\/v2\/posts\/34595\/revisions\/34599"}],"wp:featuredmedia":[{"embeddable":true,"href":"https:\/\/portalmf.com.br\/index.php\/wp-json\/wp\/v2\/media\/34596"}],"wp:attachment":[{"href":"https:\/\/portalmf.com.br\/index.php\/wp-json\/wp\/v2\/media?parent=34595"}],"wp:term":[{"taxonomy":"category","embeddable":true,"href":"https:\/\/portalmf.com.br\/index.php\/wp-json\/wp\/v2\/categories?post=34595"},{"taxonomy":"post_tag","embeddable":true,"href":"https:\/\/portalmf.com.br\/index.php\/wp-json\/wp\/v2\/tags?post=34595"}],"curies":[{"name":"wp","href":"https:\/\/api.w.org\/{rel}","templated":true}]}}