{"id":34590,"date":"2025-03-05T11:40:30","date_gmt":"2025-03-05T14:40:30","guid":{"rendered":"https:\/\/portalmf.com.br\/?p=34590"},"modified":"2025-03-05T11:43:06","modified_gmt":"2025-03-05T14:43:06","slug":"falcao-do-guig-ghetto-exalta-40-anos-de-axe-no-carnaval-e-revela-expectativa-para-micareta-de-feira","status":"publish","type":"post","link":"https:\/\/portalmf.com.br\/index.php\/2025\/03\/05\/falcao-do-guig-ghetto-exalta-40-anos-de-axe-no-carnaval-e-revela-expectativa-para-micareta-de-feira\/","title":{"rendered":"Falc\u00e3o do Guig Ghetto, exalta 40 anos de Ax\u00e9 no Carnaval e revela expectativa para Micareta de Feira"},"content":{"rendered":"\n<p>Em uma entrevista exclusiva ao jornalista Reginaldo J\u00fanior, o cantor Falc\u00e3o, integrante da ic\u00f4nica banda Guig Ghetto, compartilhou sua felicidade e emo\u00e7\u00e3o ao celebrar os 40 anos do movimento Ax\u00e9 no Carnaval 2025 e 20 anos de hist\u00f3ria da Banda Guig Ghetto conta sobre expectativas para a Micareta. Com o ritmo vibrante, Falc\u00e3o revela a alegria de ver a aceita\u00e7\u00e3o do p\u00fablico nas mais diversas cidades e reflete sobre sua trajet\u00f3ria musical.<\/p>\n\n\n\n<p>\u201cFeira de Santana e toda aquela regi\u00e3o a gente j\u00e1 passou e fomos muito bem recebidos&#8221;, comentou o cantor, revelando o carinho que sente pelas cidades do interior da Bahia, que sempre o receberam de bra\u00e7os abertos. Ele tamb\u00e9m se mostrou empolgado com o calend\u00e1rio cheio de shows, destacando a intensidade do Carnaval deste ano.<\/p>\n\n\n\n<p>&#8220;Foi uma loucura de muitas datas, muitos shows, mas at\u00e9 agora tudo certo, gra\u00e7as a Deus. E at\u00e9 o final, vamos prezar pela paz, pela turma e por n\u00f3s mesmos.&#8221;, disse Falc\u00e3o. Para ele, a energia das festas, especialmente o Carnaval, \u00e9 uma das maiores fontes de felicidade.<\/p>\n\n\n\n<h2 class=\"wp-block-heading\">40 anos de Ax\u00e9 e a evolu\u00e7\u00e3o do ritmo<\/h2>\n\n\n\n<p>Falc\u00e3o tamb\u00e9m refletiu sobre os 40 anos do Ax\u00e9, um dos ritmos mais representativos da Bahia e do Brasil. Para ele, o mais emocionante \u00e9 poder celebrar esse legado com pessoas que, h\u00e1 anos, fazem parte de sua trajet\u00f3ria.<\/p>\n\n\n\n<p>&#8220;\u00c9 superinteressante ver que seus \u00eddolos de antigamente, hoje, trocam ideia com voc\u00ea. A gente conhece eles e, ao mesmo tempo, eles conhecem a gente. S\u00e3o 40 anos de Ax\u00e9, desde o disco Magia, de Luiz Caldas, at\u00e9 2025&#8221;, disse ele, lembrando do marco hist\u00f3rico que lan\u00e7ou o movimento no cen\u00e1rio nacional e que se inspirou tamb\u00e9m nos precursores do Ax\u00e9, mesmo fazendo ritmos diferentes.<\/p>\n\n\n\n<p>Ele tamb\u00e9m destacou a import\u00e2ncia da m\u00fasica baiana, uma cultura que, segundo Falc\u00e3o, transcende as fronteiras do estado e do pa\u00eds. <\/p>\n\n\n\n<p>&#8220;A gente faz parte da m\u00fasica baiana e do Brasil inteiro. A Bahia, como todos sabem, \u00e9 um celeiro de grandes artistas e inspira o mundo todo&#8221;, completou o cantor.<\/p>\n\n\n\n<h2 class=\"wp-block-heading\">A Micareta de Feira e o carinho pela cidade<\/h2>\n\n\n\n<p>Al\u00e9m do Carnaval, Falc\u00e3o revelou estar ansioso pela Micareta de Feira de Santana, que, para ele, tem um significado ainda mais especial. <\/p>\n\n\n\n<p>&#8220;A minha fam\u00edlia \u00e9 de Feira, ent\u00e3o tenho muito carinho pela Micareta de Feira. Vai ser muito especial. Nossa rede de carnaval vai ser incr\u00edvel, e estou ansioso para esse momento&#8221;, disse ele. A festa, tradicionalmente realizada no m\u00eas de maio, \u00e9 um dos maiores eventos de m\u00fasica e dan\u00e7a do Brasil e tem uma conex\u00e3o \u00fanica com os artistas baianos.<\/p>\n\n\n\n<p>Falc\u00e3o tamb\u00e9m comentou sobre os planos para o p\u00f3s-Carnaval, mencionando que ap\u00f3s os intensos shows do m\u00eas de fevereiro, ele far\u00e1 apresenta\u00e7\u00f5es em Manaus e Recife, antes de tirar um merecido descanso de 15 dias.<\/p>\n\n\n\n<p>&#8220;Vamos fazer uma pausa para recarregar as energias e depois seguir com a Micareta de Feira&#8221;, completou.<\/p>\n","protected":false},"excerpt":{"rendered":"<p>Em uma entrevista exclusiva ao jornalista Reginaldo J\u00fanior, o cantor Falc\u00e3o, integrante da ic\u00f4nica banda Guig Ghetto, compartilhou sua felicidade e emo\u00e7\u00e3o ao celebrar os 40 anos do movimento Ax\u00e9 no Carnaval 2025 e 20 anos de hist\u00f3ria da Banda Guig Ghetto conta sobre expectativas para a Micareta. Com o ritmo vibrante, Falc\u00e3o revela a [&hellip;]<\/p>\n","protected":false},"author":5,"featured_media":34591,"comment_status":"open","ping_status":"open","sticky":false,"template":"","format":"standard","meta":{"_monsterinsights_skip_tracking":false,"_monsterinsights_sitenote_active":false,"_monsterinsights_sitenote_note":"","_monsterinsights_sitenote_category":0,"footnotes":""},"categories":[44,48],"tags":[],"yoast_head":"<!-- This site is optimized with the Yoast SEO plugin v22.9 - https:\/\/yoast.com\/wordpress\/plugins\/seo\/ -->\n<title>Falc\u00e3o do Guig Ghetto, exalta 40 anos de Ax\u00e9 no Carnaval e revela expectativa para Micareta de Feira - Portal MF<\/title>\n<meta name=\"robots\" content=\"index, follow, max-snippet:-1, max-image-preview:large, max-video-preview:-1\" \/>\n<link rel=\"canonical\" href=\"https:\/\/portalmf.com.br\/index.php\/2025\/03\/05\/falcao-do-guig-ghetto-exalta-40-anos-de-axe-no-carnaval-e-revela-expectativa-para-micareta-de-feira\/\" \/>\n<meta property=\"og:locale\" content=\"pt_BR\" \/>\n<meta property=\"og:type\" content=\"article\" \/>\n<meta property=\"og:title\" content=\"Falc\u00e3o do Guig Ghetto, exalta 40 anos de Ax\u00e9 no Carnaval e revela expectativa para Micareta de Feira - Portal MF\" \/>\n<meta property=\"og:description\" content=\"Em uma entrevista exclusiva ao jornalista Reginaldo J\u00fanior, o cantor Falc\u00e3o, integrante da ic\u00f4nica banda Guig Ghetto, compartilhou sua felicidade e emo\u00e7\u00e3o ao celebrar os 40 anos do movimento Ax\u00e9 no Carnaval 2025 e 20 anos de hist\u00f3ria da Banda Guig Ghetto conta sobre expectativas para a Micareta. Com o ritmo vibrante, Falc\u00e3o revela a [&hellip;]\" \/>\n<meta property=\"og:url\" content=\"https:\/\/portalmf.com.br\/index.php\/2025\/03\/05\/falcao-do-guig-ghetto-exalta-40-anos-de-axe-no-carnaval-e-revela-expectativa-para-micareta-de-feira\/\" \/>\n<meta property=\"og:site_name\" content=\"Portal MF\" \/>\n<meta property=\"article:published_time\" content=\"2025-03-05T14:40:30+00:00\" \/>\n<meta property=\"article:modified_time\" content=\"2025-03-05T14:43:06+00:00\" \/>\n<meta property=\"og:image\" content=\"https:\/\/portalmf.com.br\/wp-content\/uploads\/2025\/03\/IMG_4722-scaled.jpeg\" \/>\n\t<meta property=\"og:image:width\" content=\"2560\" \/>\n\t<meta property=\"og:image:height\" content=\"2002\" \/>\n\t<meta property=\"og:image:type\" content=\"image\/jpeg\" \/>\n<meta name=\"author\" content=\"Lila Oliveira\" \/>\n<meta name=\"twitter:card\" content=\"summary_large_image\" \/>\n<meta name=\"twitter:label1\" content=\"Escrito por\" \/>\n\t<meta name=\"twitter:data1\" content=\"Lila Oliveira\" \/>\n\t<meta name=\"twitter:label2\" content=\"Est. tempo de leitura\" \/>\n\t<meta name=\"twitter:data2\" content=\"3 minutos\" \/>\n<script type=\"application\/ld+json\" class=\"yoast-schema-graph\">{\"@context\":\"https:\/\/schema.org\",\"@graph\":[{\"@type\":\"WebPage\",\"@id\":\"https:\/\/portalmf.com.br\/index.php\/2025\/03\/05\/falcao-do-guig-ghetto-exalta-40-anos-de-axe-no-carnaval-e-revela-expectativa-para-micareta-de-feira\/\",\"url\":\"https:\/\/portalmf.com.br\/index.php\/2025\/03\/05\/falcao-do-guig-ghetto-exalta-40-anos-de-axe-no-carnaval-e-revela-expectativa-para-micareta-de-feira\/\",\"name\":\"Falc\u00e3o do Guig Ghetto, exalta 40 anos de Ax\u00e9 no Carnaval e revela expectativa para Micareta de Feira - Portal MF\",\"isPartOf\":{\"@id\":\"https:\/\/portalmf.com.br\/#website\"},\"primaryImageOfPage\":{\"@id\":\"https:\/\/portalmf.com.br\/index.php\/2025\/03\/05\/falcao-do-guig-ghetto-exalta-40-anos-de-axe-no-carnaval-e-revela-expectativa-para-micareta-de-feira\/#primaryimage\"},\"image\":{\"@id\":\"https:\/\/portalmf.com.br\/index.php\/2025\/03\/05\/falcao-do-guig-ghetto-exalta-40-anos-de-axe-no-carnaval-e-revela-expectativa-para-micareta-de-feira\/#primaryimage\"},\"thumbnailUrl\":\"https:\/\/portalmf.com.br\/wp-content\/uploads\/2025\/03\/IMG_4722-scaled.jpeg\",\"datePublished\":\"2025-03-05T14:40:30+00:00\",\"dateModified\":\"2025-03-05T14:43:06+00:00\",\"author\":{\"@id\":\"https:\/\/portalmf.com.br\/#\/schema\/person\/19071c375ee7579b7300dd91d656ff97\"},\"breadcrumb\":{\"@id\":\"https:\/\/portalmf.com.br\/index.php\/2025\/03\/05\/falcao-do-guig-ghetto-exalta-40-anos-de-axe-no-carnaval-e-revela-expectativa-para-micareta-de-feira\/#breadcrumb\"},\"inLanguage\":\"pt-BR\",\"potentialAction\":[{\"@type\":\"ReadAction\",\"target\":[\"https:\/\/portalmf.com.br\/index.php\/2025\/03\/05\/falcao-do-guig-ghetto-exalta-40-anos-de-axe-no-carnaval-e-revela-expectativa-para-micareta-de-feira\/\"]}]},{\"@type\":\"ImageObject\",\"inLanguage\":\"pt-BR\",\"@id\":\"https:\/\/portalmf.com.br\/index.php\/2025\/03\/05\/falcao-do-guig-ghetto-exalta-40-anos-de-axe-no-carnaval-e-revela-expectativa-para-micareta-de-feira\/#primaryimage\",\"url\":\"https:\/\/portalmf.com.br\/wp-content\/uploads\/2025\/03\/IMG_4722-scaled.jpeg\",\"contentUrl\":\"https:\/\/portalmf.com.br\/wp-content\/uploads\/2025\/03\/IMG_4722-scaled.jpeg\",\"width\":2560,\"height\":2002},{\"@type\":\"BreadcrumbList\",\"@id\":\"https:\/\/portalmf.com.br\/index.php\/2025\/03\/05\/falcao-do-guig-ghetto-exalta-40-anos-de-axe-no-carnaval-e-revela-expectativa-para-micareta-de-feira\/#breadcrumb\",\"itemListElement\":[{\"@type\":\"ListItem\",\"position\":1,\"name\":\"In\u00edcio\",\"item\":\"https:\/\/portalmf.com.br\/\"},{\"@type\":\"ListItem\",\"position\":2,\"name\":\"Falc\u00e3o do Guig Ghetto, exalta 40 anos de Ax\u00e9 no Carnaval e revela expectativa para Micareta de Feira\"}]},{\"@type\":\"WebSite\",\"@id\":\"https:\/\/portalmf.com.br\/#website\",\"url\":\"https:\/\/portalmf.com.br\/\",\"name\":\"Portal MF\",\"description\":\"Voc\u00ea conectado com a informa\u00e7\u00e3o\",\"potentialAction\":[{\"@type\":\"SearchAction\",\"target\":{\"@type\":\"EntryPoint\",\"urlTemplate\":\"https:\/\/portalmf.com.br\/?s={search_term_string}\"},\"query-input\":\"required name=search_term_string\"}],\"inLanguage\":\"pt-BR\"},{\"@type\":\"Person\",\"@id\":\"https:\/\/portalmf.com.br\/#\/schema\/person\/19071c375ee7579b7300dd91d656ff97\",\"name\":\"Lila Oliveira\",\"image\":{\"@type\":\"ImageObject\",\"inLanguage\":\"pt-BR\",\"@id\":\"https:\/\/portalmf.com.br\/#\/schema\/person\/image\/\",\"url\":\"https:\/\/secure.gravatar.com\/avatar\/344958fa973c4e824a6dde1b63c19431?s=96&d=mm&r=g\",\"contentUrl\":\"https:\/\/secure.gravatar.com\/avatar\/344958fa973c4e824a6dde1b63c19431?s=96&d=mm&r=g\",\"caption\":\"Lila Oliveira\"},\"sameAs\":[\"https:\/\/portalmf.com.br\/\"],\"url\":\"https:\/\/portalmf.com.br\/index.php\/author\/lilaoliveira\/\"}]}<\/script>\n<!-- \/ Yoast SEO plugin. -->","yoast_head_json":{"title":"Falc\u00e3o do Guig Ghetto, exalta 40 anos de Ax\u00e9 no Carnaval e revela expectativa para Micareta de Feira - Portal MF","robots":{"index":"index","follow":"follow","max-snippet":"max-snippet:-1","max-image-preview":"max-image-preview:large","max-video-preview":"max-video-preview:-1"},"canonical":"https:\/\/portalmf.com.br\/index.php\/2025\/03\/05\/falcao-do-guig-ghetto-exalta-40-anos-de-axe-no-carnaval-e-revela-expectativa-para-micareta-de-feira\/","og_locale":"pt_BR","og_type":"article","og_title":"Falc\u00e3o do Guig Ghetto, exalta 40 anos de Ax\u00e9 no Carnaval e revela expectativa para Micareta de Feira - Portal MF","og_description":"Em uma entrevista exclusiva ao jornalista Reginaldo J\u00fanior, o cantor Falc\u00e3o, integrante da ic\u00f4nica banda Guig Ghetto, compartilhou sua felicidade e emo\u00e7\u00e3o ao celebrar os 40 anos do movimento Ax\u00e9 no Carnaval 2025 e 20 anos de hist\u00f3ria da Banda Guig Ghetto conta sobre expectativas para a Micareta. Com o ritmo vibrante, Falc\u00e3o revela a [&hellip;]","og_url":"https:\/\/portalmf.com.br\/index.php\/2025\/03\/05\/falcao-do-guig-ghetto-exalta-40-anos-de-axe-no-carnaval-e-revela-expectativa-para-micareta-de-feira\/","og_site_name":"Portal MF","article_published_time":"2025-03-05T14:40:30+00:00","article_modified_time":"2025-03-05T14:43:06+00:00","og_image":[{"width":2560,"height":2002,"url":"https:\/\/portalmf.com.br\/wp-content\/uploads\/2025\/03\/IMG_4722-scaled.jpeg","type":"image\/jpeg"}],"author":"Lila Oliveira","twitter_card":"summary_large_image","twitter_misc":{"Escrito por":"Lila Oliveira","Est. tempo de leitura":"3 minutos"},"schema":{"@context":"https:\/\/schema.org","@graph":[{"@type":"WebPage","@id":"https:\/\/portalmf.com.br\/index.php\/2025\/03\/05\/falcao-do-guig-ghetto-exalta-40-anos-de-axe-no-carnaval-e-revela-expectativa-para-micareta-de-feira\/","url":"https:\/\/portalmf.com.br\/index.php\/2025\/03\/05\/falcao-do-guig-ghetto-exalta-40-anos-de-axe-no-carnaval-e-revela-expectativa-para-micareta-de-feira\/","name":"Falc\u00e3o do Guig Ghetto, exalta 40 anos de Ax\u00e9 no Carnaval e revela expectativa para Micareta de Feira - Portal MF","isPartOf":{"@id":"https:\/\/portalmf.com.br\/#website"},"primaryImageOfPage":{"@id":"https:\/\/portalmf.com.br\/index.php\/2025\/03\/05\/falcao-do-guig-ghetto-exalta-40-anos-de-axe-no-carnaval-e-revela-expectativa-para-micareta-de-feira\/#primaryimage"},"image":{"@id":"https:\/\/portalmf.com.br\/index.php\/2025\/03\/05\/falcao-do-guig-ghetto-exalta-40-anos-de-axe-no-carnaval-e-revela-expectativa-para-micareta-de-feira\/#primaryimage"},"thumbnailUrl":"https:\/\/portalmf.com.br\/wp-content\/uploads\/2025\/03\/IMG_4722-scaled.jpeg","datePublished":"2025-03-05T14:40:30+00:00","dateModified":"2025-03-05T14:43:06+00:00","author":{"@id":"https:\/\/portalmf.com.br\/#\/schema\/person\/19071c375ee7579b7300dd91d656ff97"},"breadcrumb":{"@id":"https:\/\/portalmf.com.br\/index.php\/2025\/03\/05\/falcao-do-guig-ghetto-exalta-40-anos-de-axe-no-carnaval-e-revela-expectativa-para-micareta-de-feira\/#breadcrumb"},"inLanguage":"pt-BR","potentialAction":[{"@type":"ReadAction","target":["https:\/\/portalmf.com.br\/index.php\/2025\/03\/05\/falcao-do-guig-ghetto-exalta-40-anos-de-axe-no-carnaval-e-revela-expectativa-para-micareta-de-feira\/"]}]},{"@type":"ImageObject","inLanguage":"pt-BR","@id":"https:\/\/portalmf.com.br\/index.php\/2025\/03\/05\/falcao-do-guig-ghetto-exalta-40-anos-de-axe-no-carnaval-e-revela-expectativa-para-micareta-de-feira\/#primaryimage","url":"https:\/\/portalmf.com.br\/wp-content\/uploads\/2025\/03\/IMG_4722-scaled.jpeg","contentUrl":"https:\/\/portalmf.com.br\/wp-content\/uploads\/2025\/03\/IMG_4722-scaled.jpeg","width":2560,"height":2002},{"@type":"BreadcrumbList","@id":"https:\/\/portalmf.com.br\/index.php\/2025\/03\/05\/falcao-do-guig-ghetto-exalta-40-anos-de-axe-no-carnaval-e-revela-expectativa-para-micareta-de-feira\/#breadcrumb","itemListElement":[{"@type":"ListItem","position":1,"name":"In\u00edcio","item":"https:\/\/portalmf.com.br\/"},{"@type":"ListItem","position":2,"name":"Falc\u00e3o do Guig Ghetto, exalta 40 anos de Ax\u00e9 no Carnaval e revela expectativa para Micareta de Feira"}]},{"@type":"WebSite","@id":"https:\/\/portalmf.com.br\/#website","url":"https:\/\/portalmf.com.br\/","name":"Portal MF","description":"Voc\u00ea conectado com a informa\u00e7\u00e3o","potentialAction":[{"@type":"SearchAction","target":{"@type":"EntryPoint","urlTemplate":"https:\/\/portalmf.com.br\/?s={search_term_string}"},"query-input":"required name=search_term_string"}],"inLanguage":"pt-BR"},{"@type":"Person","@id":"https:\/\/portalmf.com.br\/#\/schema\/person\/19071c375ee7579b7300dd91d656ff97","name":"Lila Oliveira","image":{"@type":"ImageObject","inLanguage":"pt-BR","@id":"https:\/\/portalmf.com.br\/#\/schema\/person\/image\/","url":"https:\/\/secure.gravatar.com\/avatar\/344958fa973c4e824a6dde1b63c19431?s=96&d=mm&r=g","contentUrl":"https:\/\/secure.gravatar.com\/avatar\/344958fa973c4e824a6dde1b63c19431?s=96&d=mm&r=g","caption":"Lila Oliveira"},"sameAs":["https:\/\/portalmf.com.br\/"],"url":"https:\/\/portalmf.com.br\/index.php\/author\/lilaoliveira\/"}]}},"_links":{"self":[{"href":"https:\/\/portalmf.com.br\/index.php\/wp-json\/wp\/v2\/posts\/34590"}],"collection":[{"href":"https:\/\/portalmf.com.br\/index.php\/wp-json\/wp\/v2\/posts"}],"about":[{"href":"https:\/\/portalmf.com.br\/index.php\/wp-json\/wp\/v2\/types\/post"}],"author":[{"embeddable":true,"href":"https:\/\/portalmf.com.br\/index.php\/wp-json\/wp\/v2\/users\/5"}],"replies":[{"embeddable":true,"href":"https:\/\/portalmf.com.br\/index.php\/wp-json\/wp\/v2\/comments?post=34590"}],"version-history":[{"count":2,"href":"https:\/\/portalmf.com.br\/index.php\/wp-json\/wp\/v2\/posts\/34590\/revisions"}],"predecessor-version":[{"id":34594,"href":"https:\/\/portalmf.com.br\/index.php\/wp-json\/wp\/v2\/posts\/34590\/revisions\/34594"}],"wp:featuredmedia":[{"embeddable":true,"href":"https:\/\/portalmf.com.br\/index.php\/wp-json\/wp\/v2\/media\/34591"}],"wp:attachment":[{"href":"https:\/\/portalmf.com.br\/index.php\/wp-json\/wp\/v2\/media?parent=34590"}],"wp:term":[{"taxonomy":"category","embeddable":true,"href":"https:\/\/portalmf.com.br\/index.php\/wp-json\/wp\/v2\/categories?post=34590"},{"taxonomy":"post_tag","embeddable":true,"href":"https:\/\/portalmf.com.br\/index.php\/wp-json\/wp\/v2\/tags?post=34590"}],"curies":[{"name":"wp","href":"https:\/\/api.w.org\/{rel}","templated":true}]}}