{"id":3459,"date":"2022-08-22T16:14:42","date_gmt":"2022-08-22T19:14:42","guid":{"rendered":"http:\/\/portalmf.com.br\/?p=3459"},"modified":"2022-08-22T16:14:43","modified_gmt":"2022-08-22T19:14:43","slug":"eleicoes-2022-tecnicos-da-pf-iniciam-inspecao-dos-codigos-fonte-das-urnas","status":"publish","type":"post","link":"https:\/\/portalmf.com.br\/index.php\/2022\/08\/22\/eleicoes-2022-tecnicos-da-pf-iniciam-inspecao-dos-codigos-fonte-das-urnas\/","title":{"rendered":"Elei\u00e7\u00f5es 2022: t\u00e9cnicos da PF iniciam inspe\u00e7\u00e3o dos c\u00f3digos-fonte das urnas"},"content":{"rendered":"\n<p>Doze representantes da Pol\u00edcia Federal (PF) iniciaram nesta segunda-feira no Tribunal Superior Eleitoral (TSE) a inspe\u00e7\u00e3o dos c\u00f3digos-fonte da&nbsp;&nbsp;<strong>urna eletr\u00f4nica<\/strong>&nbsp;e do sistema eletr\u00f4nico de vota\u00e7\u00e3o que ser\u00e3o utilizados nas Elei\u00e7\u00f5es 2022. Os trabalhos de an\u00e1lise das linhas de comandos e instru\u00e7\u00f5es est\u00e3o previstos para acontecer at\u00e9 esta sexta-feira.<\/p>\n\n\n\n<p>Antes do in\u00edcio da atividade, os t\u00e9cnicos da PF assinaram um termo de confidencialidade para acessar os c\u00f3digos-fontes dos programas de computador que s\u00e3o embarcados na urna eletr\u00f4nica. A abertura dos c\u00f3digos-fontes \u00e9 um procedimento obrigat\u00f3rio realizado pelo TSE antes de cada elei\u00e7\u00e3o.<\/p>\n\n\n\n<p>A an\u00e1lise das cerca de 17 milh\u00f5es de linhas de c\u00f3digo por parte da PF ocorre na sequ\u00eancia do t\u00e9rmino dos trabalhos por integrantes das For\u00e7as Armadas. A inspe\u00e7\u00e3o do material por militares do Minist\u00e9rio da Defesa se deu ap\u00f3s a pasta encaminhar um of\u00edcio &#8220;urgent\u00edssimo&#8221; cobrando o agendamento de uma data para que a realiza\u00e7\u00e3o da vistoria fosse feita. A possibilidade de analisar o c\u00f3digo-fonte est\u00e1 aberta \u00e0s entidades fiscalizadoras desde outubro de 2021.<\/p>\n\n\n\n<p>Al\u00e9m da PF, esse conjunto de linhas de programa\u00e7\u00e3o pode ser inspecionado por representantes t\u00e9cnicos dos partidos pol\u00edticos, do Minist\u00e9rio P\u00fablico, da Ordem dos Advogados do Brasil (OAB), das For\u00e7as Armadas e de universidades, entre outras institui\u00e7\u00f5es.<\/p>\n\n\n\n<p>Participam da an\u00e1lise dos c\u00f3digos pela Pol\u00edcia Federal: os delegados Elias Milhomens de Ara\u00fajo; Ricardo Ruiz Silva e Victor Barbarella Negraes; os peritos Alexandre de Andrade Silva; Auto Tavares da C\u00e2mara J\u00fanior; Breno Rangel Borges Marchetti; Fabr\u00edcio Dantas Bispo; Ivo de Carvalho Peixinho; Jo\u00e3o Paulo Vieira Almeida; Jo\u00e3o Vitor de S\u00e1 Hauk e Paulo C\u00e9sar Hermann Wanner; e os papiloscopistas Erismar Paix\u00e3o Ribeiro da Silva e Leonardo Costa Rodrigues Alves.<\/p>\n\n\n\n<p>Os trabalhos ocorrem em uma sala localizada no subsolo da sede do TSE preparada pela Corte especialmente para esse ciclo de inspe\u00e7\u00f5es, onde os t\u00e9cnicos receber\u00e3o informa\u00e7\u00f5es e tamb\u00e9m poder\u00e3o esclarecer d\u00favidas sobre a seguran\u00e7a do processo eleitoral diretamente com a Secretaria de Tecnologia da Informa\u00e7\u00e3o do tribunal.<\/p>\n\n\n\n<p>Com informa\u00e7\u00f5es do IG<\/p>\n","protected":false},"excerpt":{"rendered":"<p>Doze representantes da Pol\u00edcia Federal (PF) iniciaram nesta segunda-feira no Tribunal Superior Eleitoral (TSE) a inspe\u00e7\u00e3o dos c\u00f3digos-fonte da&nbsp;&nbsp;urna eletr\u00f4nica&nbsp;e do sistema eletr\u00f4nico de vota\u00e7\u00e3o que ser\u00e3o utilizados nas Elei\u00e7\u00f5es 2022. Os trabalhos de an\u00e1lise das linhas de comandos e instru\u00e7\u00f5es est\u00e3o previstos para acontecer at\u00e9 esta sexta-feira. Antes do in\u00edcio da atividade, os t\u00e9cnicos [&hellip;]<\/p>\n","protected":false},"author":2,"featured_media":3460,"comment_status":"open","ping_status":"open","sticky":false,"template":"","format":"standard","meta":{"_monsterinsights_skip_tracking":false,"_monsterinsights_sitenote_active":false,"_monsterinsights_sitenote_note":"","_monsterinsights_sitenote_category":0,"footnotes":""},"categories":[34],"tags":[],"yoast_head":"<!-- This site is optimized with the Yoast SEO plugin v22.9 - https:\/\/yoast.com\/wordpress\/plugins\/seo\/ -->\n<title>Elei\u00e7\u00f5es 2022: t\u00e9cnicos da PF iniciam inspe\u00e7\u00e3o dos c\u00f3digos-fonte das urnas - Portal MF<\/title>\n<meta name=\"robots\" content=\"index, follow, max-snippet:-1, max-image-preview:large, max-video-preview:-1\" \/>\n<link rel=\"canonical\" href=\"https:\/\/portalmf.com.br\/index.php\/2022\/08\/22\/eleicoes-2022-tecnicos-da-pf-iniciam-inspecao-dos-codigos-fonte-das-urnas\/\" \/>\n<meta property=\"og:locale\" content=\"pt_BR\" \/>\n<meta property=\"og:type\" content=\"article\" \/>\n<meta property=\"og:title\" content=\"Elei\u00e7\u00f5es 2022: t\u00e9cnicos da PF iniciam inspe\u00e7\u00e3o dos c\u00f3digos-fonte das urnas - Portal MF\" \/>\n<meta property=\"og:description\" content=\"Doze representantes da Pol\u00edcia Federal (PF) iniciaram nesta segunda-feira no Tribunal Superior Eleitoral (TSE) a inspe\u00e7\u00e3o dos c\u00f3digos-fonte da&nbsp;&nbsp;urna eletr\u00f4nica&nbsp;e do sistema eletr\u00f4nico de vota\u00e7\u00e3o que ser\u00e3o utilizados nas Elei\u00e7\u00f5es 2022. Os trabalhos de an\u00e1lise das linhas de comandos e instru\u00e7\u00f5es est\u00e3o previstos para acontecer at\u00e9 esta sexta-feira. Antes do in\u00edcio da atividade, os t\u00e9cnicos [&hellip;]\" \/>\n<meta property=\"og:url\" content=\"https:\/\/portalmf.com.br\/index.php\/2022\/08\/22\/eleicoes-2022-tecnicos-da-pf-iniciam-inspecao-dos-codigos-fonte-das-urnas\/\" \/>\n<meta property=\"og:site_name\" content=\"Portal MF\" \/>\n<meta property=\"article:author\" content=\"reginaldojrfsa\" \/>\n<meta property=\"article:published_time\" content=\"2022-08-22T19:14:42+00:00\" \/>\n<meta property=\"article:modified_time\" content=\"2022-08-22T19:14:43+00:00\" \/>\n<meta property=\"og:image\" content=\"https:\/\/portalmf.com.br\/wp-content\/uploads\/2022\/08\/urna-eletronica.jpg\" \/>\n\t<meta property=\"og:image:width\" content=\"1200\" \/>\n\t<meta property=\"og:image:height\" content=\"1200\" \/>\n\t<meta property=\"og:image:type\" content=\"image\/jpeg\" \/>\n<meta name=\"author\" content=\"Reginaldo J\u00fanior\" \/>\n<meta name=\"twitter:card\" content=\"summary_large_image\" \/>\n<meta name=\"twitter:creator\" content=\"@reginaldojrmf\" \/>\n<meta name=\"twitter:label1\" content=\"Escrito por\" \/>\n\t<meta name=\"twitter:data1\" content=\"Reginaldo J\u00fanior\" \/>\n\t<meta name=\"twitter:label2\" content=\"Est. tempo de leitura\" \/>\n\t<meta name=\"twitter:data2\" content=\"2 minutos\" \/>\n<script type=\"application\/ld+json\" class=\"yoast-schema-graph\">{\"@context\":\"https:\/\/schema.org\",\"@graph\":[{\"@type\":\"WebPage\",\"@id\":\"https:\/\/portalmf.com.br\/index.php\/2022\/08\/22\/eleicoes-2022-tecnicos-da-pf-iniciam-inspecao-dos-codigos-fonte-das-urnas\/\",\"url\":\"https:\/\/portalmf.com.br\/index.php\/2022\/08\/22\/eleicoes-2022-tecnicos-da-pf-iniciam-inspecao-dos-codigos-fonte-das-urnas\/\",\"name\":\"Elei\u00e7\u00f5es 2022: t\u00e9cnicos da PF iniciam inspe\u00e7\u00e3o dos c\u00f3digos-fonte das urnas - Portal MF\",\"isPartOf\":{\"@id\":\"https:\/\/portalmf.com.br\/#website\"},\"primaryImageOfPage\":{\"@id\":\"https:\/\/portalmf.com.br\/index.php\/2022\/08\/22\/eleicoes-2022-tecnicos-da-pf-iniciam-inspecao-dos-codigos-fonte-das-urnas\/#primaryimage\"},\"image\":{\"@id\":\"https:\/\/portalmf.com.br\/index.php\/2022\/08\/22\/eleicoes-2022-tecnicos-da-pf-iniciam-inspecao-dos-codigos-fonte-das-urnas\/#primaryimage\"},\"thumbnailUrl\":\"https:\/\/portalmf.com.br\/wp-content\/uploads\/2022\/08\/urna-eletronica.jpg\",\"datePublished\":\"2022-08-22T19:14:42+00:00\",\"dateModified\":\"2022-08-22T19:14:43+00:00\",\"author\":{\"@id\":\"https:\/\/portalmf.com.br\/#\/schema\/person\/11c82086fe8abc05a19147e964587285\"},\"breadcrumb\":{\"@id\":\"https:\/\/portalmf.com.br\/index.php\/2022\/08\/22\/eleicoes-2022-tecnicos-da-pf-iniciam-inspecao-dos-codigos-fonte-das-urnas\/#breadcrumb\"},\"inLanguage\":\"pt-BR\",\"potentialAction\":[{\"@type\":\"ReadAction\",\"target\":[\"https:\/\/portalmf.com.br\/index.php\/2022\/08\/22\/eleicoes-2022-tecnicos-da-pf-iniciam-inspecao-dos-codigos-fonte-das-urnas\/\"]}]},{\"@type\":\"ImageObject\",\"inLanguage\":\"pt-BR\",\"@id\":\"https:\/\/portalmf.com.br\/index.php\/2022\/08\/22\/eleicoes-2022-tecnicos-da-pf-iniciam-inspecao-dos-codigos-fonte-das-urnas\/#primaryimage\",\"url\":\"https:\/\/portalmf.com.br\/wp-content\/uploads\/2022\/08\/urna-eletronica.jpg\",\"contentUrl\":\"https:\/\/portalmf.com.br\/wp-content\/uploads\/2022\/08\/urna-eletronica.jpg\",\"width\":1200,\"height\":1200},{\"@type\":\"BreadcrumbList\",\"@id\":\"https:\/\/portalmf.com.br\/index.php\/2022\/08\/22\/eleicoes-2022-tecnicos-da-pf-iniciam-inspecao-dos-codigos-fonte-das-urnas\/#breadcrumb\",\"itemListElement\":[{\"@type\":\"ListItem\",\"position\":1,\"name\":\"In\u00edcio\",\"item\":\"https:\/\/portalmf.com.br\/\"},{\"@type\":\"ListItem\",\"position\":2,\"name\":\"Elei\u00e7\u00f5es 2022: t\u00e9cnicos da PF iniciam inspe\u00e7\u00e3o dos c\u00f3digos-fonte das urnas\"}]},{\"@type\":\"WebSite\",\"@id\":\"https:\/\/portalmf.com.br\/#website\",\"url\":\"https:\/\/portalmf.com.br\/\",\"name\":\"Portal MF\",\"description\":\"Voc\u00ea conectado com a informa\u00e7\u00e3o\",\"potentialAction\":[{\"@type\":\"SearchAction\",\"target\":{\"@type\":\"EntryPoint\",\"urlTemplate\":\"https:\/\/portalmf.com.br\/?s={search_term_string}\"},\"query-input\":\"required name=search_term_string\"}],\"inLanguage\":\"pt-BR\"},{\"@type\":\"Person\",\"@id\":\"https:\/\/portalmf.com.br\/#\/schema\/person\/11c82086fe8abc05a19147e964587285\",\"name\":\"Reginaldo J\u00fanior\",\"image\":{\"@type\":\"ImageObject\",\"inLanguage\":\"pt-BR\",\"@id\":\"https:\/\/portalmf.com.br\/#\/schema\/person\/image\/\",\"url\":\"https:\/\/secure.gravatar.com\/avatar\/32a3c797cd0ac47cc53b8644c62776f9?s=96&d=mm&r=g\",\"contentUrl\":\"https:\/\/secure.gravatar.com\/avatar\/32a3c797cd0ac47cc53b8644c62776f9?s=96&d=mm&r=g\",\"caption\":\"Reginaldo J\u00fanior\"},\"description\":\"Jornalista e idealizador Portal MF\",\"sameAs\":[\"https:\/\/portalmf.com.br\/index.php\/author\/reginaldojr\/\",\"reginaldojrfsa\",\"reginaldojuniormf\",\"https:\/\/x.com\/reginaldojrmf\"],\"url\":\"https:\/\/portalmf.com.br\/index.php\/author\/reginaldojr\/\"}]}<\/script>\n<!-- \/ Yoast SEO plugin. -->","yoast_head_json":{"title":"Elei\u00e7\u00f5es 2022: t\u00e9cnicos da PF iniciam inspe\u00e7\u00e3o dos c\u00f3digos-fonte das urnas - Portal MF","robots":{"index":"index","follow":"follow","max-snippet":"max-snippet:-1","max-image-preview":"max-image-preview:large","max-video-preview":"max-video-preview:-1"},"canonical":"https:\/\/portalmf.com.br\/index.php\/2022\/08\/22\/eleicoes-2022-tecnicos-da-pf-iniciam-inspecao-dos-codigos-fonte-das-urnas\/","og_locale":"pt_BR","og_type":"article","og_title":"Elei\u00e7\u00f5es 2022: t\u00e9cnicos da PF iniciam inspe\u00e7\u00e3o dos c\u00f3digos-fonte das urnas - Portal MF","og_description":"Doze representantes da Pol\u00edcia Federal (PF) iniciaram nesta segunda-feira no Tribunal Superior Eleitoral (TSE) a inspe\u00e7\u00e3o dos c\u00f3digos-fonte da&nbsp;&nbsp;urna eletr\u00f4nica&nbsp;e do sistema eletr\u00f4nico de vota\u00e7\u00e3o que ser\u00e3o utilizados nas Elei\u00e7\u00f5es 2022. Os trabalhos de an\u00e1lise das linhas de comandos e instru\u00e7\u00f5es est\u00e3o previstos para acontecer at\u00e9 esta sexta-feira. Antes do in\u00edcio da atividade, os t\u00e9cnicos [&hellip;]","og_url":"https:\/\/portalmf.com.br\/index.php\/2022\/08\/22\/eleicoes-2022-tecnicos-da-pf-iniciam-inspecao-dos-codigos-fonte-das-urnas\/","og_site_name":"Portal MF","article_author":"reginaldojrfsa","article_published_time":"2022-08-22T19:14:42+00:00","article_modified_time":"2022-08-22T19:14:43+00:00","og_image":[{"width":1200,"height":1200,"url":"https:\/\/portalmf.com.br\/wp-content\/uploads\/2022\/08\/urna-eletronica.jpg","type":"image\/jpeg"}],"author":"Reginaldo J\u00fanior","twitter_card":"summary_large_image","twitter_creator":"@reginaldojrmf","twitter_misc":{"Escrito por":"Reginaldo J\u00fanior","Est. tempo de leitura":"2 minutos"},"schema":{"@context":"https:\/\/schema.org","@graph":[{"@type":"WebPage","@id":"https:\/\/portalmf.com.br\/index.php\/2022\/08\/22\/eleicoes-2022-tecnicos-da-pf-iniciam-inspecao-dos-codigos-fonte-das-urnas\/","url":"https:\/\/portalmf.com.br\/index.php\/2022\/08\/22\/eleicoes-2022-tecnicos-da-pf-iniciam-inspecao-dos-codigos-fonte-das-urnas\/","name":"Elei\u00e7\u00f5es 2022: t\u00e9cnicos da PF iniciam inspe\u00e7\u00e3o dos c\u00f3digos-fonte das urnas - Portal MF","isPartOf":{"@id":"https:\/\/portalmf.com.br\/#website"},"primaryImageOfPage":{"@id":"https:\/\/portalmf.com.br\/index.php\/2022\/08\/22\/eleicoes-2022-tecnicos-da-pf-iniciam-inspecao-dos-codigos-fonte-das-urnas\/#primaryimage"},"image":{"@id":"https:\/\/portalmf.com.br\/index.php\/2022\/08\/22\/eleicoes-2022-tecnicos-da-pf-iniciam-inspecao-dos-codigos-fonte-das-urnas\/#primaryimage"},"thumbnailUrl":"https:\/\/portalmf.com.br\/wp-content\/uploads\/2022\/08\/urna-eletronica.jpg","datePublished":"2022-08-22T19:14:42+00:00","dateModified":"2022-08-22T19:14:43+00:00","author":{"@id":"https:\/\/portalmf.com.br\/#\/schema\/person\/11c82086fe8abc05a19147e964587285"},"breadcrumb":{"@id":"https:\/\/portalmf.com.br\/index.php\/2022\/08\/22\/eleicoes-2022-tecnicos-da-pf-iniciam-inspecao-dos-codigos-fonte-das-urnas\/#breadcrumb"},"inLanguage":"pt-BR","potentialAction":[{"@type":"ReadAction","target":["https:\/\/portalmf.com.br\/index.php\/2022\/08\/22\/eleicoes-2022-tecnicos-da-pf-iniciam-inspecao-dos-codigos-fonte-das-urnas\/"]}]},{"@type":"ImageObject","inLanguage":"pt-BR","@id":"https:\/\/portalmf.com.br\/index.php\/2022\/08\/22\/eleicoes-2022-tecnicos-da-pf-iniciam-inspecao-dos-codigos-fonte-das-urnas\/#primaryimage","url":"https:\/\/portalmf.com.br\/wp-content\/uploads\/2022\/08\/urna-eletronica.jpg","contentUrl":"https:\/\/portalmf.com.br\/wp-content\/uploads\/2022\/08\/urna-eletronica.jpg","width":1200,"height":1200},{"@type":"BreadcrumbList","@id":"https:\/\/portalmf.com.br\/index.php\/2022\/08\/22\/eleicoes-2022-tecnicos-da-pf-iniciam-inspecao-dos-codigos-fonte-das-urnas\/#breadcrumb","itemListElement":[{"@type":"ListItem","position":1,"name":"In\u00edcio","item":"https:\/\/portalmf.com.br\/"},{"@type":"ListItem","position":2,"name":"Elei\u00e7\u00f5es 2022: t\u00e9cnicos da PF iniciam inspe\u00e7\u00e3o dos c\u00f3digos-fonte das urnas"}]},{"@type":"WebSite","@id":"https:\/\/portalmf.com.br\/#website","url":"https:\/\/portalmf.com.br\/","name":"Portal MF","description":"Voc\u00ea conectado com a informa\u00e7\u00e3o","potentialAction":[{"@type":"SearchAction","target":{"@type":"EntryPoint","urlTemplate":"https:\/\/portalmf.com.br\/?s={search_term_string}"},"query-input":"required name=search_term_string"}],"inLanguage":"pt-BR"},{"@type":"Person","@id":"https:\/\/portalmf.com.br\/#\/schema\/person\/11c82086fe8abc05a19147e964587285","name":"Reginaldo J\u00fanior","image":{"@type":"ImageObject","inLanguage":"pt-BR","@id":"https:\/\/portalmf.com.br\/#\/schema\/person\/image\/","url":"https:\/\/secure.gravatar.com\/avatar\/32a3c797cd0ac47cc53b8644c62776f9?s=96&d=mm&r=g","contentUrl":"https:\/\/secure.gravatar.com\/avatar\/32a3c797cd0ac47cc53b8644c62776f9?s=96&d=mm&r=g","caption":"Reginaldo J\u00fanior"},"description":"Jornalista e idealizador Portal MF","sameAs":["https:\/\/portalmf.com.br\/index.php\/author\/reginaldojr\/","reginaldojrfsa","reginaldojuniormf","https:\/\/x.com\/reginaldojrmf"],"url":"https:\/\/portalmf.com.br\/index.php\/author\/reginaldojr\/"}]}},"_links":{"self":[{"href":"https:\/\/portalmf.com.br\/index.php\/wp-json\/wp\/v2\/posts\/3459"}],"collection":[{"href":"https:\/\/portalmf.com.br\/index.php\/wp-json\/wp\/v2\/posts"}],"about":[{"href":"https:\/\/portalmf.com.br\/index.php\/wp-json\/wp\/v2\/types\/post"}],"author":[{"embeddable":true,"href":"https:\/\/portalmf.com.br\/index.php\/wp-json\/wp\/v2\/users\/2"}],"replies":[{"embeddable":true,"href":"https:\/\/portalmf.com.br\/index.php\/wp-json\/wp\/v2\/comments?post=3459"}],"version-history":[{"count":1,"href":"https:\/\/portalmf.com.br\/index.php\/wp-json\/wp\/v2\/posts\/3459\/revisions"}],"predecessor-version":[{"id":3461,"href":"https:\/\/portalmf.com.br\/index.php\/wp-json\/wp\/v2\/posts\/3459\/revisions\/3461"}],"wp:featuredmedia":[{"embeddable":true,"href":"https:\/\/portalmf.com.br\/index.php\/wp-json\/wp\/v2\/media\/3460"}],"wp:attachment":[{"href":"https:\/\/portalmf.com.br\/index.php\/wp-json\/wp\/v2\/media?parent=3459"}],"wp:term":[{"taxonomy":"category","embeddable":true,"href":"https:\/\/portalmf.com.br\/index.php\/wp-json\/wp\/v2\/categories?post=3459"},{"taxonomy":"post_tag","embeddable":true,"href":"https:\/\/portalmf.com.br\/index.php\/wp-json\/wp\/v2\/tags?post=3459"}],"curies":[{"name":"wp","href":"https:\/\/api.w.org\/{rel}","templated":true}]}}