{"id":34584,"date":"2025-03-05T11:28:29","date_gmt":"2025-03-05T14:28:29","guid":{"rendered":"https:\/\/portalmf.com.br\/?p=34584"},"modified":"2025-03-05T11:32:28","modified_gmt":"2025-03-05T14:32:28","slug":"banda-pagodart-celebra-25-anos-de-sucesso-no-carnaval-e-homenageia-os-40-anos-do-axe","status":"publish","type":"post","link":"https:\/\/portalmf.com.br\/index.php\/2025\/03\/05\/banda-pagodart-celebra-25-anos-de-sucesso-no-carnaval-e-homenageia-os-40-anos-do-axe\/","title":{"rendered":"Banda Pagodart celebra 25 anos de sucesso no Carnaval e homenageia os 40 anos do ax\u00e9"},"content":{"rendered":"\n<p>O Carnaval de Salvador deste ano tem um sabor especial para os f\u00e3s do Ax\u00e9, do Pagodart e do Trio El\u00e9trico. Em uma celebra\u00e7\u00e3o \u00fanica, tr\u00eas marcos hist\u00f3ricos se encontram: os 40 anos do Ax\u00e9, os 25 anos do Pagodart e os 75 anos do Trio El\u00e9trico. Entre os artistas que marcam presen\u00e7a, o cantor Flavinho, da Banda Pagodart, reflete sobre a import\u00e2ncia dessa festa para ele e para a m\u00fasica baiana.<\/p>\n\n\n\n<p>&#8220;Estamos vivendo um privil\u00e9gio incr\u00edvel&#8221;, declara Flavinho, enquanto exibe uma camisa em homenagem a Durvalino (Durval L\u00e9lys), uma das figuras hist\u00f3ricas do Ax\u00e9.<\/p>\n\n\n\n<p> &#8220;Ontem, estava com a camisa da Sarajane, e tive v\u00e1rias camisas todos os dias. O Carnaval \u00e9 isso, \u00e9 viver o momento e celebrar a nossa hist\u00f3ria.&#8221;<\/p>\n\n\n\n<p>A emo\u00e7\u00e3o de celebrar 25 anos de carreira no ano em que o Ax\u00e9 completa 40 anos \u00e9 palp\u00e1vel para Flavinho, que, com sua banda do tradicional Pagod\u00e3o Baiano, est\u00e1 levando sua m\u00fasica para mais palcos de Salvador e o Carnaval Consagrou a celebra\u00e7\u00e3o da hist\u00f3ria da banda, rememorando antigos sucessos. <\/p>\n\n\n\n<p>&#8220;Gra\u00e7as a Deus, tocamos mais aqui em Salvador, de quinta-feira at\u00e9 segunda-feira, com muita energia e carinho do p\u00fablico&#8221;, afirma. Ele destaca ainda a import\u00e2ncia de respeitar as ra\u00edzes do g\u00eanero, mencionando os pioneiros do movimento e a evolu\u00e7\u00e3o da m\u00fasica que hoje mistura o pagode com o Ax\u00e9 de uma forma \u00fanica.<\/p>\n\n\n\n<p>Com um repert\u00f3rio que mistura sucessos antigos e novos, Flavinho ressalta que a galera adora as m\u00fasicas cl\u00e1ssicas, que continuam a agitar a folia com a mesma energia de sempre. <\/p>\n\n\n\n<p>&#8220;\u00c9 engra\u00e7ado, porque as m\u00fasicas antigas n\u00e3o podem faltar no repert\u00f3rio. O p\u00fablico vibra como se fossem lan\u00e7adas hoje&#8221;, diz ele, orgulhoso dos sucessos que continuam a marcar o Carnaval, como \u201cBeat no Cavaquinho\u201d e \u201cMex\u00ea Mex\u00ea\u201d, que j\u00e1 ultrapassaram 2 milh\u00f5es de visualiza\u00e7\u00f5es nas plataformas digitais. <\/p>\n\n\n\n<p>&#8220;Estamos competindo conosco mesmos. E isso \u00e9 uma competi\u00e7\u00e3o boa&#8221;, afirma.<\/p>\n\n\n\n<p>Para Flavinho, a maior vit\u00f3ria j\u00e1 \u00e9 estar concorrendo com outros grandes nomes no pr\u00eamio Bahia Folia que escolhe a melhor M\u00fasica do Carnaval. <\/p>\n\n\n\n<p>&#8220;Nunca tive uma m\u00fasica que ganhou t\u00edtulo de m\u00fasica do Carnaval, mas s\u00f3 o fato de estar na disputa j\u00e1 \u00e9 uma grande conquista&#8221;, revela. Ele tamb\u00e9m fez quest\u00e3o de agradecer aos f\u00e3s pelo apoio, dizendo que a participa\u00e7\u00e3o do p\u00fablico \u00e9 o que realmente torna o Carnaval ainda mais especial.<\/p>\n\n\n\n<p>Al\u00e9m de refletir sobre sua carreira e o impacto de sua m\u00fasica, Flavinho tamb\u00e9m fez quest\u00e3o de mandar um abra\u00e7o para o p\u00fablico de Feira de Santana, cidade que considera sua segunda casa. <\/p>\n\n\n\n<p>&#8220;Feira de Santana \u00e9 boa demais! A gente espera voc\u00eas na nossa Micareta. Um beijo para todos l\u00e1, especialmente para a Duda, minha filha&#8221;, declarou.<\/p>\n\n\n\n<p>Com o clima de festa e alegria, Flavinho deixa uma reflex\u00e3o sobre esse Carnaval especial, cheio de significado para ele e para todos que acompanham sua carreira. \u201cSeguimos vivendo a alegria, curtindo essa folia e comemorando os 40 anos do Ax\u00e9, com muito amor e energia!\u201d<\/p>\n","protected":false},"excerpt":{"rendered":"<p>O Carnaval de Salvador deste ano tem um sabor especial para os f\u00e3s do Ax\u00e9, do Pagodart e do Trio El\u00e9trico. Em uma celebra\u00e7\u00e3o \u00fanica, tr\u00eas marcos hist\u00f3ricos se encontram: os 40 anos do Ax\u00e9, os 25 anos do Pagodart e os 75 anos do Trio El\u00e9trico. Entre os artistas que marcam presen\u00e7a, o cantor [&hellip;]<\/p>\n","protected":false},"author":5,"featured_media":34585,"comment_status":"open","ping_status":"open","sticky":false,"template":"","format":"standard","meta":{"_monsterinsights_skip_tracking":false,"_monsterinsights_sitenote_active":false,"_monsterinsights_sitenote_note":"","_monsterinsights_sitenote_category":0,"footnotes":""},"categories":[44,48],"tags":[],"yoast_head":"<!-- This site is optimized with the Yoast SEO plugin v22.9 - https:\/\/yoast.com\/wordpress\/plugins\/seo\/ -->\n<title>Banda Pagodart celebra 25 anos de sucesso no Carnaval e homenageia os 40 anos do ax\u00e9 - Portal MF<\/title>\n<meta name=\"robots\" content=\"index, follow, max-snippet:-1, max-image-preview:large, max-video-preview:-1\" \/>\n<link rel=\"canonical\" href=\"https:\/\/portalmf.com.br\/index.php\/2025\/03\/05\/banda-pagodart-celebra-25-anos-de-sucesso-no-carnaval-e-homenageia-os-40-anos-do-axe\/\" \/>\n<meta property=\"og:locale\" content=\"pt_BR\" \/>\n<meta property=\"og:type\" content=\"article\" \/>\n<meta property=\"og:title\" content=\"Banda Pagodart celebra 25 anos de sucesso no Carnaval e homenageia os 40 anos do ax\u00e9 - Portal MF\" \/>\n<meta property=\"og:description\" content=\"O Carnaval de Salvador deste ano tem um sabor especial para os f\u00e3s do Ax\u00e9, do Pagodart e do Trio El\u00e9trico. Em uma celebra\u00e7\u00e3o \u00fanica, tr\u00eas marcos hist\u00f3ricos se encontram: os 40 anos do Ax\u00e9, os 25 anos do Pagodart e os 75 anos do Trio El\u00e9trico. Entre os artistas que marcam presen\u00e7a, o cantor [&hellip;]\" \/>\n<meta property=\"og:url\" content=\"https:\/\/portalmf.com.br\/index.php\/2025\/03\/05\/banda-pagodart-celebra-25-anos-de-sucesso-no-carnaval-e-homenageia-os-40-anos-do-axe\/\" \/>\n<meta property=\"og:site_name\" content=\"Portal MF\" \/>\n<meta property=\"article:published_time\" content=\"2025-03-05T14:28:29+00:00\" \/>\n<meta property=\"article:modified_time\" content=\"2025-03-05T14:32:28+00:00\" \/>\n<meta property=\"og:image\" content=\"https:\/\/portalmf.com.br\/wp-content\/uploads\/2025\/03\/IMG_4314-scaled.jpeg\" \/>\n\t<meta property=\"og:image:width\" content=\"2560\" \/>\n\t<meta property=\"og:image:height\" content=\"1696\" \/>\n\t<meta property=\"og:image:type\" content=\"image\/jpeg\" \/>\n<meta name=\"author\" content=\"Lila Oliveira\" \/>\n<meta name=\"twitter:card\" content=\"summary_large_image\" \/>\n<meta name=\"twitter:label1\" content=\"Escrito por\" \/>\n\t<meta name=\"twitter:data1\" content=\"Lila Oliveira\" \/>\n\t<meta name=\"twitter:label2\" content=\"Est. tempo de leitura\" \/>\n\t<meta name=\"twitter:data2\" content=\"3 minutos\" \/>\n<script type=\"application\/ld+json\" class=\"yoast-schema-graph\">{\"@context\":\"https:\/\/schema.org\",\"@graph\":[{\"@type\":\"WebPage\",\"@id\":\"https:\/\/portalmf.com.br\/index.php\/2025\/03\/05\/banda-pagodart-celebra-25-anos-de-sucesso-no-carnaval-e-homenageia-os-40-anos-do-axe\/\",\"url\":\"https:\/\/portalmf.com.br\/index.php\/2025\/03\/05\/banda-pagodart-celebra-25-anos-de-sucesso-no-carnaval-e-homenageia-os-40-anos-do-axe\/\",\"name\":\"Banda Pagodart celebra 25 anos de sucesso no Carnaval e homenageia os 40 anos do ax\u00e9 - Portal MF\",\"isPartOf\":{\"@id\":\"https:\/\/portalmf.com.br\/#website\"},\"primaryImageOfPage\":{\"@id\":\"https:\/\/portalmf.com.br\/index.php\/2025\/03\/05\/banda-pagodart-celebra-25-anos-de-sucesso-no-carnaval-e-homenageia-os-40-anos-do-axe\/#primaryimage\"},\"image\":{\"@id\":\"https:\/\/portalmf.com.br\/index.php\/2025\/03\/05\/banda-pagodart-celebra-25-anos-de-sucesso-no-carnaval-e-homenageia-os-40-anos-do-axe\/#primaryimage\"},\"thumbnailUrl\":\"https:\/\/portalmf.com.br\/wp-content\/uploads\/2025\/03\/IMG_4314-scaled.jpeg\",\"datePublished\":\"2025-03-05T14:28:29+00:00\",\"dateModified\":\"2025-03-05T14:32:28+00:00\",\"author\":{\"@id\":\"https:\/\/portalmf.com.br\/#\/schema\/person\/19071c375ee7579b7300dd91d656ff97\"},\"breadcrumb\":{\"@id\":\"https:\/\/portalmf.com.br\/index.php\/2025\/03\/05\/banda-pagodart-celebra-25-anos-de-sucesso-no-carnaval-e-homenageia-os-40-anos-do-axe\/#breadcrumb\"},\"inLanguage\":\"pt-BR\",\"potentialAction\":[{\"@type\":\"ReadAction\",\"target\":[\"https:\/\/portalmf.com.br\/index.php\/2025\/03\/05\/banda-pagodart-celebra-25-anos-de-sucesso-no-carnaval-e-homenageia-os-40-anos-do-axe\/\"]}]},{\"@type\":\"ImageObject\",\"inLanguage\":\"pt-BR\",\"@id\":\"https:\/\/portalmf.com.br\/index.php\/2025\/03\/05\/banda-pagodart-celebra-25-anos-de-sucesso-no-carnaval-e-homenageia-os-40-anos-do-axe\/#primaryimage\",\"url\":\"https:\/\/portalmf.com.br\/wp-content\/uploads\/2025\/03\/IMG_4314-scaled.jpeg\",\"contentUrl\":\"https:\/\/portalmf.com.br\/wp-content\/uploads\/2025\/03\/IMG_4314-scaled.jpeg\",\"width\":2560,\"height\":1696},{\"@type\":\"BreadcrumbList\",\"@id\":\"https:\/\/portalmf.com.br\/index.php\/2025\/03\/05\/banda-pagodart-celebra-25-anos-de-sucesso-no-carnaval-e-homenageia-os-40-anos-do-axe\/#breadcrumb\",\"itemListElement\":[{\"@type\":\"ListItem\",\"position\":1,\"name\":\"In\u00edcio\",\"item\":\"https:\/\/portalmf.com.br\/\"},{\"@type\":\"ListItem\",\"position\":2,\"name\":\"Banda Pagodart celebra 25 anos de sucesso no Carnaval e homenageia os 40 anos do ax\u00e9\"}]},{\"@type\":\"WebSite\",\"@id\":\"https:\/\/portalmf.com.br\/#website\",\"url\":\"https:\/\/portalmf.com.br\/\",\"name\":\"Portal MF\",\"description\":\"Voc\u00ea conectado com a informa\u00e7\u00e3o\",\"potentialAction\":[{\"@type\":\"SearchAction\",\"target\":{\"@type\":\"EntryPoint\",\"urlTemplate\":\"https:\/\/portalmf.com.br\/?s={search_term_string}\"},\"query-input\":\"required name=search_term_string\"}],\"inLanguage\":\"pt-BR\"},{\"@type\":\"Person\",\"@id\":\"https:\/\/portalmf.com.br\/#\/schema\/person\/19071c375ee7579b7300dd91d656ff97\",\"name\":\"Lila Oliveira\",\"image\":{\"@type\":\"ImageObject\",\"inLanguage\":\"pt-BR\",\"@id\":\"https:\/\/portalmf.com.br\/#\/schema\/person\/image\/\",\"url\":\"https:\/\/secure.gravatar.com\/avatar\/344958fa973c4e824a6dde1b63c19431?s=96&d=mm&r=g\",\"contentUrl\":\"https:\/\/secure.gravatar.com\/avatar\/344958fa973c4e824a6dde1b63c19431?s=96&d=mm&r=g\",\"caption\":\"Lila Oliveira\"},\"sameAs\":[\"https:\/\/portalmf.com.br\/\"],\"url\":\"https:\/\/portalmf.com.br\/index.php\/author\/lilaoliveira\/\"}]}<\/script>\n<!-- \/ Yoast SEO plugin. -->","yoast_head_json":{"title":"Banda Pagodart celebra 25 anos de sucesso no Carnaval e homenageia os 40 anos do ax\u00e9 - Portal MF","robots":{"index":"index","follow":"follow","max-snippet":"max-snippet:-1","max-image-preview":"max-image-preview:large","max-video-preview":"max-video-preview:-1"},"canonical":"https:\/\/portalmf.com.br\/index.php\/2025\/03\/05\/banda-pagodart-celebra-25-anos-de-sucesso-no-carnaval-e-homenageia-os-40-anos-do-axe\/","og_locale":"pt_BR","og_type":"article","og_title":"Banda Pagodart celebra 25 anos de sucesso no Carnaval e homenageia os 40 anos do ax\u00e9 - Portal MF","og_description":"O Carnaval de Salvador deste ano tem um sabor especial para os f\u00e3s do Ax\u00e9, do Pagodart e do Trio El\u00e9trico. Em uma celebra\u00e7\u00e3o \u00fanica, tr\u00eas marcos hist\u00f3ricos se encontram: os 40 anos do Ax\u00e9, os 25 anos do Pagodart e os 75 anos do Trio El\u00e9trico. Entre os artistas que marcam presen\u00e7a, o cantor [&hellip;]","og_url":"https:\/\/portalmf.com.br\/index.php\/2025\/03\/05\/banda-pagodart-celebra-25-anos-de-sucesso-no-carnaval-e-homenageia-os-40-anos-do-axe\/","og_site_name":"Portal MF","article_published_time":"2025-03-05T14:28:29+00:00","article_modified_time":"2025-03-05T14:32:28+00:00","og_image":[{"width":2560,"height":1696,"url":"https:\/\/portalmf.com.br\/wp-content\/uploads\/2025\/03\/IMG_4314-scaled.jpeg","type":"image\/jpeg"}],"author":"Lila Oliveira","twitter_card":"summary_large_image","twitter_misc":{"Escrito por":"Lila Oliveira","Est. tempo de leitura":"3 minutos"},"schema":{"@context":"https:\/\/schema.org","@graph":[{"@type":"WebPage","@id":"https:\/\/portalmf.com.br\/index.php\/2025\/03\/05\/banda-pagodart-celebra-25-anos-de-sucesso-no-carnaval-e-homenageia-os-40-anos-do-axe\/","url":"https:\/\/portalmf.com.br\/index.php\/2025\/03\/05\/banda-pagodart-celebra-25-anos-de-sucesso-no-carnaval-e-homenageia-os-40-anos-do-axe\/","name":"Banda Pagodart celebra 25 anos de sucesso no Carnaval e homenageia os 40 anos do ax\u00e9 - Portal MF","isPartOf":{"@id":"https:\/\/portalmf.com.br\/#website"},"primaryImageOfPage":{"@id":"https:\/\/portalmf.com.br\/index.php\/2025\/03\/05\/banda-pagodart-celebra-25-anos-de-sucesso-no-carnaval-e-homenageia-os-40-anos-do-axe\/#primaryimage"},"image":{"@id":"https:\/\/portalmf.com.br\/index.php\/2025\/03\/05\/banda-pagodart-celebra-25-anos-de-sucesso-no-carnaval-e-homenageia-os-40-anos-do-axe\/#primaryimage"},"thumbnailUrl":"https:\/\/portalmf.com.br\/wp-content\/uploads\/2025\/03\/IMG_4314-scaled.jpeg","datePublished":"2025-03-05T14:28:29+00:00","dateModified":"2025-03-05T14:32:28+00:00","author":{"@id":"https:\/\/portalmf.com.br\/#\/schema\/person\/19071c375ee7579b7300dd91d656ff97"},"breadcrumb":{"@id":"https:\/\/portalmf.com.br\/index.php\/2025\/03\/05\/banda-pagodart-celebra-25-anos-de-sucesso-no-carnaval-e-homenageia-os-40-anos-do-axe\/#breadcrumb"},"inLanguage":"pt-BR","potentialAction":[{"@type":"ReadAction","target":["https:\/\/portalmf.com.br\/index.php\/2025\/03\/05\/banda-pagodart-celebra-25-anos-de-sucesso-no-carnaval-e-homenageia-os-40-anos-do-axe\/"]}]},{"@type":"ImageObject","inLanguage":"pt-BR","@id":"https:\/\/portalmf.com.br\/index.php\/2025\/03\/05\/banda-pagodart-celebra-25-anos-de-sucesso-no-carnaval-e-homenageia-os-40-anos-do-axe\/#primaryimage","url":"https:\/\/portalmf.com.br\/wp-content\/uploads\/2025\/03\/IMG_4314-scaled.jpeg","contentUrl":"https:\/\/portalmf.com.br\/wp-content\/uploads\/2025\/03\/IMG_4314-scaled.jpeg","width":2560,"height":1696},{"@type":"BreadcrumbList","@id":"https:\/\/portalmf.com.br\/index.php\/2025\/03\/05\/banda-pagodart-celebra-25-anos-de-sucesso-no-carnaval-e-homenageia-os-40-anos-do-axe\/#breadcrumb","itemListElement":[{"@type":"ListItem","position":1,"name":"In\u00edcio","item":"https:\/\/portalmf.com.br\/"},{"@type":"ListItem","position":2,"name":"Banda Pagodart celebra 25 anos de sucesso no Carnaval e homenageia os 40 anos do ax\u00e9"}]},{"@type":"WebSite","@id":"https:\/\/portalmf.com.br\/#website","url":"https:\/\/portalmf.com.br\/","name":"Portal MF","description":"Voc\u00ea conectado com a informa\u00e7\u00e3o","potentialAction":[{"@type":"SearchAction","target":{"@type":"EntryPoint","urlTemplate":"https:\/\/portalmf.com.br\/?s={search_term_string}"},"query-input":"required name=search_term_string"}],"inLanguage":"pt-BR"},{"@type":"Person","@id":"https:\/\/portalmf.com.br\/#\/schema\/person\/19071c375ee7579b7300dd91d656ff97","name":"Lila Oliveira","image":{"@type":"ImageObject","inLanguage":"pt-BR","@id":"https:\/\/portalmf.com.br\/#\/schema\/person\/image\/","url":"https:\/\/secure.gravatar.com\/avatar\/344958fa973c4e824a6dde1b63c19431?s=96&d=mm&r=g","contentUrl":"https:\/\/secure.gravatar.com\/avatar\/344958fa973c4e824a6dde1b63c19431?s=96&d=mm&r=g","caption":"Lila Oliveira"},"sameAs":["https:\/\/portalmf.com.br\/"],"url":"https:\/\/portalmf.com.br\/index.php\/author\/lilaoliveira\/"}]}},"_links":{"self":[{"href":"https:\/\/portalmf.com.br\/index.php\/wp-json\/wp\/v2\/posts\/34584"}],"collection":[{"href":"https:\/\/portalmf.com.br\/index.php\/wp-json\/wp\/v2\/posts"}],"about":[{"href":"https:\/\/portalmf.com.br\/index.php\/wp-json\/wp\/v2\/types\/post"}],"author":[{"embeddable":true,"href":"https:\/\/portalmf.com.br\/index.php\/wp-json\/wp\/v2\/users\/5"}],"replies":[{"embeddable":true,"href":"https:\/\/portalmf.com.br\/index.php\/wp-json\/wp\/v2\/comments?post=34584"}],"version-history":[{"count":2,"href":"https:\/\/portalmf.com.br\/index.php\/wp-json\/wp\/v2\/posts\/34584\/revisions"}],"predecessor-version":[{"id":34589,"href":"https:\/\/portalmf.com.br\/index.php\/wp-json\/wp\/v2\/posts\/34584\/revisions\/34589"}],"wp:featuredmedia":[{"embeddable":true,"href":"https:\/\/portalmf.com.br\/index.php\/wp-json\/wp\/v2\/media\/34585"}],"wp:attachment":[{"href":"https:\/\/portalmf.com.br\/index.php\/wp-json\/wp\/v2\/media?parent=34584"}],"wp:term":[{"taxonomy":"category","embeddable":true,"href":"https:\/\/portalmf.com.br\/index.php\/wp-json\/wp\/v2\/categories?post=34584"},{"taxonomy":"post_tag","embeddable":true,"href":"https:\/\/portalmf.com.br\/index.php\/wp-json\/wp\/v2\/tags?post=34584"}],"curies":[{"name":"wp","href":"https:\/\/api.w.org\/{rel}","templated":true}]}}