{"id":34580,"date":"2025-03-04T12:10:39","date_gmt":"2025-03-04T15:10:39","guid":{"rendered":"https:\/\/portalmf.com.br\/?p=34580"},"modified":"2025-03-04T12:20:48","modified_gmt":"2025-03-04T15:20:48","slug":"luiz-caldas-fala-direto-do-carnaval-de-salvador-e-avisa-estarei-na-micareta-de-feira-de-santana","status":"publish","type":"post","link":"https:\/\/portalmf.com.br\/index.php\/2025\/03\/04\/luiz-caldas-fala-direto-do-carnaval-de-salvador-e-avisa-estarei-na-micareta-de-feira-de-santana\/","title":{"rendered":"Luiz Caldas fala direto do Carnaval de Salvador e avisa: \u201cEstarei na Micareta de Feira de Santana\u201d"},"content":{"rendered":"\n<p>Feira de Santana, sua cidade natal, que ser\u00e1 novamente o palco da grande festa de Luiz Caldas. O cantor e compositor, um dos maiores \u00edcones da m\u00fasica baiana, conhecido como o pai da Ax\u00e9 Music, diz que se prepara para brilhar, mais uma vez, na tradicional Micareta de Feira de Santana.<\/p>\n\n\n\n<p>Diretamente do Trio El\u00e9trico, em entrevista exclusiva ao jornalista, Reginaldo J\u00fanior, ao relembrar sua trajet\u00f3ria, Luiz Caldas se mostra feliz e emocionado ao celebrar os 40 anos de sua carreira, destacando sua participa\u00e7\u00e3o fundamental na cria\u00e7\u00e3o e populariza\u00e7\u00e3o do movimento Ax\u00e9 Music, al\u00e9m de outras importantes conquistas que marcaram sua trajet\u00f3ria.<\/p>\n\n\n\n<p>\u201cEu fico muito feliz nesse momento de celebra\u00e7\u00e3o dos 40 anos. O disco Magia, lan\u00e7ado em 1985, foi um divisor de \u00e1guas para o Carnaval de Salvador, criando um novo modelo musical que, com o tempo, foi abra\u00e7ado por todos e ajudou a tornar o Carnaval da Bahia um dos maiores do mundo\u201d, afirmou Luiz Caldas, referindo-se \u00e0 sua contribui\u00e7\u00e3o no in\u00edcio do movimento que hoje \u00e9 o Ax\u00e9 Music.<\/p>\n\n\n\n<h2 class=\"wp-block-heading\">A Micareta de Feira de Santana e o encontro com os conterr\u00e2neos<\/h2>\n\n\n\n<p>Em meio \u00e0s celebra\u00e7\u00f5es de sua carreira e de importantes marcos da m\u00fasica baiana, Luiz Caldas n\u00e3o esquece suas ra\u00edzes. Natural de Feira de Santana, o cantor expressa seu carinho pela cidade e pela Micareta, uma das maiores festas de rua do Brasil. &#8220;Claro que estarei na minha terra, na Micareta de Feira de Santana, junto com todos voc\u00eas. Vai ser uma grande alegria estar com minha gente&#8221;, disse Caldas, emocionado.<\/p>\n\n\n\n<p>A Micareta de Feira de Santana, maior Carnaval fora de \u00e9poca do pa\u00eds, \u00e9 um evento que sempre teve um significado especial para o cantor, que tem uma rela\u00e7\u00e3o \u00edntima com os feirenses e com a tradi\u00e7\u00e3o da festa. A cidade, que j\u00e1 foi ber\u00e7o de grandes artistas e m\u00fasicos, espera ansiosamente pela presen\u00e7a de seu conterr\u00e2neo no evento, que promete agitar os foli\u00f5es com muito Ax\u00e9 e anima\u00e7\u00e3o.<\/p>\n\n\n\n<p>Luiz Caldas, com sua trajet\u00f3ria recheada de sucessos, n\u00e3o apenas celebrar\u00e1 sua carreira, mas tamb\u00e9m prestar\u00e1 uma homenagem \u00e0 terra que o viu nascer. &#8220;Um abra\u00e7o a todos de Feira de Santana, a Princesa do Sert\u00e3o. Estamos juntos, e \u00e9 claro que nos veremos na nossa Micareta!&#8221;, finalizou o cantor, transmitindo seu amor pela cidade e pelo evento que celebra a m\u00fasica, a cultura e a alegria de seu povo.<\/p>\n\n\n\n<p>A Micareta de Feira de Santana, mais uma vez, ser\u00e1 o palco da alegria e da magia de Luiz Caldas, reafirmando sua import\u00e2ncia como um dos grandes nomes da m\u00fasica baiana e de todo o Brasil.<\/p>\n\n\n\n<h2 class=\"wp-block-heading\">Magia e a Revolu\u00e7\u00e3o no Carnaval de Salvador<\/h2>\n\n\n\n<p>O artista relembra que em 1985, o \u00e1lbum Magia trouxe um novo estilo de m\u00fasica para o Carnaval de Salvador, uma fus\u00e3o de ritmos aut\u00eanticos da Bahia com uma pegada mais moderna, o que resultou no crescimento da festa, tanto no Brasil quanto internacionalmente. Luiz Caldas, ao lado de artistas como Itamar Assump\u00e7\u00e3o e Jair, foi pioneiro nessa transforma\u00e7\u00e3o e um dos respons\u00e1veis por levar o Ax\u00e9 Music a um p\u00fablico global.<\/p>\n\n\n\n<p>\u201cFoi um modelo que todo mundo aproveitou de uma forma legal. Fez o Carnaval da Bahia crescer assustadoramente, no bom sentido. Hoje, o mundo vem visitar o nosso Carnaval, e o Ax\u00e9 Music tem uma parcela gigantesca nisso&#8221;, ressaltou Caldas, relembrando o impacto que seu trabalho teve na m\u00fasica baiana e no turismo cultural de Salvador.<\/p>\n\n\n\n<p>Trio El\u00e9trico e a fus\u00e3o musical<\/p>\n\n\n\n<p>Para o cantor, outro momento marcante de sua carreira foi quando subiu pela primeira vez no Trio El\u00e9trico, em 1979, ano de cria\u00e7\u00e3o do ic\u00f4nico bloco A Holodom. \u201cFoi quando eu gravei pela primeira vez com o El\u00e9trico Tapaj\u00f3s a m\u00fasica Oxumal\u00e1. Eu acredito que foi a\u00ed que o embri\u00e3o do Ax\u00e9 Music come\u00e7ou a se manifestar. Conseguimos unir a for\u00e7a da m\u00fasica afro-baiana com minhas guitarras, as guitarras de Armandinho e Pepeu, criando essa fus\u00e3o maravilhosa que \u00e9 a m\u00fasica baiana&#8221;, comentou.<\/p>\n\n\n\n<p>Com a inven\u00e7\u00e3o do Trio El\u00e9trico, a m\u00fasica baiana se consolidou de vez no cen\u00e1rio musical mundial. E para Luiz Caldas, n\u00e3o h\u00e1 como ignorar a import\u00e2ncia dessa cria\u00e7\u00e3o. \u201cO Trio El\u00e9trico foi uma inven\u00e7\u00e3o maravilhosa, n\u00e3o s\u00f3 para a Bahia, mas para o Brasil e o mundo. Hoje, qualquer lugar do planeta tem um Trio El\u00e9trico. Isso mostra a for\u00e7a dessa inova\u00e7\u00e3o\u201d, afirmou, comemorando os 75 anos desse legado.<\/p>\n","protected":false},"excerpt":{"rendered":"<p>Feira de Santana, sua cidade natal, que ser\u00e1 novamente o palco da grande festa de Luiz Caldas. O cantor e compositor, um dos maiores \u00edcones da m\u00fasica baiana, conhecido como o pai da Ax\u00e9 Music, diz que se prepara para brilhar, mais uma vez, na tradicional Micareta de Feira de Santana. Diretamente do Trio El\u00e9trico, [&hellip;]<\/p>\n","protected":false},"author":5,"featured_media":34581,"comment_status":"open","ping_status":"open","sticky":false,"template":"","format":"standard","meta":{"_monsterinsights_skip_tracking":false,"_monsterinsights_sitenote_active":false,"_monsterinsights_sitenote_note":"","_monsterinsights_sitenote_category":0,"footnotes":""},"categories":[44,48],"tags":[],"yoast_head":"<!-- This site is optimized with the Yoast SEO plugin v22.9 - https:\/\/yoast.com\/wordpress\/plugins\/seo\/ -->\n<title>Luiz Caldas fala direto do Carnaval de Salvador e avisa: \u201cEstarei na Micareta de Feira de Santana\u201d - Portal MF<\/title>\n<meta name=\"robots\" content=\"index, follow, max-snippet:-1, max-image-preview:large, max-video-preview:-1\" \/>\n<link rel=\"canonical\" href=\"https:\/\/portalmf.com.br\/index.php\/2025\/03\/04\/luiz-caldas-fala-direto-do-carnaval-de-salvador-e-avisa-estarei-na-micareta-de-feira-de-santana\/\" \/>\n<meta property=\"og:locale\" content=\"pt_BR\" \/>\n<meta property=\"og:type\" content=\"article\" \/>\n<meta property=\"og:title\" content=\"Luiz Caldas fala direto do Carnaval de Salvador e avisa: \u201cEstarei na Micareta de Feira de Santana\u201d - Portal MF\" \/>\n<meta property=\"og:description\" content=\"Feira de Santana, sua cidade natal, que ser\u00e1 novamente o palco da grande festa de Luiz Caldas. O cantor e compositor, um dos maiores \u00edcones da m\u00fasica baiana, conhecido como o pai da Ax\u00e9 Music, diz que se prepara para brilhar, mais uma vez, na tradicional Micareta de Feira de Santana. Diretamente do Trio El\u00e9trico, [&hellip;]\" \/>\n<meta property=\"og:url\" content=\"https:\/\/portalmf.com.br\/index.php\/2025\/03\/04\/luiz-caldas-fala-direto-do-carnaval-de-salvador-e-avisa-estarei-na-micareta-de-feira-de-santana\/\" \/>\n<meta property=\"og:site_name\" content=\"Portal MF\" \/>\n<meta property=\"article:published_time\" content=\"2025-03-04T15:10:39+00:00\" \/>\n<meta property=\"article:modified_time\" content=\"2025-03-04T15:20:48+00:00\" \/>\n<meta property=\"og:image\" content=\"https:\/\/portalmf.com.br\/wp-content\/uploads\/2025\/03\/IMG_4539.jpeg\" \/>\n\t<meta property=\"og:image:width\" content=\"2160\" \/>\n\t<meta property=\"og:image:height\" content=\"1798\" \/>\n\t<meta property=\"og:image:type\" content=\"image\/jpeg\" \/>\n<meta name=\"author\" content=\"Lila Oliveira\" \/>\n<meta name=\"twitter:card\" content=\"summary_large_image\" \/>\n<meta name=\"twitter:label1\" content=\"Escrito por\" \/>\n\t<meta name=\"twitter:data1\" content=\"Lila Oliveira\" \/>\n\t<meta name=\"twitter:label2\" content=\"Est. tempo de leitura\" \/>\n\t<meta name=\"twitter:data2\" content=\"5 minutos\" \/>\n<script type=\"application\/ld+json\" class=\"yoast-schema-graph\">{\"@context\":\"https:\/\/schema.org\",\"@graph\":[{\"@type\":\"WebPage\",\"@id\":\"https:\/\/portalmf.com.br\/index.php\/2025\/03\/04\/luiz-caldas-fala-direto-do-carnaval-de-salvador-e-avisa-estarei-na-micareta-de-feira-de-santana\/\",\"url\":\"https:\/\/portalmf.com.br\/index.php\/2025\/03\/04\/luiz-caldas-fala-direto-do-carnaval-de-salvador-e-avisa-estarei-na-micareta-de-feira-de-santana\/\",\"name\":\"Luiz Caldas fala direto do Carnaval de Salvador e avisa: \u201cEstarei na Micareta de Feira de Santana\u201d - Portal MF\",\"isPartOf\":{\"@id\":\"https:\/\/portalmf.com.br\/#website\"},\"primaryImageOfPage\":{\"@id\":\"https:\/\/portalmf.com.br\/index.php\/2025\/03\/04\/luiz-caldas-fala-direto-do-carnaval-de-salvador-e-avisa-estarei-na-micareta-de-feira-de-santana\/#primaryimage\"},\"image\":{\"@id\":\"https:\/\/portalmf.com.br\/index.php\/2025\/03\/04\/luiz-caldas-fala-direto-do-carnaval-de-salvador-e-avisa-estarei-na-micareta-de-feira-de-santana\/#primaryimage\"},\"thumbnailUrl\":\"https:\/\/portalmf.com.br\/wp-content\/uploads\/2025\/03\/IMG_4539.jpeg\",\"datePublished\":\"2025-03-04T15:10:39+00:00\",\"dateModified\":\"2025-03-04T15:20:48+00:00\",\"author\":{\"@id\":\"https:\/\/portalmf.com.br\/#\/schema\/person\/19071c375ee7579b7300dd91d656ff97\"},\"breadcrumb\":{\"@id\":\"https:\/\/portalmf.com.br\/index.php\/2025\/03\/04\/luiz-caldas-fala-direto-do-carnaval-de-salvador-e-avisa-estarei-na-micareta-de-feira-de-santana\/#breadcrumb\"},\"inLanguage\":\"pt-BR\",\"potentialAction\":[{\"@type\":\"ReadAction\",\"target\":[\"https:\/\/portalmf.com.br\/index.php\/2025\/03\/04\/luiz-caldas-fala-direto-do-carnaval-de-salvador-e-avisa-estarei-na-micareta-de-feira-de-santana\/\"]}]},{\"@type\":\"ImageObject\",\"inLanguage\":\"pt-BR\",\"@id\":\"https:\/\/portalmf.com.br\/index.php\/2025\/03\/04\/luiz-caldas-fala-direto-do-carnaval-de-salvador-e-avisa-estarei-na-micareta-de-feira-de-santana\/#primaryimage\",\"url\":\"https:\/\/portalmf.com.br\/wp-content\/uploads\/2025\/03\/IMG_4539.jpeg\",\"contentUrl\":\"https:\/\/portalmf.com.br\/wp-content\/uploads\/2025\/03\/IMG_4539.jpeg\",\"width\":2160,\"height\":1798},{\"@type\":\"BreadcrumbList\",\"@id\":\"https:\/\/portalmf.com.br\/index.php\/2025\/03\/04\/luiz-caldas-fala-direto-do-carnaval-de-salvador-e-avisa-estarei-na-micareta-de-feira-de-santana\/#breadcrumb\",\"itemListElement\":[{\"@type\":\"ListItem\",\"position\":1,\"name\":\"In\u00edcio\",\"item\":\"https:\/\/portalmf.com.br\/\"},{\"@type\":\"ListItem\",\"position\":2,\"name\":\"Luiz Caldas fala direto do Carnaval de Salvador e avisa: \u201cEstarei na Micareta de Feira de Santana\u201d\"}]},{\"@type\":\"WebSite\",\"@id\":\"https:\/\/portalmf.com.br\/#website\",\"url\":\"https:\/\/portalmf.com.br\/\",\"name\":\"Portal MF\",\"description\":\"Voc\u00ea conectado com a informa\u00e7\u00e3o\",\"potentialAction\":[{\"@type\":\"SearchAction\",\"target\":{\"@type\":\"EntryPoint\",\"urlTemplate\":\"https:\/\/portalmf.com.br\/?s={search_term_string}\"},\"query-input\":\"required name=search_term_string\"}],\"inLanguage\":\"pt-BR\"},{\"@type\":\"Person\",\"@id\":\"https:\/\/portalmf.com.br\/#\/schema\/person\/19071c375ee7579b7300dd91d656ff97\",\"name\":\"Lila Oliveira\",\"image\":{\"@type\":\"ImageObject\",\"inLanguage\":\"pt-BR\",\"@id\":\"https:\/\/portalmf.com.br\/#\/schema\/person\/image\/\",\"url\":\"https:\/\/secure.gravatar.com\/avatar\/344958fa973c4e824a6dde1b63c19431?s=96&d=mm&r=g\",\"contentUrl\":\"https:\/\/secure.gravatar.com\/avatar\/344958fa973c4e824a6dde1b63c19431?s=96&d=mm&r=g\",\"caption\":\"Lila Oliveira\"},\"sameAs\":[\"https:\/\/portalmf.com.br\/\"],\"url\":\"https:\/\/portalmf.com.br\/index.php\/author\/lilaoliveira\/\"}]}<\/script>\n<!-- \/ Yoast SEO plugin. -->","yoast_head_json":{"title":"Luiz Caldas fala direto do Carnaval de Salvador e avisa: \u201cEstarei na Micareta de Feira de Santana\u201d - Portal MF","robots":{"index":"index","follow":"follow","max-snippet":"max-snippet:-1","max-image-preview":"max-image-preview:large","max-video-preview":"max-video-preview:-1"},"canonical":"https:\/\/portalmf.com.br\/index.php\/2025\/03\/04\/luiz-caldas-fala-direto-do-carnaval-de-salvador-e-avisa-estarei-na-micareta-de-feira-de-santana\/","og_locale":"pt_BR","og_type":"article","og_title":"Luiz Caldas fala direto do Carnaval de Salvador e avisa: \u201cEstarei na Micareta de Feira de Santana\u201d - Portal MF","og_description":"Feira de Santana, sua cidade natal, que ser\u00e1 novamente o palco da grande festa de Luiz Caldas. O cantor e compositor, um dos maiores \u00edcones da m\u00fasica baiana, conhecido como o pai da Ax\u00e9 Music, diz que se prepara para brilhar, mais uma vez, na tradicional Micareta de Feira de Santana. Diretamente do Trio El\u00e9trico, [&hellip;]","og_url":"https:\/\/portalmf.com.br\/index.php\/2025\/03\/04\/luiz-caldas-fala-direto-do-carnaval-de-salvador-e-avisa-estarei-na-micareta-de-feira-de-santana\/","og_site_name":"Portal MF","article_published_time":"2025-03-04T15:10:39+00:00","article_modified_time":"2025-03-04T15:20:48+00:00","og_image":[{"width":2160,"height":1798,"url":"https:\/\/portalmf.com.br\/wp-content\/uploads\/2025\/03\/IMG_4539.jpeg","type":"image\/jpeg"}],"author":"Lila Oliveira","twitter_card":"summary_large_image","twitter_misc":{"Escrito por":"Lila Oliveira","Est. tempo de leitura":"5 minutos"},"schema":{"@context":"https:\/\/schema.org","@graph":[{"@type":"WebPage","@id":"https:\/\/portalmf.com.br\/index.php\/2025\/03\/04\/luiz-caldas-fala-direto-do-carnaval-de-salvador-e-avisa-estarei-na-micareta-de-feira-de-santana\/","url":"https:\/\/portalmf.com.br\/index.php\/2025\/03\/04\/luiz-caldas-fala-direto-do-carnaval-de-salvador-e-avisa-estarei-na-micareta-de-feira-de-santana\/","name":"Luiz Caldas fala direto do Carnaval de Salvador e avisa: \u201cEstarei na Micareta de Feira de Santana\u201d - Portal MF","isPartOf":{"@id":"https:\/\/portalmf.com.br\/#website"},"primaryImageOfPage":{"@id":"https:\/\/portalmf.com.br\/index.php\/2025\/03\/04\/luiz-caldas-fala-direto-do-carnaval-de-salvador-e-avisa-estarei-na-micareta-de-feira-de-santana\/#primaryimage"},"image":{"@id":"https:\/\/portalmf.com.br\/index.php\/2025\/03\/04\/luiz-caldas-fala-direto-do-carnaval-de-salvador-e-avisa-estarei-na-micareta-de-feira-de-santana\/#primaryimage"},"thumbnailUrl":"https:\/\/portalmf.com.br\/wp-content\/uploads\/2025\/03\/IMG_4539.jpeg","datePublished":"2025-03-04T15:10:39+00:00","dateModified":"2025-03-04T15:20:48+00:00","author":{"@id":"https:\/\/portalmf.com.br\/#\/schema\/person\/19071c375ee7579b7300dd91d656ff97"},"breadcrumb":{"@id":"https:\/\/portalmf.com.br\/index.php\/2025\/03\/04\/luiz-caldas-fala-direto-do-carnaval-de-salvador-e-avisa-estarei-na-micareta-de-feira-de-santana\/#breadcrumb"},"inLanguage":"pt-BR","potentialAction":[{"@type":"ReadAction","target":["https:\/\/portalmf.com.br\/index.php\/2025\/03\/04\/luiz-caldas-fala-direto-do-carnaval-de-salvador-e-avisa-estarei-na-micareta-de-feira-de-santana\/"]}]},{"@type":"ImageObject","inLanguage":"pt-BR","@id":"https:\/\/portalmf.com.br\/index.php\/2025\/03\/04\/luiz-caldas-fala-direto-do-carnaval-de-salvador-e-avisa-estarei-na-micareta-de-feira-de-santana\/#primaryimage","url":"https:\/\/portalmf.com.br\/wp-content\/uploads\/2025\/03\/IMG_4539.jpeg","contentUrl":"https:\/\/portalmf.com.br\/wp-content\/uploads\/2025\/03\/IMG_4539.jpeg","width":2160,"height":1798},{"@type":"BreadcrumbList","@id":"https:\/\/portalmf.com.br\/index.php\/2025\/03\/04\/luiz-caldas-fala-direto-do-carnaval-de-salvador-e-avisa-estarei-na-micareta-de-feira-de-santana\/#breadcrumb","itemListElement":[{"@type":"ListItem","position":1,"name":"In\u00edcio","item":"https:\/\/portalmf.com.br\/"},{"@type":"ListItem","position":2,"name":"Luiz Caldas fala direto do Carnaval de Salvador e avisa: \u201cEstarei na Micareta de Feira de Santana\u201d"}]},{"@type":"WebSite","@id":"https:\/\/portalmf.com.br\/#website","url":"https:\/\/portalmf.com.br\/","name":"Portal MF","description":"Voc\u00ea conectado com a informa\u00e7\u00e3o","potentialAction":[{"@type":"SearchAction","target":{"@type":"EntryPoint","urlTemplate":"https:\/\/portalmf.com.br\/?s={search_term_string}"},"query-input":"required name=search_term_string"}],"inLanguage":"pt-BR"},{"@type":"Person","@id":"https:\/\/portalmf.com.br\/#\/schema\/person\/19071c375ee7579b7300dd91d656ff97","name":"Lila Oliveira","image":{"@type":"ImageObject","inLanguage":"pt-BR","@id":"https:\/\/portalmf.com.br\/#\/schema\/person\/image\/","url":"https:\/\/secure.gravatar.com\/avatar\/344958fa973c4e824a6dde1b63c19431?s=96&d=mm&r=g","contentUrl":"https:\/\/secure.gravatar.com\/avatar\/344958fa973c4e824a6dde1b63c19431?s=96&d=mm&r=g","caption":"Lila Oliveira"},"sameAs":["https:\/\/portalmf.com.br\/"],"url":"https:\/\/portalmf.com.br\/index.php\/author\/lilaoliveira\/"}]}},"_links":{"self":[{"href":"https:\/\/portalmf.com.br\/index.php\/wp-json\/wp\/v2\/posts\/34580"}],"collection":[{"href":"https:\/\/portalmf.com.br\/index.php\/wp-json\/wp\/v2\/posts"}],"about":[{"href":"https:\/\/portalmf.com.br\/index.php\/wp-json\/wp\/v2\/types\/post"}],"author":[{"embeddable":true,"href":"https:\/\/portalmf.com.br\/index.php\/wp-json\/wp\/v2\/users\/5"}],"replies":[{"embeddable":true,"href":"https:\/\/portalmf.com.br\/index.php\/wp-json\/wp\/v2\/comments?post=34580"}],"version-history":[{"count":2,"href":"https:\/\/portalmf.com.br\/index.php\/wp-json\/wp\/v2\/posts\/34580\/revisions"}],"predecessor-version":[{"id":34583,"href":"https:\/\/portalmf.com.br\/index.php\/wp-json\/wp\/v2\/posts\/34580\/revisions\/34583"}],"wp:featuredmedia":[{"embeddable":true,"href":"https:\/\/portalmf.com.br\/index.php\/wp-json\/wp\/v2\/media\/34581"}],"wp:attachment":[{"href":"https:\/\/portalmf.com.br\/index.php\/wp-json\/wp\/v2\/media?parent=34580"}],"wp:term":[{"taxonomy":"category","embeddable":true,"href":"https:\/\/portalmf.com.br\/index.php\/wp-json\/wp\/v2\/categories?post=34580"},{"taxonomy":"post_tag","embeddable":true,"href":"https:\/\/portalmf.com.br\/index.php\/wp-json\/wp\/v2\/tags?post=34580"}],"curies":[{"name":"wp","href":"https:\/\/api.w.org\/{rel}","templated":true}]}}