{"id":34574,"date":"2025-03-04T11:25:26","date_gmt":"2025-03-04T14:25:26","guid":{"rendered":"https:\/\/portalmf.com.br\/?p=34574"},"modified":"2025-03-04T11:38:04","modified_gmt":"2025-03-04T14:38:04","slug":"deputada-olivia-santana-fala-sobre-o-carnaval-de-2025-no-camarote-expresso-2222","status":"publish","type":"post","link":"https:\/\/portalmf.com.br\/index.php\/2025\/03\/04\/deputada-olivia-santana-fala-sobre-o-carnaval-de-2025-no-camarote-expresso-2222\/","title":{"rendered":"Deputada Ol\u00edvia Santana fala sobre o Carnaval de 2025 no Camarote Expresso 2222"},"content":{"rendered":"\n<p>Em entrevista exclusiva ao jornalista Reginaldo J\u00fanior, a deputada Ol\u00edvia Santana(PCdoB), compartilhou sua vis\u00e3o sobre o Carnaval de Salvador e os avan\u00e7os sociais durante a festa. Ela tamb\u00e9m deu seu palpite sobre a can\u00e7\u00e3o que ser\u00e1 escolhida como a \u201cM\u00fasica do Carnaval\u201d em 2025.<\/p>\n\n\n\n<p>Direto do tradicional Camarote Expresso 2222, a deputada Ol\u00edvia Santana, refer\u00eancia na luta pelos direitos e igualdade racial, falou sobre o Carnaval e suas experi\u00eancias no evento. Ao Portal MF, Ol\u00edvia disse que, n\u00e3o apenas celebra a alegria da festa, mas tamb\u00e9m destaca os avan\u00e7os no atendimento aos trabalhadores informais do carnaval, como ambulantes, catadores e cordeiros.<\/p>\n\n\n\n<p>Com mais de uma d\u00e9cada de envolvimento com a folia, a deputada, que \u00e9 presidenta da Comiss\u00e3o de Cultura da Assembleia Legislativa da Bahia, acredita que o Carnaval \u00e9 mais do que uma simples festa: \u00e9 tamb\u00e9m um momento de luta e reflex\u00e3o.<br>\u201cEu sou carnavalesca desde os 12 anos. Sempre fui para a rua, para curtir e tamb\u00e9m para observar as desigualdades que se expressam, n\u00e3o apenas no Carnaval, mas ao longo de todo o ano\u201d, afirmou Ol\u00edvia, ressaltando as a\u00e7\u00f5es do governo estadual para melhorar as condi\u00e7\u00f5es de trabalho para os ambulantes e outros profissionais que ganham a vida durante a festa.<\/p>\n\n\n\n<p>A parlamentar destacou ainda a implementa\u00e7\u00e3o de oito pontos de distribui\u00e7\u00e3o de alimenta\u00e7\u00e3o e \u00e1reas para banho, medidas essenciais para dignificar os trabalhadores que, muitas vezes, enfrentam condi\u00e7\u00f5es prec\u00e1rias durante a maratona carnavalesca. \u201cO carnaval \u00e9 um momento em que essas pessoas ganham um pouco mais, mas tamb\u00e9m precisam de cuidados. O governo tem que estar atento e ajudar a amenizar as desigualdades\u201d, explicou.<\/p>\n\n\n\n<p>Ol\u00edvia tamb\u00e9m n\u00e3o deixou de expressar seu amor pela festa, marcando presen\u00e7a nos blocos e shows que agitam Salvador. Ela se disse f\u00e3 da Baiana System, grupo de m\u00fasica que, segundo ela, \u00e9 uma das principais atra\u00e7\u00f5es da folia baiana.<\/p>\n\n\n\n<p>\u201cEu adoro Baiana System! Tem gente que tem medo, mas eu me jogo naquela altura, adoro!\u201d, disse a deputada, destacando sua conex\u00e3o com a energia contagiante da folia.<\/p>\n\n\n\n<p>Sobre a m\u00fasica do Carnaval de 2025, Ol\u00edvia foi enf\u00e1tica: \u201cA m\u00fasica do Carnaval \u00e9 \u2018Ver\u00e3o bateu em minha porta\u2019, sem d\u00favida. \u00c9 uma can\u00e7\u00e3o que traduz a alegria e a vibra\u00e7\u00e3o dessa festa que \u00e9 um momento de encontro, respeito e fraternidade.\u201d<\/p>\n\n\n\n<p>-Em um clima descontra\u00eddo e de muito carinho com os foli\u00f5es e a m\u00fasica, a deputada finalizou com uma mensagem positiva: &#8220;Se todo mundo pensar no carnaval como um momento de amor, fraternidade e respeito, essa ser\u00e1 a festa mais sublime do mundo.&#8221;<\/p>\n","protected":false},"excerpt":{"rendered":"<p>Em entrevista exclusiva ao jornalista Reginaldo J\u00fanior, a deputada Ol\u00edvia Santana(PCdoB), compartilhou sua vis\u00e3o sobre o Carnaval de Salvador e os avan\u00e7os sociais durante a festa. Ela tamb\u00e9m deu seu palpite sobre a can\u00e7\u00e3o que ser\u00e1 escolhida como a \u201cM\u00fasica do Carnaval\u201d em 2025. Direto do tradicional Camarote Expresso 2222, a deputada Ol\u00edvia Santana, refer\u00eancia [&hellip;]<\/p>\n","protected":false},"author":5,"featured_media":34577,"comment_status":"open","ping_status":"open","sticky":false,"template":"","format":"standard","meta":{"_monsterinsights_skip_tracking":false,"_monsterinsights_sitenote_active":false,"_monsterinsights_sitenote_note":"","_monsterinsights_sitenote_category":0,"footnotes":""},"categories":[44,47],"tags":[],"yoast_head":"<!-- This site is optimized with the Yoast SEO plugin v22.9 - https:\/\/yoast.com\/wordpress\/plugins\/seo\/ -->\n<title>Deputada Ol\u00edvia Santana fala sobre o Carnaval de 2025 no Camarote Expresso 2222 - Portal MF<\/title>\n<meta name=\"robots\" content=\"index, follow, max-snippet:-1, max-image-preview:large, max-video-preview:-1\" \/>\n<link rel=\"canonical\" href=\"https:\/\/portalmf.com.br\/index.php\/2025\/03\/04\/deputada-olivia-santana-fala-sobre-o-carnaval-de-2025-no-camarote-expresso-2222\/\" \/>\n<meta property=\"og:locale\" content=\"pt_BR\" \/>\n<meta property=\"og:type\" content=\"article\" \/>\n<meta property=\"og:title\" content=\"Deputada Ol\u00edvia Santana fala sobre o Carnaval de 2025 no Camarote Expresso 2222 - Portal MF\" \/>\n<meta property=\"og:description\" content=\"Em entrevista exclusiva ao jornalista Reginaldo J\u00fanior, a deputada Ol\u00edvia Santana(PCdoB), compartilhou sua vis\u00e3o sobre o Carnaval de Salvador e os avan\u00e7os sociais durante a festa. Ela tamb\u00e9m deu seu palpite sobre a can\u00e7\u00e3o que ser\u00e1 escolhida como a \u201cM\u00fasica do Carnaval\u201d em 2025. Direto do tradicional Camarote Expresso 2222, a deputada Ol\u00edvia Santana, refer\u00eancia [&hellip;]\" \/>\n<meta property=\"og:url\" content=\"https:\/\/portalmf.com.br\/index.php\/2025\/03\/04\/deputada-olivia-santana-fala-sobre-o-carnaval-de-2025-no-camarote-expresso-2222\/\" \/>\n<meta property=\"og:site_name\" content=\"Portal MF\" \/>\n<meta property=\"article:published_time\" content=\"2025-03-04T14:25:26+00:00\" \/>\n<meta property=\"article:modified_time\" content=\"2025-03-04T14:38:04+00:00\" \/>\n<meta property=\"og:image\" content=\"https:\/\/portalmf.com.br\/wp-content\/uploads\/2025\/03\/IMG_4575-scaled.jpeg\" \/>\n\t<meta property=\"og:image:width\" content=\"2560\" \/>\n\t<meta property=\"og:image:height\" content=\"2242\" \/>\n\t<meta property=\"og:image:type\" content=\"image\/jpeg\" \/>\n<meta name=\"author\" content=\"Lila Oliveira\" \/>\n<meta name=\"twitter:card\" content=\"summary_large_image\" \/>\n<meta name=\"twitter:label1\" content=\"Escrito por\" \/>\n\t<meta name=\"twitter:data1\" content=\"Lila Oliveira\" \/>\n\t<meta name=\"twitter:label2\" content=\"Est. tempo de leitura\" \/>\n\t<meta name=\"twitter:data2\" content=\"3 minutos\" \/>\n<script type=\"application\/ld+json\" class=\"yoast-schema-graph\">{\"@context\":\"https:\/\/schema.org\",\"@graph\":[{\"@type\":\"WebPage\",\"@id\":\"https:\/\/portalmf.com.br\/index.php\/2025\/03\/04\/deputada-olivia-santana-fala-sobre-o-carnaval-de-2025-no-camarote-expresso-2222\/\",\"url\":\"https:\/\/portalmf.com.br\/index.php\/2025\/03\/04\/deputada-olivia-santana-fala-sobre-o-carnaval-de-2025-no-camarote-expresso-2222\/\",\"name\":\"Deputada Ol\u00edvia Santana fala sobre o Carnaval de 2025 no Camarote Expresso 2222 - Portal MF\",\"isPartOf\":{\"@id\":\"https:\/\/portalmf.com.br\/#website\"},\"primaryImageOfPage\":{\"@id\":\"https:\/\/portalmf.com.br\/index.php\/2025\/03\/04\/deputada-olivia-santana-fala-sobre-o-carnaval-de-2025-no-camarote-expresso-2222\/#primaryimage\"},\"image\":{\"@id\":\"https:\/\/portalmf.com.br\/index.php\/2025\/03\/04\/deputada-olivia-santana-fala-sobre-o-carnaval-de-2025-no-camarote-expresso-2222\/#primaryimage\"},\"thumbnailUrl\":\"https:\/\/portalmf.com.br\/wp-content\/uploads\/2025\/03\/IMG_4575-scaled.jpeg\",\"datePublished\":\"2025-03-04T14:25:26+00:00\",\"dateModified\":\"2025-03-04T14:38:04+00:00\",\"author\":{\"@id\":\"https:\/\/portalmf.com.br\/#\/schema\/person\/19071c375ee7579b7300dd91d656ff97\"},\"breadcrumb\":{\"@id\":\"https:\/\/portalmf.com.br\/index.php\/2025\/03\/04\/deputada-olivia-santana-fala-sobre-o-carnaval-de-2025-no-camarote-expresso-2222\/#breadcrumb\"},\"inLanguage\":\"pt-BR\",\"potentialAction\":[{\"@type\":\"ReadAction\",\"target\":[\"https:\/\/portalmf.com.br\/index.php\/2025\/03\/04\/deputada-olivia-santana-fala-sobre-o-carnaval-de-2025-no-camarote-expresso-2222\/\"]}]},{\"@type\":\"ImageObject\",\"inLanguage\":\"pt-BR\",\"@id\":\"https:\/\/portalmf.com.br\/index.php\/2025\/03\/04\/deputada-olivia-santana-fala-sobre-o-carnaval-de-2025-no-camarote-expresso-2222\/#primaryimage\",\"url\":\"https:\/\/portalmf.com.br\/wp-content\/uploads\/2025\/03\/IMG_4575-scaled.jpeg\",\"contentUrl\":\"https:\/\/portalmf.com.br\/wp-content\/uploads\/2025\/03\/IMG_4575-scaled.jpeg\",\"width\":2560,\"height\":2242},{\"@type\":\"BreadcrumbList\",\"@id\":\"https:\/\/portalmf.com.br\/index.php\/2025\/03\/04\/deputada-olivia-santana-fala-sobre-o-carnaval-de-2025-no-camarote-expresso-2222\/#breadcrumb\",\"itemListElement\":[{\"@type\":\"ListItem\",\"position\":1,\"name\":\"In\u00edcio\",\"item\":\"https:\/\/portalmf.com.br\/\"},{\"@type\":\"ListItem\",\"position\":2,\"name\":\"Deputada Ol\u00edvia Santana fala sobre o Carnaval de 2025 no Camarote Expresso 2222\"}]},{\"@type\":\"WebSite\",\"@id\":\"https:\/\/portalmf.com.br\/#website\",\"url\":\"https:\/\/portalmf.com.br\/\",\"name\":\"Portal MF\",\"description\":\"Voc\u00ea conectado com a informa\u00e7\u00e3o\",\"potentialAction\":[{\"@type\":\"SearchAction\",\"target\":{\"@type\":\"EntryPoint\",\"urlTemplate\":\"https:\/\/portalmf.com.br\/?s={search_term_string}\"},\"query-input\":\"required name=search_term_string\"}],\"inLanguage\":\"pt-BR\"},{\"@type\":\"Person\",\"@id\":\"https:\/\/portalmf.com.br\/#\/schema\/person\/19071c375ee7579b7300dd91d656ff97\",\"name\":\"Lila Oliveira\",\"image\":{\"@type\":\"ImageObject\",\"inLanguage\":\"pt-BR\",\"@id\":\"https:\/\/portalmf.com.br\/#\/schema\/person\/image\/\",\"url\":\"https:\/\/secure.gravatar.com\/avatar\/344958fa973c4e824a6dde1b63c19431?s=96&d=mm&r=g\",\"contentUrl\":\"https:\/\/secure.gravatar.com\/avatar\/344958fa973c4e824a6dde1b63c19431?s=96&d=mm&r=g\",\"caption\":\"Lila Oliveira\"},\"sameAs\":[\"https:\/\/portalmf.com.br\/\"],\"url\":\"https:\/\/portalmf.com.br\/index.php\/author\/lilaoliveira\/\"}]}<\/script>\n<!-- \/ Yoast SEO plugin. -->","yoast_head_json":{"title":"Deputada Ol\u00edvia Santana fala sobre o Carnaval de 2025 no Camarote Expresso 2222 - Portal MF","robots":{"index":"index","follow":"follow","max-snippet":"max-snippet:-1","max-image-preview":"max-image-preview:large","max-video-preview":"max-video-preview:-1"},"canonical":"https:\/\/portalmf.com.br\/index.php\/2025\/03\/04\/deputada-olivia-santana-fala-sobre-o-carnaval-de-2025-no-camarote-expresso-2222\/","og_locale":"pt_BR","og_type":"article","og_title":"Deputada Ol\u00edvia Santana fala sobre o Carnaval de 2025 no Camarote Expresso 2222 - Portal MF","og_description":"Em entrevista exclusiva ao jornalista Reginaldo J\u00fanior, a deputada Ol\u00edvia Santana(PCdoB), compartilhou sua vis\u00e3o sobre o Carnaval de Salvador e os avan\u00e7os sociais durante a festa. Ela tamb\u00e9m deu seu palpite sobre a can\u00e7\u00e3o que ser\u00e1 escolhida como a \u201cM\u00fasica do Carnaval\u201d em 2025. Direto do tradicional Camarote Expresso 2222, a deputada Ol\u00edvia Santana, refer\u00eancia [&hellip;]","og_url":"https:\/\/portalmf.com.br\/index.php\/2025\/03\/04\/deputada-olivia-santana-fala-sobre-o-carnaval-de-2025-no-camarote-expresso-2222\/","og_site_name":"Portal MF","article_published_time":"2025-03-04T14:25:26+00:00","article_modified_time":"2025-03-04T14:38:04+00:00","og_image":[{"width":2560,"height":2242,"url":"https:\/\/portalmf.com.br\/wp-content\/uploads\/2025\/03\/IMG_4575-scaled.jpeg","type":"image\/jpeg"}],"author":"Lila Oliveira","twitter_card":"summary_large_image","twitter_misc":{"Escrito por":"Lila Oliveira","Est. tempo de leitura":"3 minutos"},"schema":{"@context":"https:\/\/schema.org","@graph":[{"@type":"WebPage","@id":"https:\/\/portalmf.com.br\/index.php\/2025\/03\/04\/deputada-olivia-santana-fala-sobre-o-carnaval-de-2025-no-camarote-expresso-2222\/","url":"https:\/\/portalmf.com.br\/index.php\/2025\/03\/04\/deputada-olivia-santana-fala-sobre-o-carnaval-de-2025-no-camarote-expresso-2222\/","name":"Deputada Ol\u00edvia Santana fala sobre o Carnaval de 2025 no Camarote Expresso 2222 - Portal MF","isPartOf":{"@id":"https:\/\/portalmf.com.br\/#website"},"primaryImageOfPage":{"@id":"https:\/\/portalmf.com.br\/index.php\/2025\/03\/04\/deputada-olivia-santana-fala-sobre-o-carnaval-de-2025-no-camarote-expresso-2222\/#primaryimage"},"image":{"@id":"https:\/\/portalmf.com.br\/index.php\/2025\/03\/04\/deputada-olivia-santana-fala-sobre-o-carnaval-de-2025-no-camarote-expresso-2222\/#primaryimage"},"thumbnailUrl":"https:\/\/portalmf.com.br\/wp-content\/uploads\/2025\/03\/IMG_4575-scaled.jpeg","datePublished":"2025-03-04T14:25:26+00:00","dateModified":"2025-03-04T14:38:04+00:00","author":{"@id":"https:\/\/portalmf.com.br\/#\/schema\/person\/19071c375ee7579b7300dd91d656ff97"},"breadcrumb":{"@id":"https:\/\/portalmf.com.br\/index.php\/2025\/03\/04\/deputada-olivia-santana-fala-sobre-o-carnaval-de-2025-no-camarote-expresso-2222\/#breadcrumb"},"inLanguage":"pt-BR","potentialAction":[{"@type":"ReadAction","target":["https:\/\/portalmf.com.br\/index.php\/2025\/03\/04\/deputada-olivia-santana-fala-sobre-o-carnaval-de-2025-no-camarote-expresso-2222\/"]}]},{"@type":"ImageObject","inLanguage":"pt-BR","@id":"https:\/\/portalmf.com.br\/index.php\/2025\/03\/04\/deputada-olivia-santana-fala-sobre-o-carnaval-de-2025-no-camarote-expresso-2222\/#primaryimage","url":"https:\/\/portalmf.com.br\/wp-content\/uploads\/2025\/03\/IMG_4575-scaled.jpeg","contentUrl":"https:\/\/portalmf.com.br\/wp-content\/uploads\/2025\/03\/IMG_4575-scaled.jpeg","width":2560,"height":2242},{"@type":"BreadcrumbList","@id":"https:\/\/portalmf.com.br\/index.php\/2025\/03\/04\/deputada-olivia-santana-fala-sobre-o-carnaval-de-2025-no-camarote-expresso-2222\/#breadcrumb","itemListElement":[{"@type":"ListItem","position":1,"name":"In\u00edcio","item":"https:\/\/portalmf.com.br\/"},{"@type":"ListItem","position":2,"name":"Deputada Ol\u00edvia Santana fala sobre o Carnaval de 2025 no Camarote Expresso 2222"}]},{"@type":"WebSite","@id":"https:\/\/portalmf.com.br\/#website","url":"https:\/\/portalmf.com.br\/","name":"Portal MF","description":"Voc\u00ea conectado com a informa\u00e7\u00e3o","potentialAction":[{"@type":"SearchAction","target":{"@type":"EntryPoint","urlTemplate":"https:\/\/portalmf.com.br\/?s={search_term_string}"},"query-input":"required name=search_term_string"}],"inLanguage":"pt-BR"},{"@type":"Person","@id":"https:\/\/portalmf.com.br\/#\/schema\/person\/19071c375ee7579b7300dd91d656ff97","name":"Lila Oliveira","image":{"@type":"ImageObject","inLanguage":"pt-BR","@id":"https:\/\/portalmf.com.br\/#\/schema\/person\/image\/","url":"https:\/\/secure.gravatar.com\/avatar\/344958fa973c4e824a6dde1b63c19431?s=96&d=mm&r=g","contentUrl":"https:\/\/secure.gravatar.com\/avatar\/344958fa973c4e824a6dde1b63c19431?s=96&d=mm&r=g","caption":"Lila Oliveira"},"sameAs":["https:\/\/portalmf.com.br\/"],"url":"https:\/\/portalmf.com.br\/index.php\/author\/lilaoliveira\/"}]}},"_links":{"self":[{"href":"https:\/\/portalmf.com.br\/index.php\/wp-json\/wp\/v2\/posts\/34574"}],"collection":[{"href":"https:\/\/portalmf.com.br\/index.php\/wp-json\/wp\/v2\/posts"}],"about":[{"href":"https:\/\/portalmf.com.br\/index.php\/wp-json\/wp\/v2\/types\/post"}],"author":[{"embeddable":true,"href":"https:\/\/portalmf.com.br\/index.php\/wp-json\/wp\/v2\/users\/5"}],"replies":[{"embeddable":true,"href":"https:\/\/portalmf.com.br\/index.php\/wp-json\/wp\/v2\/comments?post=34574"}],"version-history":[{"count":1,"href":"https:\/\/portalmf.com.br\/index.php\/wp-json\/wp\/v2\/posts\/34574\/revisions"}],"predecessor-version":[{"id":34575,"href":"https:\/\/portalmf.com.br\/index.php\/wp-json\/wp\/v2\/posts\/34574\/revisions\/34575"}],"wp:featuredmedia":[{"embeddable":true,"href":"https:\/\/portalmf.com.br\/index.php\/wp-json\/wp\/v2\/media\/34577"}],"wp:attachment":[{"href":"https:\/\/portalmf.com.br\/index.php\/wp-json\/wp\/v2\/media?parent=34574"}],"wp:term":[{"taxonomy":"category","embeddable":true,"href":"https:\/\/portalmf.com.br\/index.php\/wp-json\/wp\/v2\/categories?post=34574"},{"taxonomy":"post_tag","embeddable":true,"href":"https:\/\/portalmf.com.br\/index.php\/wp-json\/wp\/v2\/tags?post=34574"}],"curies":[{"name":"wp","href":"https:\/\/api.w.org\/{rel}","templated":true}]}}