{"id":34560,"date":"2025-03-02T14:11:07","date_gmt":"2025-03-02T17:11:07","guid":{"rendered":"https:\/\/portalmf.com.br\/?p=34560"},"modified":"2025-03-02T14:11:12","modified_gmt":"2025-03-02T17:11:12","slug":"la-furia-comanda-as-muquiranas-pelo-segundo-ano-e-arrasta-multidao","status":"publish","type":"post","link":"https:\/\/portalmf.com.br\/index.php\/2025\/03\/02\/la-furia-comanda-as-muquiranas-pelo-segundo-ano-e-arrasta-multidao\/","title":{"rendered":"La F\u00faria comanda As Muquiranas pelo segundo ano e arrasta multid\u00e3o"},"content":{"rendered":"\n<p>Pelo segundo ano consecutivo, a banda La F\u00faria, liderada por Bruno Magnata, agitou o bloco As Muquiranas no primeiro dia de desfile do bloco no Carnaval de Salvador. A estreia da banda, em 2025, aconteceu neste s\u00e1bado (01\/03), no Circuito Osmar (Campo Grande), onde milhares de foli\u00f5es seguiram o trio em uma explos\u00e3o de energia e irrever\u00eancia.<\/p>\n\n\n\n<p>O bloco, que celebra 59 anos de hist\u00f3ria, \u00e9 um dos mais tradicionais da folia baiana e mais uma vez teve grande sucesso na venda de fantasias. Para 2025, o tema escolhido foi \u201cAs Muquiranas e os Encantos da Bahia\u201d, com figurinos exclusivos que exaltam a cultura, a diversidade e a for\u00e7a econ\u00f4mica do estado.<\/p>\n\n\n\n<figure class=\"wp-block-image size-large\"><img fetchpriority=\"high\" decoding=\"async\" width=\"1024\" height=\"682\" src=\"https:\/\/portalmf.com.br\/wp-content\/uploads\/2025\/03\/1001234488-1024x682.jpg\" alt=\"\" class=\"wp-image-34561\" srcset=\"https:\/\/portalmf.com.br\/wp-content\/uploads\/2025\/03\/1001234488-1024x682.jpg 1024w, https:\/\/portalmf.com.br\/wp-content\/uploads\/2025\/03\/1001234488-300x200.jpg 300w, https:\/\/portalmf.com.br\/wp-content\/uploads\/2025\/03\/1001234488-768x512.jpg 768w, https:\/\/portalmf.com.br\/wp-content\/uploads\/2025\/03\/1001234488-1536x1023.jpg 1536w, https:\/\/portalmf.com.br\/wp-content\/uploads\/2025\/03\/1001234488-696x464.jpg 696w, https:\/\/portalmf.com.br\/wp-content\/uploads\/2025\/03\/1001234488-1068x712.jpg 1068w, https:\/\/portalmf.com.br\/wp-content\/uploads\/2025\/03\/1001234488.jpg 1600w\" sizes=\"(max-width: 1024px) 100vw, 1024px\" \/><figcaption class=\"wp-element-caption\">Fotos: Eduardo Freire | Flavio Diamantino\n<\/figcaption><\/figure>\n\n\n\n<p>Durante o desfile, Magnata n\u00e3o s\u00f3 apresentou os grandes sucessos da La F\u00faria, como \u201cMete Seu Cachorro\u201d, \u201cTeile e Zaga\u201d, \u201cOs Cachorr\u00f5es\u201d e \u201cNaipe Macarena\u201d, mas tamb\u00e9m embalou a multid\u00e3o com a aposta do Carnaval deste ano: \u201c\u00c9 a Bahia\u201d, sua parceria com Parangol\u00e9 e Felipe Escandurras.<\/p>\n\n\n\n<p>Al\u00e9m do show eletrizante, a noite contou com participa\u00e7\u00f5es especiais de personalidades que subiram ao trio para festejar junto \u00e0 banda, como as influenciadoras Rafa Moreira, Sheuba e Camilinha, Franklin, Dun Ice e JN.<\/p>\n\n\n\n<p>O bloco As Muquiranas ainda tem programa\u00e7\u00e3o intensa nos pr\u00f3ximos dias: na segunda-feira (03\/03), ser\u00e1 comandado por Psirico, e na ter\u00e7a-feira (04\/03), quem assume o trio \u00e9 Tonny Salles. Amanh\u00e3 (02\/03), quem desfila na avenida \u00e9 o bloco MuquiSamba, projeto que traz o samba de roda para a avenida, com a anima\u00e7\u00e3o do grupo Vou Pro Sereno, Tiago Soares e Samba e Suor.<\/p>\n\n\n\n<p><\/p>\n\n\n\n<p><\/p>\n\n\n\n<p><\/p>\n","protected":false},"excerpt":{"rendered":"<p>Pelo segundo ano consecutivo, a banda La F\u00faria, liderada por Bruno Magnata, agitou o bloco As Muquiranas no primeiro dia de desfile do bloco no Carnaval de Salvador. A estreia da banda, em 2025, aconteceu neste s\u00e1bado (01\/03), no Circuito Osmar (Campo Grande), onde milhares de foli\u00f5es seguiram o trio em uma explos\u00e3o de energia [&hellip;]<\/p>\n","protected":false},"author":3,"featured_media":34562,"comment_status":"open","ping_status":"open","sticky":false,"template":"","format":"standard","meta":{"_monsterinsights_skip_tracking":false,"_monsterinsights_sitenote_active":false,"_monsterinsights_sitenote_note":"","_monsterinsights_sitenote_category":0,"footnotes":""},"categories":[44,48],"tags":[],"yoast_head":"<!-- This site is optimized with the Yoast SEO plugin v22.9 - https:\/\/yoast.com\/wordpress\/plugins\/seo\/ -->\n<title>La F\u00faria comanda As Muquiranas pelo segundo ano e arrasta multid\u00e3o - Portal MF<\/title>\n<meta name=\"robots\" content=\"index, follow, max-snippet:-1, max-image-preview:large, max-video-preview:-1\" \/>\n<link rel=\"canonical\" href=\"https:\/\/portalmf.com.br\/index.php\/2025\/03\/02\/la-furia-comanda-as-muquiranas-pelo-segundo-ano-e-arrasta-multidao\/\" \/>\n<meta property=\"og:locale\" content=\"pt_BR\" \/>\n<meta property=\"og:type\" content=\"article\" \/>\n<meta property=\"og:title\" content=\"La F\u00faria comanda As Muquiranas pelo segundo ano e arrasta multid\u00e3o - Portal MF\" \/>\n<meta property=\"og:description\" content=\"Pelo segundo ano consecutivo, a banda La F\u00faria, liderada por Bruno Magnata, agitou o bloco As Muquiranas no primeiro dia de desfile do bloco no Carnaval de Salvador. A estreia da banda, em 2025, aconteceu neste s\u00e1bado (01\/03), no Circuito Osmar (Campo Grande), onde milhares de foli\u00f5es seguiram o trio em uma explos\u00e3o de energia [&hellip;]\" \/>\n<meta property=\"og:url\" content=\"https:\/\/portalmf.com.br\/index.php\/2025\/03\/02\/la-furia-comanda-as-muquiranas-pelo-segundo-ano-e-arrasta-multidao\/\" \/>\n<meta property=\"og:site_name\" content=\"Portal MF\" \/>\n<meta property=\"article:author\" content=\"https:\/\/www.facebook.com\/portalmfoficial\" \/>\n<meta property=\"article:published_time\" content=\"2025-03-02T17:11:07+00:00\" \/>\n<meta property=\"article:modified_time\" content=\"2025-03-02T17:11:12+00:00\" \/>\n<meta property=\"og:image\" content=\"https:\/\/portalmf.com.br\/wp-content\/uploads\/2025\/03\/WhatsApp-Image-2025-03-01-at-18.52.04-3.jpeg\" \/>\n\t<meta property=\"og:image:width\" content=\"1066\" \/>\n\t<meta property=\"og:image:height\" content=\"1600\" \/>\n\t<meta property=\"og:image:type\" content=\"image\/jpeg\" \/>\n<meta name=\"author\" content=\"Reda\u00e7\u00e3o Portal MF\" \/>\n<meta name=\"twitter:card\" content=\"summary_large_image\" \/>\n<meta name=\"twitter:creator\" content=\"@https:\/\/x.com\/portalmfoficial\" \/>\n<meta name=\"twitter:label1\" content=\"Escrito por\" \/>\n\t<meta name=\"twitter:data1\" content=\"Reda\u00e7\u00e3o Portal MF\" \/>\n\t<meta name=\"twitter:label2\" content=\"Est. tempo de leitura\" \/>\n\t<meta name=\"twitter:data2\" content=\"2 minutos\" \/>\n<script type=\"application\/ld+json\" class=\"yoast-schema-graph\">{\"@context\":\"https:\/\/schema.org\",\"@graph\":[{\"@type\":\"WebPage\",\"@id\":\"https:\/\/portalmf.com.br\/index.php\/2025\/03\/02\/la-furia-comanda-as-muquiranas-pelo-segundo-ano-e-arrasta-multidao\/\",\"url\":\"https:\/\/portalmf.com.br\/index.php\/2025\/03\/02\/la-furia-comanda-as-muquiranas-pelo-segundo-ano-e-arrasta-multidao\/\",\"name\":\"La F\u00faria comanda As Muquiranas pelo segundo ano e arrasta multid\u00e3o - Portal MF\",\"isPartOf\":{\"@id\":\"https:\/\/portalmf.com.br\/#website\"},\"primaryImageOfPage\":{\"@id\":\"https:\/\/portalmf.com.br\/index.php\/2025\/03\/02\/la-furia-comanda-as-muquiranas-pelo-segundo-ano-e-arrasta-multidao\/#primaryimage\"},\"image\":{\"@id\":\"https:\/\/portalmf.com.br\/index.php\/2025\/03\/02\/la-furia-comanda-as-muquiranas-pelo-segundo-ano-e-arrasta-multidao\/#primaryimage\"},\"thumbnailUrl\":\"https:\/\/portalmf.com.br\/wp-content\/uploads\/2025\/03\/WhatsApp-Image-2025-03-01-at-18.52.04-3.jpeg\",\"datePublished\":\"2025-03-02T17:11:07+00:00\",\"dateModified\":\"2025-03-02T17:11:12+00:00\",\"author\":{\"@id\":\"https:\/\/portalmf.com.br\/#\/schema\/person\/9ec101baf56233e53520c26de5d6f6f0\"},\"breadcrumb\":{\"@id\":\"https:\/\/portalmf.com.br\/index.php\/2025\/03\/02\/la-furia-comanda-as-muquiranas-pelo-segundo-ano-e-arrasta-multidao\/#breadcrumb\"},\"inLanguage\":\"pt-BR\",\"potentialAction\":[{\"@type\":\"ReadAction\",\"target\":[\"https:\/\/portalmf.com.br\/index.php\/2025\/03\/02\/la-furia-comanda-as-muquiranas-pelo-segundo-ano-e-arrasta-multidao\/\"]}]},{\"@type\":\"ImageObject\",\"inLanguage\":\"pt-BR\",\"@id\":\"https:\/\/portalmf.com.br\/index.php\/2025\/03\/02\/la-furia-comanda-as-muquiranas-pelo-segundo-ano-e-arrasta-multidao\/#primaryimage\",\"url\":\"https:\/\/portalmf.com.br\/wp-content\/uploads\/2025\/03\/WhatsApp-Image-2025-03-01-at-18.52.04-3.jpeg\",\"contentUrl\":\"https:\/\/portalmf.com.br\/wp-content\/uploads\/2025\/03\/WhatsApp-Image-2025-03-01-at-18.52.04-3.jpeg\",\"width\":1066,\"height\":1600},{\"@type\":\"BreadcrumbList\",\"@id\":\"https:\/\/portalmf.com.br\/index.php\/2025\/03\/02\/la-furia-comanda-as-muquiranas-pelo-segundo-ano-e-arrasta-multidao\/#breadcrumb\",\"itemListElement\":[{\"@type\":\"ListItem\",\"position\":1,\"name\":\"In\u00edcio\",\"item\":\"https:\/\/portalmf.com.br\/\"},{\"@type\":\"ListItem\",\"position\":2,\"name\":\"La F\u00faria comanda As Muquiranas pelo segundo ano e arrasta multid\u00e3o\"}]},{\"@type\":\"WebSite\",\"@id\":\"https:\/\/portalmf.com.br\/#website\",\"url\":\"https:\/\/portalmf.com.br\/\",\"name\":\"Portal MF\",\"description\":\"Voc\u00ea conectado com a informa\u00e7\u00e3o\",\"potentialAction\":[{\"@type\":\"SearchAction\",\"target\":{\"@type\":\"EntryPoint\",\"urlTemplate\":\"https:\/\/portalmf.com.br\/?s={search_term_string}\"},\"query-input\":\"required name=search_term_string\"}],\"inLanguage\":\"pt-BR\"},{\"@type\":\"Person\",\"@id\":\"https:\/\/portalmf.com.br\/#\/schema\/person\/9ec101baf56233e53520c26de5d6f6f0\",\"name\":\"Reda\u00e7\u00e3o Portal MF\",\"image\":{\"@type\":\"ImageObject\",\"inLanguage\":\"pt-BR\",\"@id\":\"https:\/\/portalmf.com.br\/#\/schema\/person\/image\/\",\"url\":\"https:\/\/secure.gravatar.com\/avatar\/41b9aaeb2100835f7c64362330f74c7f?s=96&d=mm&r=g\",\"contentUrl\":\"https:\/\/secure.gravatar.com\/avatar\/41b9aaeb2100835f7c64362330f74c7f?s=96&d=mm&r=g\",\"caption\":\"Reda\u00e7\u00e3o Portal MF\"},\"description\":\"Sejam bem-vindos o portal de informa\u00e7\u00f5es de entretenimento de Feira de Santana, desde 2006 realiza coberturas dos principais eventos com entrevistas exclusivas com as principais personalidades mundiais. Fique conectado tamb\u00e9m nas redes sociais.\",\"sameAs\":[\"http:\/\/www.portalmf.com.br\/\",\"https:\/\/www.facebook.com\/portalmfoficial\",\"https:\/\/www.instagram.com\/portalmf\/\",\"https:\/\/x.com\/https:\/\/x.com\/portalmfoficial\",\"https:\/\/www.youtube.com\/@portalmfoficial\"],\"url\":\"https:\/\/portalmf.com.br\/index.php\/author\/junior\/\"}]}<\/script>\n<!-- \/ Yoast SEO plugin. -->","yoast_head_json":{"title":"La F\u00faria comanda As Muquiranas pelo segundo ano e arrasta multid\u00e3o - Portal MF","robots":{"index":"index","follow":"follow","max-snippet":"max-snippet:-1","max-image-preview":"max-image-preview:large","max-video-preview":"max-video-preview:-1"},"canonical":"https:\/\/portalmf.com.br\/index.php\/2025\/03\/02\/la-furia-comanda-as-muquiranas-pelo-segundo-ano-e-arrasta-multidao\/","og_locale":"pt_BR","og_type":"article","og_title":"La F\u00faria comanda As Muquiranas pelo segundo ano e arrasta multid\u00e3o - Portal MF","og_description":"Pelo segundo ano consecutivo, a banda La F\u00faria, liderada por Bruno Magnata, agitou o bloco As Muquiranas no primeiro dia de desfile do bloco no Carnaval de Salvador. A estreia da banda, em 2025, aconteceu neste s\u00e1bado (01\/03), no Circuito Osmar (Campo Grande), onde milhares de foli\u00f5es seguiram o trio em uma explos\u00e3o de energia [&hellip;]","og_url":"https:\/\/portalmf.com.br\/index.php\/2025\/03\/02\/la-furia-comanda-as-muquiranas-pelo-segundo-ano-e-arrasta-multidao\/","og_site_name":"Portal MF","article_author":"https:\/\/www.facebook.com\/portalmfoficial","article_published_time":"2025-03-02T17:11:07+00:00","article_modified_time":"2025-03-02T17:11:12+00:00","og_image":[{"width":1066,"height":1600,"url":"https:\/\/portalmf.com.br\/wp-content\/uploads\/2025\/03\/WhatsApp-Image-2025-03-01-at-18.52.04-3.jpeg","type":"image\/jpeg"}],"author":"Reda\u00e7\u00e3o Portal MF","twitter_card":"summary_large_image","twitter_creator":"@https:\/\/x.com\/portalmfoficial","twitter_misc":{"Escrito por":"Reda\u00e7\u00e3o Portal MF","Est. tempo de leitura":"2 minutos"},"schema":{"@context":"https:\/\/schema.org","@graph":[{"@type":"WebPage","@id":"https:\/\/portalmf.com.br\/index.php\/2025\/03\/02\/la-furia-comanda-as-muquiranas-pelo-segundo-ano-e-arrasta-multidao\/","url":"https:\/\/portalmf.com.br\/index.php\/2025\/03\/02\/la-furia-comanda-as-muquiranas-pelo-segundo-ano-e-arrasta-multidao\/","name":"La F\u00faria comanda As Muquiranas pelo segundo ano e arrasta multid\u00e3o - Portal MF","isPartOf":{"@id":"https:\/\/portalmf.com.br\/#website"},"primaryImageOfPage":{"@id":"https:\/\/portalmf.com.br\/index.php\/2025\/03\/02\/la-furia-comanda-as-muquiranas-pelo-segundo-ano-e-arrasta-multidao\/#primaryimage"},"image":{"@id":"https:\/\/portalmf.com.br\/index.php\/2025\/03\/02\/la-furia-comanda-as-muquiranas-pelo-segundo-ano-e-arrasta-multidao\/#primaryimage"},"thumbnailUrl":"https:\/\/portalmf.com.br\/wp-content\/uploads\/2025\/03\/WhatsApp-Image-2025-03-01-at-18.52.04-3.jpeg","datePublished":"2025-03-02T17:11:07+00:00","dateModified":"2025-03-02T17:11:12+00:00","author":{"@id":"https:\/\/portalmf.com.br\/#\/schema\/person\/9ec101baf56233e53520c26de5d6f6f0"},"breadcrumb":{"@id":"https:\/\/portalmf.com.br\/index.php\/2025\/03\/02\/la-furia-comanda-as-muquiranas-pelo-segundo-ano-e-arrasta-multidao\/#breadcrumb"},"inLanguage":"pt-BR","potentialAction":[{"@type":"ReadAction","target":["https:\/\/portalmf.com.br\/index.php\/2025\/03\/02\/la-furia-comanda-as-muquiranas-pelo-segundo-ano-e-arrasta-multidao\/"]}]},{"@type":"ImageObject","inLanguage":"pt-BR","@id":"https:\/\/portalmf.com.br\/index.php\/2025\/03\/02\/la-furia-comanda-as-muquiranas-pelo-segundo-ano-e-arrasta-multidao\/#primaryimage","url":"https:\/\/portalmf.com.br\/wp-content\/uploads\/2025\/03\/WhatsApp-Image-2025-03-01-at-18.52.04-3.jpeg","contentUrl":"https:\/\/portalmf.com.br\/wp-content\/uploads\/2025\/03\/WhatsApp-Image-2025-03-01-at-18.52.04-3.jpeg","width":1066,"height":1600},{"@type":"BreadcrumbList","@id":"https:\/\/portalmf.com.br\/index.php\/2025\/03\/02\/la-furia-comanda-as-muquiranas-pelo-segundo-ano-e-arrasta-multidao\/#breadcrumb","itemListElement":[{"@type":"ListItem","position":1,"name":"In\u00edcio","item":"https:\/\/portalmf.com.br\/"},{"@type":"ListItem","position":2,"name":"La F\u00faria comanda As Muquiranas pelo segundo ano e arrasta multid\u00e3o"}]},{"@type":"WebSite","@id":"https:\/\/portalmf.com.br\/#website","url":"https:\/\/portalmf.com.br\/","name":"Portal MF","description":"Voc\u00ea conectado com a informa\u00e7\u00e3o","potentialAction":[{"@type":"SearchAction","target":{"@type":"EntryPoint","urlTemplate":"https:\/\/portalmf.com.br\/?s={search_term_string}"},"query-input":"required name=search_term_string"}],"inLanguage":"pt-BR"},{"@type":"Person","@id":"https:\/\/portalmf.com.br\/#\/schema\/person\/9ec101baf56233e53520c26de5d6f6f0","name":"Reda\u00e7\u00e3o Portal MF","image":{"@type":"ImageObject","inLanguage":"pt-BR","@id":"https:\/\/portalmf.com.br\/#\/schema\/person\/image\/","url":"https:\/\/secure.gravatar.com\/avatar\/41b9aaeb2100835f7c64362330f74c7f?s=96&d=mm&r=g","contentUrl":"https:\/\/secure.gravatar.com\/avatar\/41b9aaeb2100835f7c64362330f74c7f?s=96&d=mm&r=g","caption":"Reda\u00e7\u00e3o Portal MF"},"description":"Sejam bem-vindos o portal de informa\u00e7\u00f5es de entretenimento de Feira de Santana, desde 2006 realiza coberturas dos principais eventos com entrevistas exclusivas com as principais personalidades mundiais. Fique conectado tamb\u00e9m nas redes sociais.","sameAs":["http:\/\/www.portalmf.com.br\/","https:\/\/www.facebook.com\/portalmfoficial","https:\/\/www.instagram.com\/portalmf\/","https:\/\/x.com\/https:\/\/x.com\/portalmfoficial","https:\/\/www.youtube.com\/@portalmfoficial"],"url":"https:\/\/portalmf.com.br\/index.php\/author\/junior\/"}]}},"_links":{"self":[{"href":"https:\/\/portalmf.com.br\/index.php\/wp-json\/wp\/v2\/posts\/34560"}],"collection":[{"href":"https:\/\/portalmf.com.br\/index.php\/wp-json\/wp\/v2\/posts"}],"about":[{"href":"https:\/\/portalmf.com.br\/index.php\/wp-json\/wp\/v2\/types\/post"}],"author":[{"embeddable":true,"href":"https:\/\/portalmf.com.br\/index.php\/wp-json\/wp\/v2\/users\/3"}],"replies":[{"embeddable":true,"href":"https:\/\/portalmf.com.br\/index.php\/wp-json\/wp\/v2\/comments?post=34560"}],"version-history":[{"count":1,"href":"https:\/\/portalmf.com.br\/index.php\/wp-json\/wp\/v2\/posts\/34560\/revisions"}],"predecessor-version":[{"id":34563,"href":"https:\/\/portalmf.com.br\/index.php\/wp-json\/wp\/v2\/posts\/34560\/revisions\/34563"}],"wp:featuredmedia":[{"embeddable":true,"href":"https:\/\/portalmf.com.br\/index.php\/wp-json\/wp\/v2\/media\/34562"}],"wp:attachment":[{"href":"https:\/\/portalmf.com.br\/index.php\/wp-json\/wp\/v2\/media?parent=34560"}],"wp:term":[{"taxonomy":"category","embeddable":true,"href":"https:\/\/portalmf.com.br\/index.php\/wp-json\/wp\/v2\/categories?post=34560"},{"taxonomy":"post_tag","embeddable":true,"href":"https:\/\/portalmf.com.br\/index.php\/wp-json\/wp\/v2\/tags?post=34560"}],"curies":[{"name":"wp","href":"https:\/\/api.w.org\/{rel}","templated":true}]}}