{"id":34556,"date":"2025-03-02T13:49:15","date_gmt":"2025-03-02T16:49:15","guid":{"rendered":"https:\/\/portalmf.com.br\/?p=34556"},"modified":"2025-03-02T13:49:16","modified_gmt":"2025-03-02T16:49:16","slug":"sabado-do-carnaval-da-bahia-2025-teve-emocao-de-tony-salles-e-homenagem-a-luiz-caldas","status":"publish","type":"post","link":"https:\/\/portalmf.com.br\/index.php\/2025\/03\/02\/sabado-do-carnaval-da-bahia-2025-teve-emocao-de-tony-salles-e-homenagem-a-luiz-caldas\/","title":{"rendered":"S\u00e1bado do Carnaval da Bahia 2025 teve emo\u00e7\u00e3o de Tony Salles e homenagem a Luiz Caldas"},"content":{"rendered":"\n<p>O Carnaval da Bahia 2025, promovido pelo Governo do Estado da Bahia, celebrou no s\u00e1bado (1) mais um dia de homenagens os 40 anos do ax\u00e9 music e os 75 do trio el\u00e9trico com apresenta\u00e7\u00f5es em diversos circuitos da capital baiana.<\/p>\n\n\n\n<p>BARRA-ONDINA<\/p>\n\n\n\n<p>No Circuito Dod\u00f4, um dos destaques foi o cantor Tony Salles, que participa do seu primeiro Carnaval em carreira solo. Durante o desfile, ele interagiu com o p\u00fablico, beijou sua esposa, Scheila Carvalho, dan\u00e7ou com sua m\u00e3e e encerrou sua apresenta\u00e7\u00e3o no ch\u00e3o ao lado de um foli\u00e3o cadeirante.<\/p>\n\n\n\n<figure class=\"wp-block-image size-large\"><img fetchpriority=\"high\" decoding=\"async\" width=\"1024\" height=\"663\" src=\"https:\/\/portalmf.com.br\/wp-content\/uploads\/2025\/03\/Fotos-Carol-Levy-Ag-Fred-Pontes-Sufotur-1024x663.jpg\" alt=\"\" class=\"wp-image-34557\" srcset=\"https:\/\/portalmf.com.br\/wp-content\/uploads\/2025\/03\/Fotos-Carol-Levy-Ag-Fred-Pontes-Sufotur-1024x663.jpg 1024w, https:\/\/portalmf.com.br\/wp-content\/uploads\/2025\/03\/Fotos-Carol-Levy-Ag-Fred-Pontes-Sufotur-300x194.jpg 300w, https:\/\/portalmf.com.br\/wp-content\/uploads\/2025\/03\/Fotos-Carol-Levy-Ag-Fred-Pontes-Sufotur-768x497.jpg 768w, https:\/\/portalmf.com.br\/wp-content\/uploads\/2025\/03\/Fotos-Carol-Levy-Ag-Fred-Pontes-Sufotur-696x451.jpg 696w, https:\/\/portalmf.com.br\/wp-content\/uploads\/2025\/03\/Fotos-Carol-Levy-Ag-Fred-Pontes-Sufotur-1068x691.jpg 1068w, https:\/\/portalmf.com.br\/wp-content\/uploads\/2025\/03\/Fotos-Carol-Levy-Ag-Fred-Pontes-Sufotur.jpg 1387w\" sizes=\"(max-width: 1024px) 100vw, 1024px\" \/><figcaption class=\"wp-element-caption\"><strong>Fotos &#8211; Carol Levy \/ Ag Fred Pontes (Sufotur)<\/strong><\/figcaption><\/figure>\n\n\n\n<p>Outro destaque foi o Trio da Cultura, que levou Margareth Menezes e Faf\u00e1 de Bel\u00e9m ao circuito homenageando a Luiz Caldas e \u00e0 hist\u00f3ria do ax\u00e9 music. A cantora angolana Pongo foi a convidada especial da apresenta\u00e7\u00e3o.<\/p>\n\n\n\n<p>O circuito tamb\u00e9m contou com as apresenta\u00e7\u00f5es da banda Papazoni, Baby do Brasil e Banda Black Style.<\/p>\n\n\n\n<p>CAMPO GRANDE<\/p>\n\n\n\n<p>No Centro, a folia come\u00e7ou com Durval Lelys, que comandou o trio em cordas e tocou sucessos da antiga banda Asa de \u00c1guia, incluindo &#8220;Dia dos namorados&#8221;, &#8220;Bota pra Ferver&#8221; e &#8220;Quebra A\u00ed&#8221;.<\/p>\n\n\n\n<p>A banda Guig Guetto tamb\u00e9m se apresentou no circuito, com o vocalista Falc\u00e3o puxando hits do grupo como &#8220;Press\u00e3o&#8221;, &#8220;Moleque Atrevido&#8221; e &#8220;Puxadinho&#8221;. Al\u00e9m disso, a apresenta\u00e7\u00e3o contou ainda com cl\u00e1ssicos do pagod\u00e3o baiano.<\/p>\n\n\n\n<p>Outros artistas que passaram pelo circuito foram Banda Maderada do Arrocha, Carla Cristina, Bandana e Ah Chapa.<\/p>\n\n\n\n<p>PELOURINHO<br>No circuito Batatinha, Berguinho, Larissa Marques, M\u00e1rcio Mello e Vinny Brasil animaram o p\u00fablico.<\/p>\n\n\n\n<p>DOMINGO<\/p>\n\n\n\n<p>Neste domingo (2), a programa\u00e7\u00e3o do Circuito Dod\u00f4 inclui apresenta\u00e7\u00f5es de Psirico, Marinha Lessa, Bailinho de Quinta, Luiz Caldas e Pagod&#8217;art.<\/p>\n\n\n\n<p>J\u00e1 no Circuito Osmar, est\u00e3o previstas as apresenta\u00e7\u00f5es de Larissa Marques, Tonho Mat\u00e9ria, Luana Monalisa e Afrocidade.<\/p>\n\n\n\n<p><\/p>\n","protected":false},"excerpt":{"rendered":"<p>O Carnaval da Bahia 2025, promovido pelo Governo do Estado da Bahia, celebrou no s\u00e1bado (1) mais um dia de homenagens os 40 anos do ax\u00e9 music e os 75 do trio el\u00e9trico com apresenta\u00e7\u00f5es em diversos circuitos da capital baiana. BARRA-ONDINA No Circuito Dod\u00f4, um dos destaques foi o cantor Tony Salles, que participa [&hellip;]<\/p>\n","protected":false},"author":3,"featured_media":34558,"comment_status":"open","ping_status":"open","sticky":false,"template":"","format":"standard","meta":{"_monsterinsights_skip_tracking":false,"_monsterinsights_sitenote_active":false,"_monsterinsights_sitenote_note":"","_monsterinsights_sitenote_category":0,"footnotes":""},"categories":[44,48],"tags":[],"yoast_head":"<!-- This site is optimized with the Yoast SEO plugin v22.9 - https:\/\/yoast.com\/wordpress\/plugins\/seo\/ -->\n<title>S\u00e1bado do Carnaval da Bahia 2025 teve emo\u00e7\u00e3o de Tony Salles e homenagem a Luiz Caldas - Portal MF<\/title>\n<meta name=\"robots\" content=\"index, follow, max-snippet:-1, max-image-preview:large, max-video-preview:-1\" \/>\n<link rel=\"canonical\" href=\"https:\/\/portalmf.com.br\/index.php\/2025\/03\/02\/sabado-do-carnaval-da-bahia-2025-teve-emocao-de-tony-salles-e-homenagem-a-luiz-caldas\/\" \/>\n<meta property=\"og:locale\" content=\"pt_BR\" \/>\n<meta property=\"og:type\" content=\"article\" \/>\n<meta property=\"og:title\" content=\"S\u00e1bado do Carnaval da Bahia 2025 teve emo\u00e7\u00e3o de Tony Salles e homenagem a Luiz Caldas - Portal MF\" \/>\n<meta property=\"og:description\" content=\"O Carnaval da Bahia 2025, promovido pelo Governo do Estado da Bahia, celebrou no s\u00e1bado (1) mais um dia de homenagens os 40 anos do ax\u00e9 music e os 75 do trio el\u00e9trico com apresenta\u00e7\u00f5es em diversos circuitos da capital baiana. BARRA-ONDINA No Circuito Dod\u00f4, um dos destaques foi o cantor Tony Salles, que participa [&hellip;]\" \/>\n<meta property=\"og:url\" content=\"https:\/\/portalmf.com.br\/index.php\/2025\/03\/02\/sabado-do-carnaval-da-bahia-2025-teve-emocao-de-tony-salles-e-homenagem-a-luiz-caldas\/\" \/>\n<meta property=\"og:site_name\" content=\"Portal MF\" \/>\n<meta property=\"article:author\" content=\"https:\/\/www.facebook.com\/portalmfoficial\" \/>\n<meta property=\"article:published_time\" content=\"2025-03-02T16:49:15+00:00\" \/>\n<meta property=\"article:modified_time\" content=\"2025-03-02T16:49:16+00:00\" \/>\n<meta property=\"og:image\" content=\"https:\/\/portalmf.com.br\/wp-content\/uploads\/2025\/03\/Fotos-Carol-Levy-Ag-Fred-Pontes-Sufotur1-scaled.jpg\" \/>\n\t<meta property=\"og:image:width\" content=\"2560\" \/>\n\t<meta property=\"og:image:height\" content=\"1706\" \/>\n\t<meta property=\"og:image:type\" content=\"image\/jpeg\" \/>\n<meta name=\"author\" content=\"Reda\u00e7\u00e3o Portal MF\" \/>\n<meta name=\"twitter:card\" content=\"summary_large_image\" \/>\n<meta name=\"twitter:creator\" content=\"@https:\/\/x.com\/portalmfoficial\" \/>\n<meta name=\"twitter:label1\" content=\"Escrito por\" \/>\n\t<meta name=\"twitter:data1\" content=\"Reda\u00e7\u00e3o Portal MF\" \/>\n\t<meta name=\"twitter:label2\" content=\"Est. tempo de leitura\" \/>\n\t<meta name=\"twitter:data2\" content=\"3 minutos\" \/>\n<script type=\"application\/ld+json\" class=\"yoast-schema-graph\">{\"@context\":\"https:\/\/schema.org\",\"@graph\":[{\"@type\":\"WebPage\",\"@id\":\"https:\/\/portalmf.com.br\/index.php\/2025\/03\/02\/sabado-do-carnaval-da-bahia-2025-teve-emocao-de-tony-salles-e-homenagem-a-luiz-caldas\/\",\"url\":\"https:\/\/portalmf.com.br\/index.php\/2025\/03\/02\/sabado-do-carnaval-da-bahia-2025-teve-emocao-de-tony-salles-e-homenagem-a-luiz-caldas\/\",\"name\":\"S\u00e1bado do Carnaval da Bahia 2025 teve emo\u00e7\u00e3o de Tony Salles e homenagem a Luiz Caldas - Portal MF\",\"isPartOf\":{\"@id\":\"https:\/\/portalmf.com.br\/#website\"},\"primaryImageOfPage\":{\"@id\":\"https:\/\/portalmf.com.br\/index.php\/2025\/03\/02\/sabado-do-carnaval-da-bahia-2025-teve-emocao-de-tony-salles-e-homenagem-a-luiz-caldas\/#primaryimage\"},\"image\":{\"@id\":\"https:\/\/portalmf.com.br\/index.php\/2025\/03\/02\/sabado-do-carnaval-da-bahia-2025-teve-emocao-de-tony-salles-e-homenagem-a-luiz-caldas\/#primaryimage\"},\"thumbnailUrl\":\"https:\/\/portalmf.com.br\/wp-content\/uploads\/2025\/03\/Fotos-Carol-Levy-Ag-Fred-Pontes-Sufotur1-scaled.jpg\",\"datePublished\":\"2025-03-02T16:49:15+00:00\",\"dateModified\":\"2025-03-02T16:49:16+00:00\",\"author\":{\"@id\":\"https:\/\/portalmf.com.br\/#\/schema\/person\/9ec101baf56233e53520c26de5d6f6f0\"},\"breadcrumb\":{\"@id\":\"https:\/\/portalmf.com.br\/index.php\/2025\/03\/02\/sabado-do-carnaval-da-bahia-2025-teve-emocao-de-tony-salles-e-homenagem-a-luiz-caldas\/#breadcrumb\"},\"inLanguage\":\"pt-BR\",\"potentialAction\":[{\"@type\":\"ReadAction\",\"target\":[\"https:\/\/portalmf.com.br\/index.php\/2025\/03\/02\/sabado-do-carnaval-da-bahia-2025-teve-emocao-de-tony-salles-e-homenagem-a-luiz-caldas\/\"]}]},{\"@type\":\"ImageObject\",\"inLanguage\":\"pt-BR\",\"@id\":\"https:\/\/portalmf.com.br\/index.php\/2025\/03\/02\/sabado-do-carnaval-da-bahia-2025-teve-emocao-de-tony-salles-e-homenagem-a-luiz-caldas\/#primaryimage\",\"url\":\"https:\/\/portalmf.com.br\/wp-content\/uploads\/2025\/03\/Fotos-Carol-Levy-Ag-Fred-Pontes-Sufotur1-scaled.jpg\",\"contentUrl\":\"https:\/\/portalmf.com.br\/wp-content\/uploads\/2025\/03\/Fotos-Carol-Levy-Ag-Fred-Pontes-Sufotur1-scaled.jpg\",\"width\":2560,\"height\":1706},{\"@type\":\"BreadcrumbList\",\"@id\":\"https:\/\/portalmf.com.br\/index.php\/2025\/03\/02\/sabado-do-carnaval-da-bahia-2025-teve-emocao-de-tony-salles-e-homenagem-a-luiz-caldas\/#breadcrumb\",\"itemListElement\":[{\"@type\":\"ListItem\",\"position\":1,\"name\":\"In\u00edcio\",\"item\":\"https:\/\/portalmf.com.br\/\"},{\"@type\":\"ListItem\",\"position\":2,\"name\":\"S\u00e1bado do Carnaval da Bahia 2025 teve emo\u00e7\u00e3o de Tony Salles e homenagem a Luiz Caldas\"}]},{\"@type\":\"WebSite\",\"@id\":\"https:\/\/portalmf.com.br\/#website\",\"url\":\"https:\/\/portalmf.com.br\/\",\"name\":\"Portal MF\",\"description\":\"Voc\u00ea conectado com a informa\u00e7\u00e3o\",\"potentialAction\":[{\"@type\":\"SearchAction\",\"target\":{\"@type\":\"EntryPoint\",\"urlTemplate\":\"https:\/\/portalmf.com.br\/?s={search_term_string}\"},\"query-input\":\"required name=search_term_string\"}],\"inLanguage\":\"pt-BR\"},{\"@type\":\"Person\",\"@id\":\"https:\/\/portalmf.com.br\/#\/schema\/person\/9ec101baf56233e53520c26de5d6f6f0\",\"name\":\"Reda\u00e7\u00e3o Portal MF\",\"image\":{\"@type\":\"ImageObject\",\"inLanguage\":\"pt-BR\",\"@id\":\"https:\/\/portalmf.com.br\/#\/schema\/person\/image\/\",\"url\":\"https:\/\/secure.gravatar.com\/avatar\/41b9aaeb2100835f7c64362330f74c7f?s=96&d=mm&r=g\",\"contentUrl\":\"https:\/\/secure.gravatar.com\/avatar\/41b9aaeb2100835f7c64362330f74c7f?s=96&d=mm&r=g\",\"caption\":\"Reda\u00e7\u00e3o Portal MF\"},\"description\":\"Sejam bem-vindos o portal de informa\u00e7\u00f5es de entretenimento de Feira de Santana, desde 2006 realiza coberturas dos principais eventos com entrevistas exclusivas com as principais personalidades mundiais. Fique conectado tamb\u00e9m nas redes sociais.\",\"sameAs\":[\"http:\/\/www.portalmf.com.br\/\",\"https:\/\/www.facebook.com\/portalmfoficial\",\"https:\/\/www.instagram.com\/portalmf\/\",\"https:\/\/x.com\/https:\/\/x.com\/portalmfoficial\",\"https:\/\/www.youtube.com\/@portalmfoficial\"],\"url\":\"https:\/\/portalmf.com.br\/index.php\/author\/junior\/\"}]}<\/script>\n<!-- \/ Yoast SEO plugin. -->","yoast_head_json":{"title":"S\u00e1bado do Carnaval da Bahia 2025 teve emo\u00e7\u00e3o de Tony Salles e homenagem a Luiz Caldas - Portal MF","robots":{"index":"index","follow":"follow","max-snippet":"max-snippet:-1","max-image-preview":"max-image-preview:large","max-video-preview":"max-video-preview:-1"},"canonical":"https:\/\/portalmf.com.br\/index.php\/2025\/03\/02\/sabado-do-carnaval-da-bahia-2025-teve-emocao-de-tony-salles-e-homenagem-a-luiz-caldas\/","og_locale":"pt_BR","og_type":"article","og_title":"S\u00e1bado do Carnaval da Bahia 2025 teve emo\u00e7\u00e3o de Tony Salles e homenagem a Luiz Caldas - Portal MF","og_description":"O Carnaval da Bahia 2025, promovido pelo Governo do Estado da Bahia, celebrou no s\u00e1bado (1) mais um dia de homenagens os 40 anos do ax\u00e9 music e os 75 do trio el\u00e9trico com apresenta\u00e7\u00f5es em diversos circuitos da capital baiana. BARRA-ONDINA No Circuito Dod\u00f4, um dos destaques foi o cantor Tony Salles, que participa [&hellip;]","og_url":"https:\/\/portalmf.com.br\/index.php\/2025\/03\/02\/sabado-do-carnaval-da-bahia-2025-teve-emocao-de-tony-salles-e-homenagem-a-luiz-caldas\/","og_site_name":"Portal MF","article_author":"https:\/\/www.facebook.com\/portalmfoficial","article_published_time":"2025-03-02T16:49:15+00:00","article_modified_time":"2025-03-02T16:49:16+00:00","og_image":[{"width":2560,"height":1706,"url":"https:\/\/portalmf.com.br\/wp-content\/uploads\/2025\/03\/Fotos-Carol-Levy-Ag-Fred-Pontes-Sufotur1-scaled.jpg","type":"image\/jpeg"}],"author":"Reda\u00e7\u00e3o Portal MF","twitter_card":"summary_large_image","twitter_creator":"@https:\/\/x.com\/portalmfoficial","twitter_misc":{"Escrito por":"Reda\u00e7\u00e3o Portal MF","Est. tempo de leitura":"3 minutos"},"schema":{"@context":"https:\/\/schema.org","@graph":[{"@type":"WebPage","@id":"https:\/\/portalmf.com.br\/index.php\/2025\/03\/02\/sabado-do-carnaval-da-bahia-2025-teve-emocao-de-tony-salles-e-homenagem-a-luiz-caldas\/","url":"https:\/\/portalmf.com.br\/index.php\/2025\/03\/02\/sabado-do-carnaval-da-bahia-2025-teve-emocao-de-tony-salles-e-homenagem-a-luiz-caldas\/","name":"S\u00e1bado do Carnaval da Bahia 2025 teve emo\u00e7\u00e3o de Tony Salles e homenagem a Luiz Caldas - Portal MF","isPartOf":{"@id":"https:\/\/portalmf.com.br\/#website"},"primaryImageOfPage":{"@id":"https:\/\/portalmf.com.br\/index.php\/2025\/03\/02\/sabado-do-carnaval-da-bahia-2025-teve-emocao-de-tony-salles-e-homenagem-a-luiz-caldas\/#primaryimage"},"image":{"@id":"https:\/\/portalmf.com.br\/index.php\/2025\/03\/02\/sabado-do-carnaval-da-bahia-2025-teve-emocao-de-tony-salles-e-homenagem-a-luiz-caldas\/#primaryimage"},"thumbnailUrl":"https:\/\/portalmf.com.br\/wp-content\/uploads\/2025\/03\/Fotos-Carol-Levy-Ag-Fred-Pontes-Sufotur1-scaled.jpg","datePublished":"2025-03-02T16:49:15+00:00","dateModified":"2025-03-02T16:49:16+00:00","author":{"@id":"https:\/\/portalmf.com.br\/#\/schema\/person\/9ec101baf56233e53520c26de5d6f6f0"},"breadcrumb":{"@id":"https:\/\/portalmf.com.br\/index.php\/2025\/03\/02\/sabado-do-carnaval-da-bahia-2025-teve-emocao-de-tony-salles-e-homenagem-a-luiz-caldas\/#breadcrumb"},"inLanguage":"pt-BR","potentialAction":[{"@type":"ReadAction","target":["https:\/\/portalmf.com.br\/index.php\/2025\/03\/02\/sabado-do-carnaval-da-bahia-2025-teve-emocao-de-tony-salles-e-homenagem-a-luiz-caldas\/"]}]},{"@type":"ImageObject","inLanguage":"pt-BR","@id":"https:\/\/portalmf.com.br\/index.php\/2025\/03\/02\/sabado-do-carnaval-da-bahia-2025-teve-emocao-de-tony-salles-e-homenagem-a-luiz-caldas\/#primaryimage","url":"https:\/\/portalmf.com.br\/wp-content\/uploads\/2025\/03\/Fotos-Carol-Levy-Ag-Fred-Pontes-Sufotur1-scaled.jpg","contentUrl":"https:\/\/portalmf.com.br\/wp-content\/uploads\/2025\/03\/Fotos-Carol-Levy-Ag-Fred-Pontes-Sufotur1-scaled.jpg","width":2560,"height":1706},{"@type":"BreadcrumbList","@id":"https:\/\/portalmf.com.br\/index.php\/2025\/03\/02\/sabado-do-carnaval-da-bahia-2025-teve-emocao-de-tony-salles-e-homenagem-a-luiz-caldas\/#breadcrumb","itemListElement":[{"@type":"ListItem","position":1,"name":"In\u00edcio","item":"https:\/\/portalmf.com.br\/"},{"@type":"ListItem","position":2,"name":"S\u00e1bado do Carnaval da Bahia 2025 teve emo\u00e7\u00e3o de Tony Salles e homenagem a Luiz Caldas"}]},{"@type":"WebSite","@id":"https:\/\/portalmf.com.br\/#website","url":"https:\/\/portalmf.com.br\/","name":"Portal MF","description":"Voc\u00ea conectado com a informa\u00e7\u00e3o","potentialAction":[{"@type":"SearchAction","target":{"@type":"EntryPoint","urlTemplate":"https:\/\/portalmf.com.br\/?s={search_term_string}"},"query-input":"required name=search_term_string"}],"inLanguage":"pt-BR"},{"@type":"Person","@id":"https:\/\/portalmf.com.br\/#\/schema\/person\/9ec101baf56233e53520c26de5d6f6f0","name":"Reda\u00e7\u00e3o Portal MF","image":{"@type":"ImageObject","inLanguage":"pt-BR","@id":"https:\/\/portalmf.com.br\/#\/schema\/person\/image\/","url":"https:\/\/secure.gravatar.com\/avatar\/41b9aaeb2100835f7c64362330f74c7f?s=96&d=mm&r=g","contentUrl":"https:\/\/secure.gravatar.com\/avatar\/41b9aaeb2100835f7c64362330f74c7f?s=96&d=mm&r=g","caption":"Reda\u00e7\u00e3o Portal MF"},"description":"Sejam bem-vindos o portal de informa\u00e7\u00f5es de entretenimento de Feira de Santana, desde 2006 realiza coberturas dos principais eventos com entrevistas exclusivas com as principais personalidades mundiais. Fique conectado tamb\u00e9m nas redes sociais.","sameAs":["http:\/\/www.portalmf.com.br\/","https:\/\/www.facebook.com\/portalmfoficial","https:\/\/www.instagram.com\/portalmf\/","https:\/\/x.com\/https:\/\/x.com\/portalmfoficial","https:\/\/www.youtube.com\/@portalmfoficial"],"url":"https:\/\/portalmf.com.br\/index.php\/author\/junior\/"}]}},"_links":{"self":[{"href":"https:\/\/portalmf.com.br\/index.php\/wp-json\/wp\/v2\/posts\/34556"}],"collection":[{"href":"https:\/\/portalmf.com.br\/index.php\/wp-json\/wp\/v2\/posts"}],"about":[{"href":"https:\/\/portalmf.com.br\/index.php\/wp-json\/wp\/v2\/types\/post"}],"author":[{"embeddable":true,"href":"https:\/\/portalmf.com.br\/index.php\/wp-json\/wp\/v2\/users\/3"}],"replies":[{"embeddable":true,"href":"https:\/\/portalmf.com.br\/index.php\/wp-json\/wp\/v2\/comments?post=34556"}],"version-history":[{"count":1,"href":"https:\/\/portalmf.com.br\/index.php\/wp-json\/wp\/v2\/posts\/34556\/revisions"}],"predecessor-version":[{"id":34559,"href":"https:\/\/portalmf.com.br\/index.php\/wp-json\/wp\/v2\/posts\/34556\/revisions\/34559"}],"wp:featuredmedia":[{"embeddable":true,"href":"https:\/\/portalmf.com.br\/index.php\/wp-json\/wp\/v2\/media\/34558"}],"wp:attachment":[{"href":"https:\/\/portalmf.com.br\/index.php\/wp-json\/wp\/v2\/media?parent=34556"}],"wp:term":[{"taxonomy":"category","embeddable":true,"href":"https:\/\/portalmf.com.br\/index.php\/wp-json\/wp\/v2\/categories?post=34556"},{"taxonomy":"post_tag","embeddable":true,"href":"https:\/\/portalmf.com.br\/index.php\/wp-json\/wp\/v2\/tags?post=34556"}],"curies":[{"name":"wp","href":"https:\/\/api.w.org\/{rel}","templated":true}]}}