{"id":34553,"date":"2025-03-02T13:23:28","date_gmt":"2025-03-02T16:23:28","guid":{"rendered":"https:\/\/portalmf.com.br\/?p=34553"},"modified":"2025-03-02T13:23:29","modified_gmt":"2025-03-02T16:23:29","slug":"bloco-eva-agita-salvador-com-desfile-apoteotico-e-repertorio-especial-em-homenagem-aos-40-anos-do-axe","status":"publish","type":"post","link":"https:\/\/portalmf.com.br\/index.php\/2025\/03\/02\/bloco-eva-agita-salvador-com-desfile-apoteotico-e-repertorio-especial-em-homenagem-aos-40-anos-do-axe\/","title":{"rendered":"Bloco Eva agita Salvador com desfile apote\u00f3tico e repert\u00f3rio especial em homenagem aos 40 anos do Ax\u00e9"},"content":{"rendered":"\n<p>Foram mais de cinco horas de desfile no circuito Barra Ondina neste s\u00e1bado (01). A celebra\u00e7\u00e3o pelos 45 anos do Grupo EVA n\u00e3o poderia ter sido mais especial. O bloco teve abad\u00e1s esgotados e muitos momentos de emo\u00e7\u00e3o. O vocalista Felipe Pezzoni agitou o p\u00fablico com cl\u00e1ssicos do grupo, como Beleza Rara, Leva Eu e, claro, Eva. O repert\u00f3rio foi pensado para homenagear o aniversariante do ano, o Ax\u00e9. Um dos momentos mais representativos foi uma sequ\u00eancia para celebrar os blocos Afros. <\/p>\n\n\n\n<p>Depois, no Morro do Gato, o Eva colocou uma multid\u00e3o para sair do ch\u00e3o, ao som da nova m\u00fasica Pula Alto e de hinos do Carnaval, como Prefixo de Ver\u00e3o, Baianidade Nag\u00f4 e We Are Carnaval. Na chegada ao bairro de Ondina, Felipe desceu para o p\u00fablico em dois momentos; primeiro para a frente do bloco, no ch\u00e3o. Depois, a bordo de um bote infl\u00e1vel, passeou pelos foli\u00f5es, agitando o mar de gente. <\/p>\n\n\n\n<p>\u201cQue dia sensacional! Vivi momentos que v\u00e3o ficar pra sempre guardados na mem\u00f3ria. O Bloco EVA deu um show e parte desse sucesso \u00e9 dos foli\u00f5es, que estavam cheios de g\u00e1s do in\u00edcio at\u00e9 o final do circuito\u201d, disse Felipe.<br><br><strong>Banda Eva<br><br><\/strong>O Carnaval do Eva segue pelo Brasil a partir deste domingo (02). O primeiro destino ser\u00e1 Recife e o show ser\u00e1 na Carvalheira da Ladeira. Na segunda (03), a festa continua, no Carnaval de Boa Viagem, tamb\u00e9m em Recife. No dia 04 (ter\u00e7a), tem dose dupla. No Oba Festival, que acontece em S\u00e3o Jos\u00e9 do Rio Preto, no interior de S\u00e3o Paulo e no Carnaval da Cidade, na capital. Quarta-Feira de Cinzas, dia 05 de mar\u00e7o, tem mais! A banda desembarca no Rio de Janeiro, para embalar o p\u00fablico com o melhor do Ax\u00e9, no Camarote Allegria. Quinta, dia 06, o grupo retorna \u00e0 Bahia, para animar o CarnaPorto, em Porto Seguro, no extremo sul do estado. E para fechar com chave de ouro, no s\u00e1bado, dia 08, tem show da banda EVA mais uma vez no Camarote Alegria, durante o Desfile das Campe\u00e3s, no Rio de Janeiro.<br><br>O Bloco EVA neste s\u00e1bado foi o quarto show da banda no Carnaval 2025. A folia come\u00e7ou desde a \u00faltima quarta-feira, 26, na Abre Alas do Fica Comigo. Quinta (27), foi a vez de o grupo agitar o Camarote Club. Sexta, 28, o Eva agitou o Camarote Salvador.<\/p>\n\n\n\n<p><\/p>\n","protected":false},"excerpt":{"rendered":"<p>Foram mais de cinco horas de desfile no circuito Barra Ondina neste s\u00e1bado (01). A celebra\u00e7\u00e3o pelos 45 anos do Grupo EVA n\u00e3o poderia ter sido mais especial. O bloco teve abad\u00e1s esgotados e muitos momentos de emo\u00e7\u00e3o. O vocalista Felipe Pezzoni agitou o p\u00fablico com cl\u00e1ssicos do grupo, como Beleza Rara, Leva Eu e, [&hellip;]<\/p>\n","protected":false},"author":3,"featured_media":34554,"comment_status":"open","ping_status":"open","sticky":false,"template":"","format":"standard","meta":{"_monsterinsights_skip_tracking":false,"_monsterinsights_sitenote_active":false,"_monsterinsights_sitenote_note":"","_monsterinsights_sitenote_category":0,"footnotes":""},"categories":[44,48],"tags":[],"yoast_head":"<!-- This site is optimized with the Yoast SEO plugin v22.9 - https:\/\/yoast.com\/wordpress\/plugins\/seo\/ -->\n<title>Bloco Eva agita Salvador com desfile apote\u00f3tico e repert\u00f3rio especial em homenagem aos 40 anos do Ax\u00e9 - Portal MF<\/title>\n<meta name=\"robots\" content=\"index, follow, max-snippet:-1, max-image-preview:large, max-video-preview:-1\" \/>\n<link rel=\"canonical\" href=\"https:\/\/portalmf.com.br\/index.php\/2025\/03\/02\/bloco-eva-agita-salvador-com-desfile-apoteotico-e-repertorio-especial-em-homenagem-aos-40-anos-do-axe\/\" \/>\n<meta property=\"og:locale\" content=\"pt_BR\" \/>\n<meta property=\"og:type\" content=\"article\" \/>\n<meta property=\"og:title\" content=\"Bloco Eva agita Salvador com desfile apote\u00f3tico e repert\u00f3rio especial em homenagem aos 40 anos do Ax\u00e9 - Portal MF\" \/>\n<meta property=\"og:description\" content=\"Foram mais de cinco horas de desfile no circuito Barra Ondina neste s\u00e1bado (01). A celebra\u00e7\u00e3o pelos 45 anos do Grupo EVA n\u00e3o poderia ter sido mais especial. O bloco teve abad\u00e1s esgotados e muitos momentos de emo\u00e7\u00e3o. O vocalista Felipe Pezzoni agitou o p\u00fablico com cl\u00e1ssicos do grupo, como Beleza Rara, Leva Eu e, [&hellip;]\" \/>\n<meta property=\"og:url\" content=\"https:\/\/portalmf.com.br\/index.php\/2025\/03\/02\/bloco-eva-agita-salvador-com-desfile-apoteotico-e-repertorio-especial-em-homenagem-aos-40-anos-do-axe\/\" \/>\n<meta property=\"og:site_name\" content=\"Portal MF\" \/>\n<meta property=\"article:author\" content=\"https:\/\/www.facebook.com\/portalmfoficial\" \/>\n<meta property=\"article:published_time\" content=\"2025-03-02T16:23:28+00:00\" \/>\n<meta property=\"article:modified_time\" content=\"2025-03-02T16:23:29+00:00\" \/>\n<meta property=\"og:image\" content=\"https:\/\/portalmf.com.br\/wp-content\/uploads\/2025\/03\/Bloco-EVA-2025.-Creditos-fotos.-@swellfilmes-@taciomoreira.fotografia.jpg\" \/>\n\t<meta property=\"og:image:width\" content=\"853\" \/>\n\t<meta property=\"og:image:height\" content=\"1280\" \/>\n\t<meta property=\"og:image:type\" content=\"image\/jpeg\" \/>\n<meta name=\"author\" content=\"Reda\u00e7\u00e3o Portal MF\" \/>\n<meta name=\"twitter:card\" content=\"summary_large_image\" \/>\n<meta name=\"twitter:creator\" content=\"@https:\/\/x.com\/portalmfoficial\" \/>\n<meta name=\"twitter:label1\" content=\"Escrito por\" \/>\n\t<meta name=\"twitter:data1\" content=\"Reda\u00e7\u00e3o Portal MF\" \/>\n\t<meta name=\"twitter:label2\" content=\"Est. tempo de leitura\" \/>\n\t<meta name=\"twitter:data2\" content=\"3 minutos\" \/>\n<script type=\"application\/ld+json\" class=\"yoast-schema-graph\">{\"@context\":\"https:\/\/schema.org\",\"@graph\":[{\"@type\":\"WebPage\",\"@id\":\"https:\/\/portalmf.com.br\/index.php\/2025\/03\/02\/bloco-eva-agita-salvador-com-desfile-apoteotico-e-repertorio-especial-em-homenagem-aos-40-anos-do-axe\/\",\"url\":\"https:\/\/portalmf.com.br\/index.php\/2025\/03\/02\/bloco-eva-agita-salvador-com-desfile-apoteotico-e-repertorio-especial-em-homenagem-aos-40-anos-do-axe\/\",\"name\":\"Bloco Eva agita Salvador com desfile apote\u00f3tico e repert\u00f3rio especial em homenagem aos 40 anos do Ax\u00e9 - Portal MF\",\"isPartOf\":{\"@id\":\"https:\/\/portalmf.com.br\/#website\"},\"primaryImageOfPage\":{\"@id\":\"https:\/\/portalmf.com.br\/index.php\/2025\/03\/02\/bloco-eva-agita-salvador-com-desfile-apoteotico-e-repertorio-especial-em-homenagem-aos-40-anos-do-axe\/#primaryimage\"},\"image\":{\"@id\":\"https:\/\/portalmf.com.br\/index.php\/2025\/03\/02\/bloco-eva-agita-salvador-com-desfile-apoteotico-e-repertorio-especial-em-homenagem-aos-40-anos-do-axe\/#primaryimage\"},\"thumbnailUrl\":\"https:\/\/portalmf.com.br\/wp-content\/uploads\/2025\/03\/Bloco-EVA-2025.-Creditos-fotos.-@swellfilmes-@taciomoreira.fotografia.jpg\",\"datePublished\":\"2025-03-02T16:23:28+00:00\",\"dateModified\":\"2025-03-02T16:23:29+00:00\",\"author\":{\"@id\":\"https:\/\/portalmf.com.br\/#\/schema\/person\/9ec101baf56233e53520c26de5d6f6f0\"},\"breadcrumb\":{\"@id\":\"https:\/\/portalmf.com.br\/index.php\/2025\/03\/02\/bloco-eva-agita-salvador-com-desfile-apoteotico-e-repertorio-especial-em-homenagem-aos-40-anos-do-axe\/#breadcrumb\"},\"inLanguage\":\"pt-BR\",\"potentialAction\":[{\"@type\":\"ReadAction\",\"target\":[\"https:\/\/portalmf.com.br\/index.php\/2025\/03\/02\/bloco-eva-agita-salvador-com-desfile-apoteotico-e-repertorio-especial-em-homenagem-aos-40-anos-do-axe\/\"]}]},{\"@type\":\"ImageObject\",\"inLanguage\":\"pt-BR\",\"@id\":\"https:\/\/portalmf.com.br\/index.php\/2025\/03\/02\/bloco-eva-agita-salvador-com-desfile-apoteotico-e-repertorio-especial-em-homenagem-aos-40-anos-do-axe\/#primaryimage\",\"url\":\"https:\/\/portalmf.com.br\/wp-content\/uploads\/2025\/03\/Bloco-EVA-2025.-Creditos-fotos.-@swellfilmes-@taciomoreira.fotografia.jpg\",\"contentUrl\":\"https:\/\/portalmf.com.br\/wp-content\/uploads\/2025\/03\/Bloco-EVA-2025.-Creditos-fotos.-@swellfilmes-@taciomoreira.fotografia.jpg\",\"width\":853,\"height\":1280},{\"@type\":\"BreadcrumbList\",\"@id\":\"https:\/\/portalmf.com.br\/index.php\/2025\/03\/02\/bloco-eva-agita-salvador-com-desfile-apoteotico-e-repertorio-especial-em-homenagem-aos-40-anos-do-axe\/#breadcrumb\",\"itemListElement\":[{\"@type\":\"ListItem\",\"position\":1,\"name\":\"In\u00edcio\",\"item\":\"https:\/\/portalmf.com.br\/\"},{\"@type\":\"ListItem\",\"position\":2,\"name\":\"Bloco Eva agita Salvador com desfile apote\u00f3tico e repert\u00f3rio especial em homenagem aos 40 anos do Ax\u00e9\"}]},{\"@type\":\"WebSite\",\"@id\":\"https:\/\/portalmf.com.br\/#website\",\"url\":\"https:\/\/portalmf.com.br\/\",\"name\":\"Portal MF\",\"description\":\"Voc\u00ea conectado com a informa\u00e7\u00e3o\",\"potentialAction\":[{\"@type\":\"SearchAction\",\"target\":{\"@type\":\"EntryPoint\",\"urlTemplate\":\"https:\/\/portalmf.com.br\/?s={search_term_string}\"},\"query-input\":\"required name=search_term_string\"}],\"inLanguage\":\"pt-BR\"},{\"@type\":\"Person\",\"@id\":\"https:\/\/portalmf.com.br\/#\/schema\/person\/9ec101baf56233e53520c26de5d6f6f0\",\"name\":\"Reda\u00e7\u00e3o Portal MF\",\"image\":{\"@type\":\"ImageObject\",\"inLanguage\":\"pt-BR\",\"@id\":\"https:\/\/portalmf.com.br\/#\/schema\/person\/image\/\",\"url\":\"https:\/\/secure.gravatar.com\/avatar\/41b9aaeb2100835f7c64362330f74c7f?s=96&d=mm&r=g\",\"contentUrl\":\"https:\/\/secure.gravatar.com\/avatar\/41b9aaeb2100835f7c64362330f74c7f?s=96&d=mm&r=g\",\"caption\":\"Reda\u00e7\u00e3o Portal MF\"},\"description\":\"Sejam bem-vindos o portal de informa\u00e7\u00f5es de entretenimento de Feira de Santana, desde 2006 realiza coberturas dos principais eventos com entrevistas exclusivas com as principais personalidades mundiais. Fique conectado tamb\u00e9m nas redes sociais.\",\"sameAs\":[\"http:\/\/www.portalmf.com.br\/\",\"https:\/\/www.facebook.com\/portalmfoficial\",\"https:\/\/www.instagram.com\/portalmf\/\",\"https:\/\/x.com\/https:\/\/x.com\/portalmfoficial\",\"https:\/\/www.youtube.com\/@portalmfoficial\"],\"url\":\"https:\/\/portalmf.com.br\/index.php\/author\/junior\/\"}]}<\/script>\n<!-- \/ Yoast SEO plugin. -->","yoast_head_json":{"title":"Bloco Eva agita Salvador com desfile apote\u00f3tico e repert\u00f3rio especial em homenagem aos 40 anos do Ax\u00e9 - Portal MF","robots":{"index":"index","follow":"follow","max-snippet":"max-snippet:-1","max-image-preview":"max-image-preview:large","max-video-preview":"max-video-preview:-1"},"canonical":"https:\/\/portalmf.com.br\/index.php\/2025\/03\/02\/bloco-eva-agita-salvador-com-desfile-apoteotico-e-repertorio-especial-em-homenagem-aos-40-anos-do-axe\/","og_locale":"pt_BR","og_type":"article","og_title":"Bloco Eva agita Salvador com desfile apote\u00f3tico e repert\u00f3rio especial em homenagem aos 40 anos do Ax\u00e9 - Portal MF","og_description":"Foram mais de cinco horas de desfile no circuito Barra Ondina neste s\u00e1bado (01). A celebra\u00e7\u00e3o pelos 45 anos do Grupo EVA n\u00e3o poderia ter sido mais especial. O bloco teve abad\u00e1s esgotados e muitos momentos de emo\u00e7\u00e3o. O vocalista Felipe Pezzoni agitou o p\u00fablico com cl\u00e1ssicos do grupo, como Beleza Rara, Leva Eu e, [&hellip;]","og_url":"https:\/\/portalmf.com.br\/index.php\/2025\/03\/02\/bloco-eva-agita-salvador-com-desfile-apoteotico-e-repertorio-especial-em-homenagem-aos-40-anos-do-axe\/","og_site_name":"Portal MF","article_author":"https:\/\/www.facebook.com\/portalmfoficial","article_published_time":"2025-03-02T16:23:28+00:00","article_modified_time":"2025-03-02T16:23:29+00:00","og_image":[{"width":853,"height":1280,"url":"https:\/\/portalmf.com.br\/wp-content\/uploads\/2025\/03\/Bloco-EVA-2025.-Creditos-fotos.-@swellfilmes-@taciomoreira.fotografia.jpg","type":"image\/jpeg"}],"author":"Reda\u00e7\u00e3o Portal MF","twitter_card":"summary_large_image","twitter_creator":"@https:\/\/x.com\/portalmfoficial","twitter_misc":{"Escrito por":"Reda\u00e7\u00e3o Portal MF","Est. tempo de leitura":"3 minutos"},"schema":{"@context":"https:\/\/schema.org","@graph":[{"@type":"WebPage","@id":"https:\/\/portalmf.com.br\/index.php\/2025\/03\/02\/bloco-eva-agita-salvador-com-desfile-apoteotico-e-repertorio-especial-em-homenagem-aos-40-anos-do-axe\/","url":"https:\/\/portalmf.com.br\/index.php\/2025\/03\/02\/bloco-eva-agita-salvador-com-desfile-apoteotico-e-repertorio-especial-em-homenagem-aos-40-anos-do-axe\/","name":"Bloco Eva agita Salvador com desfile apote\u00f3tico e repert\u00f3rio especial em homenagem aos 40 anos do Ax\u00e9 - Portal MF","isPartOf":{"@id":"https:\/\/portalmf.com.br\/#website"},"primaryImageOfPage":{"@id":"https:\/\/portalmf.com.br\/index.php\/2025\/03\/02\/bloco-eva-agita-salvador-com-desfile-apoteotico-e-repertorio-especial-em-homenagem-aos-40-anos-do-axe\/#primaryimage"},"image":{"@id":"https:\/\/portalmf.com.br\/index.php\/2025\/03\/02\/bloco-eva-agita-salvador-com-desfile-apoteotico-e-repertorio-especial-em-homenagem-aos-40-anos-do-axe\/#primaryimage"},"thumbnailUrl":"https:\/\/portalmf.com.br\/wp-content\/uploads\/2025\/03\/Bloco-EVA-2025.-Creditos-fotos.-@swellfilmes-@taciomoreira.fotografia.jpg","datePublished":"2025-03-02T16:23:28+00:00","dateModified":"2025-03-02T16:23:29+00:00","author":{"@id":"https:\/\/portalmf.com.br\/#\/schema\/person\/9ec101baf56233e53520c26de5d6f6f0"},"breadcrumb":{"@id":"https:\/\/portalmf.com.br\/index.php\/2025\/03\/02\/bloco-eva-agita-salvador-com-desfile-apoteotico-e-repertorio-especial-em-homenagem-aos-40-anos-do-axe\/#breadcrumb"},"inLanguage":"pt-BR","potentialAction":[{"@type":"ReadAction","target":["https:\/\/portalmf.com.br\/index.php\/2025\/03\/02\/bloco-eva-agita-salvador-com-desfile-apoteotico-e-repertorio-especial-em-homenagem-aos-40-anos-do-axe\/"]}]},{"@type":"ImageObject","inLanguage":"pt-BR","@id":"https:\/\/portalmf.com.br\/index.php\/2025\/03\/02\/bloco-eva-agita-salvador-com-desfile-apoteotico-e-repertorio-especial-em-homenagem-aos-40-anos-do-axe\/#primaryimage","url":"https:\/\/portalmf.com.br\/wp-content\/uploads\/2025\/03\/Bloco-EVA-2025.-Creditos-fotos.-@swellfilmes-@taciomoreira.fotografia.jpg","contentUrl":"https:\/\/portalmf.com.br\/wp-content\/uploads\/2025\/03\/Bloco-EVA-2025.-Creditos-fotos.-@swellfilmes-@taciomoreira.fotografia.jpg","width":853,"height":1280},{"@type":"BreadcrumbList","@id":"https:\/\/portalmf.com.br\/index.php\/2025\/03\/02\/bloco-eva-agita-salvador-com-desfile-apoteotico-e-repertorio-especial-em-homenagem-aos-40-anos-do-axe\/#breadcrumb","itemListElement":[{"@type":"ListItem","position":1,"name":"In\u00edcio","item":"https:\/\/portalmf.com.br\/"},{"@type":"ListItem","position":2,"name":"Bloco Eva agita Salvador com desfile apote\u00f3tico e repert\u00f3rio especial em homenagem aos 40 anos do Ax\u00e9"}]},{"@type":"WebSite","@id":"https:\/\/portalmf.com.br\/#website","url":"https:\/\/portalmf.com.br\/","name":"Portal MF","description":"Voc\u00ea conectado com a informa\u00e7\u00e3o","potentialAction":[{"@type":"SearchAction","target":{"@type":"EntryPoint","urlTemplate":"https:\/\/portalmf.com.br\/?s={search_term_string}"},"query-input":"required name=search_term_string"}],"inLanguage":"pt-BR"},{"@type":"Person","@id":"https:\/\/portalmf.com.br\/#\/schema\/person\/9ec101baf56233e53520c26de5d6f6f0","name":"Reda\u00e7\u00e3o Portal MF","image":{"@type":"ImageObject","inLanguage":"pt-BR","@id":"https:\/\/portalmf.com.br\/#\/schema\/person\/image\/","url":"https:\/\/secure.gravatar.com\/avatar\/41b9aaeb2100835f7c64362330f74c7f?s=96&d=mm&r=g","contentUrl":"https:\/\/secure.gravatar.com\/avatar\/41b9aaeb2100835f7c64362330f74c7f?s=96&d=mm&r=g","caption":"Reda\u00e7\u00e3o Portal MF"},"description":"Sejam bem-vindos o portal de informa\u00e7\u00f5es de entretenimento de Feira de Santana, desde 2006 realiza coberturas dos principais eventos com entrevistas exclusivas com as principais personalidades mundiais. Fique conectado tamb\u00e9m nas redes sociais.","sameAs":["http:\/\/www.portalmf.com.br\/","https:\/\/www.facebook.com\/portalmfoficial","https:\/\/www.instagram.com\/portalmf\/","https:\/\/x.com\/https:\/\/x.com\/portalmfoficial","https:\/\/www.youtube.com\/@portalmfoficial"],"url":"https:\/\/portalmf.com.br\/index.php\/author\/junior\/"}]}},"_links":{"self":[{"href":"https:\/\/portalmf.com.br\/index.php\/wp-json\/wp\/v2\/posts\/34553"}],"collection":[{"href":"https:\/\/portalmf.com.br\/index.php\/wp-json\/wp\/v2\/posts"}],"about":[{"href":"https:\/\/portalmf.com.br\/index.php\/wp-json\/wp\/v2\/types\/post"}],"author":[{"embeddable":true,"href":"https:\/\/portalmf.com.br\/index.php\/wp-json\/wp\/v2\/users\/3"}],"replies":[{"embeddable":true,"href":"https:\/\/portalmf.com.br\/index.php\/wp-json\/wp\/v2\/comments?post=34553"}],"version-history":[{"count":1,"href":"https:\/\/portalmf.com.br\/index.php\/wp-json\/wp\/v2\/posts\/34553\/revisions"}],"predecessor-version":[{"id":34555,"href":"https:\/\/portalmf.com.br\/index.php\/wp-json\/wp\/v2\/posts\/34553\/revisions\/34555"}],"wp:featuredmedia":[{"embeddable":true,"href":"https:\/\/portalmf.com.br\/index.php\/wp-json\/wp\/v2\/media\/34554"}],"wp:attachment":[{"href":"https:\/\/portalmf.com.br\/index.php\/wp-json\/wp\/v2\/media?parent=34553"}],"wp:term":[{"taxonomy":"category","embeddable":true,"href":"https:\/\/portalmf.com.br\/index.php\/wp-json\/wp\/v2\/categories?post=34553"},{"taxonomy":"post_tag","embeddable":true,"href":"https:\/\/portalmf.com.br\/index.php\/wp-json\/wp\/v2\/tags?post=34553"}],"curies":[{"name":"wp","href":"https:\/\/api.w.org\/{rel}","templated":true}]}}