{"id":34550,"date":"2025-03-01T15:05:52","date_gmt":"2025-03-01T18:05:52","guid":{"rendered":"https:\/\/portalmf.com.br\/?p=34550"},"modified":"2025-03-01T15:05:54","modified_gmt":"2025-03-01T18:05:54","slug":"conhecido-no-pagode-baiano-cantor-bambam-king-e-confirmado-no-carnaval-de-salvador-2025","status":"publish","type":"post","link":"https:\/\/portalmf.com.br\/index.php\/2025\/03\/01\/conhecido-no-pagode-baiano-cantor-bambam-king-e-confirmado-no-carnaval-de-salvador-2025\/","title":{"rendered":"Conhecido no pagode baiano, cantor Bambam King \u00e9 confirmado no Carnaval de Salvador 2025"},"content":{"rendered":"\n<p>Se \u00e9 Carnaval, tem que ter a swingueira com o melhor do pagode das antigas que s\u00f3 a Bahia tem! E neste 2025 em que se comemora especialmente os 40 anos do Ax\u00e9 Music, n\u00e3o seria diferente. <\/p>\n\n\n\n<p>Pra balan\u00e7ar a avenida e o p\u00fablico curtindo atr\u00e1s do trio ao som de grandes can\u00e7\u00f5es de sucesso que marcaram muitas \u00e9pocas, o <em>cantor e compositor Bambam King, se apresenta durante a folia na segunda-feira (03 de mar\u00e7o) com o Bloco Broder Loopi, sendo convidado pelo anfitri\u00e3o, o jogador Ronaldinho Ga\u00facho e na ter\u00e7a-feira (04 de mar\u00e7o) estar\u00e1 na tradicional e querida pipoca de Saulo Fernandes, no Campo Grande<\/em>. <em>&#8220;Vai ser incr\u00edvel! Vai ter muito pagode das antigas na avenida. Quem estiver na avenida vai sentir a vibe que s\u00f3 a Bahia tem! Ser\u00e1 um Carnaval muito especial&#8221;<\/em>, destaca Bambam.<\/p>\n\n\n\n<p><em>Sobre Bambam<\/em><br>Criado no Pelourinho, maior celeiro cultural do Brasil, o King como \u00e9 carinhosamente chamado pelos seus amigos e parceiros na m\u00fasica, \u00e9 conhecido e consagrado no mercado pela sua voz marcante e identidade musical diferenciada. Filho do artista pl\u00e1stico Walter Bonfim e da cozinheira Mariene Bispo, o cantor e compositor que segue em carreira solo h\u00e1 alguns anos, no in\u00edcio da sua trajet\u00f3ria j\u00e1 fez parte de bandas como Psirico, Parangol\u00e9, Swinguetto, Sam Hope a Bronkka. Apaixonado pela m\u00fasica desde muito cedo, tamb\u00e9m integrou o grupo Olodum Mirim, onde aprendeu a tocar v\u00e1rios instrumentos atrav\u00e9s das ferramentas da arte do Mestre Prego &#8211; um dos precursores do samba reggae. Quando morou no Engenho Velho de Brotas, ficou amigo do cantor M\u00e1rcio Vitor e partir da\u00ed passou pelos blocos afros Okambi, Badau\u00ea e Os Neg\u00f5es. Fez parte da Escola Pracatum e tocou com Jorj\u00e3o Bafaf\u00ea (do Ara Ketu) e tamb\u00e9m com Carlinhos Brown. A paix\u00e3o pela m\u00fasica veio \u00e0 tona quando a turma do Engenho Velho de Brotas resolveu se inscrever num concurso de quadrilha junina tendo M\u00e1rcio Vitor como o puxador. A quadrilha ganhou o concurso por tr\u00eas anos e foi assim que surgiu a banda Psirico. Sua experi\u00eancia em puxar um trio el\u00e9trico, veio com a madrinha Daniela Mercury, tendo a honra de cantar com ela em um Carnaval. Por quatro anos comandou a banda Parangol\u00e9 e depois foi para o projeto San Hop, misturando o pagode baiano ao hip hop.<\/p>\n\n\n\n<p><\/p>\n\n\n\n<p><\/p>\n","protected":false},"excerpt":{"rendered":"<p>Se \u00e9 Carnaval, tem que ter a swingueira com o melhor do pagode das antigas que s\u00f3 a Bahia tem! E neste 2025 em que se comemora especialmente os 40 anos do Ax\u00e9 Music, n\u00e3o seria diferente. Pra balan\u00e7ar a avenida e o p\u00fablico curtindo atr\u00e1s do trio ao som de grandes can\u00e7\u00f5es de sucesso [&hellip;]<\/p>\n","protected":false},"author":3,"featured_media":0,"comment_status":"open","ping_status":"open","sticky":false,"template":"","format":"standard","meta":{"_monsterinsights_skip_tracking":false,"_monsterinsights_sitenote_active":false,"_monsterinsights_sitenote_note":"","_monsterinsights_sitenote_category":0,"footnotes":""},"categories":[44],"tags":[],"yoast_head":"<!-- This site is optimized with the Yoast SEO plugin v22.9 - https:\/\/yoast.com\/wordpress\/plugins\/seo\/ -->\n<title>Conhecido no pagode baiano, cantor Bambam King \u00e9 confirmado no Carnaval de Salvador 2025 - Portal MF<\/title>\n<meta name=\"robots\" content=\"index, follow, max-snippet:-1, max-image-preview:large, max-video-preview:-1\" \/>\n<link rel=\"canonical\" href=\"https:\/\/portalmf.com.br\/index.php\/2025\/03\/01\/conhecido-no-pagode-baiano-cantor-bambam-king-e-confirmado-no-carnaval-de-salvador-2025\/\" \/>\n<meta property=\"og:locale\" content=\"pt_BR\" \/>\n<meta property=\"og:type\" content=\"article\" \/>\n<meta property=\"og:title\" content=\"Conhecido no pagode baiano, cantor Bambam King \u00e9 confirmado no Carnaval de Salvador 2025 - Portal MF\" \/>\n<meta property=\"og:description\" content=\"Se \u00e9 Carnaval, tem que ter a swingueira com o melhor do pagode das antigas que s\u00f3 a Bahia tem! E neste 2025 em que se comemora especialmente os 40 anos do Ax\u00e9 Music, n\u00e3o seria diferente. Pra balan\u00e7ar a avenida e o p\u00fablico curtindo atr\u00e1s do trio ao som de grandes can\u00e7\u00f5es de sucesso [&hellip;]\" \/>\n<meta property=\"og:url\" content=\"https:\/\/portalmf.com.br\/index.php\/2025\/03\/01\/conhecido-no-pagode-baiano-cantor-bambam-king-e-confirmado-no-carnaval-de-salvador-2025\/\" \/>\n<meta property=\"og:site_name\" content=\"Portal MF\" \/>\n<meta property=\"article:author\" content=\"https:\/\/www.facebook.com\/portalmfoficial\" \/>\n<meta property=\"article:published_time\" content=\"2025-03-01T18:05:52+00:00\" \/>\n<meta property=\"article:modified_time\" content=\"2025-03-01T18:05:54+00:00\" \/>\n<meta name=\"author\" content=\"Reda\u00e7\u00e3o Portal MF\" \/>\n<meta name=\"twitter:card\" content=\"summary_large_image\" \/>\n<meta name=\"twitter:creator\" content=\"@https:\/\/x.com\/portalmfoficial\" \/>\n<meta name=\"twitter:label1\" content=\"Escrito por\" \/>\n\t<meta name=\"twitter:data1\" content=\"Reda\u00e7\u00e3o Portal MF\" \/>\n\t<meta name=\"twitter:label2\" content=\"Est. tempo de leitura\" \/>\n\t<meta name=\"twitter:data2\" content=\"3 minutos\" \/>\n<script type=\"application\/ld+json\" class=\"yoast-schema-graph\">{\"@context\":\"https:\/\/schema.org\",\"@graph\":[{\"@type\":\"WebPage\",\"@id\":\"https:\/\/portalmf.com.br\/index.php\/2025\/03\/01\/conhecido-no-pagode-baiano-cantor-bambam-king-e-confirmado-no-carnaval-de-salvador-2025\/\",\"url\":\"https:\/\/portalmf.com.br\/index.php\/2025\/03\/01\/conhecido-no-pagode-baiano-cantor-bambam-king-e-confirmado-no-carnaval-de-salvador-2025\/\",\"name\":\"Conhecido no pagode baiano, cantor Bambam King \u00e9 confirmado no Carnaval de Salvador 2025 - Portal MF\",\"isPartOf\":{\"@id\":\"https:\/\/portalmf.com.br\/#website\"},\"datePublished\":\"2025-03-01T18:05:52+00:00\",\"dateModified\":\"2025-03-01T18:05:54+00:00\",\"author\":{\"@id\":\"https:\/\/portalmf.com.br\/#\/schema\/person\/9ec101baf56233e53520c26de5d6f6f0\"},\"breadcrumb\":{\"@id\":\"https:\/\/portalmf.com.br\/index.php\/2025\/03\/01\/conhecido-no-pagode-baiano-cantor-bambam-king-e-confirmado-no-carnaval-de-salvador-2025\/#breadcrumb\"},\"inLanguage\":\"pt-BR\",\"potentialAction\":[{\"@type\":\"ReadAction\",\"target\":[\"https:\/\/portalmf.com.br\/index.php\/2025\/03\/01\/conhecido-no-pagode-baiano-cantor-bambam-king-e-confirmado-no-carnaval-de-salvador-2025\/\"]}]},{\"@type\":\"BreadcrumbList\",\"@id\":\"https:\/\/portalmf.com.br\/index.php\/2025\/03\/01\/conhecido-no-pagode-baiano-cantor-bambam-king-e-confirmado-no-carnaval-de-salvador-2025\/#breadcrumb\",\"itemListElement\":[{\"@type\":\"ListItem\",\"position\":1,\"name\":\"In\u00edcio\",\"item\":\"https:\/\/portalmf.com.br\/\"},{\"@type\":\"ListItem\",\"position\":2,\"name\":\"Conhecido no pagode baiano, cantor Bambam King \u00e9 confirmado no Carnaval de Salvador 2025\"}]},{\"@type\":\"WebSite\",\"@id\":\"https:\/\/portalmf.com.br\/#website\",\"url\":\"https:\/\/portalmf.com.br\/\",\"name\":\"Portal MF\",\"description\":\"Voc\u00ea conectado com a informa\u00e7\u00e3o\",\"potentialAction\":[{\"@type\":\"SearchAction\",\"target\":{\"@type\":\"EntryPoint\",\"urlTemplate\":\"https:\/\/portalmf.com.br\/?s={search_term_string}\"},\"query-input\":\"required name=search_term_string\"}],\"inLanguage\":\"pt-BR\"},{\"@type\":\"Person\",\"@id\":\"https:\/\/portalmf.com.br\/#\/schema\/person\/9ec101baf56233e53520c26de5d6f6f0\",\"name\":\"Reda\u00e7\u00e3o Portal MF\",\"image\":{\"@type\":\"ImageObject\",\"inLanguage\":\"pt-BR\",\"@id\":\"https:\/\/portalmf.com.br\/#\/schema\/person\/image\/\",\"url\":\"https:\/\/secure.gravatar.com\/avatar\/41b9aaeb2100835f7c64362330f74c7f?s=96&d=mm&r=g\",\"contentUrl\":\"https:\/\/secure.gravatar.com\/avatar\/41b9aaeb2100835f7c64362330f74c7f?s=96&d=mm&r=g\",\"caption\":\"Reda\u00e7\u00e3o Portal MF\"},\"description\":\"Sejam bem-vindos o portal de informa\u00e7\u00f5es de entretenimento de Feira de Santana, desde 2006 realiza coberturas dos principais eventos com entrevistas exclusivas com as principais personalidades mundiais. Fique conectado tamb\u00e9m nas redes sociais.\",\"sameAs\":[\"http:\/\/www.portalmf.com.br\/\",\"https:\/\/www.facebook.com\/portalmfoficial\",\"https:\/\/www.instagram.com\/portalmf\/\",\"https:\/\/x.com\/https:\/\/x.com\/portalmfoficial\",\"https:\/\/www.youtube.com\/@portalmfoficial\"],\"url\":\"https:\/\/portalmf.com.br\/index.php\/author\/junior\/\"}]}<\/script>\n<!-- \/ Yoast SEO plugin. -->","yoast_head_json":{"title":"Conhecido no pagode baiano, cantor Bambam King \u00e9 confirmado no Carnaval de Salvador 2025 - Portal MF","robots":{"index":"index","follow":"follow","max-snippet":"max-snippet:-1","max-image-preview":"max-image-preview:large","max-video-preview":"max-video-preview:-1"},"canonical":"https:\/\/portalmf.com.br\/index.php\/2025\/03\/01\/conhecido-no-pagode-baiano-cantor-bambam-king-e-confirmado-no-carnaval-de-salvador-2025\/","og_locale":"pt_BR","og_type":"article","og_title":"Conhecido no pagode baiano, cantor Bambam King \u00e9 confirmado no Carnaval de Salvador 2025 - Portal MF","og_description":"Se \u00e9 Carnaval, tem que ter a swingueira com o melhor do pagode das antigas que s\u00f3 a Bahia tem! E neste 2025 em que se comemora especialmente os 40 anos do Ax\u00e9 Music, n\u00e3o seria diferente. Pra balan\u00e7ar a avenida e o p\u00fablico curtindo atr\u00e1s do trio ao som de grandes can\u00e7\u00f5es de sucesso [&hellip;]","og_url":"https:\/\/portalmf.com.br\/index.php\/2025\/03\/01\/conhecido-no-pagode-baiano-cantor-bambam-king-e-confirmado-no-carnaval-de-salvador-2025\/","og_site_name":"Portal MF","article_author":"https:\/\/www.facebook.com\/portalmfoficial","article_published_time":"2025-03-01T18:05:52+00:00","article_modified_time":"2025-03-01T18:05:54+00:00","author":"Reda\u00e7\u00e3o Portal MF","twitter_card":"summary_large_image","twitter_creator":"@https:\/\/x.com\/portalmfoficial","twitter_misc":{"Escrito por":"Reda\u00e7\u00e3o Portal MF","Est. tempo de leitura":"3 minutos"},"schema":{"@context":"https:\/\/schema.org","@graph":[{"@type":"WebPage","@id":"https:\/\/portalmf.com.br\/index.php\/2025\/03\/01\/conhecido-no-pagode-baiano-cantor-bambam-king-e-confirmado-no-carnaval-de-salvador-2025\/","url":"https:\/\/portalmf.com.br\/index.php\/2025\/03\/01\/conhecido-no-pagode-baiano-cantor-bambam-king-e-confirmado-no-carnaval-de-salvador-2025\/","name":"Conhecido no pagode baiano, cantor Bambam King \u00e9 confirmado no Carnaval de Salvador 2025 - Portal MF","isPartOf":{"@id":"https:\/\/portalmf.com.br\/#website"},"datePublished":"2025-03-01T18:05:52+00:00","dateModified":"2025-03-01T18:05:54+00:00","author":{"@id":"https:\/\/portalmf.com.br\/#\/schema\/person\/9ec101baf56233e53520c26de5d6f6f0"},"breadcrumb":{"@id":"https:\/\/portalmf.com.br\/index.php\/2025\/03\/01\/conhecido-no-pagode-baiano-cantor-bambam-king-e-confirmado-no-carnaval-de-salvador-2025\/#breadcrumb"},"inLanguage":"pt-BR","potentialAction":[{"@type":"ReadAction","target":["https:\/\/portalmf.com.br\/index.php\/2025\/03\/01\/conhecido-no-pagode-baiano-cantor-bambam-king-e-confirmado-no-carnaval-de-salvador-2025\/"]}]},{"@type":"BreadcrumbList","@id":"https:\/\/portalmf.com.br\/index.php\/2025\/03\/01\/conhecido-no-pagode-baiano-cantor-bambam-king-e-confirmado-no-carnaval-de-salvador-2025\/#breadcrumb","itemListElement":[{"@type":"ListItem","position":1,"name":"In\u00edcio","item":"https:\/\/portalmf.com.br\/"},{"@type":"ListItem","position":2,"name":"Conhecido no pagode baiano, cantor Bambam King \u00e9 confirmado no Carnaval de Salvador 2025"}]},{"@type":"WebSite","@id":"https:\/\/portalmf.com.br\/#website","url":"https:\/\/portalmf.com.br\/","name":"Portal MF","description":"Voc\u00ea conectado com a informa\u00e7\u00e3o","potentialAction":[{"@type":"SearchAction","target":{"@type":"EntryPoint","urlTemplate":"https:\/\/portalmf.com.br\/?s={search_term_string}"},"query-input":"required name=search_term_string"}],"inLanguage":"pt-BR"},{"@type":"Person","@id":"https:\/\/portalmf.com.br\/#\/schema\/person\/9ec101baf56233e53520c26de5d6f6f0","name":"Reda\u00e7\u00e3o Portal MF","image":{"@type":"ImageObject","inLanguage":"pt-BR","@id":"https:\/\/portalmf.com.br\/#\/schema\/person\/image\/","url":"https:\/\/secure.gravatar.com\/avatar\/41b9aaeb2100835f7c64362330f74c7f?s=96&d=mm&r=g","contentUrl":"https:\/\/secure.gravatar.com\/avatar\/41b9aaeb2100835f7c64362330f74c7f?s=96&d=mm&r=g","caption":"Reda\u00e7\u00e3o Portal MF"},"description":"Sejam bem-vindos o portal de informa\u00e7\u00f5es de entretenimento de Feira de Santana, desde 2006 realiza coberturas dos principais eventos com entrevistas exclusivas com as principais personalidades mundiais. Fique conectado tamb\u00e9m nas redes sociais.","sameAs":["http:\/\/www.portalmf.com.br\/","https:\/\/www.facebook.com\/portalmfoficial","https:\/\/www.instagram.com\/portalmf\/","https:\/\/x.com\/https:\/\/x.com\/portalmfoficial","https:\/\/www.youtube.com\/@portalmfoficial"],"url":"https:\/\/portalmf.com.br\/index.php\/author\/junior\/"}]}},"_links":{"self":[{"href":"https:\/\/portalmf.com.br\/index.php\/wp-json\/wp\/v2\/posts\/34550"}],"collection":[{"href":"https:\/\/portalmf.com.br\/index.php\/wp-json\/wp\/v2\/posts"}],"about":[{"href":"https:\/\/portalmf.com.br\/index.php\/wp-json\/wp\/v2\/types\/post"}],"author":[{"embeddable":true,"href":"https:\/\/portalmf.com.br\/index.php\/wp-json\/wp\/v2\/users\/3"}],"replies":[{"embeddable":true,"href":"https:\/\/portalmf.com.br\/index.php\/wp-json\/wp\/v2\/comments?post=34550"}],"version-history":[{"count":1,"href":"https:\/\/portalmf.com.br\/index.php\/wp-json\/wp\/v2\/posts\/34550\/revisions"}],"predecessor-version":[{"id":34551,"href":"https:\/\/portalmf.com.br\/index.php\/wp-json\/wp\/v2\/posts\/34550\/revisions\/34551"}],"wp:attachment":[{"href":"https:\/\/portalmf.com.br\/index.php\/wp-json\/wp\/v2\/media?parent=34550"}],"wp:term":[{"taxonomy":"category","embeddable":true,"href":"https:\/\/portalmf.com.br\/index.php\/wp-json\/wp\/v2\/categories?post=34550"},{"taxonomy":"post_tag","embeddable":true,"href":"https:\/\/portalmf.com.br\/index.php\/wp-json\/wp\/v2\/tags?post=34550"}],"curies":[{"name":"wp","href":"https:\/\/api.w.org\/{rel}","templated":true}]}}